{"id":28067,"date":"2024-11-10T11:11:18","date_gmt":"2024-11-10T15:11:18","guid":{"rendered":"https:\/\/solisinforma.com\/?p=28067"},"modified":"2024-11-10T11:11:18","modified_gmt":"2024-11-10T15:11:18","slug":"hogar-crea-gradua-a-500-personas-que-superan-la-adicion-a-las-drogas-si-se-puede","status":"publish","type":"post","link":"https:\/\/solisinforma.com\/?p=28067","title":{"rendered":"Hogar Crea grad\u00faa a 500 personas que superan la adici\u00f3n a las drogas: \u00ab\u00a1S\u00ed se puede!\u00bb&#8230;"},"content":{"rendered":"<div class=\"c-detail-header\">\n<div class=\"c-detail__subtitle\">\n<div>\n<ul>\n<li><strong><strong>Acompa\u00f1ados de sus familiares, estos exadictos celebraron durante un acto realizado en el Ministerio de Defensa su participaci\u00f3n en la cuadrag\u00e9sima novena graduaci\u00f3n del programa de reeducaci\u00f3n realizado por Hogar Crea, con el que superan la dependencia a los estupefacientes.\n<p><img data-recalc-dims=\"1\" loading=\"lazy\" decoding=\"async\" class=\"alignnone size-medium wp-image-28070\" src=\"https:\/\/i0.wp.com\/solisinforma.com\/wp-content\/uploads\/2024\/11\/Hogar-crea-graduacion.jpg?resize=640%2C426&#038;ssl=1\" alt=\"\" width=\"640\" height=\"426\" srcset=\"https:\/\/i0.wp.com\/solisinforma.com\/wp-content\/uploads\/2024\/11\/Hogar-crea-graduacion.jpg?resize=1081%2C720&amp;ssl=1 1081w, https:\/\/i0.wp.com\/solisinforma.com\/wp-content\/uploads\/2024\/11\/Hogar-crea-graduacion.jpg?resize=768%2C512&amp;ssl=1 768w, https:\/\/i0.wp.com\/solisinforma.com\/wp-content\/uploads\/2024\/11\/Hogar-crea-graduacion.jpg?resize=1536%2C1023&amp;ssl=1 1536w, https:\/\/i0.wp.com\/solisinforma.com\/wp-content\/uploads\/2024\/11\/Hogar-crea-graduacion.jpg?resize=1024%2C682&amp;ssl=1 1024w, https:\/\/i0.wp.com\/solisinforma.com\/wp-content\/uploads\/2024\/11\/Hogar-crea-graduacion.jpg?w=1600&amp;ssl=1 1600w, https:\/\/i0.wp.com\/solisinforma.com\/wp-content\/uploads\/2024\/11\/Hogar-crea-graduacion.jpg?w=1280&amp;ssl=1 1280w\" sizes=\"auto, (max-width: 640px) 100vw, 640px\" \/><br \/>\n<\/strong><\/strong>Vociferando de manera entusiasta:\u00a0<b>\u00a1S\u00ed se puede!<\/b>, as\u00ed cerraron este s\u00e1bado 500 personas las puertas de un pasado permeado por el mundo de las drogas y las consecuencias que estas producen.<\/p>\n<p>Acompa\u00f1ados de sus familiares, estos exadictos celebraron durante un acto realizado en el Ministerio de Defensa su participaci\u00f3n en la cuadrag\u00e9sima novena graduaci\u00f3n del\u00a0<b>programa de reeducaci\u00f3n r<\/b>ealizado por\u00a0<b>Hogar Crea<\/b>, con el que superan la tortuosa dependencia a los estupefacientes.<\/p>\n<p>J\u00f3venes, hombres y mujeres despidieron entre l\u00e1grimas las decisiones desacertadas del ayer, con la esperanza\u00a0<b>de no cometer los mismos errores en el futuro.<\/b><\/p>\n<p>Tania Reyes es una de estas, quien pas\u00f3 m\u00e1s de 15 a\u00f1os utilizando coca\u00edna y no tuvo otro resultado m\u00e1s que\u00a0<b>destruir sus v\u00edas respiratorias<\/b>.<\/p>\n<p>Pero al recibir la metodolog\u00eda de transformaci\u00f3n que implementan los sic\u00f3logos, doctores y siquiatras de Hogar Crea pudo reencontrarse con la persona que era antes de sumergirse en la toxicoman\u00eda.<\/p>\n<p>Despu\u00e9s ser afectada durante muchos a\u00f1os con los dif\u00edciles padecimientos y recibir una cirug\u00eda est\u00e9tica que le permiti\u00f3 reconstruir su nariz,\u00a0<b>Reyes se siente como una nueva persona, seg\u00fan dijo mientras era reconocida por ser una estudiante ejemplar.<\/b><\/p>\n<p>Muchos de los adictos reformados registraban en algunas parte de sus cuerpos la muestra de su antigua relaci\u00f3n con las drogas. No obstante, m\u00e1s que ser una verg\u00fcenza, estas son el gran s\u00edmbolo para resaltar y recordar que\u00a0<b>\u201cs\u00ed se puede\u201d<\/b>, seg\u00fan lo destacaron algunos al ser premiados por su sorprendente cambio.<\/li>\n<li><img data-recalc-dims=\"1\" loading=\"lazy\" decoding=\"async\" class=\"alignnone size-full wp-image-28069\" src=\"https:\/\/i0.wp.com\/solisinforma.com\/wp-content\/uploads\/2024\/11\/Hogar-crea-graduacion-500.jpg?resize=640%2C360&#038;ssl=1\" alt=\"\" width=\"640\" height=\"360\" srcset=\"https:\/\/i0.wp.com\/solisinforma.com\/wp-content\/uploads\/2024\/11\/Hogar-crea-graduacion-500.jpg?w=1200&amp;ssl=1 1200w, https:\/\/i0.wp.com\/solisinforma.com\/wp-content\/uploads\/2024\/11\/Hogar-crea-graduacion-500.jpg?resize=768%2C432&amp;ssl=1 768w, https:\/\/i0.wp.com\/solisinforma.com\/wp-content\/uploads\/2024\/11\/Hogar-crea-graduacion-500.jpg?resize=1024%2C576&amp;ssl=1 1024w\" sizes=\"auto, (max-width: 640px) 100vw, 640px\" \/><br \/>\n<h3 class=\"c-detail__destacado\">\u201cSeguimiento y prevenci\u00f3n\u201d<\/h3>\n<p>Hogar Crea es una organizaci\u00f3n privada sin fines de lucro fundada en 1975 por un padre que ayuda a su hijo a recuperarse.<\/p>\n<p><b>Luis D\u00edaz, actual director ejecutivo,<\/b>\u00a0fue el gran motivo que acogi\u00f3 Leopoldo D\u00edaz, padre y fundador, para comenzar con una iniciativa que termin\u00f3 en la conformaci\u00f3n de esta entidad.<\/p>\n<p><b>Luis fue uno de los que tambi\u00e9n utilizaba drogas en su juventud<\/b>. Teniendo en cuenta que a finales del siglo XX la atenci\u00f3n de esta problem\u00e1tica sanitaria en el pa\u00eds no era la ideal, su progenitor no tuvo otra opci\u00f3n que enviarlo hacia Puerto Rico en b\u00fasqueda de una mejor respuesta.<\/p>\n<p>Meses despu\u00e9s alcanz\u00f3 la estabilidad y pudo regresar a su hogar. Pero, su padre se percat\u00f3 de la importancia que existe en el seguimiento y la prevenci\u00f3n.<\/p>\n<p>Precisamente, es por esta raz\u00f3n que estos graduandos deber\u00e1n ahora<b>\u00a0fortalecer y continuar sus lazos con Hogar Crea para garantizar una excelente reinserci\u00f3n al \u00e1mbito laboral y familiar de la sociedad,<\/b>\u00a0sin que afecte su compromiso con un estilo de vida alejado de las estimulaciones adictivas.<\/p>\n<p>Luis D\u00edaz destac\u00f3 las labores que realiza el personal en los centros de rehabilitaci\u00f3n, quienes m\u00e1s que ser empleados, son un colectivo que se dedica ayudar a los m\u00e1s necesitados.<\/p>\n<p>Precisamente, explic\u00f3 que muchos de los que integran en la actualidad las instalaciones del centro son exadictos reformados, al igual que \u00e9l. Que, a pesar de contar con grados y maestr\u00edas, prefirieron enfocar sus fuerzas en demostrarles a los dem\u00e1s que\u00a0<b>\u201cs\u00ed pueden salir de las drogas\u201d<\/b>.<\/p>\n<h3 class=\"c-detail__destacado\">Piden ayuda al Gobierno<\/h3>\n<p>La instituci\u00f3n atiende a, aproximadamente, 1,200 internos y m\u00e1s de 1,000 personas de manera ambulatoria en las calles del territorio nacional, donde cuenta con 41 edificaciones.<\/p>\n<p>Recibiendo de manera anual m\u00e1s de $RD51 millones,\u00a0<b>esta entidad registra un d\u00e9ficit econ\u00f3mico de alrededor de $RD123 millones<\/b>. Lo que imposibilita que 300 personas, situados en lista de espera, reciban asistencia y sea ampliada la capacidad de respuesta.<\/p>\n<p>\u201cEl Estado tiene que dar atenci\u00f3n porque es un problema de salud p\u00fablica. Y como es un problema de salud p\u00fablica que ellos no pueden resolver, nosotros solicitamos que se le d\u00e9 al sector privado la atenci\u00f3n que necesita, como es el caso de Hogar Crea. Iniciamos con una casita en Almas Rosas, y hoy tenemos 41 centros, no tenemos 100 o 200 porque no tenemos inmuebles. Pero, s\u00ed tenemos la voluntad de atenderlas\u201d, dijo el directivo, pidiendo la ayuda de los organismos gubernamentales.<\/p>\n<p>En el acto particip\u00f3 el titular de la Defensor\u00eda del Pueblo, Pablo Ulloa;\u00a0 representante diplom\u00e1tico de la India, Ramu Abbagani; entre otros funcionarios de la administraci\u00f3n p\u00fablica y ediles de los gobiernos locales.<\/li>\n<\/ul>\n<\/div>\n<\/div>\n<\/div>\n<div class=\"c-detail-img\">\n<h6 id=\"m7660-7659-7661\" class=\"c-detail__media \"><span style=\"color: #808080;\">Por. \u00c1ngel Valez \/ LD<\/span><\/h6>\n<\/div>\n","protected":false},"excerpt":{"rendered":"<p>Acompa\u00f1ados de sus familiares, estos exadictos celebraron durante un acto realizado en el Ministerio de&#8230;<\/p>\n","protected":false},"author":2,"featured_media":28070,"comment_status":"open","ping_status":"open","sticky":false,"template":"","format":"standard","meta":{"_jetpack_newsletter_access":"","_jetpack_dont_email_post_to_subs":false,"_jetpack_newsletter_tier_id":0,"_jetpack_memberships_contains_paywalled_content":false,"_jetpack_memberships_contains_paid_content":false,"_joinchat":[],"footnotes":"","jetpack_publicize_message":"","jetpack_publicize_feature_enabled":true,"jetpack_social_post_already_shared":true,"jetpack_social_options":{"image_generator_settings":{"template":"highway","default_image_id":0,"font":"","enabled":false},"version":2},"jetpack_post_was_ever_published":false},"categories":[8,39],"tags":[16975,16976,2780,16974,46],"class_list":["post-28067","post","type-post","status-publish","format-standard","has-post-thumbnail","hentry","category-nacionales","category-primeraplana","tag-500-personas","tag-adicion-a-las-drogas","tag-graduacion","tag-hogar-crea","tag-solis-informa"],"yoast_head":"<!-- This site is optimized with the Yoast SEO plugin v24.9 - https:\/\/yoast.com\/wordpress\/plugins\/seo\/ -->\n<title>Hogar Crea grad\u00faa a 500 personas que superan la adici\u00f3n a las drogas: &quot;\u00a1S\u00ed se puede!&quot;... - Solis Informa<\/title>\n<meta name=\"robots\" content=\"index, follow, max-snippet:-1, max-image-preview:large, max-video-preview:-1\" \/>\n<link rel=\"canonical\" href=\"https:\/\/solisinforma.com\/?p=28067\" \/>\n<meta property=\"og:locale\" content=\"es_ES\" \/>\n<meta property=\"og:type\" content=\"article\" \/>\n<meta property=\"og:title\" content=\"Hogar Crea grad\u00faa a 500 personas que superan la adici\u00f3n a las drogas: &quot;\u00a1S\u00ed se puede!&quot;... - Solis Informa\" \/>\n<meta property=\"og:description\" content=\"Acompa\u00f1ados de sus familiares, estos exadictos celebraron durante un acto realizado en el Ministerio de...\" \/>\n<meta property=\"og:url\" content=\"https:\/\/solisinforma.com\/?p=28067\" \/>\n<meta property=\"og:site_name\" content=\"Solis Informa\" \/>\n<meta property=\"article:publisher\" content=\"https:\/\/www.facebook.com\/Solisinforma1\/\" \/>\n<meta property=\"article:author\" content=\"https:\/\/www.facebook.com\/Solisinforma\/\" \/>\n<meta property=\"article:published_time\" content=\"2024-11-10T15:11:18+00:00\" \/>\n<meta property=\"og:image\" content=\"https:\/\/i0.wp.com\/solisinforma.com\/wp-content\/uploads\/2024\/11\/Hogar-crea-graduacion.jpg?fit=1600%2C1066&ssl=1\" \/>\n\t<meta property=\"og:image:width\" content=\"1600\" \/>\n\t<meta property=\"og:image:height\" content=\"1066\" \/>\n\t<meta property=\"og:image:type\" content=\"image\/jpeg\" \/>\n<meta name=\"author\" content=\"Hector Solis\" \/>\n<meta name=\"twitter:card\" content=\"summary_large_image\" \/>\n<meta name=\"twitter:creator\" content=\"@solisinforma1\" \/>\n<meta name=\"twitter:label1\" content=\"Escrito por\" \/>\n\t<meta name=\"twitter:data1\" content=\"Hector Solis\" \/>\n\t<meta name=\"twitter:label2\" content=\"Tiempo de lectura\" \/>\n\t<meta name=\"twitter:data2\" content=\"4 minutos\" \/>\n<script type=\"application\/ld+json\" class=\"yoast-schema-graph\">{\"@context\":\"https:\/\/schema.org\",\"@graph\":[{\"@type\":\"Article\",\"@id\":\"https:\/\/solisinforma.com\/?p=28067#article\",\"isPartOf\":{\"@id\":\"https:\/\/solisinforma.com\/?p=28067\"},\"author\":{\"name\":\"Hector Solis\",\"@id\":\"https:\/\/solisinforma.com\/#\/schema\/person\/db4967d1c8ed640d46bf21dc55215612\"},\"headline\":\"Hogar Crea grad\u00faa a 500 personas que superan la adici\u00f3n a las drogas: \u00ab\u00a1S\u00ed se puede!\u00bb&#8230;\",\"datePublished\":\"2024-11-10T15:11:18+00:00\",\"mainEntityOfPage\":{\"@id\":\"https:\/\/solisinforma.com\/?p=28067\"},\"wordCount\":802,\"commentCount\":0,\"publisher\":{\"@id\":\"https:\/\/solisinforma.com\/#organization\"},\"image\":{\"@id\":\"https:\/\/solisinforma.com\/?p=28067#primaryimage\"},\"thumbnailUrl\":\"https:\/\/i0.wp.com\/solisinforma.com\/wp-content\/uploads\/2024\/11\/Hogar-crea-graduacion.jpg?fit=1600%2C1066&ssl=1\",\"keywords\":[\"500 personas\",\"adici\u00f3n a las drogas:\",\"graduacion\",\"Hogar Crea\",\"Solis informa\"],\"articleSection\":[\"Nacionales\",\"Primera Plana\"],\"inLanguage\":\"es\",\"potentialAction\":[{\"@type\":\"CommentAction\",\"name\":\"Comment\",\"target\":[\"https:\/\/solisinforma.com\/?p=28067#respond\"]}]},{\"@type\":\"WebPage\",\"@id\":\"https:\/\/solisinforma.com\/?p=28067\",\"url\":\"https:\/\/solisinforma.com\/?p=28067\",\"name\":\"Hogar Crea grad\u00faa a 500 personas que superan la adici\u00f3n a las drogas: \\\"\u00a1S\u00ed se puede!\\\"... - Solis Informa\",\"isPartOf\":{\"@id\":\"https:\/\/solisinforma.com\/#website\"},\"primaryImageOfPage\":{\"@id\":\"https:\/\/solisinforma.com\/?p=28067#primaryimage\"},\"image\":{\"@id\":\"https:\/\/solisinforma.com\/?p=28067#primaryimage\"},\"thumbnailUrl\":\"https:\/\/i0.wp.com\/solisinforma.com\/wp-content\/uploads\/2024\/11\/Hogar-crea-graduacion.jpg?fit=1600%2C1066&ssl=1\",\"datePublished\":\"2024-11-10T15:11:18+00:00\",\"breadcrumb\":{\"@id\":\"https:\/\/solisinforma.com\/?p=28067#breadcrumb\"},\"inLanguage\":\"es\",\"potentialAction\":[{\"@type\":\"ReadAction\",\"target\":[\"https:\/\/solisinforma.com\/?p=28067\"]}]},{\"@type\":\"ImageObject\",\"inLanguage\":\"es\",\"@id\":\"https:\/\/solisinforma.com\/?p=28067#primaryimage\",\"url\":\"https:\/\/i0.wp.com\/solisinforma.com\/wp-content\/uploads\/2024\/11\/Hogar-crea-graduacion.jpg?fit=1600%2C1066&ssl=1\",\"contentUrl\":\"https:\/\/i0.wp.com\/solisinforma.com\/wp-content\/uploads\/2024\/11\/Hogar-crea-graduacion.jpg?fit=1600%2C1066&ssl=1\",\"width\":1600,\"height\":1066},{\"@type\":\"BreadcrumbList\",\"@id\":\"https:\/\/solisinforma.com\/?p=28067#breadcrumb\",\"itemListElement\":[{\"@type\":\"ListItem\",\"position\":1,\"name\":\"Portada\",\"item\":\"https:\/\/solisinforma.com\/\"},{\"@type\":\"ListItem\",\"position\":2,\"name\":\"Hogar Crea grad\u00faa a 500 personas que superan la adici\u00f3n a las drogas: \u00ab\u00a1S\u00ed se puede!\u00bb&#8230;\"}]},{\"@type\":\"WebSite\",\"@id\":\"https:\/\/solisinforma.com\/#website\",\"url\":\"https:\/\/solisinforma.com\/\",\"name\":\"Solis Informa\",\"description\":\"El Diario de San Juan\",\"publisher\":{\"@id\":\"https:\/\/solisinforma.com\/#organization\"},\"potentialAction\":[{\"@type\":\"SearchAction\",\"target\":{\"@type\":\"EntryPoint\",\"urlTemplate\":\"https:\/\/solisinforma.com\/?s={search_term_string}\"},\"query-input\":{\"@type\":\"PropertyValueSpecification\",\"valueRequired\":true,\"valueName\":\"search_term_string\"}}],\"inLanguage\":\"es\"},{\"@type\":\"Organization\",\"@id\":\"https:\/\/solisinforma.com\/#organization\",\"name\":\"Solis Informa\",\"url\":\"https:\/\/solisinforma.com\/\",\"logo\":{\"@type\":\"ImageObject\",\"inLanguage\":\"es\",\"@id\":\"https:\/\/solisinforma.com\/#\/schema\/logo\/image\/\",\"url\":\"https:\/\/i0.wp.com\/solisinforma.com\/wp-content\/uploads\/2020\/07\/cropped-solis-4.png?fit=512%2C512&ssl=1\",\"contentUrl\":\"https:\/\/i0.wp.com\/solisinforma.com\/wp-content\/uploads\/2020\/07\/cropped-solis-4.png?fit=512%2C512&ssl=1\",\"width\":512,\"height\":512,\"caption\":\"Solis Informa\"},\"image\":{\"@id\":\"https:\/\/solisinforma.com\/#\/schema\/logo\/image\/\"},\"sameAs\":[\"https:\/\/www.facebook.com\/Solisinforma1\/\"]},{\"@type\":\"Person\",\"@id\":\"https:\/\/solisinforma.com\/#\/schema\/person\/db4967d1c8ed640d46bf21dc55215612\",\"name\":\"Hector Solis\",\"image\":{\"@type\":\"ImageObject\",\"inLanguage\":\"es\",\"@id\":\"https:\/\/solisinforma.com\/#\/schema\/person\/image\/\",\"url\":\"https:\/\/secure.gravatar.com\/avatar\/3e116868529a43555438940611160b9cf01e4fb17f119453a6329d96e10fecf8?s=96&d=mm&r=g\",\"contentUrl\":\"https:\/\/secure.gravatar.com\/avatar\/3e116868529a43555438940611160b9cf01e4fb17f119453a6329d96e10fecf8?s=96&d=mm&r=g\",\"caption\":\"Hector Solis\"},\"sameAs\":[\"http:\/\/Solisinforma.com\",\"https:\/\/www.facebook.com\/Solisinforma\/\",\"https:\/\/www.instagram.com\/solisinforma\/\",\"www.linkedin.com\/in\/hectorsolisinforma\",\"https:\/\/x.com\/solisinforma1\",\"@Solisinformaenvivo\",\"https:\/\/soundcloud.com\/solisinforma\"],\"url\":\"https:\/\/solisinforma.com\/?author=2\"}]}<\/script>\n<!-- \/ Yoast SEO plugin. -->","yoast_head_json":{"title":"Hogar Crea grad\u00faa a 500 personas que superan la adici\u00f3n a las drogas: \"\u00a1S\u00ed se puede!\"... - Solis Informa","robots":{"index":"index","follow":"follow","max-snippet":"max-snippet:-1","max-image-preview":"max-image-preview:large","max-video-preview":"max-video-preview:-1"},"canonical":"https:\/\/solisinforma.com\/?p=28067","og_locale":"es_ES","og_type":"article","og_title":"Hogar Crea grad\u00faa a 500 personas que superan la adici\u00f3n a las drogas: \"\u00a1S\u00ed se puede!\"... - Solis Informa","og_description":"Acompa\u00f1ados de sus familiares, estos exadictos celebraron durante un acto realizado en el Ministerio de...","og_url":"https:\/\/solisinforma.com\/?p=28067","og_site_name":"Solis Informa","article_publisher":"https:\/\/www.facebook.com\/Solisinforma1\/","article_author":"https:\/\/www.facebook.com\/Solisinforma\/","article_published_time":"2024-11-10T15:11:18+00:00","og_image":[{"width":1600,"height":1066,"url":"https:\/\/i0.wp.com\/solisinforma.com\/wp-content\/uploads\/2024\/11\/Hogar-crea-graduacion.jpg?fit=1600%2C1066&ssl=1","type":"image\/jpeg"}],"author":"Hector Solis","twitter_card":"summary_large_image","twitter_creator":"@solisinforma1","twitter_misc":{"Escrito por":"Hector Solis","Tiempo de lectura":"4 minutos"},"schema":{"@context":"https:\/\/schema.org","@graph":[{"@type":"Article","@id":"https:\/\/solisinforma.com\/?p=28067#article","isPartOf":{"@id":"https:\/\/solisinforma.com\/?p=28067"},"author":{"name":"Hector Solis","@id":"https:\/\/solisinforma.com\/#\/schema\/person\/db4967d1c8ed640d46bf21dc55215612"},"headline":"Hogar Crea grad\u00faa a 500 personas que superan la adici\u00f3n a las drogas: \u00ab\u00a1S\u00ed se puede!\u00bb&#8230;","datePublished":"2024-11-10T15:11:18+00:00","mainEntityOfPage":{"@id":"https:\/\/solisinforma.com\/?p=28067"},"wordCount":802,"commentCount":0,"publisher":{"@id":"https:\/\/solisinforma.com\/#organization"},"image":{"@id":"https:\/\/solisinforma.com\/?p=28067#primaryimage"},"thumbnailUrl":"https:\/\/i0.wp.com\/solisinforma.com\/wp-content\/uploads\/2024\/11\/Hogar-crea-graduacion.jpg?fit=1600%2C1066&ssl=1","keywords":["500 personas","adici\u00f3n a las drogas:","graduacion","Hogar Crea","Solis informa"],"articleSection":["Nacionales","Primera Plana"],"inLanguage":"es","potentialAction":[{"@type":"CommentAction","name":"Comment","target":["https:\/\/solisinforma.com\/?p=28067#respond"]}]},{"@type":"WebPage","@id":"https:\/\/solisinforma.com\/?p=28067","url":"https:\/\/solisinforma.com\/?p=28067","name":"Hogar Crea grad\u00faa a 500 personas que superan la adici\u00f3n a las drogas: \"\u00a1S\u00ed se puede!\"... - Solis Informa","isPartOf":{"@id":"https:\/\/solisinforma.com\/#website"},"primaryImageOfPage":{"@id":"https:\/\/solisinforma.com\/?p=28067#primaryimage"},"image":{"@id":"https:\/\/solisinforma.com\/?p=28067#primaryimage"},"thumbnailUrl":"https:\/\/i0.wp.com\/solisinforma.com\/wp-content\/uploads\/2024\/11\/Hogar-crea-graduacion.jpg?fit=1600%2C1066&ssl=1","datePublished":"2024-11-10T15:11:18+00:00","breadcrumb":{"@id":"https:\/\/solisinforma.com\/?p=28067#breadcrumb"},"inLanguage":"es","potentialAction":[{"@type":"ReadAction","target":["https:\/\/solisinforma.com\/?p=28067"]}]},{"@type":"ImageObject","inLanguage":"es","@id":"https:\/\/solisinforma.com\/?p=28067#primaryimage","url":"https:\/\/i0.wp.com\/solisinforma.com\/wp-content\/uploads\/2024\/11\/Hogar-crea-graduacion.jpg?fit=1600%2C1066&ssl=1","contentUrl":"https:\/\/i0.wp.com\/solisinforma.com\/wp-content\/uploads\/2024\/11\/Hogar-crea-graduacion.jpg?fit=1600%2C1066&ssl=1","width":1600,"height":1066},{"@type":"BreadcrumbList","@id":"https:\/\/solisinforma.com\/?p=28067#breadcrumb","itemListElement":[{"@type":"ListItem","position":1,"name":"Portada","item":"https:\/\/solisinforma.com\/"},{"@type":"ListItem","position":2,"name":"Hogar Crea grad\u00faa a 500 personas que superan la adici\u00f3n a las drogas: \u00ab\u00a1S\u00ed se puede!\u00bb&#8230;"}]},{"@type":"WebSite","@id":"https:\/\/solisinforma.com\/#website","url":"https:\/\/solisinforma.com\/","name":"Solis Informa","description":"El Diario de San Juan","publisher":{"@id":"https:\/\/solisinforma.com\/#organization"},"potentialAction":[{"@type":"SearchAction","target":{"@type":"EntryPoint","urlTemplate":"https:\/\/solisinforma.com\/?s={search_term_string}"},"query-input":{"@type":"PropertyValueSpecification","valueRequired":true,"valueName":"search_term_string"}}],"inLanguage":"es"},{"@type":"Organization","@id":"https:\/\/solisinforma.com\/#organization","name":"Solis Informa","url":"https:\/\/solisinforma.com\/","logo":{"@type":"ImageObject","inLanguage":"es","@id":"https:\/\/solisinforma.com\/#\/schema\/logo\/image\/","url":"https:\/\/i0.wp.com\/solisinforma.com\/wp-content\/uploads\/2020\/07\/cropped-solis-4.png?fit=512%2C512&ssl=1","contentUrl":"https:\/\/i0.wp.com\/solisinforma.com\/wp-content\/uploads\/2020\/07\/cropped-solis-4.png?fit=512%2C512&ssl=1","width":512,"height":512,"caption":"Solis Informa"},"image":{"@id":"https:\/\/solisinforma.com\/#\/schema\/logo\/image\/"},"sameAs":["https:\/\/www.facebook.com\/Solisinforma1\/"]},{"@type":"Person","@id":"https:\/\/solisinforma.com\/#\/schema\/person\/db4967d1c8ed640d46bf21dc55215612","name":"Hector Solis","image":{"@type":"ImageObject","inLanguage":"es","@id":"https:\/\/solisinforma.com\/#\/schema\/person\/image\/","url":"https:\/\/secure.gravatar.com\/avatar\/3e116868529a43555438940611160b9cf01e4fb17f119453a6329d96e10fecf8?s=96&d=mm&r=g","contentUrl":"https:\/\/secure.gravatar.com\/avatar\/3e116868529a43555438940611160b9cf01e4fb17f119453a6329d96e10fecf8?s=96&d=mm&r=g","caption":"Hector Solis"},"sameAs":["http:\/\/Solisinforma.com","https:\/\/www.facebook.com\/Solisinforma\/","https:\/\/www.instagram.com\/solisinforma\/","www.linkedin.com\/in\/hectorsolisinforma","https:\/\/x.com\/solisinforma1","@Solisinformaenvivo","https:\/\/soundcloud.com\/solisinforma"],"url":"https:\/\/solisinforma.com\/?author=2"}]}},"jetpack_publicize_connections":[],"jetpack_featured_media_url":"https:\/\/i0.wp.com\/solisinforma.com\/wp-content\/uploads\/2024\/11\/Hogar-crea-graduacion.jpg?fit=1600%2C1066&ssl=1","jetpack_sharing_enabled":true,"jetpack_likes_enabled":true,"jetpack-related-posts":[{"id":53192,"url":"https:\/\/solisinforma.com\/?p=53192","url_meta":{"origin":28067,"position":0},"title":"Hogar Crea entrega 600 reeducados a la sociedad en su aniversario","author":"Hector Solis","date":"16 de noviembre de 2025","format":false,"excerpt":"La graduaci\u00f3n fue realizada en memoria de don Leopoldo D\u00edaz Henr\u00edquez, fundador de la entidad. En el quincuag\u00e9simo aniversario de su fundaci\u00f3n,\u00a0Hogar Crea Dominicano\u00a0celebr\u00f3 este s\u00e1bado su ceremonia de reeducaci\u00f3n n\u00famero cincuenta en la que reintegr\u00f3 a la sociedad 600 hombres y mujeres. La graduaci\u00f3n estuvo encabezada por Julio D\u00edaz\u2026","rel":"","context":"En \u00abNacionales\u00bb","block_context":{"text":"Nacionales","link":"https:\/\/solisinforma.com\/?cat=8"},"img":{"alt_text":"","src":"https:\/\/i0.wp.com\/solisinforma.com\/wp-content\/uploads\/2025\/11\/Hogar-crea-600-reeducados.jpg?fit=1200%2C844&ssl=1&resize=350%2C200","width":350,"height":200,"srcset":"https:\/\/i0.wp.com\/solisinforma.com\/wp-content\/uploads\/2025\/11\/Hogar-crea-600-reeducados.jpg?fit=1200%2C844&ssl=1&resize=350%2C200 1x, https:\/\/i0.wp.com\/solisinforma.com\/wp-content\/uploads\/2025\/11\/Hogar-crea-600-reeducados.jpg?fit=1200%2C844&ssl=1&resize=525%2C300 1.5x, https:\/\/i0.wp.com\/solisinforma.com\/wp-content\/uploads\/2025\/11\/Hogar-crea-600-reeducados.jpg?fit=1200%2C844&ssl=1&resize=700%2C400 2x, https:\/\/i0.wp.com\/solisinforma.com\/wp-content\/uploads\/2025\/11\/Hogar-crea-600-reeducados.jpg?fit=1200%2C844&ssl=1&resize=1050%2C600 3x"},"classes":[]},{"id":19872,"url":"https:\/\/solisinforma.com\/?p=19872","url_meta":{"origin":28067,"position":1},"title":"Dicen han incautado m\u00e1s de 9 MM de gramos de drogas desde 2020; a\u00fan no hay fentanilo en RD","author":"Hector Solis","date":"10 de julio de 2023","format":false,"excerpt":"El Gobierno inform\u00f3 este lunes que en lo que va de gesti\u00f3n ha incautado al microtr\u00e1fico m\u00e1s de nueve millones de gramos de diferentes drogas al microtr\u00e1fico, superando siete veces las incautadas en los \u00faltimos cuatro a\u00f1os de la pasada gesti\u00f3n. A su salida de la reuni\u00f3n de casi cuatro\u2026","rel":"","context":"En \u00abNacionales\u00bb","block_context":{"text":"Nacionales","link":"https:\/\/solisinforma.com\/?cat=8"},"img":{"alt_text":"","src":"https:\/\/i0.wp.com\/solisinforma.com\/wp-content\/uploads\/2023\/07\/Presidente-sin-covid.jpeg?fit=1200%2C755&ssl=1&resize=350%2C200","width":350,"height":200,"srcset":"https:\/\/i0.wp.com\/solisinforma.com\/wp-content\/uploads\/2023\/07\/Presidente-sin-covid.jpeg?fit=1200%2C755&ssl=1&resize=350%2C200 1x, https:\/\/i0.wp.com\/solisinforma.com\/wp-content\/uploads\/2023\/07\/Presidente-sin-covid.jpeg?fit=1200%2C755&ssl=1&resize=525%2C300 1.5x, https:\/\/i0.wp.com\/solisinforma.com\/wp-content\/uploads\/2023\/07\/Presidente-sin-covid.jpeg?fit=1200%2C755&ssl=1&resize=700%2C400 2x, https:\/\/i0.wp.com\/solisinforma.com\/wp-content\/uploads\/2023\/07\/Presidente-sin-covid.jpeg?fit=1200%2C755&ssl=1&resize=1050%2C600 3x"},"classes":[]},{"id":18472,"url":"https:\/\/solisinforma.com\/?p=18472","url_meta":{"origin":28067,"position":2},"title":"Estudiantes de la UASD molestos porque 560 tendr\u00e1n que ir a graduarse a San Juan","author":"Hector Solis","date":"14 de abril de 2023","format":false,"excerpt":"DICEN QUE TEN\u00cdAN TODO PREPARADO PARA QUE SEA VIRTUAL Y AHORA CAMBIAN LA MODALIDAD DE LA INVESTIDURA A una semana de realizarse la graduaci\u00f3n ordinaria de grado y posgrado en la Universidad Aut\u00f3noma de Santo Domingo (UASD) en el recinto San Juan de Maguana, en la modalidad virtual, el Consejo\u2026","rel":"","context":"En \u00abLocales\u00bb","block_context":{"text":"Locales","link":"https:\/\/solisinforma.com\/?cat=34"},"img":{"alt_text":"","src":"https:\/\/i0.wp.com\/solisinforma.com\/wp-content\/uploads\/2023\/04\/Uasd-Recinto-San-Juan-quejas.jpg?fit=1200%2C675&ssl=1&resize=350%2C200","width":350,"height":200,"srcset":"https:\/\/i0.wp.com\/solisinforma.com\/wp-content\/uploads\/2023\/04\/Uasd-Recinto-San-Juan-quejas.jpg?fit=1200%2C675&ssl=1&resize=350%2C200 1x, https:\/\/i0.wp.com\/solisinforma.com\/wp-content\/uploads\/2023\/04\/Uasd-Recinto-San-Juan-quejas.jpg?fit=1200%2C675&ssl=1&resize=525%2C300 1.5x, https:\/\/i0.wp.com\/solisinforma.com\/wp-content\/uploads\/2023\/04\/Uasd-Recinto-San-Juan-quejas.jpg?fit=1200%2C675&ssl=1&resize=700%2C400 2x, https:\/\/i0.wp.com\/solisinforma.com\/wp-content\/uploads\/2023\/04\/Uasd-Recinto-San-Juan-quejas.jpg?fit=1200%2C675&ssl=1&resize=1050%2C600 3x"},"classes":[]},{"id":20193,"url":"https:\/\/solisinforma.com\/?p=20193","url_meta":{"origin":28067,"position":3},"title":"UFHEC grad\u00faa a 631 nuevos profesionales en el sur; rector exhorta a continuar capacit\u00e1ndose","author":"Hector Solis","date":"27 de julio de 2023","format":false,"excerpt":"Las Matas de Farf\u00e1n, RD. La Universidad Federico Henr\u00edquez y Carvajal (UFHEC) gradu\u00f3 este jueves a 631 nuevos profesionales de Ban\u00ed y San Juan, en diversas \u00e1reas de saber, en un acto realizado en el Campus San Juan \u2013 Las Matas de Farf\u00e1n. La graduaci\u00f3n fue presidida por el rector,\u2026","rel":"","context":"En \u00abNacionales\u00bb","block_context":{"text":"Nacionales","link":"https:\/\/solisinforma.com\/?cat=8"},"img":{"alt_text":"","src":"https:\/\/i0.wp.com\/solisinforma.com\/wp-content\/uploads\/2023\/07\/IMG-20230727-WA0178.jpg?fit=1200%2C675&ssl=1&resize=350%2C200","width":350,"height":200,"srcset":"https:\/\/i0.wp.com\/solisinforma.com\/wp-content\/uploads\/2023\/07\/IMG-20230727-WA0178.jpg?fit=1200%2C675&ssl=1&resize=350%2C200 1x, https:\/\/i0.wp.com\/solisinforma.com\/wp-content\/uploads\/2023\/07\/IMG-20230727-WA0178.jpg?fit=1200%2C675&ssl=1&resize=525%2C300 1.5x, https:\/\/i0.wp.com\/solisinforma.com\/wp-content\/uploads\/2023\/07\/IMG-20230727-WA0178.jpg?fit=1200%2C675&ssl=1&resize=700%2C400 2x, https:\/\/i0.wp.com\/solisinforma.com\/wp-content\/uploads\/2023\/07\/IMG-20230727-WA0178.jpg?fit=1200%2C675&ssl=1&resize=1050%2C600 3x"},"classes":[]},{"id":21440,"url":"https:\/\/solisinforma.com\/?p=21440","url_meta":{"origin":28067,"position":4},"title":"ISFODOSU entrega 198 maestros de excelencia a la regi\u00f3n sur","author":"Hector Solis","date":"25 de octubre de 2023","format":false,"excerpt":"San Juan de la Maguana.-\u00a0El Instituto Superior de Formaci\u00f3n Docente Salom\u00e9 Ure\u00f1a, ISFODOSU, desde su Recinto Urania Mont\u00e1s, UM, en San Juan de la Maguana, entreg\u00f3 a la regi\u00f3n sur 198 diplomas a nuevos maestros de excelencia durante este a\u00f1o 2023. Con esta \u00faltima investidura que realiz\u00f3 el ISFODOSU en\u2026","rel":"","context":"En \u00abLocales\u00bb","block_context":{"text":"Locales","link":"https:\/\/solisinforma.com\/?cat=34"},"img":{"alt_text":"","src":"https:\/\/i0.wp.com\/solisinforma.com\/wp-content\/uploads\/2023\/10\/Graduacion-Isfodosu.jpeg?fit=1200%2C801&ssl=1&resize=350%2C200","width":350,"height":200,"srcset":"https:\/\/i0.wp.com\/solisinforma.com\/wp-content\/uploads\/2023\/10\/Graduacion-Isfodosu.jpeg?fit=1200%2C801&ssl=1&resize=350%2C200 1x, https:\/\/i0.wp.com\/solisinforma.com\/wp-content\/uploads\/2023\/10\/Graduacion-Isfodosu.jpeg?fit=1200%2C801&ssl=1&resize=525%2C300 1.5x, https:\/\/i0.wp.com\/solisinforma.com\/wp-content\/uploads\/2023\/10\/Graduacion-Isfodosu.jpeg?fit=1200%2C801&ssl=1&resize=700%2C400 2x, https:\/\/i0.wp.com\/solisinforma.com\/wp-content\/uploads\/2023\/10\/Graduacion-Isfodosu.jpeg?fit=1200%2C801&ssl=1&resize=1050%2C600 3x"},"classes":[]},{"id":57619,"url":"https:\/\/solisinforma.com\/?p=57619","url_meta":{"origin":28067,"position":5},"title":"Un hito hist\u00f3rico para la educaci\u00f3n t\u00e9cnico-profesional y art\u00edstica en San Juan de la","author":"Hector Solis","date":"25 de julio de 2026","format":false,"excerpt":"El Polit\u00e9cnico y Modalidad en Artes Pedro Henr\u00edquez Ure\u00f1a ha marcado un precedente significativo en la regi\u00f3n con la celebraci\u00f3n de su decimocuarta graduaci\u00f3n de bachilleres. En un emotivo y solemne acto desarrollado en el Anfiteatro Rub\u00e9n Zavala Moreta del recinto UASD San Juan, la instituci\u00f3n celebr\u00f3 con orgullo la\u2026","rel":"","context":"En \u00abLocales\u00bb","block_context":{"text":"Locales","link":"https:\/\/solisinforma.com\/?cat=34"},"img":{"alt_text":"","src":"https:\/\/i0.wp.com\/solisinforma.com\/wp-content\/uploads\/2026\/07\/InShot_20260725_115008396.jpg?fit=1200%2C686&ssl=1&resize=350%2C200","width":350,"height":200,"srcset":"https:\/\/i0.wp.com\/solisinforma.com\/wp-content\/uploads\/2026\/07\/InShot_20260725_115008396.jpg?fit=1200%2C686&ssl=1&resize=350%2C200 1x, https:\/\/i0.wp.com\/solisinforma.com\/wp-content\/uploads\/2026\/07\/InShot_20260725_115008396.jpg?fit=1200%2C686&ssl=1&resize=525%2C300 1.5x, https:\/\/i0.wp.com\/solisinforma.com\/wp-content\/uploads\/2026\/07\/InShot_20260725_115008396.jpg?fit=1200%2C686&ssl=1&resize=700%2C400 2x, https:\/\/i0.wp.com\/solisinforma.com\/wp-content\/uploads\/2026\/07\/InShot_20260725_115008396.jpg?fit=1200%2C686&ssl=1&resize=1050%2C600 3x"},"classes":[]}],"jetpack_shortlink":"https:\/\/wp.me\/pc2Svn-7iH","_links":{"self":[{"href":"https:\/\/solisinforma.com\/index.php?rest_route=\/wp\/v2\/posts\/28067","targetHints":{"allow":["GET"]}}],"collection":[{"href":"https:\/\/solisinforma.com\/index.php?rest_route=\/wp\/v2\/posts"}],"about":[{"href":"https:\/\/solisinforma.com\/index.php?rest_route=\/wp\/v2\/types\/post"}],"author":[{"embeddable":true,"href":"https:\/\/solisinforma.com\/index.php?rest_route=\/wp\/v2\/users\/2"}],"replies":[{"embeddable":true,"href":"https:\/\/solisinforma.com\/index.php?rest_route=%2Fwp%2Fv2%2Fcomments&post=28067"}],"version-history":[{"count":0,"href":"https:\/\/solisinforma.com\/index.php?rest_route=\/wp\/v2\/posts\/28067\/revisions"}],"wp:featuredmedia":[{"embeddable":true,"href":"https:\/\/solisinforma.com\/index.php?rest_route=\/wp\/v2\/media\/28070"}],"wp:attachment":[{"href":"https:\/\/solisinforma.com\/index.php?rest_route=%2Fwp%2Fv2%2Fmedia&parent=28067"}],"wp:term":[{"taxonomy":"category","embeddable":true,"href":"https:\/\/solisinforma.com\/index.php?rest_route=%2Fwp%2Fv2%2Fcategories&post=28067"},{"taxonomy":"post_tag","embeddable":true,"href":"https:\/\/solisinforma.com\/index.php?rest_route=%2Fwp%2Fv2%2Ftags&post=28067"}],"curies":[{"name":"wp","href":"https:\/\/api.w.org\/{rel}","templated":true}]}}