{"id":28068,"date":"2024-11-10T11:23:05","date_gmt":"2024-11-10T15:23:05","guid":{"rendered":"https:\/\/solisinforma.com\/?p=28068"},"modified":"2024-11-10T11:23:05","modified_gmt":"2024-11-10T15:23:05","slug":"la-policia-detiene-a-un-hombre-que-confeso-haber-matado-a-6-mujeres-desde-el-ano-1995","status":"publish","type":"post","link":"https:\/\/solisinforma.com\/?p=28068","title":{"rendered":"La Polic\u00eda detiene a un hombre que confes\u00f3 haber matado a 6 mujeres desde el a\u00f1o 1995"},"content":{"rendered":"<div class=\"c-detail-header\">\n<div class=\"c-detail__subtitle\">\n<ul>\n<li><strong><strong>La Polic\u00eda Nacional dijo que Mercedes confes\u00f3 haber cometido varios homicidios en diferentes fechas y localidades. En total, ser\u00edan 6 casos de muertes de mujeres.\n<p><img data-recalc-dims=\"1\" loading=\"lazy\" decoding=\"async\" class=\"alignnone size-full wp-image-28072\" src=\"https:\/\/i0.wp.com\/solisinforma.com\/wp-content\/uploads\/2024\/11\/HOmbre-confeso-asesinatos.jpg?resize=640%2C360&#038;ssl=1\" alt=\"\" width=\"640\" height=\"360\" srcset=\"https:\/\/i0.wp.com\/solisinforma.com\/wp-content\/uploads\/2024\/11\/HOmbre-confeso-asesinatos.jpg?w=1200&amp;ssl=1 1200w, https:\/\/i0.wp.com\/solisinforma.com\/wp-content\/uploads\/2024\/11\/HOmbre-confeso-asesinatos.jpg?resize=768%2C432&amp;ssl=1 768w, https:\/\/i0.wp.com\/solisinforma.com\/wp-content\/uploads\/2024\/11\/HOmbre-confeso-asesinatos.jpg?resize=1024%2C576&amp;ssl=1 1024w\" sizes=\"auto, (max-width: 640px) 100vw, 640px\" \/><br \/>\n<\/strong><\/strong>La Polic\u00eda Nacional inform\u00f3 que detuvo a hombre de 65 a\u00f1os cuando intentaba sepultar el cad\u00e1ver de su ex pareja en el patio de su residencia.<\/p>\n<p>El detenido ha sido identificado como Nazario Mercedes, de 65 a\u00f1os, quien es acusado de causar la muerte de Yessica Figueroa, de 32 a\u00f1os, residente en Sabana Grande de Boy\u00e1, provincia Monte Plata. Las autoridades tambi\u00e9n acusan al se\u00f1or Obispo Carmona, t\u00edo de la fallecida, de actuar en conjunto con el detenido Nazario Mercedes.<\/p>\n<p>La Polic\u00eda Nacional dijo que Mercedes confes\u00f3 haber cometido varios homicidios en diferentes fechas y localidades. En total, ser\u00edan 6 casos de muertes de mujeres.<\/p>\n<p>Las seis v\u00edctimas: la primera en 1995 en San Pedro de Macor\u00eds, identificada como Yanet, residente en el Ingenio Quisqueya; la segunda en 2008, tambi\u00e9n en el Ingenio Quisqueya, identificada como Diana Carolina Lorenzo Medina; la tercera en 2014 en Hato Viejo, municipio Maim\u00f3n, identificada como Rosa Mar\u00eda Peralta, quien fue dada muerta por Nazario y que, sin embargo, se salv\u00f3 porque se encontraba a tiempo; la cuarta en 2022 en Rancho Arriba, de San Jos\u00e9 de Ocoa, identificada como Darmelin de los Santos Ram\u00edrez; la quinta en 2023 en San Luis, Santo Domingo Este, una mujer de nacionalidad haitiana sin datos registrados; y la sexta, Yessica Figueroa, en Villa Altagracia, ya mencionada.<\/p>\n<p>El acta de levantamiento de cad\u00e1ver No. 88678, emitida por la m\u00e9dico legista, indica que Figueroa falleci\u00f3 a causa de \u201ctrauma contuso abierto en la regi\u00f3n occipital\u201d y \u201cshock hipovol\u00e9mico\u201d.<\/p>\n<p>\u00abNazario Mercedes, presunto autor del crimen y expareja de la v\u00edctima, habr\u00eda intentado ocultar el cuerpo en el patio de su residencia. Las autoridades lo encontraron cubriendo el cuerpo con fundas y zinc viejo y cavando un hoyo para enterrarla. En el lugar fueron confiscados una pala y un pico, herramientas que el acusado utilizaba para excavar\u00bb, se\u00f1ala un comunicado de prensa de la Polic\u00eda Nacional.<span id=\"m44459-44458-44460\" class=\"c-detail__media__credit \"><\/span><\/p>\n<p>\u00abEl cad\u00e1ver fue trasladado al Instituto Nacional de Ciencias Forenses (INACIF) en Santo Domingo, donde se realizar\u00e1 la autopsia correspondiente. Nazario Mercedes y Obispo Carmona, junto con las evidencias recopiladas, han sido puestos bajo custodia de los investigadores y ser\u00e1n enviados a la Fiscal\u00eda para los fines legales correspondientes\u00bb, indica la nota.<\/li>\n<\/ul>\n<\/div>\n<\/div>\n<div class=\"c-detail-img\">\n<div id=\"m44372-44371-44373\" class=\"c-detail__media \"><\/div>\n<\/div>\n","protected":false},"excerpt":{"rendered":"<p>La Polic\u00eda Nacional dijo que Mercedes confes\u00f3 haber cometido varios homicidios en diferentes fechas y&#8230;<\/p>\n","protected":false},"author":2,"featured_media":28072,"comment_status":"open","ping_status":"open","sticky":false,"template":"","format":"standard","meta":{"_jetpack_newsletter_access":"","_jetpack_dont_email_post_to_subs":false,"_jetpack_newsletter_tier_id":0,"_jetpack_memberships_contains_paywalled_content":false,"_jetpack_memberships_contains_paid_content":false,"_joinchat":[],"footnotes":"","jetpack_publicize_message":"","jetpack_publicize_feature_enabled":true,"jetpack_social_post_already_shared":true,"jetpack_social_options":{"image_generator_settings":{"template":"highway","default_image_id":0,"font":"","enabled":false},"version":2},"jetpack_post_was_ever_published":false},"categories":[8,39],"tags":[16979,16978,16977,9751,193,46],"class_list":["post-28068","post","type-post","status-publish","format-standard","has-post-thumbnail","hentry","category-nacionales","category-primeraplana","tag-16979","tag-6-mujeres","tag-asesino-confeso","tag-detiene","tag-policia-nacional","tag-solis-informa"],"yoast_head":"<!-- This site is optimized with the Yoast SEO plugin v24.9 - https:\/\/yoast.com\/wordpress\/plugins\/seo\/ -->\n<title>La Polic\u00eda detiene a un hombre que confes\u00f3 haber matado a 6 mujeres desde el a\u00f1o 1995 - Solis Informa<\/title>\n<meta name=\"robots\" content=\"index, follow, max-snippet:-1, max-image-preview:large, max-video-preview:-1\" \/>\n<link rel=\"canonical\" href=\"https:\/\/solisinforma.com\/?p=28068\" \/>\n<meta property=\"og:locale\" content=\"es_ES\" \/>\n<meta property=\"og:type\" content=\"article\" \/>\n<meta property=\"og:title\" content=\"La Polic\u00eda detiene a un hombre que confes\u00f3 haber matado a 6 mujeres desde el a\u00f1o 1995 - Solis Informa\" \/>\n<meta property=\"og:description\" content=\"La Polic\u00eda Nacional dijo que Mercedes confes\u00f3 haber cometido varios homicidios en diferentes fechas y...\" \/>\n<meta property=\"og:url\" content=\"https:\/\/solisinforma.com\/?p=28068\" \/>\n<meta property=\"og:site_name\" content=\"Solis Informa\" \/>\n<meta property=\"article:publisher\" content=\"https:\/\/www.facebook.com\/Solisinforma1\/\" \/>\n<meta property=\"article:author\" content=\"https:\/\/www.facebook.com\/Solisinforma\/\" \/>\n<meta property=\"article:published_time\" content=\"2024-11-10T15:23:05+00:00\" \/>\n<meta property=\"og:image\" content=\"https:\/\/i0.wp.com\/solisinforma.com\/wp-content\/uploads\/2024\/11\/HOmbre-confeso-asesinatos.jpg?fit=1200%2C675&ssl=1\" \/>\n\t<meta property=\"og:image:width\" content=\"1200\" \/>\n\t<meta property=\"og:image:height\" content=\"675\" \/>\n\t<meta property=\"og:image:type\" content=\"image\/jpeg\" \/>\n<meta name=\"author\" content=\"Hector Solis\" \/>\n<meta name=\"twitter:card\" content=\"summary_large_image\" \/>\n<meta name=\"twitter:creator\" content=\"@solisinforma1\" \/>\n<meta name=\"twitter:label1\" content=\"Escrito por\" \/>\n\t<meta name=\"twitter:data1\" content=\"Hector Solis\" \/>\n\t<meta name=\"twitter:label2\" content=\"Tiempo de lectura\" \/>\n\t<meta name=\"twitter:data2\" content=\"2 minutos\" \/>\n<script type=\"application\/ld+json\" class=\"yoast-schema-graph\">{\"@context\":\"https:\/\/schema.org\",\"@graph\":[{\"@type\":\"Article\",\"@id\":\"https:\/\/solisinforma.com\/?p=28068#article\",\"isPartOf\":{\"@id\":\"https:\/\/solisinforma.com\/?p=28068\"},\"author\":{\"name\":\"Hector Solis\",\"@id\":\"https:\/\/solisinforma.com\/#\/schema\/person\/db4967d1c8ed640d46bf21dc55215612\"},\"headline\":\"La Polic\u00eda detiene a un hombre que confes\u00f3 haber matado a 6 mujeres desde el a\u00f1o 1995\",\"datePublished\":\"2024-11-10T15:23:05+00:00\",\"mainEntityOfPage\":{\"@id\":\"https:\/\/solisinforma.com\/?p=28068\"},\"wordCount\":426,\"commentCount\":0,\"publisher\":{\"@id\":\"https:\/\/solisinforma.com\/#organization\"},\"image\":{\"@id\":\"https:\/\/solisinforma.com\/?p=28068#primaryimage\"},\"thumbnailUrl\":\"https:\/\/i0.wp.com\/solisinforma.com\/wp-content\/uploads\/2024\/11\/HOmbre-confeso-asesinatos.jpg?fit=1200%2C675&ssl=1\",\"keywords\":[\"1995\",\"6 mujeres\",\"asesino confeso\",\"Detiene\",\"Polic\u00eda Nacional\",\"Solis informa\"],\"articleSection\":[\"Nacionales\",\"Primera Plana\"],\"inLanguage\":\"es\",\"potentialAction\":[{\"@type\":\"CommentAction\",\"name\":\"Comment\",\"target\":[\"https:\/\/solisinforma.com\/?p=28068#respond\"]}]},{\"@type\":\"WebPage\",\"@id\":\"https:\/\/solisinforma.com\/?p=28068\",\"url\":\"https:\/\/solisinforma.com\/?p=28068\",\"name\":\"La Polic\u00eda detiene a un hombre que confes\u00f3 haber matado a 6 mujeres desde el a\u00f1o 1995 - Solis Informa\",\"isPartOf\":{\"@id\":\"https:\/\/solisinforma.com\/#website\"},\"primaryImageOfPage\":{\"@id\":\"https:\/\/solisinforma.com\/?p=28068#primaryimage\"},\"image\":{\"@id\":\"https:\/\/solisinforma.com\/?p=28068#primaryimage\"},\"thumbnailUrl\":\"https:\/\/i0.wp.com\/solisinforma.com\/wp-content\/uploads\/2024\/11\/HOmbre-confeso-asesinatos.jpg?fit=1200%2C675&ssl=1\",\"datePublished\":\"2024-11-10T15:23:05+00:00\",\"breadcrumb\":{\"@id\":\"https:\/\/solisinforma.com\/?p=28068#breadcrumb\"},\"inLanguage\":\"es\",\"potentialAction\":[{\"@type\":\"ReadAction\",\"target\":[\"https:\/\/solisinforma.com\/?p=28068\"]}]},{\"@type\":\"ImageObject\",\"inLanguage\":\"es\",\"@id\":\"https:\/\/solisinforma.com\/?p=28068#primaryimage\",\"url\":\"https:\/\/i0.wp.com\/solisinforma.com\/wp-content\/uploads\/2024\/11\/HOmbre-confeso-asesinatos.jpg?fit=1200%2C675&ssl=1\",\"contentUrl\":\"https:\/\/i0.wp.com\/solisinforma.com\/wp-content\/uploads\/2024\/11\/HOmbre-confeso-asesinatos.jpg?fit=1200%2C675&ssl=1\",\"width\":1200,\"height\":675},{\"@type\":\"BreadcrumbList\",\"@id\":\"https:\/\/solisinforma.com\/?p=28068#breadcrumb\",\"itemListElement\":[{\"@type\":\"ListItem\",\"position\":1,\"name\":\"Portada\",\"item\":\"https:\/\/solisinforma.com\/\"},{\"@type\":\"ListItem\",\"position\":2,\"name\":\"La Polic\u00eda detiene a un hombre que confes\u00f3 haber matado a 6 mujeres desde el a\u00f1o 1995\"}]},{\"@type\":\"WebSite\",\"@id\":\"https:\/\/solisinforma.com\/#website\",\"url\":\"https:\/\/solisinforma.com\/\",\"name\":\"Solis Informa\",\"description\":\"El Diario de San Juan\",\"publisher\":{\"@id\":\"https:\/\/solisinforma.com\/#organization\"},\"potentialAction\":[{\"@type\":\"SearchAction\",\"target\":{\"@type\":\"EntryPoint\",\"urlTemplate\":\"https:\/\/solisinforma.com\/?s={search_term_string}\"},\"query-input\":{\"@type\":\"PropertyValueSpecification\",\"valueRequired\":true,\"valueName\":\"search_term_string\"}}],\"inLanguage\":\"es\"},{\"@type\":\"Organization\",\"@id\":\"https:\/\/solisinforma.com\/#organization\",\"name\":\"Solis Informa\",\"url\":\"https:\/\/solisinforma.com\/\",\"logo\":{\"@type\":\"ImageObject\",\"inLanguage\":\"es\",\"@id\":\"https:\/\/solisinforma.com\/#\/schema\/logo\/image\/\",\"url\":\"https:\/\/i0.wp.com\/solisinforma.com\/wp-content\/uploads\/2020\/07\/cropped-solis-4.png?fit=512%2C512&ssl=1\",\"contentUrl\":\"https:\/\/i0.wp.com\/solisinforma.com\/wp-content\/uploads\/2020\/07\/cropped-solis-4.png?fit=512%2C512&ssl=1\",\"width\":512,\"height\":512,\"caption\":\"Solis Informa\"},\"image\":{\"@id\":\"https:\/\/solisinforma.com\/#\/schema\/logo\/image\/\"},\"sameAs\":[\"https:\/\/www.facebook.com\/Solisinforma1\/\"]},{\"@type\":\"Person\",\"@id\":\"https:\/\/solisinforma.com\/#\/schema\/person\/db4967d1c8ed640d46bf21dc55215612\",\"name\":\"Hector Solis\",\"image\":{\"@type\":\"ImageObject\",\"inLanguage\":\"es\",\"@id\":\"https:\/\/solisinforma.com\/#\/schema\/person\/image\/\",\"url\":\"https:\/\/secure.gravatar.com\/avatar\/3e116868529a43555438940611160b9cf01e4fb17f119453a6329d96e10fecf8?s=96&d=mm&r=g\",\"contentUrl\":\"https:\/\/secure.gravatar.com\/avatar\/3e116868529a43555438940611160b9cf01e4fb17f119453a6329d96e10fecf8?s=96&d=mm&r=g\",\"caption\":\"Hector Solis\"},\"sameAs\":[\"http:\/\/Solisinforma.com\",\"https:\/\/www.facebook.com\/Solisinforma\/\",\"https:\/\/www.instagram.com\/solisinforma\/\",\"www.linkedin.com\/in\/hectorsolisinforma\",\"https:\/\/x.com\/solisinforma1\",\"@Solisinformaenvivo\",\"https:\/\/soundcloud.com\/solisinforma\"],\"url\":\"https:\/\/solisinforma.com\/?author=2\"}]}<\/script>\n<!-- \/ Yoast SEO plugin. -->","yoast_head_json":{"title":"La Polic\u00eda detiene a un hombre que confes\u00f3 haber matado a 6 mujeres desde el a\u00f1o 1995 - Solis Informa","robots":{"index":"index","follow":"follow","max-snippet":"max-snippet:-1","max-image-preview":"max-image-preview:large","max-video-preview":"max-video-preview:-1"},"canonical":"https:\/\/solisinforma.com\/?p=28068","og_locale":"es_ES","og_type":"article","og_title":"La Polic\u00eda detiene a un hombre que confes\u00f3 haber matado a 6 mujeres desde el a\u00f1o 1995 - Solis Informa","og_description":"La Polic\u00eda Nacional dijo que Mercedes confes\u00f3 haber cometido varios homicidios en diferentes fechas y...","og_url":"https:\/\/solisinforma.com\/?p=28068","og_site_name":"Solis Informa","article_publisher":"https:\/\/www.facebook.com\/Solisinforma1\/","article_author":"https:\/\/www.facebook.com\/Solisinforma\/","article_published_time":"2024-11-10T15:23:05+00:00","og_image":[{"width":1200,"height":675,"url":"https:\/\/i0.wp.com\/solisinforma.com\/wp-content\/uploads\/2024\/11\/HOmbre-confeso-asesinatos.jpg?fit=1200%2C675&ssl=1","type":"image\/jpeg"}],"author":"Hector Solis","twitter_card":"summary_large_image","twitter_creator":"@solisinforma1","twitter_misc":{"Escrito por":"Hector Solis","Tiempo de lectura":"2 minutos"},"schema":{"@context":"https:\/\/schema.org","@graph":[{"@type":"Article","@id":"https:\/\/solisinforma.com\/?p=28068#article","isPartOf":{"@id":"https:\/\/solisinforma.com\/?p=28068"},"author":{"name":"Hector Solis","@id":"https:\/\/solisinforma.com\/#\/schema\/person\/db4967d1c8ed640d46bf21dc55215612"},"headline":"La Polic\u00eda detiene a un hombre que confes\u00f3 haber matado a 6 mujeres desde el a\u00f1o 1995","datePublished":"2024-11-10T15:23:05+00:00","mainEntityOfPage":{"@id":"https:\/\/solisinforma.com\/?p=28068"},"wordCount":426,"commentCount":0,"publisher":{"@id":"https:\/\/solisinforma.com\/#organization"},"image":{"@id":"https:\/\/solisinforma.com\/?p=28068#primaryimage"},"thumbnailUrl":"https:\/\/i0.wp.com\/solisinforma.com\/wp-content\/uploads\/2024\/11\/HOmbre-confeso-asesinatos.jpg?fit=1200%2C675&ssl=1","keywords":["1995","6 mujeres","asesino confeso","Detiene","Polic\u00eda Nacional","Solis informa"],"articleSection":["Nacionales","Primera Plana"],"inLanguage":"es","potentialAction":[{"@type":"CommentAction","name":"Comment","target":["https:\/\/solisinforma.com\/?p=28068#respond"]}]},{"@type":"WebPage","@id":"https:\/\/solisinforma.com\/?p=28068","url":"https:\/\/solisinforma.com\/?p=28068","name":"La Polic\u00eda detiene a un hombre que confes\u00f3 haber matado a 6 mujeres desde el a\u00f1o 1995 - Solis Informa","isPartOf":{"@id":"https:\/\/solisinforma.com\/#website"},"primaryImageOfPage":{"@id":"https:\/\/solisinforma.com\/?p=28068#primaryimage"},"image":{"@id":"https:\/\/solisinforma.com\/?p=28068#primaryimage"},"thumbnailUrl":"https:\/\/i0.wp.com\/solisinforma.com\/wp-content\/uploads\/2024\/11\/HOmbre-confeso-asesinatos.jpg?fit=1200%2C675&ssl=1","datePublished":"2024-11-10T15:23:05+00:00","breadcrumb":{"@id":"https:\/\/solisinforma.com\/?p=28068#breadcrumb"},"inLanguage":"es","potentialAction":[{"@type":"ReadAction","target":["https:\/\/solisinforma.com\/?p=28068"]}]},{"@type":"ImageObject","inLanguage":"es","@id":"https:\/\/solisinforma.com\/?p=28068#primaryimage","url":"https:\/\/i0.wp.com\/solisinforma.com\/wp-content\/uploads\/2024\/11\/HOmbre-confeso-asesinatos.jpg?fit=1200%2C675&ssl=1","contentUrl":"https:\/\/i0.wp.com\/solisinforma.com\/wp-content\/uploads\/2024\/11\/HOmbre-confeso-asesinatos.jpg?fit=1200%2C675&ssl=1","width":1200,"height":675},{"@type":"BreadcrumbList","@id":"https:\/\/solisinforma.com\/?p=28068#breadcrumb","itemListElement":[{"@type":"ListItem","position":1,"name":"Portada","item":"https:\/\/solisinforma.com\/"},{"@type":"ListItem","position":2,"name":"La Polic\u00eda detiene a un hombre que confes\u00f3 haber matado a 6 mujeres desde el a\u00f1o 1995"}]},{"@type":"WebSite","@id":"https:\/\/solisinforma.com\/#website","url":"https:\/\/solisinforma.com\/","name":"Solis Informa","description":"El Diario de San Juan","publisher":{"@id":"https:\/\/solisinforma.com\/#organization"},"potentialAction":[{"@type":"SearchAction","target":{"@type":"EntryPoint","urlTemplate":"https:\/\/solisinforma.com\/?s={search_term_string}"},"query-input":{"@type":"PropertyValueSpecification","valueRequired":true,"valueName":"search_term_string"}}],"inLanguage":"es"},{"@type":"Organization","@id":"https:\/\/solisinforma.com\/#organization","name":"Solis Informa","url":"https:\/\/solisinforma.com\/","logo":{"@type":"ImageObject","inLanguage":"es","@id":"https:\/\/solisinforma.com\/#\/schema\/logo\/image\/","url":"https:\/\/i0.wp.com\/solisinforma.com\/wp-content\/uploads\/2020\/07\/cropped-solis-4.png?fit=512%2C512&ssl=1","contentUrl":"https:\/\/i0.wp.com\/solisinforma.com\/wp-content\/uploads\/2020\/07\/cropped-solis-4.png?fit=512%2C512&ssl=1","width":512,"height":512,"caption":"Solis Informa"},"image":{"@id":"https:\/\/solisinforma.com\/#\/schema\/logo\/image\/"},"sameAs":["https:\/\/www.facebook.com\/Solisinforma1\/"]},{"@type":"Person","@id":"https:\/\/solisinforma.com\/#\/schema\/person\/db4967d1c8ed640d46bf21dc55215612","name":"Hector Solis","image":{"@type":"ImageObject","inLanguage":"es","@id":"https:\/\/solisinforma.com\/#\/schema\/person\/image\/","url":"https:\/\/secure.gravatar.com\/avatar\/3e116868529a43555438940611160b9cf01e4fb17f119453a6329d96e10fecf8?s=96&d=mm&r=g","contentUrl":"https:\/\/secure.gravatar.com\/avatar\/3e116868529a43555438940611160b9cf01e4fb17f119453a6329d96e10fecf8?s=96&d=mm&r=g","caption":"Hector Solis"},"sameAs":["http:\/\/Solisinforma.com","https:\/\/www.facebook.com\/Solisinforma\/","https:\/\/www.instagram.com\/solisinforma\/","www.linkedin.com\/in\/hectorsolisinforma","https:\/\/x.com\/solisinforma1","@Solisinformaenvivo","https:\/\/soundcloud.com\/solisinforma"],"url":"https:\/\/solisinforma.com\/?author=2"}]}},"jetpack_publicize_connections":[],"jetpack_featured_media_url":"https:\/\/i0.wp.com\/solisinforma.com\/wp-content\/uploads\/2024\/11\/HOmbre-confeso-asesinatos.jpg?fit=1200%2C675&ssl=1","jetpack_sharing_enabled":true,"jetpack_likes_enabled":true,"jetpack-related-posts":[{"id":28048,"url":"https:\/\/solisinforma.com\/?p=28048","url_meta":{"origin":28068,"position":0},"title":"Los primeros siete d\u00edas de noviembre registran trece muertes violentas en Rep\u00fablica Dominicana","author":"Hector Solis","date":"8 de noviembre de 2024","format":false,"excerpt":"Estos casos incluyen desde enfrentamientos armados hasta homicidios derivados de conflictos personales. Las muertes\u00a0violentas\u00a0no dan tregua. En los primeros siete d\u00edas de noviembre, el pa\u00eds ha registrado al menos trece casos, que incluyen desde enfrentamientos armados hasta homicidios derivados de conflictos personales. Uno de los casos m\u00e1s tr\u00e1gicos ocurri\u00f3 la\u2026","rel":"","context":"En \u00abNacionales\u00bb","block_context":{"text":"Nacionales","link":"https:\/\/solisinforma.com\/?cat=8"},"img":{"alt_text":"","src":"https:\/\/i0.wp.com\/solisinforma.com\/wp-content\/uploads\/2022\/04\/tiroteo-sacramento-linea-escena-crimen-scaled.jpg?resize=350%2C200&ssl=1","width":350,"height":200,"srcset":"https:\/\/i0.wp.com\/solisinforma.com\/wp-content\/uploads\/2022\/04\/tiroteo-sacramento-linea-escena-crimen-scaled.jpg?resize=350%2C200&ssl=1 1x, https:\/\/i0.wp.com\/solisinforma.com\/wp-content\/uploads\/2022\/04\/tiroteo-sacramento-linea-escena-crimen-scaled.jpg?resize=525%2C300&ssl=1 1.5x, https:\/\/i0.wp.com\/solisinforma.com\/wp-content\/uploads\/2022\/04\/tiroteo-sacramento-linea-escena-crimen-scaled.jpg?resize=700%2C400&ssl=1 2x, https:\/\/i0.wp.com\/solisinforma.com\/wp-content\/uploads\/2022\/04\/tiroteo-sacramento-linea-escena-crimen-scaled.jpg?resize=1050%2C600&ssl=1 3x, https:\/\/i0.wp.com\/solisinforma.com\/wp-content\/uploads\/2022\/04\/tiroteo-sacramento-linea-escena-crimen-scaled.jpg?resize=1400%2C800&ssl=1 4x"},"classes":[]},{"id":16176,"url":"https:\/\/solisinforma.com\/?p=16176","url_meta":{"origin":28068,"position":1},"title":"Detenido revela c\u00f3mo mat\u00f3 a Jes\u00fas Cuevas y dice cad\u00e1ver ten\u00eda 29 d\u00edas dentro de tanque","author":"Hector Solis","date":"4 de noviembre de 2022","format":false,"excerpt":"Jes\u00fas Cuevas frecuentaba la casa de su matador, seg\u00fan las investigaciones El cad\u00e1ver de\u00a0Jes\u00fas Cuevas\u00a0ten\u00eda 29 d\u00edas dentro del tanque pl\u00e1stico en que fue hallado, en la residencia de\u00a0Francisco Javier Garc\u00eda Quezada (Antony), de 32 a\u00f1os, quien confes\u00f3 haber matado al joven de 30 a\u00f1os. As\u00ed lo inform\u00f3 a\u00a0este diario\u00a0una\u2026","rel":"","context":"En \u00abNacionales\u00bb","block_context":{"text":"Nacionales","link":"https:\/\/solisinforma.com\/?cat=8"},"img":{"alt_text":"","src":"https:\/\/i0.wp.com\/solisinforma.com\/wp-content\/uploads\/2022\/11\/Francisco-Javier-Garcia-Quezada-Antony.jpg?fit=895%2C573&ssl=1&resize=350%2C200","width":350,"height":200,"srcset":"https:\/\/i0.wp.com\/solisinforma.com\/wp-content\/uploads\/2022\/11\/Francisco-Javier-Garcia-Quezada-Antony.jpg?fit=895%2C573&ssl=1&resize=350%2C200 1x, https:\/\/i0.wp.com\/solisinforma.com\/wp-content\/uploads\/2022\/11\/Francisco-Javier-Garcia-Quezada-Antony.jpg?fit=895%2C573&ssl=1&resize=525%2C300 1.5x, https:\/\/i0.wp.com\/solisinforma.com\/wp-content\/uploads\/2022\/11\/Francisco-Javier-Garcia-Quezada-Antony.jpg?fit=895%2C573&ssl=1&resize=700%2C400 2x"},"classes":[]},{"id":31455,"url":"https:\/\/solisinforma.com\/?p=31455","url_meta":{"origin":28068,"position":2},"title":"San Juan. Hombre habr\u00eda confesado que toc\u00f3 ni\u00f1a hab\u00eda raptado; caso ir\u00e1 a justicia.","author":"Hector Solis","date":"12 de mayo de 2025","format":false,"excerpt":"San Juan. RD. - Alcib\u00edades Arsenio Encarnaci\u00f3n Lebr\u00f3n, de 47 a\u00f1os de edad, fue capturado por miembros de la\u00a0Direcci\u00f3n Central de Investigaci\u00f3n\u00a0(Dicrim) y de la Polic\u00eda Preventiva luego de haber raptado y secuestrado a una menor de seis a\u00f1os con autismo en el municipio de\u00a0San Juan de la Maguana, provincia\u2026","rel":"","context":"En \u00abLocales\u00bb","block_context":{"text":"Locales","link":"https:\/\/solisinforma.com\/?cat=34"},"img":{"alt_text":"","src":"https:\/\/i0.wp.com\/solisinforma.com\/wp-content\/uploads\/2025\/05\/Caso-nina-raptada-SJM.jpg?fit=1200%2C675&ssl=1&resize=350%2C200","width":350,"height":200,"srcset":"https:\/\/i0.wp.com\/solisinforma.com\/wp-content\/uploads\/2025\/05\/Caso-nina-raptada-SJM.jpg?fit=1200%2C675&ssl=1&resize=350%2C200 1x, https:\/\/i0.wp.com\/solisinforma.com\/wp-content\/uploads\/2025\/05\/Caso-nina-raptada-SJM.jpg?fit=1200%2C675&ssl=1&resize=525%2C300 1.5x, https:\/\/i0.wp.com\/solisinforma.com\/wp-content\/uploads\/2025\/05\/Caso-nina-raptada-SJM.jpg?fit=1200%2C675&ssl=1&resize=700%2C400 2x, https:\/\/i0.wp.com\/solisinforma.com\/wp-content\/uploads\/2025\/05\/Caso-nina-raptada-SJM.jpg?fit=1200%2C675&ssl=1&resize=1050%2C600 3x"},"classes":[]},{"id":16786,"url":"https:\/\/solisinforma.com\/?p=16786","url_meta":{"origin":28068,"position":3},"title":"Detienen hombre acusado de estafa con visas de trabajo para viajar a Estados Unidos","author":"Hector Solis","date":"22 de diciembre de 2022","format":false,"excerpt":"La Polic\u00eda Nacional dice que el prevenido ha estafado a al menos siete personas La Direcci\u00f3n Regional Cibao Central de la\u00a0Polic\u00eda Nacional\u00a0inform\u00f3 sobre el apresamiento de un hombre al que acusan de estafar a varias personas con la falsa promesa de gestionarles visa de trabajo para viajar a los Estados\u2026","rel":"","context":"En \u00abNacionales\u00bb","block_context":{"text":"Nacionales","link":"https:\/\/solisinforma.com\/?cat=8"},"img":{"alt_text":"","src":"https:\/\/i0.wp.com\/solisinforma.com\/wp-content\/uploads\/2022\/12\/Visa-trabajo-estafa-arrestado-e1671727582406.jpg?fit=1200%2C651&ssl=1&resize=350%2C200","width":350,"height":200,"srcset":"https:\/\/i0.wp.com\/solisinforma.com\/wp-content\/uploads\/2022\/12\/Visa-trabajo-estafa-arrestado-e1671727582406.jpg?fit=1200%2C651&ssl=1&resize=350%2C200 1x, https:\/\/i0.wp.com\/solisinforma.com\/wp-content\/uploads\/2022\/12\/Visa-trabajo-estafa-arrestado-e1671727582406.jpg?fit=1200%2C651&ssl=1&resize=525%2C300 1.5x, https:\/\/i0.wp.com\/solisinforma.com\/wp-content\/uploads\/2022\/12\/Visa-trabajo-estafa-arrestado-e1671727582406.jpg?fit=1200%2C651&ssl=1&resize=700%2C400 2x, https:\/\/i0.wp.com\/solisinforma.com\/wp-content\/uploads\/2022\/12\/Visa-trabajo-estafa-arrestado-e1671727582406.jpg?fit=1200%2C651&ssl=1&resize=1050%2C600 3x"},"classes":[]},{"id":57362,"url":"https:\/\/solisinforma.com\/?p=57362","url_meta":{"origin":28068,"position":4},"title":"\u00abNo era un delincuente\u00bb: el clamor de Herrera tras la muerte de un joven a manos de un polic\u00eda","author":"Hector Solis","date":"4 de julio de 2026","format":false,"excerpt":"Darlin Mercado Reyes, de 19 a\u00f1os, falleci\u00f3 tras recibir un disparo de un agente de la Polic\u00eda Nacional durante un incidente ocurrido en La Ca\u00f1ada de Guajim\u00eda Con la\u00a0quema de neum\u00e1ticos, calles bloqueadas y consignas de protesta, residentes en el sector\u00a0Herrera, municipio\u00a0Santo Domingo Oeste, exigieron la noche de este viernes\u2026","rel":"","context":"En \u00abNacionales\u00bb","block_context":{"text":"Nacionales","link":"https:\/\/solisinforma.com\/?cat=8"},"img":{"alt_text":"","src":"https:\/\/i0.wp.com\/solisinforma.com\/wp-content\/uploads\/2026\/07\/En-herrera-matan-a-joven-policia.jpg?fit=1200%2C676&ssl=1&resize=350%2C200","width":350,"height":200,"srcset":"https:\/\/i0.wp.com\/solisinforma.com\/wp-content\/uploads\/2026\/07\/En-herrera-matan-a-joven-policia.jpg?fit=1200%2C676&ssl=1&resize=350%2C200 1x, https:\/\/i0.wp.com\/solisinforma.com\/wp-content\/uploads\/2026\/07\/En-herrera-matan-a-joven-policia.jpg?fit=1200%2C676&ssl=1&resize=525%2C300 1.5x, https:\/\/i0.wp.com\/solisinforma.com\/wp-content\/uploads\/2026\/07\/En-herrera-matan-a-joven-policia.jpg?fit=1200%2C676&ssl=1&resize=700%2C400 2x, https:\/\/i0.wp.com\/solisinforma.com\/wp-content\/uploads\/2026\/07\/En-herrera-matan-a-joven-policia.jpg?fit=1200%2C676&ssl=1&resize=1050%2C600 3x"},"classes":[]},{"id":26936,"url":"https:\/\/solisinforma.com\/?p=26936","url_meta":{"origin":28068,"position":5},"title":"Arrestan a dos hombres perseguidos por asaltar a una pareja en comunidad de San Juan","author":"Hector Solis","date":"5 de septiembre de 2024","format":false,"excerpt":"Santo Domingo.-\u00a0Dos hombres fueron arrestados por separado por agentes de la Polic\u00eda Nacional, luego de que fueran se\u00f1alados como los autores de un asalto a mano armada perpetrado en una comunidad de la provincia de San Juan. Luiyi Mateo, alias Ch\u00f3mpiras, de 38 a\u00f1os, y Magno Gabriel Viola alias Gabi,\u2026","rel":"","context":"En \u00abLocales\u00bb","block_context":{"text":"Locales","link":"https:\/\/solisinforma.com\/?cat=34"},"img":{"alt_text":"","src":"https:\/\/i0.wp.com\/solisinforma.com\/wp-content\/uploads\/2021\/05\/arrestados-presos-esposados-1.jpg?resize=350%2C200&ssl=1","width":350,"height":200,"srcset":"https:\/\/i0.wp.com\/solisinforma.com\/wp-content\/uploads\/2021\/05\/arrestados-presos-esposados-1.jpg?resize=350%2C200&ssl=1 1x, https:\/\/i0.wp.com\/solisinforma.com\/wp-content\/uploads\/2021\/05\/arrestados-presos-esposados-1.jpg?resize=525%2C300&ssl=1 1.5x, https:\/\/i0.wp.com\/solisinforma.com\/wp-content\/uploads\/2021\/05\/arrestados-presos-esposados-1.jpg?resize=700%2C400&ssl=1 2x, https:\/\/i0.wp.com\/solisinforma.com\/wp-content\/uploads\/2021\/05\/arrestados-presos-esposados-1.jpg?resize=1050%2C600&ssl=1 3x"},"classes":[]}],"jetpack_shortlink":"https:\/\/wp.me\/pc2Svn-7iI","_links":{"self":[{"href":"https:\/\/solisinforma.com\/index.php?rest_route=\/wp\/v2\/posts\/28068","targetHints":{"allow":["GET"]}}],"collection":[{"href":"https:\/\/solisinforma.com\/index.php?rest_route=\/wp\/v2\/posts"}],"about":[{"href":"https:\/\/solisinforma.com\/index.php?rest_route=\/wp\/v2\/types\/post"}],"author":[{"embeddable":true,"href":"https:\/\/solisinforma.com\/index.php?rest_route=\/wp\/v2\/users\/2"}],"replies":[{"embeddable":true,"href":"https:\/\/solisinforma.com\/index.php?rest_route=%2Fwp%2Fv2%2Fcomments&post=28068"}],"version-history":[{"count":0,"href":"https:\/\/solisinforma.com\/index.php?rest_route=\/wp\/v2\/posts\/28068\/revisions"}],"wp:featuredmedia":[{"embeddable":true,"href":"https:\/\/solisinforma.com\/index.php?rest_route=\/wp\/v2\/media\/28072"}],"wp:attachment":[{"href":"https:\/\/solisinforma.com\/index.php?rest_route=%2Fwp%2Fv2%2Fmedia&parent=28068"}],"wp:term":[{"taxonomy":"category","embeddable":true,"href":"https:\/\/solisinforma.com\/index.php?rest_route=%2Fwp%2Fv2%2Fcategories&post=28068"},{"taxonomy":"post_tag","embeddable":true,"href":"https:\/\/solisinforma.com\/index.php?rest_route=%2Fwp%2Fv2%2Ftags&post=28068"}],"curies":[{"name":"wp","href":"https:\/\/api.w.org\/{rel}","templated":true}]}}