{"id":28224,"date":"2024-11-18T13:30:29","date_gmt":"2024-11-18T17:30:29","guid":{"rendered":"https:\/\/solisinforma.com\/?p=28224"},"modified":"2024-11-18T13:30:29","modified_gmt":"2024-11-18T17:30:29","slug":"tribunal-declara-no-culpable-a-arsenio-quevedo-de-asesinatos-de-tres-choferes","status":"publish","type":"post","link":"https:\/\/solisinforma.com\/?p=28224","title":{"rendered":"Tribunal declara no culpable a Arsenio Quevedo de asesinatos de tres choferes"},"content":{"rendered":"<div class=\"subtitle text-xl mb-4\">\n<ul>\n<li class=\"flex mb-2\"><strong>Es el segundo juicio de fondo en el que se absuelve de culpabilidad al empresario del transporte<\/strong><\/li>\n<\/ul>\n<\/div>\n<div class=\"border-b-2 pb-3 byline text-lg\">\n<address class=\"author not-italic inline mr-2 block\" data-mrf-recirculation=\"Autor\"><img data-recalc-dims=\"1\" loading=\"lazy\" decoding=\"async\" class=\"alignnone size-medium wp-image-28225\" src=\"https:\/\/i0.wp.com\/solisinforma.com\/wp-content\/uploads\/2024\/11\/Liberan-Arsenio-Quevedo.jpg?resize=640%2C427&#038;ssl=1\" alt=\"\" width=\"640\" height=\"427\" srcset=\"https:\/\/i0.wp.com\/solisinforma.com\/wp-content\/uploads\/2024\/11\/Liberan-Arsenio-Quevedo.jpg?resize=1080%2C720&amp;ssl=1 1080w, https:\/\/i0.wp.com\/solisinforma.com\/wp-content\/uploads\/2024\/11\/Liberan-Arsenio-Quevedo.jpg?resize=768%2C512&amp;ssl=1 768w, https:\/\/i0.wp.com\/solisinforma.com\/wp-content\/uploads\/2024\/11\/Liberan-Arsenio-Quevedo.jpg?resize=1536%2C1024&amp;ssl=1 1536w, https:\/\/i0.wp.com\/solisinforma.com\/wp-content\/uploads\/2024\/11\/Liberan-Arsenio-Quevedo.jpg?resize=1024%2C682&amp;ssl=1 1024w, https:\/\/i0.wp.com\/solisinforma.com\/wp-content\/uploads\/2024\/11\/Liberan-Arsenio-Quevedo.jpg?w=2000&amp;ssl=1 2000w, https:\/\/i0.wp.com\/solisinforma.com\/wp-content\/uploads\/2024\/11\/Liberan-Arsenio-Quevedo.jpg?w=1280&amp;ssl=1 1280w, https:\/\/i0.wp.com\/solisinforma.com\/wp-content\/uploads\/2024\/11\/Liberan-Arsenio-Quevedo.jpg?w=1920&amp;ssl=1 1920w\" sizes=\"auto, (max-width: 640px) 100vw, 640px\" \/><\/p>\n<p>El Primer\u00a0<strong>Tribunal<\/strong>\u00a0Colegiado del\u00a0<strong>Distrito<\/strong>\u00a0Nacional absolvi\u00f3 al presidente de la Uni\u00f3n Nacional de Transportistas y Afines,\u00a0<strong>Arsenio Quevedo<\/strong>, de toda responsabilidad penal en relaci\u00f3n con las acusaciones como presunto autor intelectual de los\u00a0<strong>asesinatos<\/strong>\u00a0de tres transportistas, ocurridos en el contexto de una disputa por el control de una ruta en 2015.<\/p>\n<p>La sentencia del segundo juicio de fondo al empresario del transporte declara la absoluci\u00f3n de Quevedo en los casos de Mateo Nieve de Jes\u00fas, Overnis Guerrero y \u00c1ngel Javier, y tambi\u00e9n lo exime de cargos relacionados con la Ley de Armas.<\/p>\n<p>En el primer juicio de fondo que se le conoci\u00f3 y\u00a0cuya sentencia se emiti\u00f3 a principio del 2018\u00a0tambi\u00e9n fue descargado de responsabilidad penal. Esa sentencia fue emitida por el Segundo Tribunal Colegiado del Distrito Nacional<\/p>\n<h2>Se ordena cese de medida de coerci\u00f3n<\/h2>\n<p>En el fallo del Primer Tribunal Colegiado dado a conocer este lunes se orden\u00f3 el cese de la medida de coerci\u00f3n que pesaba sobre el transportista desde noviembre de 2015 y lo liber\u00f3 del pago de las costas del proceso, que ser\u00e1n asumidas por el\u00a0<strong>Estado<\/strong>.<\/p>\n<p>En el \u00e1mbito civil, la corte rechaz\u00f3 las acciones legales presentadas por familiares de las v\u00edctimas, representadas por sus abogados. El fallo concluy\u00f3 que no se hallaron pruebas suficientes para sostener las demandas en contra de Quevedo.<\/p>\n<p>El\u00a0<strong>Ministerio<\/strong>\u00a0P\u00fablico hab\u00eda solicitado una condena de 20 a\u00f1os de prisi\u00f3n para el imputado, argumentando que su presunta participaci\u00f3n en los cr\u00edmenes era un grave atentado contra la seguridad en el sector transporte. Sin embargo, la decisi\u00f3n del tribunal exime a Quevedo de toda culpabilidad.<\/p>\n<p>La lectura \u00edntegra del fallo est\u00e1 programada para el 16 de diciembre a las 9:00 de la ma\u00f1ana.<\/p>\n<h2>Los \u00fanicos hallados culpables<\/h2>\n<p>Por la muerte de los tres\u00a0<strong>choferes<\/strong>\u00a0solo se conden\u00f3 en ambos juicios, a 30 a\u00f1os de prisi\u00f3n, por\u00a0homicidios\u00a0agravados\u00a0o\u00a0<strong>asesinatos<\/strong>\u00a0a los acusados Danilo Octavio Reynoso y a Amaury Cabrera Mart\u00ednez.<\/p>\n<p>En los cr\u00edmenes tambi\u00e9n se imputaba al\u00a0exregidor\u00a0de Pedro Brand,\u00a0Erickson de los Santos, alias Ney, y al exoficial de la Polic\u00eda Cristino Batista Roa, quienes tambi\u00e9n fueron igualmente descargados.<\/p>\n<\/address>\n<\/div>\n","protected":false},"excerpt":{"rendered":"<p>Es el segundo juicio de fondo en el que se absuelve de culpabilidad al empresario&#8230;<\/p>\n","protected":false},"author":2,"featured_media":28225,"comment_status":"open","ping_status":"open","sticky":false,"template":"","format":"standard","meta":{"_jetpack_newsletter_access":"","_jetpack_dont_email_post_to_subs":false,"_jetpack_newsletter_tier_id":0,"_jetpack_memberships_contains_paywalled_content":false,"_jetpack_memberships_contains_paid_content":false,"_joinchat":[],"footnotes":"","jetpack_publicize_message":"","jetpack_publicize_feature_enabled":true,"jetpack_social_post_already_shared":true,"jetpack_social_options":{"image_generator_settings":{"template":"highway","default_image_id":0,"font":"","enabled":false},"version":2},"jetpack_post_was_ever_published":false},"categories":[8,39],"tags":[13076,3882,12546,17041,46,2011],"class_list":["post-28224","post","type-post","status-publish","format-standard","has-post-thumbnail","hentry","category-nacionales","category-primeraplana","tag-arsenio-quevedo","tag-asesinatos","tag-choferes","tag-no-culpable","tag-solis-informa","tag-tribunal"],"yoast_head":"<!-- This site is optimized with the Yoast SEO plugin v24.9 - https:\/\/yoast.com\/wordpress\/plugins\/seo\/ -->\n<title>Tribunal declara no culpable a Arsenio Quevedo de asesinatos de tres choferes - Solis Informa<\/title>\n<meta name=\"robots\" content=\"index, follow, max-snippet:-1, max-image-preview:large, max-video-preview:-1\" \/>\n<link rel=\"canonical\" href=\"https:\/\/solisinforma.com\/?p=28224\" \/>\n<meta property=\"og:locale\" content=\"es_ES\" \/>\n<meta property=\"og:type\" content=\"article\" \/>\n<meta property=\"og:title\" content=\"Tribunal declara no culpable a Arsenio Quevedo de asesinatos de tres choferes - Solis Informa\" \/>\n<meta property=\"og:description\" content=\"Es el segundo juicio de fondo en el que se absuelve de culpabilidad al empresario...\" \/>\n<meta property=\"og:url\" content=\"https:\/\/solisinforma.com\/?p=28224\" \/>\n<meta property=\"og:site_name\" content=\"Solis Informa\" \/>\n<meta property=\"article:publisher\" content=\"https:\/\/www.facebook.com\/Solisinforma1\/\" \/>\n<meta property=\"article:author\" content=\"https:\/\/www.facebook.com\/Solisinforma\/\" \/>\n<meta property=\"article:published_time\" content=\"2024-11-18T17:30:29+00:00\" \/>\n<meta property=\"og:image\" content=\"https:\/\/i0.wp.com\/solisinforma.com\/wp-content\/uploads\/2024\/11\/Liberan-Arsenio-Quevedo.jpg?fit=2000%2C1333&ssl=1\" \/>\n\t<meta property=\"og:image:width\" content=\"2000\" \/>\n\t<meta property=\"og:image:height\" content=\"1333\" \/>\n\t<meta property=\"og:image:type\" content=\"image\/jpeg\" \/>\n<meta name=\"author\" content=\"Hector Solis\" \/>\n<meta name=\"twitter:card\" content=\"summary_large_image\" \/>\n<meta name=\"twitter:creator\" content=\"@solisinforma1\" \/>\n<meta name=\"twitter:label1\" content=\"Escrito por\" \/>\n\t<meta name=\"twitter:data1\" content=\"Hector Solis\" \/>\n\t<meta name=\"twitter:label2\" content=\"Tiempo de lectura\" \/>\n\t<meta name=\"twitter:data2\" content=\"2 minutos\" \/>\n<script type=\"application\/ld+json\" class=\"yoast-schema-graph\">{\"@context\":\"https:\/\/schema.org\",\"@graph\":[{\"@type\":\"Article\",\"@id\":\"https:\/\/solisinforma.com\/?p=28224#article\",\"isPartOf\":{\"@id\":\"https:\/\/solisinforma.com\/?p=28224\"},\"author\":{\"name\":\"Hector Solis\",\"@id\":\"https:\/\/solisinforma.com\/#\/schema\/person\/db4967d1c8ed640d46bf21dc55215612\"},\"headline\":\"Tribunal declara no culpable a Arsenio Quevedo de asesinatos de tres choferes\",\"datePublished\":\"2024-11-18T17:30:29+00:00\",\"mainEntityOfPage\":{\"@id\":\"https:\/\/solisinforma.com\/?p=28224\"},\"wordCount\":402,\"commentCount\":0,\"publisher\":{\"@id\":\"https:\/\/solisinforma.com\/#organization\"},\"image\":{\"@id\":\"https:\/\/solisinforma.com\/?p=28224#primaryimage\"},\"thumbnailUrl\":\"https:\/\/i0.wp.com\/solisinforma.com\/wp-content\/uploads\/2024\/11\/Liberan-Arsenio-Quevedo.jpg?fit=2000%2C1333&ssl=1\",\"keywords\":[\"Arsenio Quevedo\",\"Asesinatos\",\"Choferes\",\"no culpable\",\"Solis informa\",\"Tribunal\"],\"articleSection\":[\"Nacionales\",\"Primera Plana\"],\"inLanguage\":\"es\",\"potentialAction\":[{\"@type\":\"CommentAction\",\"name\":\"Comment\",\"target\":[\"https:\/\/solisinforma.com\/?p=28224#respond\"]}]},{\"@type\":\"WebPage\",\"@id\":\"https:\/\/solisinforma.com\/?p=28224\",\"url\":\"https:\/\/solisinforma.com\/?p=28224\",\"name\":\"Tribunal declara no culpable a Arsenio Quevedo de asesinatos de tres choferes - Solis Informa\",\"isPartOf\":{\"@id\":\"https:\/\/solisinforma.com\/#website\"},\"primaryImageOfPage\":{\"@id\":\"https:\/\/solisinforma.com\/?p=28224#primaryimage\"},\"image\":{\"@id\":\"https:\/\/solisinforma.com\/?p=28224#primaryimage\"},\"thumbnailUrl\":\"https:\/\/i0.wp.com\/solisinforma.com\/wp-content\/uploads\/2024\/11\/Liberan-Arsenio-Quevedo.jpg?fit=2000%2C1333&ssl=1\",\"datePublished\":\"2024-11-18T17:30:29+00:00\",\"breadcrumb\":{\"@id\":\"https:\/\/solisinforma.com\/?p=28224#breadcrumb\"},\"inLanguage\":\"es\",\"potentialAction\":[{\"@type\":\"ReadAction\",\"target\":[\"https:\/\/solisinforma.com\/?p=28224\"]}]},{\"@type\":\"ImageObject\",\"inLanguage\":\"es\",\"@id\":\"https:\/\/solisinforma.com\/?p=28224#primaryimage\",\"url\":\"https:\/\/i0.wp.com\/solisinforma.com\/wp-content\/uploads\/2024\/11\/Liberan-Arsenio-Quevedo.jpg?fit=2000%2C1333&ssl=1\",\"contentUrl\":\"https:\/\/i0.wp.com\/solisinforma.com\/wp-content\/uploads\/2024\/11\/Liberan-Arsenio-Quevedo.jpg?fit=2000%2C1333&ssl=1\",\"width\":2000,\"height\":1333},{\"@type\":\"BreadcrumbList\",\"@id\":\"https:\/\/solisinforma.com\/?p=28224#breadcrumb\",\"itemListElement\":[{\"@type\":\"ListItem\",\"position\":1,\"name\":\"Portada\",\"item\":\"https:\/\/solisinforma.com\/\"},{\"@type\":\"ListItem\",\"position\":2,\"name\":\"Tribunal declara no culpable a Arsenio Quevedo de asesinatos de tres choferes\"}]},{\"@type\":\"WebSite\",\"@id\":\"https:\/\/solisinforma.com\/#website\",\"url\":\"https:\/\/solisinforma.com\/\",\"name\":\"Solis Informa\",\"description\":\"El Diario de San Juan\",\"publisher\":{\"@id\":\"https:\/\/solisinforma.com\/#organization\"},\"potentialAction\":[{\"@type\":\"SearchAction\",\"target\":{\"@type\":\"EntryPoint\",\"urlTemplate\":\"https:\/\/solisinforma.com\/?s={search_term_string}\"},\"query-input\":{\"@type\":\"PropertyValueSpecification\",\"valueRequired\":true,\"valueName\":\"search_term_string\"}}],\"inLanguage\":\"es\"},{\"@type\":\"Organization\",\"@id\":\"https:\/\/solisinforma.com\/#organization\",\"name\":\"Solis Informa\",\"url\":\"https:\/\/solisinforma.com\/\",\"logo\":{\"@type\":\"ImageObject\",\"inLanguage\":\"es\",\"@id\":\"https:\/\/solisinforma.com\/#\/schema\/logo\/image\/\",\"url\":\"https:\/\/i0.wp.com\/solisinforma.com\/wp-content\/uploads\/2020\/07\/cropped-solis-4.png?fit=512%2C512&ssl=1\",\"contentUrl\":\"https:\/\/i0.wp.com\/solisinforma.com\/wp-content\/uploads\/2020\/07\/cropped-solis-4.png?fit=512%2C512&ssl=1\",\"width\":512,\"height\":512,\"caption\":\"Solis Informa\"},\"image\":{\"@id\":\"https:\/\/solisinforma.com\/#\/schema\/logo\/image\/\"},\"sameAs\":[\"https:\/\/www.facebook.com\/Solisinforma1\/\"]},{\"@type\":\"Person\",\"@id\":\"https:\/\/solisinforma.com\/#\/schema\/person\/db4967d1c8ed640d46bf21dc55215612\",\"name\":\"Hector Solis\",\"image\":{\"@type\":\"ImageObject\",\"inLanguage\":\"es\",\"@id\":\"https:\/\/solisinforma.com\/#\/schema\/person\/image\/\",\"url\":\"https:\/\/secure.gravatar.com\/avatar\/3e116868529a43555438940611160b9cf01e4fb17f119453a6329d96e10fecf8?s=96&d=mm&r=g\",\"contentUrl\":\"https:\/\/secure.gravatar.com\/avatar\/3e116868529a43555438940611160b9cf01e4fb17f119453a6329d96e10fecf8?s=96&d=mm&r=g\",\"caption\":\"Hector Solis\"},\"sameAs\":[\"http:\/\/Solisinforma.com\",\"https:\/\/www.facebook.com\/Solisinforma\/\",\"https:\/\/www.instagram.com\/solisinforma\/\",\"www.linkedin.com\/in\/hectorsolisinforma\",\"https:\/\/x.com\/solisinforma1\",\"@Solisinformaenvivo\",\"https:\/\/soundcloud.com\/solisinforma\"],\"url\":\"https:\/\/solisinforma.com\/?author=2\"}]}<\/script>\n<!-- \/ Yoast SEO plugin. -->","yoast_head_json":{"title":"Tribunal declara no culpable a Arsenio Quevedo de asesinatos de tres choferes - Solis Informa","robots":{"index":"index","follow":"follow","max-snippet":"max-snippet:-1","max-image-preview":"max-image-preview:large","max-video-preview":"max-video-preview:-1"},"canonical":"https:\/\/solisinforma.com\/?p=28224","og_locale":"es_ES","og_type":"article","og_title":"Tribunal declara no culpable a Arsenio Quevedo de asesinatos de tres choferes - Solis Informa","og_description":"Es el segundo juicio de fondo en el que se absuelve de culpabilidad al empresario...","og_url":"https:\/\/solisinforma.com\/?p=28224","og_site_name":"Solis Informa","article_publisher":"https:\/\/www.facebook.com\/Solisinforma1\/","article_author":"https:\/\/www.facebook.com\/Solisinforma\/","article_published_time":"2024-11-18T17:30:29+00:00","og_image":[{"width":2000,"height":1333,"url":"https:\/\/i0.wp.com\/solisinforma.com\/wp-content\/uploads\/2024\/11\/Liberan-Arsenio-Quevedo.jpg?fit=2000%2C1333&ssl=1","type":"image\/jpeg"}],"author":"Hector Solis","twitter_card":"summary_large_image","twitter_creator":"@solisinforma1","twitter_misc":{"Escrito por":"Hector Solis","Tiempo de lectura":"2 minutos"},"schema":{"@context":"https:\/\/schema.org","@graph":[{"@type":"Article","@id":"https:\/\/solisinforma.com\/?p=28224#article","isPartOf":{"@id":"https:\/\/solisinforma.com\/?p=28224"},"author":{"name":"Hector Solis","@id":"https:\/\/solisinforma.com\/#\/schema\/person\/db4967d1c8ed640d46bf21dc55215612"},"headline":"Tribunal declara no culpable a Arsenio Quevedo de asesinatos de tres choferes","datePublished":"2024-11-18T17:30:29+00:00","mainEntityOfPage":{"@id":"https:\/\/solisinforma.com\/?p=28224"},"wordCount":402,"commentCount":0,"publisher":{"@id":"https:\/\/solisinforma.com\/#organization"},"image":{"@id":"https:\/\/solisinforma.com\/?p=28224#primaryimage"},"thumbnailUrl":"https:\/\/i0.wp.com\/solisinforma.com\/wp-content\/uploads\/2024\/11\/Liberan-Arsenio-Quevedo.jpg?fit=2000%2C1333&ssl=1","keywords":["Arsenio Quevedo","Asesinatos","Choferes","no culpable","Solis informa","Tribunal"],"articleSection":["Nacionales","Primera Plana"],"inLanguage":"es","potentialAction":[{"@type":"CommentAction","name":"Comment","target":["https:\/\/solisinforma.com\/?p=28224#respond"]}]},{"@type":"WebPage","@id":"https:\/\/solisinforma.com\/?p=28224","url":"https:\/\/solisinforma.com\/?p=28224","name":"Tribunal declara no culpable a Arsenio Quevedo de asesinatos de tres choferes - Solis Informa","isPartOf":{"@id":"https:\/\/solisinforma.com\/#website"},"primaryImageOfPage":{"@id":"https:\/\/solisinforma.com\/?p=28224#primaryimage"},"image":{"@id":"https:\/\/solisinforma.com\/?p=28224#primaryimage"},"thumbnailUrl":"https:\/\/i0.wp.com\/solisinforma.com\/wp-content\/uploads\/2024\/11\/Liberan-Arsenio-Quevedo.jpg?fit=2000%2C1333&ssl=1","datePublished":"2024-11-18T17:30:29+00:00","breadcrumb":{"@id":"https:\/\/solisinforma.com\/?p=28224#breadcrumb"},"inLanguage":"es","potentialAction":[{"@type":"ReadAction","target":["https:\/\/solisinforma.com\/?p=28224"]}]},{"@type":"ImageObject","inLanguage":"es","@id":"https:\/\/solisinforma.com\/?p=28224#primaryimage","url":"https:\/\/i0.wp.com\/solisinforma.com\/wp-content\/uploads\/2024\/11\/Liberan-Arsenio-Quevedo.jpg?fit=2000%2C1333&ssl=1","contentUrl":"https:\/\/i0.wp.com\/solisinforma.com\/wp-content\/uploads\/2024\/11\/Liberan-Arsenio-Quevedo.jpg?fit=2000%2C1333&ssl=1","width":2000,"height":1333},{"@type":"BreadcrumbList","@id":"https:\/\/solisinforma.com\/?p=28224#breadcrumb","itemListElement":[{"@type":"ListItem","position":1,"name":"Portada","item":"https:\/\/solisinforma.com\/"},{"@type":"ListItem","position":2,"name":"Tribunal declara no culpable a Arsenio Quevedo de asesinatos de tres choferes"}]},{"@type":"WebSite","@id":"https:\/\/solisinforma.com\/#website","url":"https:\/\/solisinforma.com\/","name":"Solis Informa","description":"El Diario de San Juan","publisher":{"@id":"https:\/\/solisinforma.com\/#organization"},"potentialAction":[{"@type":"SearchAction","target":{"@type":"EntryPoint","urlTemplate":"https:\/\/solisinforma.com\/?s={search_term_string}"},"query-input":{"@type":"PropertyValueSpecification","valueRequired":true,"valueName":"search_term_string"}}],"inLanguage":"es"},{"@type":"Organization","@id":"https:\/\/solisinforma.com\/#organization","name":"Solis Informa","url":"https:\/\/solisinforma.com\/","logo":{"@type":"ImageObject","inLanguage":"es","@id":"https:\/\/solisinforma.com\/#\/schema\/logo\/image\/","url":"https:\/\/i0.wp.com\/solisinforma.com\/wp-content\/uploads\/2020\/07\/cropped-solis-4.png?fit=512%2C512&ssl=1","contentUrl":"https:\/\/i0.wp.com\/solisinforma.com\/wp-content\/uploads\/2020\/07\/cropped-solis-4.png?fit=512%2C512&ssl=1","width":512,"height":512,"caption":"Solis Informa"},"image":{"@id":"https:\/\/solisinforma.com\/#\/schema\/logo\/image\/"},"sameAs":["https:\/\/www.facebook.com\/Solisinforma1\/"]},{"@type":"Person","@id":"https:\/\/solisinforma.com\/#\/schema\/person\/db4967d1c8ed640d46bf21dc55215612","name":"Hector Solis","image":{"@type":"ImageObject","inLanguage":"es","@id":"https:\/\/solisinforma.com\/#\/schema\/person\/image\/","url":"https:\/\/secure.gravatar.com\/avatar\/3e116868529a43555438940611160b9cf01e4fb17f119453a6329d96e10fecf8?s=96&d=mm&r=g","contentUrl":"https:\/\/secure.gravatar.com\/avatar\/3e116868529a43555438940611160b9cf01e4fb17f119453a6329d96e10fecf8?s=96&d=mm&r=g","caption":"Hector Solis"},"sameAs":["http:\/\/Solisinforma.com","https:\/\/www.facebook.com\/Solisinforma\/","https:\/\/www.instagram.com\/solisinforma\/","www.linkedin.com\/in\/hectorsolisinforma","https:\/\/x.com\/solisinforma1","@Solisinformaenvivo","https:\/\/soundcloud.com\/solisinforma"],"url":"https:\/\/solisinforma.com\/?author=2"}]}},"jetpack_publicize_connections":[],"jetpack_featured_media_url":"https:\/\/i0.wp.com\/solisinforma.com\/wp-content\/uploads\/2024\/11\/Liberan-Arsenio-Quevedo.jpg?fit=2000%2C1333&ssl=1","jetpack_sharing_enabled":true,"jetpack_likes_enabled":true,"jetpack-related-posts":[{"id":25996,"url":"https:\/\/solisinforma.com\/?p=25996","url_meta":{"origin":28224,"position":0},"title":"Tras fallar parte del caso de asesinatos de choferes, jueces se inhiben en proceso contra Quevedo","author":"Hector Solis","date":"22 de julio de 2024","format":false,"excerpt":"La nueva fecha del juicio contra el presidente de Unatrafin la dar\u00e1n a conocer magistrados que designe Presidencia de la C\u00e1mara Penal \u00a0 Los jueces del\u00a0Tercer Tribunal\u00a0Colegiado del\u00a0Distrito Nacional\u00a0que emitieron la sentencia que descarg\u00f3 a dos de los acusados del asesinato de tres choferes y conden\u00f3 a otros dos se\u2026","rel":"","context":"En \u00abNacionales\u00bb","block_context":{"text":"Nacionales","link":"https:\/\/solisinforma.com\/?cat=8"},"img":{"alt_text":"","src":"https:\/\/i0.wp.com\/solisinforma.com\/wp-content\/uploads\/2024\/07\/Juicio-Arsenio-Quevedo.jpg?fit=1200%2C800&ssl=1&resize=350%2C200","width":350,"height":200,"srcset":"https:\/\/i0.wp.com\/solisinforma.com\/wp-content\/uploads\/2024\/07\/Juicio-Arsenio-Quevedo.jpg?fit=1200%2C800&ssl=1&resize=350%2C200 1x, https:\/\/i0.wp.com\/solisinforma.com\/wp-content\/uploads\/2024\/07\/Juicio-Arsenio-Quevedo.jpg?fit=1200%2C800&ssl=1&resize=525%2C300 1.5x, https:\/\/i0.wp.com\/solisinforma.com\/wp-content\/uploads\/2024\/07\/Juicio-Arsenio-Quevedo.jpg?fit=1200%2C800&ssl=1&resize=700%2C400 2x, https:\/\/i0.wp.com\/solisinforma.com\/wp-content\/uploads\/2024\/07\/Juicio-Arsenio-Quevedo.jpg?fit=1200%2C800&ssl=1&resize=1050%2C600 3x"},"classes":[]},{"id":19419,"url":"https:\/\/solisinforma.com\/?p=19419","url_meta":{"origin":28224,"position":1},"title":"Tribunal ordena arresto del sindicalista Arsenio Quevedo y el exregidor Erickson de los Santos Sol\u00eds por entorpecer juicio","author":"Hector Solis","date":"8 de junio de 2023","format":false,"excerpt":"Los jueces del Cuarto Tribunal Colegiado del Distrito Nacional ordenaron, mediante sentencia, la retenci\u00f3n en prisi\u00f3n del empresario choferil Arsenio Quevedo y el exregidor Erickson de los Santos Sol\u00eds, quienes se encuentran en libertad, acusados de ser parte de una red de sicariato que presuntamente se dedicaba a matar choferes\u2026","rel":"","context":"En \u00abNacionales\u00bb","block_context":{"text":"Nacionales","link":"https:\/\/solisinforma.com\/?cat=8"},"img":{"alt_text":"","src":"https:\/\/i0.wp.com\/solisinforma.com\/wp-content\/uploads\/2023\/06\/Arsenio-quevedo-y-Erickson-Solis.jpg?fit=1200%2C675&ssl=1&resize=350%2C200","width":350,"height":200,"srcset":"https:\/\/i0.wp.com\/solisinforma.com\/wp-content\/uploads\/2023\/06\/Arsenio-quevedo-y-Erickson-Solis.jpg?fit=1200%2C675&ssl=1&resize=350%2C200 1x, https:\/\/i0.wp.com\/solisinforma.com\/wp-content\/uploads\/2023\/06\/Arsenio-quevedo-y-Erickson-Solis.jpg?fit=1200%2C675&ssl=1&resize=525%2C300 1.5x, https:\/\/i0.wp.com\/solisinforma.com\/wp-content\/uploads\/2023\/06\/Arsenio-quevedo-y-Erickson-Solis.jpg?fit=1200%2C675&ssl=1&resize=700%2C400 2x, https:\/\/i0.wp.com\/solisinforma.com\/wp-content\/uploads\/2023\/06\/Arsenio-quevedo-y-Erickson-Solis.jpg?fit=1200%2C675&ssl=1&resize=1050%2C600 3x"},"classes":[]},{"id":55718,"url":"https:\/\/solisinforma.com\/?p=55718","url_meta":{"origin":28224,"position":2},"title":"Con nuevos minibuses gigantes y la inauguraci\u00f3n de una escuela de conducci\u00f3n vial, El Valle Tours transforma transporte en San Juan.","author":"Hector Solis","date":"5 de abril de 2026","format":false,"excerpt":"El Valle Tours y UNATRAFIN transformar\u00e1n la manera de transportarse hacia y desde Santo Domingo, asi lo dieron a conocer en la inauguracion formal de su escuela de conduccion vial y varias unidades de autobuses con capacidad de mas de 60 pasajeros, los vehiuculos tendran servicios las auxiliares a bordo,\u2026","rel":"","context":"En \u00abLocales\u00bb","block_context":{"text":"Locales","link":"https:\/\/solisinforma.com\/?cat=34"},"img":{"alt_text":"","src":"https:\/\/i0.wp.com\/solisinforma.com\/wp-content\/uploads\/2026\/04\/el-valle-tour-Arsenio-Q-scaled.jpg?fit=1200%2C670&ssl=1&resize=350%2C200","width":350,"height":200,"srcset":"https:\/\/i0.wp.com\/solisinforma.com\/wp-content\/uploads\/2026\/04\/el-valle-tour-Arsenio-Q-scaled.jpg?fit=1200%2C670&ssl=1&resize=350%2C200 1x, https:\/\/i0.wp.com\/solisinforma.com\/wp-content\/uploads\/2026\/04\/el-valle-tour-Arsenio-Q-scaled.jpg?fit=1200%2C670&ssl=1&resize=525%2C300 1.5x, https:\/\/i0.wp.com\/solisinforma.com\/wp-content\/uploads\/2026\/04\/el-valle-tour-Arsenio-Q-scaled.jpg?fit=1200%2C670&ssl=1&resize=700%2C400 2x, https:\/\/i0.wp.com\/solisinforma.com\/wp-content\/uploads\/2026\/04\/el-valle-tour-Arsenio-Q-scaled.jpg?fit=1200%2C670&ssl=1&resize=1050%2C600 3x"},"classes":[]},{"id":24518,"url":"https:\/\/solisinforma.com\/?p=24518","url_meta":{"origin":28224,"position":3},"title":"En San Juan. Fallece destacado y pol\u00e9mico dirigente ch\u00f3feril Caco E \u2018Pita.","author":"Hector Solis","date":"13 de mayo de 2024","format":false,"excerpt":"San Juan de la Maguana (SJM). Muri\u00f3 la tarde de este lunes, el dirigente ch\u00f3feril Freddy Solis Alias Caco e \u2018Pita, a la edad de 55 a\u00f1os, estuvo sufriendo de algunos quebrantos de salud, y conforme llega a esta redacci\u00f3n se dice que su deceso fue a causa de asuntos\u2026","rel":"","context":"En \u00abLocales\u00bb","block_context":{"text":"Locales","link":"https:\/\/solisinforma.com\/?cat=34"},"img":{"alt_text":"","src":"https:\/\/i0.wp.com\/solisinforma.com\/wp-content\/uploads\/2024\/05\/Freddy-Solis-Caco-de-Pita.jpeg?fit=1200%2C675&ssl=1&resize=350%2C200","width":350,"height":200,"srcset":"https:\/\/i0.wp.com\/solisinforma.com\/wp-content\/uploads\/2024\/05\/Freddy-Solis-Caco-de-Pita.jpeg?fit=1200%2C675&ssl=1&resize=350%2C200 1x, https:\/\/i0.wp.com\/solisinforma.com\/wp-content\/uploads\/2024\/05\/Freddy-Solis-Caco-de-Pita.jpeg?fit=1200%2C675&ssl=1&resize=525%2C300 1.5x, https:\/\/i0.wp.com\/solisinforma.com\/wp-content\/uploads\/2024\/05\/Freddy-Solis-Caco-de-Pita.jpeg?fit=1200%2C675&ssl=1&resize=700%2C400 2x, https:\/\/i0.wp.com\/solisinforma.com\/wp-content\/uploads\/2024\/05\/Freddy-Solis-Caco-de-Pita.jpeg?fit=1200%2C675&ssl=1&resize=1050%2C600 3x"},"classes":[]},{"id":52477,"url":"https:\/\/solisinforma.com\/?p=52477","url_meta":{"origin":28224,"position":4},"title":"Condena de 12 a\u00f1os de prisi\u00f3n para hombre que viol\u00f3 a una adolescente en Las Matas de Farf\u00e1n","author":"Hector Solis","date":"8 de octubre de 2025","format":false,"excerpt":"Las Matas de Farfan, San Juan. RD. - Ante las pruebas aportadas por el Ministerio P\u00fablico de Las Matas de Farf\u00e1n, un tribunal de esa jurisdicci\u00f3n conden\u00f3 a 12 a\u00f1os de prisi\u00f3n a un hombre que viol\u00f3 sexualmente a una adolescente, en la secci\u00f3n El Naranjo de este municipio. La\u2026","rel":"","context":"En \u00abLocales\u00bb","block_context":{"text":"Locales","link":"https:\/\/solisinforma.com\/?cat=34"},"img":{"alt_text":"","src":"https:\/\/i0.wp.com\/solisinforma.com\/wp-content\/uploads\/2023\/05\/Condena-Preso-Violacion-Sexual.jpg?fit=1200%2C675&ssl=1&resize=350%2C200","width":350,"height":200,"srcset":"https:\/\/i0.wp.com\/solisinforma.com\/wp-content\/uploads\/2023\/05\/Condena-Preso-Violacion-Sexual.jpg?fit=1200%2C675&ssl=1&resize=350%2C200 1x, https:\/\/i0.wp.com\/solisinforma.com\/wp-content\/uploads\/2023\/05\/Condena-Preso-Violacion-Sexual.jpg?fit=1200%2C675&ssl=1&resize=525%2C300 1.5x, https:\/\/i0.wp.com\/solisinforma.com\/wp-content\/uploads\/2023\/05\/Condena-Preso-Violacion-Sexual.jpg?fit=1200%2C675&ssl=1&resize=700%2C400 2x, https:\/\/i0.wp.com\/solisinforma.com\/wp-content\/uploads\/2023\/05\/Condena-Preso-Violacion-Sexual.jpg?fit=1200%2C675&ssl=1&resize=1050%2C600 3x"},"classes":[]},{"id":17877,"url":"https:\/\/solisinforma.com\/?p=17877","url_meta":{"origin":28224,"position":5},"title":"En Operaci\u00f3n 13, Valentina e implicados deber\u00e1n aprender un oficio y hacer 60 horas de trabajo en la Fiscal\u00eda del DN","author":"Hector Solis","date":"7 de marzo de 2023","format":false,"excerpt":"Santo Domingo, RD. La presentadora del sorteo fraudulento del primero de mayo 2021,\u00a0Valentina Rosario Cruz\u00a0y otros seis condenados de la Operaci\u00f3n 13, deber\u00e1n \u201caprender una profesi\u00f3n u oficio que les permita vivir dignamente en la sociedad,\u00a0en coordinaci\u00f3n con el Juez de Ejecuci\u00f3n de la Pena\u201d. As\u00ed lo establece la sentencia\u2026","rel":"","context":"En \u00abNacionales\u00bb","block_context":{"text":"Nacionales","link":"https:\/\/solisinforma.com\/?cat=8"},"img":{"alt_text":"","src":"https:\/\/i0.wp.com\/solisinforma.com\/wp-content\/uploads\/2021\/05\/no-vidente-admite-no-paso-el-bolo-que-estafa-de-la-loteria-fue-ensayada-y-que-le-ofrecieron-800-mil.jpeg?resize=350%2C200&ssl=1","width":350,"height":200,"srcset":"https:\/\/i0.wp.com\/solisinforma.com\/wp-content\/uploads\/2021\/05\/no-vidente-admite-no-paso-el-bolo-que-estafa-de-la-loteria-fue-ensayada-y-que-le-ofrecieron-800-mil.jpeg?resize=350%2C200&ssl=1 1x, https:\/\/i0.wp.com\/solisinforma.com\/wp-content\/uploads\/2021\/05\/no-vidente-admite-no-paso-el-bolo-que-estafa-de-la-loteria-fue-ensayada-y-que-le-ofrecieron-800-mil.jpeg?resize=525%2C300&ssl=1 1.5x, https:\/\/i0.wp.com\/solisinforma.com\/wp-content\/uploads\/2021\/05\/no-vidente-admite-no-paso-el-bolo-que-estafa-de-la-loteria-fue-ensayada-y-que-le-ofrecieron-800-mil.jpeg?resize=700%2C400&ssl=1 2x, https:\/\/i0.wp.com\/solisinforma.com\/wp-content\/uploads\/2021\/05\/no-vidente-admite-no-paso-el-bolo-que-estafa-de-la-loteria-fue-ensayada-y-que-le-ofrecieron-800-mil.jpeg?resize=1050%2C600&ssl=1 3x"},"classes":[]}],"jetpack_shortlink":"https:\/\/wp.me\/pc2Svn-7le","_links":{"self":[{"href":"https:\/\/solisinforma.com\/index.php?rest_route=\/wp\/v2\/posts\/28224","targetHints":{"allow":["GET"]}}],"collection":[{"href":"https:\/\/solisinforma.com\/index.php?rest_route=\/wp\/v2\/posts"}],"about":[{"href":"https:\/\/solisinforma.com\/index.php?rest_route=\/wp\/v2\/types\/post"}],"author":[{"embeddable":true,"href":"https:\/\/solisinforma.com\/index.php?rest_route=\/wp\/v2\/users\/2"}],"replies":[{"embeddable":true,"href":"https:\/\/solisinforma.com\/index.php?rest_route=%2Fwp%2Fv2%2Fcomments&post=28224"}],"version-history":[{"count":0,"href":"https:\/\/solisinforma.com\/index.php?rest_route=\/wp\/v2\/posts\/28224\/revisions"}],"wp:featuredmedia":[{"embeddable":true,"href":"https:\/\/solisinforma.com\/index.php?rest_route=\/wp\/v2\/media\/28225"}],"wp:attachment":[{"href":"https:\/\/solisinforma.com\/index.php?rest_route=%2Fwp%2Fv2%2Fmedia&parent=28224"}],"wp:term":[{"taxonomy":"category","embeddable":true,"href":"https:\/\/solisinforma.com\/index.php?rest_route=%2Fwp%2Fv2%2Fcategories&post=28224"},{"taxonomy":"post_tag","embeddable":true,"href":"https:\/\/solisinforma.com\/index.php?rest_route=%2Fwp%2Fv2%2Ftags&post=28224"}],"curies":[{"name":"wp","href":"https:\/\/api.w.org\/{rel}","templated":true}]}}