{"id":58180,"date":"2026-08-31T06:23:14","date_gmt":"2026-08-31T10:23:14","guid":{"rendered":"https:\/\/solisinforma.com\/?p=58180"},"modified":"2026-08-31T06:23:14","modified_gmt":"2026-08-31T10:23:14","slug":"educacion-para-estudiantes-con-discapacidad-puede-costar-hasta-35-veces-mas-que-la-regular","status":"publish","type":"post","link":"https:\/\/solisinforma.com\/?p=58180","title":{"rendered":"Educaci\u00f3n para estudiantes con discapacidad puede costar hasta 35 veces m\u00e1s que la regular"},"content":{"rendered":"<div class=\"subtitle text-xl mb-4\">\n<ul>\n<li class=\"flex mb-2\"><strong><strong>M\u00e1s del 83 % de los estudiantes con necesidades espec\u00edficas depende de la educaci\u00f3n p\u00fablica.\n<p><img data-recalc-dims=\"1\" loading=\"lazy\" decoding=\"async\" class=\"alignnone size-full wp-image-58183\" src=\"https:\/\/i0.wp.com\/solisinforma.com\/wp-content\/uploads\/2026\/08\/Educacion-especial-1.jpg?resize=640%2C341&#038;ssl=1\" alt=\"\" width=\"640\" height=\"341\" srcset=\"https:\/\/i0.wp.com\/solisinforma.com\/wp-content\/uploads\/2026\/08\/Educacion-especial-1.jpg?w=1228&amp;ssl=1 1228w, https:\/\/i0.wp.com\/solisinforma.com\/wp-content\/uploads\/2026\/08\/Educacion-especial-1.jpg?resize=768%2C410&amp;ssl=1 768w, https:\/\/i0.wp.com\/solisinforma.com\/wp-content\/uploads\/2026\/08\/Educacion-especial-1.jpg?resize=1024%2C546&amp;ssl=1 1024w\" sizes=\"auto, (max-width: 640px) 100vw, 640px\" \/><br \/>\n<\/strong><\/strong>La\u00a0<strong>educaci\u00f3n especial<\/strong>\u00a0ha recibido, en promedio,\u00a0<strong>menos del 0.35 %<\/strong>\u00a0del presupuesto total del\u00a0<strong>Ministerio de Educaci\u00f3n<\/strong>\u00a0entre\u00a0<strong>2014<\/strong>\u00a0y 2025, pese a que atender a estudiantes con determinadas discapacidades puede costar hasta 35 veces m\u00e1s que educar a un alumno regular.<\/p>\n<p>El contraste aparece en un\u00a0<strong>diagn\u00f3stico<\/strong>\u00a0publicado este a\u00f1o por el\u00a0<strong>Ministerio de Educaci\u00f3n<\/strong>\u00a0(<strong>Minerd<\/strong>), que analiza tanto la evoluci\u00f3n del\u00a0<strong>gasto<\/strong>\u00a0como el costo de los apoyos requeridos por estudiantes con\u00a0<strong>necesidades espec\u00edficas<\/strong>\u00a0de apoyo educativo (<strong>NEAE<\/strong>).<\/p>\n<p>Aunque la\u00a0<strong>inversi\u00f3n<\/strong>\u00a0aument\u00f3 durante los\u00a0<strong>\u00faltimos cuatro a\u00f1os<\/strong>\u00a0del per\u00edodo analizado, el documento muestra una trayectoria marcada por fuertes variaciones y una participaci\u00f3n reducida dentro del\u00a0<strong>presupuesto general<\/strong>\u00a0del ministerio.<\/p>\n<p>En\u00a0<strong>2014<\/strong>, la\u00a0<strong>educaci\u00f3n especial<\/strong>\u00a0represent\u00f3\u00a0<strong>1.14 %<\/strong>\u00a0del presupuesto del\u00a0<strong>Minerd<\/strong>, impulsada por una ejecuci\u00f3n de 1,212.2 millones de pesos vinculada principalmente a la compra de\u00a0<strong>equipos tecnol\u00f3gicos<\/strong>.<\/p>\n<p>Un a\u00f1o despu\u00e9s, el\u00a0<strong>gasto cay\u00f3 88.81 %<\/strong>, hasta\u00a0<strong>135.7 millones<\/strong>, y su participaci\u00f3n se redujo a\u00a0<strong>0.12 %<\/strong>. Tras nuevas disminuciones entre 2016 y 2018, la\u00a0<strong>inversi\u00f3n<\/strong>\u00a0creci\u00f3 312.29 % en 2019 y 28.96 % en 2020. En 2021 volvi\u00f3 a contraerse 12.25 %, en un per\u00edodo afectado por la pandemia.<\/p>\n<p>Desde\u00a0<strong>2022<\/strong>, el\u00a0<strong>gasto<\/strong>\u00a0retom\u00f3 una\u00a0<strong>tendencia ascendente<\/strong>: aument\u00f3 11.44 % ese a\u00f1o, 14 % en 2023, 56.97 % en 2024 y 51.19 % en 2025. Parte del incremento de 2024 se relaciona con la incorporaci\u00f3n del Centro de\u00a0<strong>Atenci\u00f3n Integral<\/strong>\u00a0para la Discapacidad (CAID) al\u00a0<strong>Ministerio de Educaci\u00f3n<\/strong>\u00a0como unidad ejecutora.<\/p>\n<p>En el per\u00edodo completo, el programa presupuestario de servicios de\u00a0<strong>educaci\u00f3n especial<\/strong>\u00a0registr\u00f3 una\u00a0<strong>variaci\u00f3n interanual promedio<\/strong>\u00a0de\u00a0<strong>32.67 %<\/strong>, pero ese indicador oculta la inestabilidad de la\u00a0<strong>inversi\u00f3n<\/strong>. Los aumentos recientes parten de a\u00f1os con asignaciones reducidas y no han alterado sustancialmente el peso de la\u00a0<strong>educaci\u00f3n especial<\/strong>\u00a0dentro del presupuesto global del\u00a0<strong>Minerd<\/strong>.<\/p>\n<h2><strong>Costos<\/strong>\u00a0muy superiores<\/h2>\n<p>La baja participaci\u00f3n presupuestaria contrasta con el costo que implica garantizar una atenci\u00f3n adecuada. Seg\u00fan el\u00a0<strong>diagn\u00f3stico<\/strong>, la\u00a0<strong>sordoceguera<\/strong>\u00a0y la\u00a0<strong>discapacidad m\u00faltiple<\/strong>\u00a0representan el nivel de\u00a0mayor complejidad, con un costo promedio estimado de 4,607,449.73 de pesos por estudiante, equivalente a 34.9 veces el costo regular.<\/p>\n<p>Le sigue la\u00a0<strong>discapacidad f\u00edsico-motora<\/strong>, con un\u00a0<strong>costo<\/strong>\u00a0promedio de\u00a0<strong>4,352,575.14<\/strong>\u00a0pesos por estudiante, unas\u00a0<strong>33 veces<\/strong>\u00a0el\u00a0<strong>costo<\/strong>\u00a0regular.<\/p>\n<p>El\u00a0<strong>diagn\u00f3stico<\/strong>\u00a0atribuye estos montos a la necesidad de contar con una\u00a0<strong>atenci\u00f3n integral<\/strong>\u00a0y altamente especializada, que incluye\u00a0<strong>docentes de apoyo<\/strong>, terapeutas, acompa\u00f1antes, tecnolog\u00edas de comunicaci\u00f3n y movilidad, adecuaciones de accesibilidad, mobiliario adaptado y\u00a0<strong>equipamiento terap\u00e9utico<\/strong>.<\/p>\n<p>En las condiciones de mayor\u00a0<strong>complejidad<\/strong>, el\u00a0<strong>personal especializado<\/strong>\u00a0representa entre el\u00a0<strong>80 %<\/strong>\u00a0y el\u00a0<strong>90 %<\/strong>\u00a0del\u00a0<strong>costo<\/strong>\u00a0total, seg\u00fan el documento.<\/p>\n<h2><strong>Costos<\/strong>\u00a0para\u00a0<strong>TEA<\/strong>\u00a0y\u00a0<strong>discapacidad intelectual<\/strong><\/h2>\n<p>El segundo grupo identificado por el estudio est\u00e1 integrado por estudiantes con\u00a0<strong>Trastorno del Espectro Autista<\/strong>\u00a0(<strong>TEA<\/strong>) y\u00a0<strong>discapacidad intelectual<\/strong>, cuyos\u00a0<strong>costos<\/strong>\u00a0tambi\u00e9n superan ampliamente el\u00a0<strong>gasto<\/strong>\u00a0asociado a un estudiante regular.<\/p>\n<p>Para los alumnos con\u00a0<strong>TEA<\/strong>, el\u00a0<strong>costo<\/strong>\u00a0promedio estimado es de\u00a0<strong>1,203,514.23 pesos<\/strong>, equivalente a\u00a0<strong>9.85 veces<\/strong>\u00a0el\u00a0<strong>costo<\/strong>\u00a0regular, mientras que para aquellos con\u00a0<strong>discapacidad intelectual<\/strong>\u00a0asciende a\u00a0<strong>986,823.55 pesos<\/strong>, unas\u00a0<strong>8.26 veces<\/strong>.<\/p>\n<p>En el caso de la\u00a0<strong>discapacidad auditiva<\/strong>, el\u00a0<strong>costo<\/strong>\u00a0promedio alcanza\u00a0<strong>638,368.82 pesos<\/strong>, equivalente a\u00a0<strong>5.7 veces<\/strong>\u00a0el\u00a0<strong>costo<\/strong>\u00a0regular.<\/p>\n<p>El informe se\u00f1ala que, en otras condiciones como la\u00a0<strong>discapacidad auditiva<\/strong>,\u00a0<strong>visual<\/strong>\u00a0y las\u00a0<strong>altas capacidades<\/strong>, la estructura del\u00a0<strong>gasto<\/strong>\u00a0tiene una mayor participaci\u00f3n de equipamiento y materiales y una menor incidencia del\u00a0<strong>personal especializado<\/strong>.<\/p>\n<p>Estos resultados llevan al\u00a0<strong>Minerd<\/strong>\u00a0a plantear que la\u00a0<strong>educaci\u00f3n inclusiva<\/strong>\u00a0no deber\u00eda financiarse mediante un esquema uniforme, sino a partir de la\u00a0\u00a0<strong>complejidad<\/strong>\u00a0de cada condici\u00f3n, la intensidad de los apoyos requeridos y la\u00a0<strong>estructura de costos<\/strong>\u00a0que implica la atenci\u00f3n de cada estudiante.<\/p>\n<h2><strong>La mayor parte de estos estudiantes est\u00e1 en las escuelas p\u00fablicas.<\/strong><\/h2>\n<p>El\u00a0<strong>diagn\u00f3stico<\/strong>\u00a0identifica\u00a0<strong>21,626 estudiantes<\/strong>\u00a0con\u00a0<strong>necesidades espec\u00edficas de apoyo educativo<\/strong>\u00a0(<strong>NEAE<\/strong>) durante el a\u00f1o escolar, de los cuales 17,992, es decir m\u00e1s del 83 %, estaban matriculados en el\u00a0<strong>sector p\u00fablico<\/strong>.<\/p>\n<p>La mayor cantidad corresponde a estudiantes con\u00a0<strong>discapacidad intelectual<\/strong>, con\u00a0<strong>7,284 casos<\/strong>, seguidos por aquellos con\u00a0<strong>Trastorno del Espectro Autista<\/strong>, con 3,640, y discapacidad\u00a0<strong>visual<\/strong>, con 2,358.<\/p>\n<ul class=\"list-text\">\n<li>La matr\u00edcula tambi\u00e9n muestra una diferencia por sexo: los\u00a0<strong>estudiantes masculinos<\/strong>\u00a0representan cerca del\u00a0<strong>63 %<\/strong>, con\u00a0<strong>11,309 alumnos<\/strong>\u00a0frente a 6,683 mujeres.<\/li>\n<\/ul>\n<p>La concentraci\u00f3n de estos estudiantes en el\u00a0<strong>sistema p\u00fablico<\/strong>\u00a0coloca al\u00a0<strong>Estado<\/strong>\u00a0como el principal proveedor de los servicios educativos requeridos por esta poblaci\u00f3n, precisamente en un escenario en el que las necesidades de apoyo pueden representar\u00a0<strong>costos<\/strong>\u00a0muy superiores a los de la educaci\u00f3n regular.<\/li>\n<\/ul>\n<\/div>\n<div class=\"border-b-2 pb-3 byline text-lg\">\n<h6 class=\"author not-italic inline mr-2 block\" data-mrf-recirculation=\"Autor\"><span style=\"color: #808080;\">Por: <strong class=\"mr-3\">Nicole Izquierdo<\/strong> \/ DL<\/span><\/h6>\n<\/div>\n","protected":false},"excerpt":{"rendered":"<p>M\u00e1s del 83 % de los estudiantes con necesidades espec\u00edficas depende de la educaci\u00f3n p\u00fablica&#8230;.<\/p>\n","protected":false},"author":2,"featured_media":58183,"comment_status":"open","ping_status":"open","sticky":false,"template":"","format":"standard","meta":{"_jetpack_newsletter_access":"","_jetpack_dont_email_post_to_subs":false,"_jetpack_newsletter_tier_id":0,"_jetpack_memberships_contains_paywalled_content":false,"_jetpack_memberships_contains_paid_content":false,"_joinchat":[],"footnotes":"","jetpack_publicize_message":"","jetpack_publicize_feature_enabled":true,"jetpack_social_post_already_shared":true,"jetpack_social_options":{"image_generator_settings":{"template":"highway","default_image_id":0,"font":"","enabled":false},"version":2},"jetpack_post_was_ever_published":false},"categories":[8,39],"tags":[2552,22568,14536,22567,7186,46],"class_list":["post-58180","post","type-post","status-publish","format-standard","has-post-thumbnail","hentry","category-nacionales","category-primeraplana","tag-costo","tag-educacion-especial","tag-escuelas-publicas","tag-estudiantes-con-discapacidad","tag-republica-dominicana-2","tag-solis-informa"],"yoast_head":"<!-- This site is optimized with the Yoast SEO plugin v24.9 - https:\/\/yoast.com\/wordpress\/plugins\/seo\/ -->\n<title>Educaci\u00f3n para estudiantes con discapacidad puede costar hasta 35 veces m\u00e1s que la regular - Solis Informa<\/title>\n<meta name=\"robots\" content=\"index, follow, max-snippet:-1, max-image-preview:large, max-video-preview:-1\" \/>\n<link rel=\"canonical\" href=\"https:\/\/solisinforma.com\/?p=58180\" \/>\n<meta property=\"og:locale\" content=\"es_ES\" \/>\n<meta property=\"og:type\" content=\"article\" \/>\n<meta property=\"og:title\" content=\"Educaci\u00f3n para estudiantes con discapacidad puede costar hasta 35 veces m\u00e1s que la regular - Solis Informa\" \/>\n<meta property=\"og:description\" content=\"M\u00e1s del 83 % de los estudiantes con necesidades espec\u00edficas depende de la educaci\u00f3n p\u00fablica....\" \/>\n<meta property=\"og:url\" content=\"https:\/\/solisinforma.com\/?p=58180\" \/>\n<meta property=\"og:site_name\" content=\"Solis Informa\" \/>\n<meta property=\"article:publisher\" content=\"https:\/\/www.facebook.com\/Solisinforma1\/\" \/>\n<meta property=\"article:author\" content=\"https:\/\/www.facebook.com\/Solisinforma\/\" \/>\n<meta property=\"article:published_time\" content=\"2026-08-31T10:23:14+00:00\" \/>\n<meta property=\"og:image\" content=\"https:\/\/solisinforma.com\/wp-content\/uploads\/2026\/08\/Educacion-especial-1.jpg\" \/>\n\t<meta property=\"og:image:width\" content=\"1228\" \/>\n\t<meta property=\"og:image:height\" content=\"655\" \/>\n\t<meta property=\"og:image:type\" content=\"image\/jpeg\" \/>\n<meta name=\"author\" content=\"Hector Solis\" \/>\n<meta name=\"twitter:card\" content=\"summary_large_image\" \/>\n<meta name=\"twitter:creator\" content=\"@solisinforma1\" \/>\n<meta name=\"twitter:label1\" content=\"Escrito por\" \/>\n\t<meta name=\"twitter:data1\" content=\"Hector Solis\" \/>\n\t<meta name=\"twitter:label2\" content=\"Tiempo de lectura\" \/>\n\t<meta name=\"twitter:data2\" content=\"4 minutos\" \/>\n<script type=\"application\/ld+json\" class=\"yoast-schema-graph\">{\"@context\":\"https:\/\/schema.org\",\"@graph\":[{\"@type\":\"Article\",\"@id\":\"https:\/\/solisinforma.com\/?p=58180#article\",\"isPartOf\":{\"@id\":\"https:\/\/solisinforma.com\/?p=58180\"},\"author\":{\"name\":\"Hector Solis\",\"@id\":\"https:\/\/solisinforma.com\/#\/schema\/person\/db4967d1c8ed640d46bf21dc55215612\"},\"headline\":\"Educaci\u00f3n para estudiantes con discapacidad puede costar hasta 35 veces m\u00e1s que la regular\",\"datePublished\":\"2026-08-31T10:23:14+00:00\",\"mainEntityOfPage\":{\"@id\":\"https:\/\/solisinforma.com\/?p=58180\"},\"wordCount\":775,\"commentCount\":0,\"publisher\":{\"@id\":\"https:\/\/solisinforma.com\/#organization\"},\"image\":{\"@id\":\"https:\/\/solisinforma.com\/?p=58180#primaryimage\"},\"thumbnailUrl\":\"https:\/\/i0.wp.com\/solisinforma.com\/wp-content\/uploads\/2026\/08\/Educacion-especial-1.jpg?fit=1228%2C655&ssl=1\",\"keywords\":[\"costo\",\"Educacion Especial\",\"Escuelas Publicas\",\"estudiantes con discapacidad\",\"Republica Dominicana\",\"Solis informa\"],\"articleSection\":[\"Nacionales\",\"Primera Plana\"],\"inLanguage\":\"es\",\"potentialAction\":[{\"@type\":\"CommentAction\",\"name\":\"Comment\",\"target\":[\"https:\/\/solisinforma.com\/?p=58180#respond\"]}]},{\"@type\":\"WebPage\",\"@id\":\"https:\/\/solisinforma.com\/?p=58180\",\"url\":\"https:\/\/solisinforma.com\/?p=58180\",\"name\":\"Educaci\u00f3n para estudiantes con discapacidad puede costar hasta 35 veces m\u00e1s que la regular - Solis Informa\",\"isPartOf\":{\"@id\":\"https:\/\/solisinforma.com\/#website\"},\"primaryImageOfPage\":{\"@id\":\"https:\/\/solisinforma.com\/?p=58180#primaryimage\"},\"image\":{\"@id\":\"https:\/\/solisinforma.com\/?p=58180#primaryimage\"},\"thumbnailUrl\":\"https:\/\/i0.wp.com\/solisinforma.com\/wp-content\/uploads\/2026\/08\/Educacion-especial-1.jpg?fit=1228%2C655&ssl=1\",\"datePublished\":\"2026-08-31T10:23:14+00:00\",\"breadcrumb\":{\"@id\":\"https:\/\/solisinforma.com\/?p=58180#breadcrumb\"},\"inLanguage\":\"es\",\"potentialAction\":[{\"@type\":\"ReadAction\",\"target\":[\"https:\/\/solisinforma.com\/?p=58180\"]}]},{\"@type\":\"ImageObject\",\"inLanguage\":\"es\",\"@id\":\"https:\/\/solisinforma.com\/?p=58180#primaryimage\",\"url\":\"https:\/\/i0.wp.com\/solisinforma.com\/wp-content\/uploads\/2026\/08\/Educacion-especial-1.jpg?fit=1228%2C655&ssl=1\",\"contentUrl\":\"https:\/\/i0.wp.com\/solisinforma.com\/wp-content\/uploads\/2026\/08\/Educacion-especial-1.jpg?fit=1228%2C655&ssl=1\",\"width\":1228,\"height\":655},{\"@type\":\"BreadcrumbList\",\"@id\":\"https:\/\/solisinforma.com\/?p=58180#breadcrumb\",\"itemListElement\":[{\"@type\":\"ListItem\",\"position\":1,\"name\":\"Portada\",\"item\":\"https:\/\/solisinforma.com\/\"},{\"@type\":\"ListItem\",\"position\":2,\"name\":\"Educaci\u00f3n para estudiantes con discapacidad puede costar hasta 35 veces m\u00e1s que la regular\"}]},{\"@type\":\"WebSite\",\"@id\":\"https:\/\/solisinforma.com\/#website\",\"url\":\"https:\/\/solisinforma.com\/\",\"name\":\"Solis Informa\",\"description\":\"El Diario de San Juan\",\"publisher\":{\"@id\":\"https:\/\/solisinforma.com\/#organization\"},\"potentialAction\":[{\"@type\":\"SearchAction\",\"target\":{\"@type\":\"EntryPoint\",\"urlTemplate\":\"https:\/\/solisinforma.com\/?s={search_term_string}\"},\"query-input\":{\"@type\":\"PropertyValueSpecification\",\"valueRequired\":true,\"valueName\":\"search_term_string\"}}],\"inLanguage\":\"es\"},{\"@type\":\"Organization\",\"@id\":\"https:\/\/solisinforma.com\/#organization\",\"name\":\"Solis Informa\",\"url\":\"https:\/\/solisinforma.com\/\",\"logo\":{\"@type\":\"ImageObject\",\"inLanguage\":\"es\",\"@id\":\"https:\/\/solisinforma.com\/#\/schema\/logo\/image\/\",\"url\":\"https:\/\/i0.wp.com\/solisinforma.com\/wp-content\/uploads\/2020\/07\/cropped-solis-4.png?fit=512%2C512&ssl=1\",\"contentUrl\":\"https:\/\/i0.wp.com\/solisinforma.com\/wp-content\/uploads\/2020\/07\/cropped-solis-4.png?fit=512%2C512&ssl=1\",\"width\":512,\"height\":512,\"caption\":\"Solis Informa\"},\"image\":{\"@id\":\"https:\/\/solisinforma.com\/#\/schema\/logo\/image\/\"},\"sameAs\":[\"https:\/\/www.facebook.com\/Solisinforma1\/\"]},{\"@type\":\"Person\",\"@id\":\"https:\/\/solisinforma.com\/#\/schema\/person\/db4967d1c8ed640d46bf21dc55215612\",\"name\":\"Hector Solis\",\"image\":{\"@type\":\"ImageObject\",\"inLanguage\":\"es\",\"@id\":\"https:\/\/solisinforma.com\/#\/schema\/person\/image\/\",\"url\":\"https:\/\/secure.gravatar.com\/avatar\/3e116868529a43555438940611160b9cf01e4fb17f119453a6329d96e10fecf8?s=96&d=mm&r=g\",\"contentUrl\":\"https:\/\/secure.gravatar.com\/avatar\/3e116868529a43555438940611160b9cf01e4fb17f119453a6329d96e10fecf8?s=96&d=mm&r=g\",\"caption\":\"Hector Solis\"},\"sameAs\":[\"http:\/\/Solisinforma.com\",\"https:\/\/www.facebook.com\/Solisinforma\/\",\"https:\/\/www.instagram.com\/solisinforma\/\",\"www.linkedin.com\/in\/hectorsolisinforma\",\"https:\/\/x.com\/solisinforma1\",\"@Solisinformaenvivo\",\"https:\/\/soundcloud.com\/solisinforma\"],\"url\":\"https:\/\/solisinforma.com\/?author=2\"}]}<\/script>\n<!-- \/ Yoast SEO plugin. -->","yoast_head_json":{"title":"Educaci\u00f3n para estudiantes con discapacidad puede costar hasta 35 veces m\u00e1s que la regular - Solis Informa","robots":{"index":"index","follow":"follow","max-snippet":"max-snippet:-1","max-image-preview":"max-image-preview:large","max-video-preview":"max-video-preview:-1"},"canonical":"https:\/\/solisinforma.com\/?p=58180","og_locale":"es_ES","og_type":"article","og_title":"Educaci\u00f3n para estudiantes con discapacidad puede costar hasta 35 veces m\u00e1s que la regular - Solis Informa","og_description":"M\u00e1s del 83 % de los estudiantes con necesidades espec\u00edficas depende de la educaci\u00f3n p\u00fablica....","og_url":"https:\/\/solisinforma.com\/?p=58180","og_site_name":"Solis Informa","article_publisher":"https:\/\/www.facebook.com\/Solisinforma1\/","article_author":"https:\/\/www.facebook.com\/Solisinforma\/","article_published_time":"2026-08-31T10:23:14+00:00","og_image":[{"width":1228,"height":655,"url":"https:\/\/solisinforma.com\/wp-content\/uploads\/2026\/08\/Educacion-especial-1.jpg","type":"image\/jpeg"}],"author":"Hector Solis","twitter_card":"summary_large_image","twitter_creator":"@solisinforma1","twitter_misc":{"Escrito por":"Hector Solis","Tiempo de lectura":"4 minutos"},"schema":{"@context":"https:\/\/schema.org","@graph":[{"@type":"Article","@id":"https:\/\/solisinforma.com\/?p=58180#article","isPartOf":{"@id":"https:\/\/solisinforma.com\/?p=58180"},"author":{"name":"Hector Solis","@id":"https:\/\/solisinforma.com\/#\/schema\/person\/db4967d1c8ed640d46bf21dc55215612"},"headline":"Educaci\u00f3n para estudiantes con discapacidad puede costar hasta 35 veces m\u00e1s que la regular","datePublished":"2026-08-31T10:23:14+00:00","mainEntityOfPage":{"@id":"https:\/\/solisinforma.com\/?p=58180"},"wordCount":775,"commentCount":0,"publisher":{"@id":"https:\/\/solisinforma.com\/#organization"},"image":{"@id":"https:\/\/solisinforma.com\/?p=58180#primaryimage"},"thumbnailUrl":"https:\/\/i0.wp.com\/solisinforma.com\/wp-content\/uploads\/2026\/08\/Educacion-especial-1.jpg?fit=1228%2C655&ssl=1","keywords":["costo","Educacion Especial","Escuelas Publicas","estudiantes con discapacidad","Republica Dominicana","Solis informa"],"articleSection":["Nacionales","Primera Plana"],"inLanguage":"es","potentialAction":[{"@type":"CommentAction","name":"Comment","target":["https:\/\/solisinforma.com\/?p=58180#respond"]}]},{"@type":"WebPage","@id":"https:\/\/solisinforma.com\/?p=58180","url":"https:\/\/solisinforma.com\/?p=58180","name":"Educaci\u00f3n para estudiantes con discapacidad puede costar hasta 35 veces m\u00e1s que la regular - Solis Informa","isPartOf":{"@id":"https:\/\/solisinforma.com\/#website"},"primaryImageOfPage":{"@id":"https:\/\/solisinforma.com\/?p=58180#primaryimage"},"image":{"@id":"https:\/\/solisinforma.com\/?p=58180#primaryimage"},"thumbnailUrl":"https:\/\/i0.wp.com\/solisinforma.com\/wp-content\/uploads\/2026\/08\/Educacion-especial-1.jpg?fit=1228%2C655&ssl=1","datePublished":"2026-08-31T10:23:14+00:00","breadcrumb":{"@id":"https:\/\/solisinforma.com\/?p=58180#breadcrumb"},"inLanguage":"es","potentialAction":[{"@type":"ReadAction","target":["https:\/\/solisinforma.com\/?p=58180"]}]},{"@type":"ImageObject","inLanguage":"es","@id":"https:\/\/solisinforma.com\/?p=58180#primaryimage","url":"https:\/\/i0.wp.com\/solisinforma.com\/wp-content\/uploads\/2026\/08\/Educacion-especial-1.jpg?fit=1228%2C655&ssl=1","contentUrl":"https:\/\/i0.wp.com\/solisinforma.com\/wp-content\/uploads\/2026\/08\/Educacion-especial-1.jpg?fit=1228%2C655&ssl=1","width":1228,"height":655},{"@type":"BreadcrumbList","@id":"https:\/\/solisinforma.com\/?p=58180#breadcrumb","itemListElement":[{"@type":"ListItem","position":1,"name":"Portada","item":"https:\/\/solisinforma.com\/"},{"@type":"ListItem","position":2,"name":"Educaci\u00f3n para estudiantes con discapacidad puede costar hasta 35 veces m\u00e1s que la regular"}]},{"@type":"WebSite","@id":"https:\/\/solisinforma.com\/#website","url":"https:\/\/solisinforma.com\/","name":"Solis Informa","description":"El Diario de San Juan","publisher":{"@id":"https:\/\/solisinforma.com\/#organization"},"potentialAction":[{"@type":"SearchAction","target":{"@type":"EntryPoint","urlTemplate":"https:\/\/solisinforma.com\/?s={search_term_string}"},"query-input":{"@type":"PropertyValueSpecification","valueRequired":true,"valueName":"search_term_string"}}],"inLanguage":"es"},{"@type":"Organization","@id":"https:\/\/solisinforma.com\/#organization","name":"Solis Informa","url":"https:\/\/solisinforma.com\/","logo":{"@type":"ImageObject","inLanguage":"es","@id":"https:\/\/solisinforma.com\/#\/schema\/logo\/image\/","url":"https:\/\/i0.wp.com\/solisinforma.com\/wp-content\/uploads\/2020\/07\/cropped-solis-4.png?fit=512%2C512&ssl=1","contentUrl":"https:\/\/i0.wp.com\/solisinforma.com\/wp-content\/uploads\/2020\/07\/cropped-solis-4.png?fit=512%2C512&ssl=1","width":512,"height":512,"caption":"Solis Informa"},"image":{"@id":"https:\/\/solisinforma.com\/#\/schema\/logo\/image\/"},"sameAs":["https:\/\/www.facebook.com\/Solisinforma1\/"]},{"@type":"Person","@id":"https:\/\/solisinforma.com\/#\/schema\/person\/db4967d1c8ed640d46bf21dc55215612","name":"Hector Solis","image":{"@type":"ImageObject","inLanguage":"es","@id":"https:\/\/solisinforma.com\/#\/schema\/person\/image\/","url":"https:\/\/secure.gravatar.com\/avatar\/3e116868529a43555438940611160b9cf01e4fb17f119453a6329d96e10fecf8?s=96&d=mm&r=g","contentUrl":"https:\/\/secure.gravatar.com\/avatar\/3e116868529a43555438940611160b9cf01e4fb17f119453a6329d96e10fecf8?s=96&d=mm&r=g","caption":"Hector Solis"},"sameAs":["http:\/\/Solisinforma.com","https:\/\/www.facebook.com\/Solisinforma\/","https:\/\/www.instagram.com\/solisinforma\/","www.linkedin.com\/in\/hectorsolisinforma","https:\/\/x.com\/solisinforma1","@Solisinformaenvivo","https:\/\/soundcloud.com\/solisinforma"],"url":"https:\/\/solisinforma.com\/?author=2"}]}},"jetpack_publicize_connections":[],"jetpack_featured_media_url":"https:\/\/i0.wp.com\/solisinforma.com\/wp-content\/uploads\/2026\/08\/Educacion-especial-1.jpg?fit=1228%2C655&ssl=1","jetpack_sharing_enabled":true,"jetpack_likes_enabled":true,"jetpack-related-posts":[{"id":51764,"url":"https:\/\/solisinforma.com\/?p=51764","url_meta":{"origin":58180,"position":0},"title":"Bono a Mil tendr\u00e1 un costo de 1,400 millones de pesos","author":"Hector Solis","date":"30 de agosto de 2025","format":false,"excerpt":"El bono ser\u00e1 entregado en beneficio de m\u00e1s de un mill\u00f3n de estudiantes inscritos y activos en escuelas p\u00fablicas El\u00a0Ministerio de Educaci\u00f3n\u00a0(Minerd)\u00a0inici\u00f3 esta semana la entrega del programa\u00a0\"Bono a Mil por la Educaci\u00f3n\", un incentivo que funciona como ayuda econ\u00f3mica\u00a0para los padres, madres y tutores que deben encarar los gastos\u2026","rel":"","context":"En \u00abNacionales\u00bb","block_context":{"text":"Nacionales","link":"https:\/\/solisinforma.com\/?cat=8"},"img":{"alt_text":"","src":"https:\/\/i0.wp.com\/solisinforma.com\/wp-content\/uploads\/2024\/02\/Bono-a-Mil-MINERD-disponible.jpg?fit=1200%2C682&ssl=1&resize=350%2C200","width":350,"height":200,"srcset":"https:\/\/i0.wp.com\/solisinforma.com\/wp-content\/uploads\/2024\/02\/Bono-a-Mil-MINERD-disponible.jpg?fit=1200%2C682&ssl=1&resize=350%2C200 1x, https:\/\/i0.wp.com\/solisinforma.com\/wp-content\/uploads\/2024\/02\/Bono-a-Mil-MINERD-disponible.jpg?fit=1200%2C682&ssl=1&resize=525%2C300 1.5x, https:\/\/i0.wp.com\/solisinforma.com\/wp-content\/uploads\/2024\/02\/Bono-a-Mil-MINERD-disponible.jpg?fit=1200%2C682&ssl=1&resize=700%2C400 2x, https:\/\/i0.wp.com\/solisinforma.com\/wp-content\/uploads\/2024\/02\/Bono-a-Mil-MINERD-disponible.jpg?fit=1200%2C682&ssl=1&resize=1050%2C600 3x"},"classes":[]},{"id":56540,"url":"https:\/\/solisinforma.com\/?p=56540","url_meta":{"origin":58180,"position":1},"title":"Conoce las reglas del Minerd sobre el uso de celulares y otros dispositivos en centros educativos","author":"Hector Solis","date":"28 de mayo de 2026","format":false,"excerpt":"La Orden Departamental 11-2026 del Ministerio de Educaci\u00f3n busca promover un ambiente educativo m\u00e1s seguro y equilibrado. El\u00a0Ministerio de Educaci\u00f3n\u00a0(Minerd) emiti\u00f3 este mi\u00e9rcoles la\u00a0Orden Departamental 11-2026, una normativa que regula el uso de\u00a0celulares, relojes inteligentes y otros\u00a0dispositivos electr\u00f3nicos\u00a0en los centros educativos p\u00fablicos y privados del pa\u00eds. La medida establece restricciones\u2026","rel":"","context":"En \u00abNacionales\u00bb","block_context":{"text":"Nacionales","link":"https:\/\/solisinforma.com\/?cat=8"},"img":{"alt_text":"","src":"https:\/\/i0.wp.com\/solisinforma.com\/wp-content\/uploads\/2026\/03\/Uso-celulares-estudiantes.jpg?fit=1125%2C750&ssl=1&resize=350%2C200","width":350,"height":200,"srcset":"https:\/\/i0.wp.com\/solisinforma.com\/wp-content\/uploads\/2026\/03\/Uso-celulares-estudiantes.jpg?fit=1125%2C750&ssl=1&resize=350%2C200 1x, https:\/\/i0.wp.com\/solisinforma.com\/wp-content\/uploads\/2026\/03\/Uso-celulares-estudiantes.jpg?fit=1125%2C750&ssl=1&resize=525%2C300 1.5x, https:\/\/i0.wp.com\/solisinforma.com\/wp-content\/uploads\/2026\/03\/Uso-celulares-estudiantes.jpg?fit=1125%2C750&ssl=1&resize=700%2C400 2x, https:\/\/i0.wp.com\/solisinforma.com\/wp-content\/uploads\/2026\/03\/Uso-celulares-estudiantes.jpg?fit=1125%2C750&ssl=1&resize=1050%2C600 3x"},"classes":[]},{"id":52265,"url":"https:\/\/solisinforma.com\/?p=52265","url_meta":{"origin":58180,"position":2},"title":"La lengua de se\u00f1as dominicana: del silencio al reconocimiento oficial","author":"Hector Solis","date":"29 de septiembre de 2025","format":false,"excerpt":"los or\u00edgenes de la lengua de se\u00f1as en Rep\u00fablica Dominicana se remontan a 1968 con la fundaci\u00f3n de la Asociaci\u00f3n Pro-Educaci\u00f3n de los Sordomudos \u00a0 Por d\u00e9cadas, la comunidad sorda de Rep\u00fablica Dominicana vivi\u00f3 marginada en su forma m\u00e1s b\u00e1sica de comunicaci\u00f3n:\u00a0la lengua de se\u00f1as. No fue, sino hasta hace\u2026","rel":"","context":"En \u00abNacionales\u00bb","block_context":{"text":"Nacionales","link":"https:\/\/solisinforma.com\/?cat=8"},"img":{"alt_text":"","src":"https:\/\/i0.wp.com\/solisinforma.com\/wp-content\/uploads\/2025\/09\/Lengua-de-senas.jpg?fit=1200%2C676&ssl=1&resize=350%2C200","width":350,"height":200,"srcset":"https:\/\/i0.wp.com\/solisinforma.com\/wp-content\/uploads\/2025\/09\/Lengua-de-senas.jpg?fit=1200%2C676&ssl=1&resize=350%2C200 1x, https:\/\/i0.wp.com\/solisinforma.com\/wp-content\/uploads\/2025\/09\/Lengua-de-senas.jpg?fit=1200%2C676&ssl=1&resize=525%2C300 1.5x, https:\/\/i0.wp.com\/solisinforma.com\/wp-content\/uploads\/2025\/09\/Lengua-de-senas.jpg?fit=1200%2C676&ssl=1&resize=700%2C400 2x, https:\/\/i0.wp.com\/solisinforma.com\/wp-content\/uploads\/2025\/09\/Lengua-de-senas.jpg?fit=1200%2C676&ssl=1&resize=1050%2C600 3x"},"classes":[]},{"id":17545,"url":"https:\/\/solisinforma.com\/?p=17545","url_meta":{"origin":58180,"position":3},"title":"CAID capacita a docentes de San Juan en el aula de ni\u00f1os con discapacidad","author":"Hector Solis","date":"14 de febrero de 2023","format":false,"excerpt":"El primer taller forma parte de un programa formativo elaborado con la colaboraci\u00f3n del Ministerio de Educaci\u00f3n de la Rep\u00fablica Dominicana (MIINERD) y del Centro de Recursos de Atenci\u00f3n a la Diversidad (CAD). El Centro de Atenci\u00f3n Integral para la Discapacidad (CAID), sede San Juan, ofreci\u00f3 el primer Taller de\u2026","rel":"","context":"En \u00abLocales\u00bb","block_context":{"text":"Locales","link":"https:\/\/solisinforma.com\/?cat=34"},"img":{"alt_text":"","src":"https:\/\/i0.wp.com\/solisinforma.com\/wp-content\/uploads\/2023\/02\/caid-docentes-capacitados.png?fit=1200%2C731&ssl=1&resize=350%2C200","width":350,"height":200,"srcset":"https:\/\/i0.wp.com\/solisinforma.com\/wp-content\/uploads\/2023\/02\/caid-docentes-capacitados.png?fit=1200%2C731&ssl=1&resize=350%2C200 1x, https:\/\/i0.wp.com\/solisinforma.com\/wp-content\/uploads\/2023\/02\/caid-docentes-capacitados.png?fit=1200%2C731&ssl=1&resize=525%2C300 1.5x, https:\/\/i0.wp.com\/solisinforma.com\/wp-content\/uploads\/2023\/02\/caid-docentes-capacitados.png?fit=1200%2C731&ssl=1&resize=700%2C400 2x, https:\/\/i0.wp.com\/solisinforma.com\/wp-content\/uploads\/2023\/02\/caid-docentes-capacitados.png?fit=1200%2C731&ssl=1&resize=1050%2C600 3x"},"classes":[]},{"id":18846,"url":"https:\/\/solisinforma.com\/?p=18846","url_meta":{"origin":58180,"position":4},"title":"Seg\u00f9n informe sobre actividades sexuales de estudiantes es escandaloso","author":"Hector Solis","date":"10 de mayo de 2023","format":false,"excerpt":"Los datos de los estudiantes del sistema publico expresan a tal punto que 3,414 est\u00e1n en relaciones tempranas, 3,105 son madres y 1,158 son padres. En lo que va del a\u00f1o escolar el Ministerio de Educaci\u00f3n ha registrado en su plataforma de incidencias nacionales la cantidad de 1,154\u00a0estudiantes\u00a0embarazadas, 112 de\u2026","rel":"","context":"En \u00abNacionales\u00bb","block_context":{"text":"Nacionales","link":"https:\/\/solisinforma.com\/?cat=8"},"img":{"alt_text":"","src":"https:\/\/i0.wp.com\/solisinforma.com\/wp-content\/uploads\/2023\/05\/embarazo-en-las-escuelas.jpg?fit=1200%2C675&ssl=1&resize=350%2C200","width":350,"height":200,"srcset":"https:\/\/i0.wp.com\/solisinforma.com\/wp-content\/uploads\/2023\/05\/embarazo-en-las-escuelas.jpg?fit=1200%2C675&ssl=1&resize=350%2C200 1x, https:\/\/i0.wp.com\/solisinforma.com\/wp-content\/uploads\/2023\/05\/embarazo-en-las-escuelas.jpg?fit=1200%2C675&ssl=1&resize=525%2C300 1.5x, https:\/\/i0.wp.com\/solisinforma.com\/wp-content\/uploads\/2023\/05\/embarazo-en-las-escuelas.jpg?fit=1200%2C675&ssl=1&resize=700%2C400 2x, https:\/\/i0.wp.com\/solisinforma.com\/wp-content\/uploads\/2023\/05\/embarazo-en-las-escuelas.jpg?fit=1200%2C675&ssl=1&resize=1050%2C600 3x"},"classes":[]},{"id":26572,"url":"https:\/\/solisinforma.com\/?p=26572","url_meta":{"origin":58180,"position":5},"title":"ADP refuta a Abinader: Dijo que arreglaron 6,400 planteles escolares pero en todo RD hay 6,415 centros educativos","author":"Hector Solis","date":"18 de agosto de 2024","format":false,"excerpt":"Seg\u00fan refut\u00f3 Hidalgo, es falso que el gobierno haya remozado 6,400 planteles, empezando porque el pa\u00eds solo cuenta con 6,415 centros educativos, seg\u00fan las estad\u00edsticas del propio Ministerio de Educaci\u00f3n. El presidente de la Asociaci\u00f3n Dominicana de Profesores (ADP), Eduardo Hidalgo, asegur\u00f3 que los datos ofrecidos por el presidente Luis\u2026","rel":"","context":"En \u00abNacionales\u00bb","block_context":{"text":"Nacionales","link":"https:\/\/solisinforma.com\/?cat=8"},"img":{"alt_text":"","src":"https:\/\/i0.wp.com\/solisinforma.com\/wp-content\/uploads\/2022\/01\/Eduardo-hidalgo-pte-adp-%40solisinforma-300x200.jpg?resize=350%2C200&ssl=1","width":350,"height":200},"classes":[]}],"jetpack_shortlink":"https:\/\/wp.me\/pc2Svn-f8o","_links":{"self":[{"href":"https:\/\/solisinforma.com\/index.php?rest_route=\/wp\/v2\/posts\/58180","targetHints":{"allow":["GET"]}}],"collection":[{"href":"https:\/\/solisinforma.com\/index.php?rest_route=\/wp\/v2\/posts"}],"about":[{"href":"https:\/\/solisinforma.com\/index.php?rest_route=\/wp\/v2\/types\/post"}],"author":[{"embeddable":true,"href":"https:\/\/solisinforma.com\/index.php?rest_route=\/wp\/v2\/users\/2"}],"replies":[{"embeddable":true,"href":"https:\/\/solisinforma.com\/index.php?rest_route=%2Fwp%2Fv2%2Fcomments&post=58180"}],"version-history":[{"count":1,"href":"https:\/\/solisinforma.com\/index.php?rest_route=\/wp\/v2\/posts\/58180\/revisions"}],"predecessor-version":[{"id":58184,"href":"https:\/\/solisinforma.com\/index.php?rest_route=\/wp\/v2\/posts\/58180\/revisions\/58184"}],"wp:featuredmedia":[{"embeddable":true,"href":"https:\/\/solisinforma.com\/index.php?rest_route=\/wp\/v2\/media\/58183"}],"wp:attachment":[{"href":"https:\/\/solisinforma.com\/index.php?rest_route=%2Fwp%2Fv2%2Fmedia&parent=58180"}],"wp:term":[{"taxonomy":"category","embeddable":true,"href":"https:\/\/solisinforma.com\/index.php?rest_route=%2Fwp%2Fv2%2Fcategories&post=58180"},{"taxonomy":"post_tag","embeddable":true,"href":"https:\/\/solisinforma.com\/index.php?rest_route=%2Fwp%2Fv2%2Ftags&post=58180"}],"curies":[{"name":"wp","href":"https:\/\/api.w.org\/{rel}","templated":true}]}}