{"id":58190,"date":"2026-08-31T06:47:09","date_gmt":"2026-08-31T10:47:09","guid":{"rendered":"https:\/\/solisinforma.com\/?p=58190"},"modified":"2026-08-31T06:47:09","modified_gmt":"2026-08-31T10:47:09","slug":"roban-35-televisores-donados-a-medallistas-de-bayaguana-de-los-centroamericanos","status":"publish","type":"post","link":"https:\/\/solisinforma.com\/?p=58190","title":{"rendered":"Roban 35 televisores donados a medallistas de Bayaguana de los Centroamericanos"},"content":{"rendered":"<ul>\n<li><strong>Los equipos, valorados en m\u00e1s de 600,000 pesos, ser\u00edan entregados a deportistas y entrenadores que obtuvieron medallas en Santo Domingo 2026.<\/strong><\/li>\n<\/ul>\n<p><img data-recalc-dims=\"1\" loading=\"lazy\" decoding=\"async\" class=\"alignnone size-medium wp-image-58191\" src=\"https:\/\/i0.wp.com\/solisinforma.com\/wp-content\/uploads\/2026\/08\/Villa-deportiva-robo-televis.jpg?resize=640%2C349&#038;ssl=1\" alt=\"\" width=\"640\" height=\"349\" srcset=\"https:\/\/i0.wp.com\/solisinforma.com\/wp-content\/uploads\/2026\/08\/Villa-deportiva-robo-televis-scaled.jpg?resize=1280%2C698&amp;ssl=1 1280w, https:\/\/i0.wp.com\/solisinforma.com\/wp-content\/uploads\/2026\/08\/Villa-deportiva-robo-televis-scaled.jpg?resize=768%2C419&amp;ssl=1 768w, https:\/\/i0.wp.com\/solisinforma.com\/wp-content\/uploads\/2026\/08\/Villa-deportiva-robo-televis-scaled.jpg?resize=1536%2C837&amp;ssl=1 1536w, https:\/\/i0.wp.com\/solisinforma.com\/wp-content\/uploads\/2026\/08\/Villa-deportiva-robo-televis-scaled.jpg?resize=2048%2C1116&amp;ssl=1 2048w, https:\/\/i0.wp.com\/solisinforma.com\/wp-content\/uploads\/2026\/08\/Villa-deportiva-robo-televis-scaled.jpg?resize=1024%2C558&amp;ssl=1 1024w, https:\/\/i0.wp.com\/solisinforma.com\/wp-content\/uploads\/2026\/08\/Villa-deportiva-robo-televis-scaled.jpg?w=1920&amp;ssl=1 1920w\" sizes=\"auto, (max-width: 640px) 100vw, 640px\" \/><\/p>\n<p>Un total de\u00a0<strong>35 televisores plasma<\/strong>\u00a0de 55 pulgadas, donados para reconocer a los\u00a0<strong>atletas y entrenadores<\/strong>\u00a0de\u00a0<strong>Bayaguana<\/strong>\u00a0que obtuvieron medallas en los\u00a0<strong>Juegos Centroamericanos y del Caribe Santo Domingo 2026<\/strong>, fueron robados durante la madrugada de este domingo.<\/p>\n<p>Los\u00a0<strong>equipos<\/strong>, cuyo valor supera los\u00a0<strong>600,000 pesos<\/strong>, seg\u00fan estimaciones preliminares, hab\u00edan sido donados por el exdiputado de Monte Plata y presidente de la Federaci\u00f3n Nacional de Transporte la Nueva Opci\u00f3n (Fenatrano),\u00a0<strong>Juan Hubieres<\/strong>, como reconocimiento al esfuerzo y los logros de los deportistas bayaguanenses.<\/p>\n<p>Seg\u00fan una nota de prensa, la entrega estaba programada para este domingo durante una\u00a0<strong>actividad organizada<\/strong>\u00a0por Hubieres y el presidente de la Uni\u00f3n Deportiva de\u00a0<strong>Bayaguana<\/strong>,\u00a0<strong>Isaac Ogando<\/strong>, que incluir\u00eda un almuerzo para\u00a0<strong>atletas<\/strong>, entrenadores e invitados, adem\u00e1s de una presentaci\u00f3n musical del\u00a0<strong>grupo Son de Cuba<\/strong>.<\/p>\n<p>Sin embargo, seg\u00fan la nota de prensa enviada por el equipo de Hubieres, los\u00a0<strong>televisores<\/strong>\u00a0fueron\u00a0<strong>sustra\u00eddos<\/strong>\u00a0de las oficinas del Complejo Deportivo de\u00a0<strong>Bayaguana<\/strong>\u00a0antes de que pudieran ser entregados a sus beneficiarios.<\/p>\n<p>Tras conocerse el\u00a0<strong>robo<\/strong>, agentes de la\u00a0<strong>Polic\u00eda Nacional<\/strong>\u00a0y miembros de la\u00a0<strong>Direcci\u00f3n Central de Investigaci\u00f3n<\/strong>\u00a0(Dicrim) acudieron al complejo deportivo para realizar el\u00a0<strong>levantamiento de evidencias<\/strong>.<\/p>\n<p><img data-recalc-dims=\"1\" loading=\"lazy\" decoding=\"async\" class=\"alignnone size-medium wp-image-58192\" src=\"https:\/\/i0.wp.com\/solisinforma.com\/wp-content\/uploads\/2026\/08\/Villa-deportiva-robo.jpg?resize=640%2C360&#038;ssl=1\" alt=\"\" width=\"640\" height=\"360\" srcset=\"https:\/\/i0.wp.com\/solisinforma.com\/wp-content\/uploads\/2026\/08\/Villa-deportiva-robo.jpg?resize=1280%2C720&amp;ssl=1 1280w, https:\/\/i0.wp.com\/solisinforma.com\/wp-content\/uploads\/2026\/08\/Villa-deportiva-robo.jpg?resize=768%2C432&amp;ssl=1 768w, https:\/\/i0.wp.com\/solisinforma.com\/wp-content\/uploads\/2026\/08\/Villa-deportiva-robo.jpg?resize=1536%2C864&amp;ssl=1 1536w, https:\/\/i0.wp.com\/solisinforma.com\/wp-content\/uploads\/2026\/08\/Villa-deportiva-robo.jpg?resize=1024%2C576&amp;ssl=1 1024w, https:\/\/i0.wp.com\/solisinforma.com\/wp-content\/uploads\/2026\/08\/Villa-deportiva-robo.jpg?w=1600&amp;ssl=1 1600w\" sizes=\"auto, (max-width: 640px) 100vw, 640px\" \/><\/p>\n<h2>Revisan c\u00e1maras de seguridad<\/h2>\n<p>Las autoridades revisan las\u00a0<strong>c\u00e1maras de seguridad<\/strong>\u00a0y recopilan\u00a0<strong>informaci\u00f3n<\/strong>\u00a0para determinar c\u00f3mo ocurri\u00f3 el\u00a0<strong>hurto<\/strong>\u00a0e identificar la ruta utilizada por los\u00a0<strong>responsables<\/strong>\u00a0para escapar del lugar.<\/p>\n<p>De acuerdo con las pesquisas preliminares, los\u00a0<strong>investigadores<\/strong>\u00a0manejan\u00a0<strong>informaci\u00f3n<\/strong>\u00a0sobre\u00a0<strong>varias personas<\/strong>\u00a0que podr\u00edan estar vinculadas al\u00a0<strong>robo<\/strong>, por lo que no se descartan\u00a0<strong>apresamientos<\/strong>\u00a0en las pr\u00f3ximas horas.<\/p>\n<p>El hecho ha causado consternaci\u00f3n entre miembros de la comunidad deportiva de\u00a0<strong>Bayaguana<\/strong>, debido a que los\u00a0<strong>equipos<\/strong>\u00a0estaban destinados a reconocer el desempe\u00f1o de los\u00a0<strong>atletas y entrenadores<\/strong>\u00a0que representaron al municipio en la competencia internacional.<\/p>\n<p>Las autoridades contin\u00faan las\u00a0<strong>investigaciones<\/strong>\u00a0con el objetivo de identificar a los\u00a0<strong>responsables<\/strong>, recuperar los\u00a0<strong>televisores<\/strong>\u00a0y establecer las circunstancias en que ocurri\u00f3 el\u00a0<strong>robo<\/strong>.<\/p>\n","protected":false},"excerpt":{"rendered":"<p>Los equipos, valorados en m\u00e1s de 600,000 pesos, ser\u00edan entregados a deportistas y entrenadores que&#8230;<\/p>\n","protected":false},"author":2,"featured_media":58191,"comment_status":"open","ping_status":"open","sticky":false,"template":"","format":"standard","meta":{"_jetpack_newsletter_access":"","_jetpack_dont_email_post_to_subs":false,"_jetpack_newsletter_tier_id":0,"_jetpack_memberships_contains_paywalled_content":false,"_jetpack_memberships_contains_paid_content":false,"_joinchat":[],"footnotes":"","jetpack_publicize_message":"","jetpack_publicize_feature_enabled":true,"jetpack_social_post_already_shared":true,"jetpack_social_options":{"image_generator_settings":{"template":"highway","default_image_id":0,"font":"","enabled":false},"version":2},"jetpack_post_was_ever_published":false},"categories":[8,39],"tags":[7457,22571,15906,720,22572,46],"class_list":["post-58190","post","type-post","status-publish","format-standard","has-post-thumbnail","hentry","category-nacionales","category-primeraplana","tag-atletas","tag-juegos-centroamericanos-del-caribe-2026","tag-medallistas","tag-robo","tag-santo-domingo-2026","tag-solis-informa"],"yoast_head":"<!-- This site is optimized with the Yoast SEO plugin v24.9 - https:\/\/yoast.com\/wordpress\/plugins\/seo\/ -->\n<title>Roban 35 televisores donados a medallistas de Bayaguana de los Centroamericanos - Solis Informa<\/title>\n<meta name=\"robots\" content=\"index, follow, max-snippet:-1, max-image-preview:large, max-video-preview:-1\" \/>\n<link rel=\"canonical\" href=\"https:\/\/solisinforma.com\/?p=58190\" \/>\n<meta property=\"og:locale\" content=\"es_ES\" \/>\n<meta property=\"og:type\" content=\"article\" \/>\n<meta property=\"og:title\" content=\"Roban 35 televisores donados a medallistas de Bayaguana de los Centroamericanos - Solis Informa\" \/>\n<meta property=\"og:description\" content=\"Los equipos, valorados en m\u00e1s de 600,000 pesos, ser\u00edan entregados a deportistas y entrenadores que...\" \/>\n<meta property=\"og:url\" content=\"https:\/\/solisinforma.com\/?p=58190\" \/>\n<meta property=\"og:site_name\" content=\"Solis Informa\" \/>\n<meta property=\"article:publisher\" content=\"https:\/\/www.facebook.com\/Solisinforma1\/\" \/>\n<meta property=\"article:author\" content=\"https:\/\/www.facebook.com\/Solisinforma\/\" \/>\n<meta property=\"article:published_time\" content=\"2026-08-31T10:47:09+00:00\" \/>\n<meta property=\"og:image\" content=\"https:\/\/solisinforma.com\/wp-content\/uploads\/2026\/08\/Villa-deportiva-robo-televis-scaled.jpg\" \/>\n\t<meta property=\"og:image:width\" content=\"2560\" \/>\n\t<meta property=\"og:image:height\" content=\"1395\" \/>\n\t<meta property=\"og:image:type\" content=\"image\/jpeg\" \/>\n<meta name=\"author\" content=\"Hector Solis\" \/>\n<meta name=\"twitter:card\" content=\"summary_large_image\" \/>\n<meta name=\"twitter:creator\" content=\"@solisinforma1\" \/>\n<meta name=\"twitter:label1\" content=\"Escrito por\" \/>\n\t<meta name=\"twitter:data1\" content=\"Hector Solis\" \/>\n\t<meta name=\"twitter:label2\" content=\"Tiempo de lectura\" \/>\n\t<meta name=\"twitter:data2\" content=\"3 minutos\" \/>\n<script type=\"application\/ld+json\" class=\"yoast-schema-graph\">{\"@context\":\"https:\/\/schema.org\",\"@graph\":[{\"@type\":\"Article\",\"@id\":\"https:\/\/solisinforma.com\/?p=58190#article\",\"isPartOf\":{\"@id\":\"https:\/\/solisinforma.com\/?p=58190\"},\"author\":{\"name\":\"Hector Solis\",\"@id\":\"https:\/\/solisinforma.com\/#\/schema\/person\/db4967d1c8ed640d46bf21dc55215612\"},\"headline\":\"Roban 35 televisores donados a medallistas de Bayaguana de los Centroamericanos\",\"datePublished\":\"2026-08-31T10:47:09+00:00\",\"mainEntityOfPage\":{\"@id\":\"https:\/\/solisinforma.com\/?p=58190\"},\"wordCount\":370,\"commentCount\":0,\"publisher\":{\"@id\":\"https:\/\/solisinforma.com\/#organization\"},\"image\":{\"@id\":\"https:\/\/solisinforma.com\/?p=58190#primaryimage\"},\"thumbnailUrl\":\"https:\/\/i0.wp.com\/solisinforma.com\/wp-content\/uploads\/2026\/08\/Villa-deportiva-robo-televis-scaled.jpg?fit=2560%2C1395&ssl=1\",\"keywords\":[\"Atletas\",\"Juegos Centroamericanos del Caribe 2026\",\"Medallistas\",\"Robo\",\"Santo Domingo 2026\",\"Solis informa\"],\"articleSection\":[\"Nacionales\",\"Primera Plana\"],\"inLanguage\":\"es\",\"potentialAction\":[{\"@type\":\"CommentAction\",\"name\":\"Comment\",\"target\":[\"https:\/\/solisinforma.com\/?p=58190#respond\"]}]},{\"@type\":\"WebPage\",\"@id\":\"https:\/\/solisinforma.com\/?p=58190\",\"url\":\"https:\/\/solisinforma.com\/?p=58190\",\"name\":\"Roban 35 televisores donados a medallistas de Bayaguana de los Centroamericanos - Solis Informa\",\"isPartOf\":{\"@id\":\"https:\/\/solisinforma.com\/#website\"},\"primaryImageOfPage\":{\"@id\":\"https:\/\/solisinforma.com\/?p=58190#primaryimage\"},\"image\":{\"@id\":\"https:\/\/solisinforma.com\/?p=58190#primaryimage\"},\"thumbnailUrl\":\"https:\/\/i0.wp.com\/solisinforma.com\/wp-content\/uploads\/2026\/08\/Villa-deportiva-robo-televis-scaled.jpg?fit=2560%2C1395&ssl=1\",\"datePublished\":\"2026-08-31T10:47:09+00:00\",\"breadcrumb\":{\"@id\":\"https:\/\/solisinforma.com\/?p=58190#breadcrumb\"},\"inLanguage\":\"es\",\"potentialAction\":[{\"@type\":\"ReadAction\",\"target\":[\"https:\/\/solisinforma.com\/?p=58190\"]}]},{\"@type\":\"ImageObject\",\"inLanguage\":\"es\",\"@id\":\"https:\/\/solisinforma.com\/?p=58190#primaryimage\",\"url\":\"https:\/\/i0.wp.com\/solisinforma.com\/wp-content\/uploads\/2026\/08\/Villa-deportiva-robo-televis-scaled.jpg?fit=2560%2C1395&ssl=1\",\"contentUrl\":\"https:\/\/i0.wp.com\/solisinforma.com\/wp-content\/uploads\/2026\/08\/Villa-deportiva-robo-televis-scaled.jpg?fit=2560%2C1395&ssl=1\",\"width\":2560,\"height\":1395},{\"@type\":\"BreadcrumbList\",\"@id\":\"https:\/\/solisinforma.com\/?p=58190#breadcrumb\",\"itemListElement\":[{\"@type\":\"ListItem\",\"position\":1,\"name\":\"Portada\",\"item\":\"https:\/\/solisinforma.com\/\"},{\"@type\":\"ListItem\",\"position\":2,\"name\":\"Roban 35 televisores donados a medallistas de Bayaguana de los Centroamericanos\"}]},{\"@type\":\"WebSite\",\"@id\":\"https:\/\/solisinforma.com\/#website\",\"url\":\"https:\/\/solisinforma.com\/\",\"name\":\"Solis Informa\",\"description\":\"El Diario de San Juan\",\"publisher\":{\"@id\":\"https:\/\/solisinforma.com\/#organization\"},\"potentialAction\":[{\"@type\":\"SearchAction\",\"target\":{\"@type\":\"EntryPoint\",\"urlTemplate\":\"https:\/\/solisinforma.com\/?s={search_term_string}\"},\"query-input\":{\"@type\":\"PropertyValueSpecification\",\"valueRequired\":true,\"valueName\":\"search_term_string\"}}],\"inLanguage\":\"es\"},{\"@type\":\"Organization\",\"@id\":\"https:\/\/solisinforma.com\/#organization\",\"name\":\"Solis Informa\",\"url\":\"https:\/\/solisinforma.com\/\",\"logo\":{\"@type\":\"ImageObject\",\"inLanguage\":\"es\",\"@id\":\"https:\/\/solisinforma.com\/#\/schema\/logo\/image\/\",\"url\":\"https:\/\/i0.wp.com\/solisinforma.com\/wp-content\/uploads\/2020\/07\/cropped-solis-4.png?fit=512%2C512&ssl=1\",\"contentUrl\":\"https:\/\/i0.wp.com\/solisinforma.com\/wp-content\/uploads\/2020\/07\/cropped-solis-4.png?fit=512%2C512&ssl=1\",\"width\":512,\"height\":512,\"caption\":\"Solis Informa\"},\"image\":{\"@id\":\"https:\/\/solisinforma.com\/#\/schema\/logo\/image\/\"},\"sameAs\":[\"https:\/\/www.facebook.com\/Solisinforma1\/\"]},{\"@type\":\"Person\",\"@id\":\"https:\/\/solisinforma.com\/#\/schema\/person\/db4967d1c8ed640d46bf21dc55215612\",\"name\":\"Hector Solis\",\"image\":{\"@type\":\"ImageObject\",\"inLanguage\":\"es\",\"@id\":\"https:\/\/solisinforma.com\/#\/schema\/person\/image\/\",\"url\":\"https:\/\/secure.gravatar.com\/avatar\/3e116868529a43555438940611160b9cf01e4fb17f119453a6329d96e10fecf8?s=96&d=mm&r=g\",\"contentUrl\":\"https:\/\/secure.gravatar.com\/avatar\/3e116868529a43555438940611160b9cf01e4fb17f119453a6329d96e10fecf8?s=96&d=mm&r=g\",\"caption\":\"Hector Solis\"},\"sameAs\":[\"http:\/\/Solisinforma.com\",\"https:\/\/www.facebook.com\/Solisinforma\/\",\"https:\/\/www.instagram.com\/solisinforma\/\",\"www.linkedin.com\/in\/hectorsolisinforma\",\"https:\/\/x.com\/solisinforma1\",\"@Solisinformaenvivo\",\"https:\/\/soundcloud.com\/solisinforma\"],\"url\":\"https:\/\/solisinforma.com\/?author=2\"}]}<\/script>\n<!-- \/ Yoast SEO plugin. -->","yoast_head_json":{"title":"Roban 35 televisores donados a medallistas de Bayaguana de los Centroamericanos - Solis Informa","robots":{"index":"index","follow":"follow","max-snippet":"max-snippet:-1","max-image-preview":"max-image-preview:large","max-video-preview":"max-video-preview:-1"},"canonical":"https:\/\/solisinforma.com\/?p=58190","og_locale":"es_ES","og_type":"article","og_title":"Roban 35 televisores donados a medallistas de Bayaguana de los Centroamericanos - Solis Informa","og_description":"Los equipos, valorados en m\u00e1s de 600,000 pesos, ser\u00edan entregados a deportistas y entrenadores que...","og_url":"https:\/\/solisinforma.com\/?p=58190","og_site_name":"Solis Informa","article_publisher":"https:\/\/www.facebook.com\/Solisinforma1\/","article_author":"https:\/\/www.facebook.com\/Solisinforma\/","article_published_time":"2026-08-31T10:47:09+00:00","og_image":[{"width":2560,"height":1395,"url":"https:\/\/solisinforma.com\/wp-content\/uploads\/2026\/08\/Villa-deportiva-robo-televis-scaled.jpg","type":"image\/jpeg"}],"author":"Hector Solis","twitter_card":"summary_large_image","twitter_creator":"@solisinforma1","twitter_misc":{"Escrito por":"Hector Solis","Tiempo de lectura":"3 minutos"},"schema":{"@context":"https:\/\/schema.org","@graph":[{"@type":"Article","@id":"https:\/\/solisinforma.com\/?p=58190#article","isPartOf":{"@id":"https:\/\/solisinforma.com\/?p=58190"},"author":{"name":"Hector Solis","@id":"https:\/\/solisinforma.com\/#\/schema\/person\/db4967d1c8ed640d46bf21dc55215612"},"headline":"Roban 35 televisores donados a medallistas de Bayaguana de los Centroamericanos","datePublished":"2026-08-31T10:47:09+00:00","mainEntityOfPage":{"@id":"https:\/\/solisinforma.com\/?p=58190"},"wordCount":370,"commentCount":0,"publisher":{"@id":"https:\/\/solisinforma.com\/#organization"},"image":{"@id":"https:\/\/solisinforma.com\/?p=58190#primaryimage"},"thumbnailUrl":"https:\/\/i0.wp.com\/solisinforma.com\/wp-content\/uploads\/2026\/08\/Villa-deportiva-robo-televis-scaled.jpg?fit=2560%2C1395&ssl=1","keywords":["Atletas","Juegos Centroamericanos del Caribe 2026","Medallistas","Robo","Santo Domingo 2026","Solis informa"],"articleSection":["Nacionales","Primera Plana"],"inLanguage":"es","potentialAction":[{"@type":"CommentAction","name":"Comment","target":["https:\/\/solisinforma.com\/?p=58190#respond"]}]},{"@type":"WebPage","@id":"https:\/\/solisinforma.com\/?p=58190","url":"https:\/\/solisinforma.com\/?p=58190","name":"Roban 35 televisores donados a medallistas de Bayaguana de los Centroamericanos - Solis Informa","isPartOf":{"@id":"https:\/\/solisinforma.com\/#website"},"primaryImageOfPage":{"@id":"https:\/\/solisinforma.com\/?p=58190#primaryimage"},"image":{"@id":"https:\/\/solisinforma.com\/?p=58190#primaryimage"},"thumbnailUrl":"https:\/\/i0.wp.com\/solisinforma.com\/wp-content\/uploads\/2026\/08\/Villa-deportiva-robo-televis-scaled.jpg?fit=2560%2C1395&ssl=1","datePublished":"2026-08-31T10:47:09+00:00","breadcrumb":{"@id":"https:\/\/solisinforma.com\/?p=58190#breadcrumb"},"inLanguage":"es","potentialAction":[{"@type":"ReadAction","target":["https:\/\/solisinforma.com\/?p=58190"]}]},{"@type":"ImageObject","inLanguage":"es","@id":"https:\/\/solisinforma.com\/?p=58190#primaryimage","url":"https:\/\/i0.wp.com\/solisinforma.com\/wp-content\/uploads\/2026\/08\/Villa-deportiva-robo-televis-scaled.jpg?fit=2560%2C1395&ssl=1","contentUrl":"https:\/\/i0.wp.com\/solisinforma.com\/wp-content\/uploads\/2026\/08\/Villa-deportiva-robo-televis-scaled.jpg?fit=2560%2C1395&ssl=1","width":2560,"height":1395},{"@type":"BreadcrumbList","@id":"https:\/\/solisinforma.com\/?p=58190#breadcrumb","itemListElement":[{"@type":"ListItem","position":1,"name":"Portada","item":"https:\/\/solisinforma.com\/"},{"@type":"ListItem","position":2,"name":"Roban 35 televisores donados a medallistas de Bayaguana de los Centroamericanos"}]},{"@type":"WebSite","@id":"https:\/\/solisinforma.com\/#website","url":"https:\/\/solisinforma.com\/","name":"Solis Informa","description":"El Diario de San Juan","publisher":{"@id":"https:\/\/solisinforma.com\/#organization"},"potentialAction":[{"@type":"SearchAction","target":{"@type":"EntryPoint","urlTemplate":"https:\/\/solisinforma.com\/?s={search_term_string}"},"query-input":{"@type":"PropertyValueSpecification","valueRequired":true,"valueName":"search_term_string"}}],"inLanguage":"es"},{"@type":"Organization","@id":"https:\/\/solisinforma.com\/#organization","name":"Solis Informa","url":"https:\/\/solisinforma.com\/","logo":{"@type":"ImageObject","inLanguage":"es","@id":"https:\/\/solisinforma.com\/#\/schema\/logo\/image\/","url":"https:\/\/i0.wp.com\/solisinforma.com\/wp-content\/uploads\/2020\/07\/cropped-solis-4.png?fit=512%2C512&ssl=1","contentUrl":"https:\/\/i0.wp.com\/solisinforma.com\/wp-content\/uploads\/2020\/07\/cropped-solis-4.png?fit=512%2C512&ssl=1","width":512,"height":512,"caption":"Solis Informa"},"image":{"@id":"https:\/\/solisinforma.com\/#\/schema\/logo\/image\/"},"sameAs":["https:\/\/www.facebook.com\/Solisinforma1\/"]},{"@type":"Person","@id":"https:\/\/solisinforma.com\/#\/schema\/person\/db4967d1c8ed640d46bf21dc55215612","name":"Hector Solis","image":{"@type":"ImageObject","inLanguage":"es","@id":"https:\/\/solisinforma.com\/#\/schema\/person\/image\/","url":"https:\/\/secure.gravatar.com\/avatar\/3e116868529a43555438940611160b9cf01e4fb17f119453a6329d96e10fecf8?s=96&d=mm&r=g","contentUrl":"https:\/\/secure.gravatar.com\/avatar\/3e116868529a43555438940611160b9cf01e4fb17f119453a6329d96e10fecf8?s=96&d=mm&r=g","caption":"Hector Solis"},"sameAs":["http:\/\/Solisinforma.com","https:\/\/www.facebook.com\/Solisinforma\/","https:\/\/www.instagram.com\/solisinforma\/","www.linkedin.com\/in\/hectorsolisinforma","https:\/\/x.com\/solisinforma1","@Solisinformaenvivo","https:\/\/soundcloud.com\/solisinforma"],"url":"https:\/\/solisinforma.com\/?author=2"}]}},"jetpack_publicize_connections":[],"jetpack_featured_media_url":"https:\/\/i0.wp.com\/solisinforma.com\/wp-content\/uploads\/2026\/08\/Villa-deportiva-robo-televis-scaled.jpg?fit=2560%2C1395&ssl=1","jetpack_sharing_enabled":true,"jetpack_likes_enabled":true,"jetpack-related-posts":[{"id":57761,"url":"https:\/\/solisinforma.com\/?p=57761","url_meta":{"origin":58190,"position":0},"title":"Hito. Dominicana finaliz\u00f3 con 46 medallas de oro y queda en el quinto lugar","author":"Hector Solis","date":"10 de agosto de 2026","format":false,"excerpt":"El pa\u00eds registra su actuaci\u00f3n de mayor historia en las participaciones en estos eventos. Los atletas dominicanos se entregaron hasta el \u00faltimo esfuerzo y dejaron una huella que va mucho m\u00e1s all\u00e1 de las medallas. En los XXV Juegos Centroamericanos y del Caribe, un precedente, los recuerdos quedar\u00e1n en la\u2026","rel":"","context":"En \u00abNacionales\u00bb","block_context":{"text":"Nacionales","link":"https:\/\/solisinforma.com\/?cat=8"},"img":{"alt_text":"","src":"https:\/\/i0.wp.com\/solisinforma.com\/wp-content\/uploads\/2026\/08\/Liranyi-atleta-oro-scaled-e1786359286486.png?fit=1200%2C800&ssl=1&resize=350%2C200","width":350,"height":200,"srcset":"https:\/\/i0.wp.com\/solisinforma.com\/wp-content\/uploads\/2026\/08\/Liranyi-atleta-oro-scaled-e1786359286486.png?fit=1200%2C800&ssl=1&resize=350%2C200 1x, https:\/\/i0.wp.com\/solisinforma.com\/wp-content\/uploads\/2026\/08\/Liranyi-atleta-oro-scaled-e1786359286486.png?fit=1200%2C800&ssl=1&resize=525%2C300 1.5x, https:\/\/i0.wp.com\/solisinforma.com\/wp-content\/uploads\/2026\/08\/Liranyi-atleta-oro-scaled-e1786359286486.png?fit=1200%2C800&ssl=1&resize=700%2C400 2x, https:\/\/i0.wp.com\/solisinforma.com\/wp-content\/uploads\/2026\/08\/Liranyi-atleta-oro-scaled-e1786359286486.png?fit=1200%2C800&ssl=1&resize=1050%2C600 3x"},"classes":[]},{"id":57978,"url":"https:\/\/solisinforma.com\/?p=57978","url_meta":{"origin":58190,"position":1},"title":"Esto es lo que Liranyi Alonso piensa con el dinero que ha ganado en atletismo","author":"Hector Solis","date":"18 de agosto de 2026","format":false,"excerpt":"\u201cMis padres y yo hemos hablado mucho de eso. \"Queremos mantenernos humildes, trabajar con cabeza y no volvernos locos\", dijo la atleta al List\u00edn Diario. Hay personas cuya vida puede cambiar en segundos. No necesariamente porque acierten los n\u00fameros de la loter\u00eda. A veces basta con correr 100 metros. Para\u00a0Liranyi\u2026","rel":"","context":"En \u00abDeportes\u00bb","block_context":{"text":"Deportes","link":"https:\/\/solisinforma.com\/?cat=11"},"img":{"alt_text":"","src":"https:\/\/i0.wp.com\/solisinforma.com\/wp-content\/uploads\/2026\/08\/Liranyi-Alonso.jpeg?fit=1200%2C675&ssl=1&resize=350%2C200","width":350,"height":200,"srcset":"https:\/\/i0.wp.com\/solisinforma.com\/wp-content\/uploads\/2026\/08\/Liranyi-Alonso.jpeg?fit=1200%2C675&ssl=1&resize=350%2C200 1x, https:\/\/i0.wp.com\/solisinforma.com\/wp-content\/uploads\/2026\/08\/Liranyi-Alonso.jpeg?fit=1200%2C675&ssl=1&resize=525%2C300 1.5x, https:\/\/i0.wp.com\/solisinforma.com\/wp-content\/uploads\/2026\/08\/Liranyi-Alonso.jpeg?fit=1200%2C675&ssl=1&resize=700%2C400 2x, https:\/\/i0.wp.com\/solisinforma.com\/wp-content\/uploads\/2026\/08\/Liranyi-Alonso.jpeg?fit=1200%2C675&ssl=1&resize=1050%2C600 3x"},"classes":[]},{"id":57710,"url":"https:\/\/solisinforma.com\/?p=57710","url_meta":{"origin":58190,"position":2},"title":"El relevo mixto dominicano de 4x100m es descalificado y pierde la medalla de oro","author":"Hector Solis","date":"5 de agosto de 2026","format":false,"excerpt":"Los representantes dominicanos cometieron obstrucci\u00f3n en el primer pase del testigo e invadi\u00f3 un carril contiguo en el \u00faltimo. El equipo de\u00a0relevo mixto dominicano\u00a0de 4x100m fue\u00a0descalificado\u00a0y despojado de la\u00a0medalla de oro\u00a0de los\u00a0Juegos Centroamericanos\u00a0y del Caribe, seg\u00fan inform\u00f3 el departamento de la competencia. La cuarteta compuesta por\u00a0Fiordaliza Cofil, Mayovanex\u00a0de Oleo, Jos\u00e9\u2026","rel":"","context":"En \u00abDeportes\u00bb","block_context":{"text":"Deportes","link":"https:\/\/solisinforma.com\/?cat=11"},"img":{"alt_text":"","src":"https:\/\/i0.wp.com\/solisinforma.com\/wp-content\/uploads\/2026\/08\/Relevo-mixo-RD-oro.png?fit=1200%2C802&ssl=1&resize=350%2C200","width":350,"height":200,"srcset":"https:\/\/i0.wp.com\/solisinforma.com\/wp-content\/uploads\/2026\/08\/Relevo-mixo-RD-oro.png?fit=1200%2C802&ssl=1&resize=350%2C200 1x, https:\/\/i0.wp.com\/solisinforma.com\/wp-content\/uploads\/2026\/08\/Relevo-mixo-RD-oro.png?fit=1200%2C802&ssl=1&resize=525%2C300 1.5x, https:\/\/i0.wp.com\/solisinforma.com\/wp-content\/uploads\/2026\/08\/Relevo-mixo-RD-oro.png?fit=1200%2C802&ssl=1&resize=700%2C400 2x, https:\/\/i0.wp.com\/solisinforma.com\/wp-content\/uploads\/2026\/08\/Relevo-mixo-RD-oro.png?fit=1200%2C802&ssl=1&resize=1050%2C600 3x"},"classes":[]},{"id":19823,"url":"https:\/\/solisinforma.com\/?p=19823","url_meta":{"origin":58190,"position":3},"title":"Sanjuanero gana oro en los 200 metros; Cofil, Agramonte y Paulino bronce","author":"Hector Solis","date":"6 de julio de 2023","format":false,"excerpt":"El velocista Alexander Ogando hizo valer su condici\u00f3n de medallista ol\u00edmpico al ganar la medalla de oro que entreg\u00f3 la modalidad de los 200 metros planos masculinos este mi\u00e9rcoles en el atletismo de los Juegos Centroamericanos y del Caribe que se celebran aqu\u00ed. Ogando, quien obtuvo medalla de plata en\u2026","rel":"","context":"En \u00abDeportes\u00bb","block_context":{"text":"Deportes","link":"https:\/\/solisinforma.com\/?cat=11"},"img":{"alt_text":"","src":"https:\/\/i0.wp.com\/solisinforma.com\/wp-content\/uploads\/2023\/07\/Alexander-Ogando-Oro.jpeg?fit=1200%2C780&ssl=1&resize=350%2C200","width":350,"height":200,"srcset":"https:\/\/i0.wp.com\/solisinforma.com\/wp-content\/uploads\/2023\/07\/Alexander-Ogando-Oro.jpeg?fit=1200%2C780&ssl=1&resize=350%2C200 1x, https:\/\/i0.wp.com\/solisinforma.com\/wp-content\/uploads\/2023\/07\/Alexander-Ogando-Oro.jpeg?fit=1200%2C780&ssl=1&resize=525%2C300 1.5x, https:\/\/i0.wp.com\/solisinforma.com\/wp-content\/uploads\/2023\/07\/Alexander-Ogando-Oro.jpeg?fit=1200%2C780&ssl=1&resize=700%2C400 2x, https:\/\/i0.wp.com\/solisinforma.com\/wp-content\/uploads\/2023\/07\/Alexander-Ogando-Oro.jpeg?fit=1200%2C780&ssl=1&resize=1050%2C600 3x"},"classes":[]},{"id":26337,"url":"https:\/\/solisinforma.com\/?p=26337","url_meta":{"origin":58190,"position":4},"title":"Marileidy Paulino, solvente, ni tuvo que acelerar para llegar a la final","author":"Hector Solis","date":"8 de agosto de 2024","format":false,"excerpt":"La campeona del mundo gan\u00f3 con holgura en la semifinal. El atletismo dominicano vivi\u00f3 un mi\u00e9rcoles para so\u00f1ar en el Stade de France, con casi sus 80,698 butacas ocupadas. Minutos antes de un plato fuerte donde\u00a0Marileidy Paulino\u00a0no solo cumpli\u00f3, sino que despej\u00f3 dudas sobre sus opciones a lo m\u00e1s alto,\u00a0Alexander\u2026","rel":"","context":"En \u00abDeportes\u00bb","block_context":{"text":"Deportes","link":"https:\/\/solisinforma.com\/?cat=11"},"img":{"alt_text":"","src":"https:\/\/i0.wp.com\/solisinforma.com\/wp-content\/uploads\/2024\/08\/Marileidy-Paulino-va-por-oro.jpg?fit=1200%2C802&ssl=1&resize=350%2C200","width":350,"height":200,"srcset":"https:\/\/i0.wp.com\/solisinforma.com\/wp-content\/uploads\/2024\/08\/Marileidy-Paulino-va-por-oro.jpg?fit=1200%2C802&ssl=1&resize=350%2C200 1x, https:\/\/i0.wp.com\/solisinforma.com\/wp-content\/uploads\/2024\/08\/Marileidy-Paulino-va-por-oro.jpg?fit=1200%2C802&ssl=1&resize=525%2C300 1.5x, https:\/\/i0.wp.com\/solisinforma.com\/wp-content\/uploads\/2024\/08\/Marileidy-Paulino-va-por-oro.jpg?fit=1200%2C802&ssl=1&resize=700%2C400 2x, https:\/\/i0.wp.com\/solisinforma.com\/wp-content\/uploads\/2024\/08\/Marileidy-Paulino-va-por-oro.jpg?fit=1200%2C802&ssl=1&resize=1050%2C600 3x"},"classes":[]},{"id":57546,"url":"https:\/\/solisinforma.com\/?p=57546","url_meta":{"origin":58190,"position":5},"title":"Wander Franco se integra a los entrenamientos para los Centroamericanos sin estar roster","author":"Hector Solis","date":"17 de julio de 2026","format":false,"excerpt":"El pelotero fue condenado por abuso sexual a una menor de edad. Recibi\u00f3 un perd\u00f3n judicial del tribunal que conoci\u00f3 el caso por considerarlo una v\u00edctima de la madre de la menor \u00a0 La Federaci\u00f3n de B\u00e9isbol inform\u00f3 que el campocorto dominicano Wander Franco\u00a0fue integrado a los entrenamientos de la\u2026","rel":"","context":"En \u00abNacionales\u00bb","block_context":{"text":"Nacionales","link":"https:\/\/solisinforma.com\/?cat=8"},"img":{"alt_text":"","src":"https:\/\/i0.wp.com\/solisinforma.com\/wp-content\/uploads\/2026\/07\/Wander-Franco-entrenaminetos.jpg?fit=1024%2C572&ssl=1&resize=350%2C200","width":350,"height":200,"srcset":"https:\/\/i0.wp.com\/solisinforma.com\/wp-content\/uploads\/2026\/07\/Wander-Franco-entrenaminetos.jpg?fit=1024%2C572&ssl=1&resize=350%2C200 1x, https:\/\/i0.wp.com\/solisinforma.com\/wp-content\/uploads\/2026\/07\/Wander-Franco-entrenaminetos.jpg?fit=1024%2C572&ssl=1&resize=525%2C300 1.5x, https:\/\/i0.wp.com\/solisinforma.com\/wp-content\/uploads\/2026\/07\/Wander-Franco-entrenaminetos.jpg?fit=1024%2C572&ssl=1&resize=700%2C400 2x"},"classes":[]}],"jetpack_shortlink":"https:\/\/wp.me\/pc2Svn-f8y","_links":{"self":[{"href":"https:\/\/solisinforma.com\/index.php?rest_route=\/wp\/v2\/posts\/58190","targetHints":{"allow":["GET"]}}],"collection":[{"href":"https:\/\/solisinforma.com\/index.php?rest_route=\/wp\/v2\/posts"}],"about":[{"href":"https:\/\/solisinforma.com\/index.php?rest_route=\/wp\/v2\/types\/post"}],"author":[{"embeddable":true,"href":"https:\/\/solisinforma.com\/index.php?rest_route=\/wp\/v2\/users\/2"}],"replies":[{"embeddable":true,"href":"https:\/\/solisinforma.com\/index.php?rest_route=%2Fwp%2Fv2%2Fcomments&post=58190"}],"version-history":[{"count":1,"href":"https:\/\/solisinforma.com\/index.php?rest_route=\/wp\/v2\/posts\/58190\/revisions"}],"predecessor-version":[{"id":58193,"href":"https:\/\/solisinforma.com\/index.php?rest_route=\/wp\/v2\/posts\/58190\/revisions\/58193"}],"wp:featuredmedia":[{"embeddable":true,"href":"https:\/\/solisinforma.com\/index.php?rest_route=\/wp\/v2\/media\/58191"}],"wp:attachment":[{"href":"https:\/\/solisinforma.com\/index.php?rest_route=%2Fwp%2Fv2%2Fmedia&parent=58190"}],"wp:term":[{"taxonomy":"category","embeddable":true,"href":"https:\/\/solisinforma.com\/index.php?rest_route=%2Fwp%2Fv2%2Fcategories&post=58190"},{"taxonomy":"post_tag","embeddable":true,"href":"https:\/\/solisinforma.com\/index.php?rest_route=%2Fwp%2Fv2%2Ftags&post=58190"}],"curies":[{"name":"wp","href":"https:\/\/api.w.org\/{rel}","templated":true}]}}