{"id":58198,"date":"2026-08-31T11:26:12","date_gmt":"2026-08-31T15:26:12","guid":{"rendered":"https:\/\/solisinforma.com\/?p=58198"},"modified":"2026-08-31T11:26:12","modified_gmt":"2026-08-31T15:26:12","slug":"oficializan-el-primer-matrimonio-publico-de-una-pareja-trans-en-la-republica-dominicana","status":"publish","type":"post","link":"https:\/\/solisinforma.com\/?p=58198","title":{"rendered":"Oficializan el primer matrimonio p\u00fablico de una pareja trans en la Rep\u00fablica Dominicana"},"content":{"rendered":"<p><strong>Cabe resaltar que, conforme a la ley, la Junta Central Electoral est\u00e1 oficializando el matrimonio entre un hombre y una mujer, aunque en este caso se trata de una pareja en la que uno de sus integrantes es un hombre trans y la otra, una mujer tran<\/strong><\/p>\n<p><img data-recalc-dims=\"1\" loading=\"lazy\" decoding=\"async\" class=\"alignnone size-medium wp-image-58200\" src=\"https:\/\/i0.wp.com\/solisinforma.com\/wp-content\/uploads\/2026\/08\/InShot_20260831_112244041.jpg?resize=640%2C360&#038;ssl=1\" alt=\"\" width=\"640\" height=\"360\" srcset=\"https:\/\/i0.wp.com\/solisinforma.com\/wp-content\/uploads\/2026\/08\/InShot_20260831_112244041.jpg?resize=1280%2C720&amp;ssl=1 1280w, https:\/\/i0.wp.com\/solisinforma.com\/wp-content\/uploads\/2026\/08\/InShot_20260831_112244041.jpg?resize=768%2C432&amp;ssl=1 768w, https:\/\/i0.wp.com\/solisinforma.com\/wp-content\/uploads\/2026\/08\/InShot_20260831_112244041.jpg?resize=1536%2C863&amp;ssl=1 1536w, https:\/\/i0.wp.com\/solisinforma.com\/wp-content\/uploads\/2026\/08\/InShot_20260831_112244041.jpg?resize=1024%2C575&amp;ssl=1 1024w, https:\/\/i0.wp.com\/solisinforma.com\/wp-content\/uploads\/2026\/08\/InShot_20260831_112244041.jpg?w=1920&amp;ssl=1 1920w\" sizes=\"auto, (max-width: 640px) 100vw, 640px\" \/><\/p>\n<p>Santo Domingo.- Jayden Resto Holgu\u00edn y Regina Balaguer de Resto (Reina de Coronas) marcaron un precedente en la historia de los derechos civiles al formalizar recientemente su uni\u00f3n matrimonial ante la Junta Central Electoral, convirti\u00e9ndose p\u00fablicamente en el primer matrimonio legal registrado entre un hombre y una mujer trans que portan sus respectivas identidades de g\u00e9nero.<\/p>\n<p>Historia de amor<\/p>\n<p>La particular historia de amor de esta pareja comenz\u00f3 a tejerse a trav\u00e9s de las redes sociales, manteniendo comunicaci\u00f3n continua a distancia durante cuatro meses antes de conocerse f\u00edsicamente, dando paso a una s\u00f3lida relaci\u00f3n sentimental de dos a\u00f1os que culmin\u00f3 con la firme decisi\u00f3n de contraer nupcias iniciando los tr\u00e1mites burocr\u00e1ticos correspondientes en mayo.<\/p>\n<p>Oficializan el primer matrimonio p\u00fablico de una pareja trans en la Rep\u00fablica Dominicana<\/p>\n<p>Jayden Resto Holgu\u00edn y Regina Balaguer de Resto (Reina de Coronas). Fuente: Instagram.<\/p>\n<p>Los protagonistas de esta historia amorosa aseguran que el proceso administrativo para legalizar su uni\u00f3n sentimental estuvo marcado por diversos obst\u00e1culos institucionales, que ralentizaron la oficializaci\u00f3n de la uni\u00f3n.<\/p>\n<p>Seg\u00fan Regina, quien acumula miles de seguidores en su perfil de Instagram \u00abReina de Coronas\u00bb, al entregar todos los documentos requeridos, varios empleados se negaban a casarlos, argumentando excusas relacionadas con su apariencia f\u00edsica, pese a no existir ning\u00fan c\u00f3digo de vestimenta en las normativas.<\/p>\n<p>Nupcias<\/p>\n<p>Frente a esta negativa institucional, la pareja recibi\u00f3 orientaci\u00f3n legal oportuna por parte de la organizaci\u00f3n activista Trans Siempre Amigas para lograr superar el evidente bloqueo burocr\u00e1tico, destacando posteriormente que, a pesar del supuesto maltrato inicial, el oficial civil responsable de la ceremonia nupcial mantuvo en todo momento un comportamiento completamente respetuoso y modesto.<\/p>\n<p>Oficializan el primer matrimonio p\u00fablico de una pareja trans en la Rep\u00fablica Dominicana<\/p>\n<p>Jayden Resto Holgu\u00edn y Regina Balaguer de Resto (Reina de Coronas) posan para sesi\u00f3n de fotos de boda. Fuente: Instagram.<\/p>\n<p>Tanto las organizaciones defensoras de derechos humanos como los propios contrayentes celebraron la materializaci\u00f3n de este in\u00e9dito enlace nupcial, consider\u00e1ndolo un paso gigantesco para lograr la visibilidad de estas comunidades marginadas, asegurando Regina que este reconocimiento oficial del Estado representa el inicio de una lucha incansable para conquistar las garant\u00edas civiles que a\u00fan les niegan en nuestra sociedad.<\/p>\n<p>Cabe resaltar que, conforme a la ley, la Junta Central Electoral est\u00e1 oficializando el matrimonio entre un hombre y una mujer, aunque en este caso se trata de una pareja en la que uno de sus integrantes es un hombre trans y la otra, una mujer trans.<\/p>\n<p>Jayden Resto y Regina Balaguer formalizaron su relaci\u00f3n matrimonial superando varios episodios de discriminaci\u00f3n institucional para marcar un hito en materia de derechos civiles<\/p>\n","protected":false},"excerpt":{"rendered":"<p>Cabe resaltar que, conforme a la ley, la Junta Central Electoral est\u00e1 oficializando el matrimonio&#8230;<\/p>\n","protected":false},"author":2,"featured_media":58200,"comment_status":"open","ping_status":"open","sticky":false,"template":"","format":"standard","meta":{"_jetpack_newsletter_access":"","_jetpack_dont_email_post_to_subs":false,"_jetpack_newsletter_tier_id":0,"_jetpack_memberships_contains_paywalled_content":false,"_jetpack_memberships_contains_paid_content":false,"_joinchat":[],"footnotes":"","jetpack_publicize_message":"","jetpack_publicize_feature_enabled":true,"jetpack_social_post_already_shared":true,"jetpack_social_options":{"image_generator_settings":{"template":"highway","default_image_id":0,"font":"","enabled":false},"version":2},"jetpack_post_was_ever_published":false},"categories":[8,174,39],"tags":[22580,22578,22579,1343,22577,46],"class_list":["post-58198","post","type-post","status-publish","format-standard","has-post-thumbnail","hentry","category-nacionales","category-noticias","category-primeraplana","tag-comunidad-trans","tag-derechos-civiles","tag-jayden-resto-y-regina-balaguer","tag-junta-central-electoral","tag-matrimonio-trans-en-republica-dominicana","tag-solis-informa"],"yoast_head":"<!-- This site is optimized with the Yoast SEO plugin v24.9 - https:\/\/yoast.com\/wordpress\/plugins\/seo\/ -->\n<title>Oficializan el primer matrimonio p\u00fablico de una pareja trans en la Rep\u00fablica Dominicana - Solis Informa<\/title>\n<meta name=\"robots\" content=\"index, follow, max-snippet:-1, max-image-preview:large, max-video-preview:-1\" \/>\n<link rel=\"canonical\" href=\"https:\/\/solisinforma.com\/?p=58198\" \/>\n<meta property=\"og:locale\" content=\"es_ES\" \/>\n<meta property=\"og:type\" content=\"article\" \/>\n<meta property=\"og:title\" content=\"Oficializan el primer matrimonio p\u00fablico de una pareja trans en la Rep\u00fablica Dominicana - Solis Informa\" \/>\n<meta property=\"og:description\" content=\"Cabe resaltar que, conforme a la ley, la Junta Central Electoral est\u00e1 oficializando el matrimonio...\" \/>\n<meta property=\"og:url\" content=\"https:\/\/solisinforma.com\/?p=58198\" \/>\n<meta property=\"og:site_name\" content=\"Solis Informa\" \/>\n<meta property=\"article:publisher\" content=\"https:\/\/www.facebook.com\/Solisinforma1\/\" \/>\n<meta property=\"article:author\" content=\"https:\/\/www.facebook.com\/Solisinforma\/\" \/>\n<meta property=\"article:published_time\" content=\"2026-08-31T15:26:12+00:00\" \/>\n<meta property=\"og:image\" content=\"https:\/\/solisinforma.com\/wp-content\/uploads\/2026\/08\/InShot_20260831_112244041.jpg\" \/>\n\t<meta property=\"og:image:width\" content=\"1920\" \/>\n\t<meta property=\"og:image:height\" content=\"1079\" \/>\n\t<meta property=\"og:image:type\" content=\"image\/jpeg\" \/>\n<meta name=\"author\" content=\"Hector Solis\" \/>\n<meta name=\"twitter:card\" content=\"summary_large_image\" \/>\n<meta name=\"twitter:creator\" content=\"@solisinforma1\" \/>\n<meta name=\"twitter:label1\" content=\"Escrito por\" \/>\n\t<meta name=\"twitter:data1\" content=\"Hector Solis\" \/>\n\t<meta name=\"twitter:label2\" content=\"Tiempo de lectura\" \/>\n\t<meta name=\"twitter:data2\" content=\"3 minutos\" \/>\n<script type=\"application\/ld+json\" class=\"yoast-schema-graph\">{\"@context\":\"https:\/\/schema.org\",\"@graph\":[{\"@type\":\"Article\",\"@id\":\"https:\/\/solisinforma.com\/?p=58198#article\",\"isPartOf\":{\"@id\":\"https:\/\/solisinforma.com\/?p=58198\"},\"author\":{\"name\":\"Hector Solis\",\"@id\":\"https:\/\/solisinforma.com\/#\/schema\/person\/db4967d1c8ed640d46bf21dc55215612\"},\"headline\":\"Oficializan el primer matrimonio p\u00fablico de una pareja trans en la Rep\u00fablica Dominicana\",\"datePublished\":\"2026-08-31T15:26:12+00:00\",\"mainEntityOfPage\":{\"@id\":\"https:\/\/solisinforma.com\/?p=58198\"},\"wordCount\":533,\"commentCount\":0,\"publisher\":{\"@id\":\"https:\/\/solisinforma.com\/#organization\"},\"image\":{\"@id\":\"https:\/\/solisinforma.com\/?p=58198#primaryimage\"},\"thumbnailUrl\":\"https:\/\/i0.wp.com\/solisinforma.com\/wp-content\/uploads\/2026\/08\/InShot_20260831_112244041.jpg?fit=1920%2C1079&ssl=1\",\"keywords\":[\"comunidad trans\",\"derechos civiles\",\"Jayden Resto y Regina Balaguer\",\"Junta Central Electoral\",\"matrimonio trans en Rep\u00fablica Dominicana\",\"Solis informa\"],\"articleSection\":[\"Nacionales\",\"Noticias\",\"Primera Plana\"],\"inLanguage\":\"es\",\"potentialAction\":[{\"@type\":\"CommentAction\",\"name\":\"Comment\",\"target\":[\"https:\/\/solisinforma.com\/?p=58198#respond\"]}]},{\"@type\":\"WebPage\",\"@id\":\"https:\/\/solisinforma.com\/?p=58198\",\"url\":\"https:\/\/solisinforma.com\/?p=58198\",\"name\":\"Oficializan el primer matrimonio p\u00fablico de una pareja trans en la Rep\u00fablica Dominicana - Solis Informa\",\"isPartOf\":{\"@id\":\"https:\/\/solisinforma.com\/#website\"},\"primaryImageOfPage\":{\"@id\":\"https:\/\/solisinforma.com\/?p=58198#primaryimage\"},\"image\":{\"@id\":\"https:\/\/solisinforma.com\/?p=58198#primaryimage\"},\"thumbnailUrl\":\"https:\/\/i0.wp.com\/solisinforma.com\/wp-content\/uploads\/2026\/08\/InShot_20260831_112244041.jpg?fit=1920%2C1079&ssl=1\",\"datePublished\":\"2026-08-31T15:26:12+00:00\",\"breadcrumb\":{\"@id\":\"https:\/\/solisinforma.com\/?p=58198#breadcrumb\"},\"inLanguage\":\"es\",\"potentialAction\":[{\"@type\":\"ReadAction\",\"target\":[\"https:\/\/solisinforma.com\/?p=58198\"]}]},{\"@type\":\"ImageObject\",\"inLanguage\":\"es\",\"@id\":\"https:\/\/solisinforma.com\/?p=58198#primaryimage\",\"url\":\"https:\/\/i0.wp.com\/solisinforma.com\/wp-content\/uploads\/2026\/08\/InShot_20260831_112244041.jpg?fit=1920%2C1079&ssl=1\",\"contentUrl\":\"https:\/\/i0.wp.com\/solisinforma.com\/wp-content\/uploads\/2026\/08\/InShot_20260831_112244041.jpg?fit=1920%2C1079&ssl=1\",\"width\":1920,\"height\":1079},{\"@type\":\"BreadcrumbList\",\"@id\":\"https:\/\/solisinforma.com\/?p=58198#breadcrumb\",\"itemListElement\":[{\"@type\":\"ListItem\",\"position\":1,\"name\":\"Portada\",\"item\":\"https:\/\/solisinforma.com\/\"},{\"@type\":\"ListItem\",\"position\":2,\"name\":\"Oficializan el primer matrimonio p\u00fablico de una pareja trans en la Rep\u00fablica Dominicana\"}]},{\"@type\":\"WebSite\",\"@id\":\"https:\/\/solisinforma.com\/#website\",\"url\":\"https:\/\/solisinforma.com\/\",\"name\":\"Solis Informa\",\"description\":\"El Diario de San Juan\",\"publisher\":{\"@id\":\"https:\/\/solisinforma.com\/#organization\"},\"potentialAction\":[{\"@type\":\"SearchAction\",\"target\":{\"@type\":\"EntryPoint\",\"urlTemplate\":\"https:\/\/solisinforma.com\/?s={search_term_string}\"},\"query-input\":{\"@type\":\"PropertyValueSpecification\",\"valueRequired\":true,\"valueName\":\"search_term_string\"}}],\"inLanguage\":\"es\"},{\"@type\":\"Organization\",\"@id\":\"https:\/\/solisinforma.com\/#organization\",\"name\":\"Solis Informa\",\"url\":\"https:\/\/solisinforma.com\/\",\"logo\":{\"@type\":\"ImageObject\",\"inLanguage\":\"es\",\"@id\":\"https:\/\/solisinforma.com\/#\/schema\/logo\/image\/\",\"url\":\"https:\/\/i0.wp.com\/solisinforma.com\/wp-content\/uploads\/2020\/07\/cropped-solis-4.png?fit=512%2C512&ssl=1\",\"contentUrl\":\"https:\/\/i0.wp.com\/solisinforma.com\/wp-content\/uploads\/2020\/07\/cropped-solis-4.png?fit=512%2C512&ssl=1\",\"width\":512,\"height\":512,\"caption\":\"Solis Informa\"},\"image\":{\"@id\":\"https:\/\/solisinforma.com\/#\/schema\/logo\/image\/\"},\"sameAs\":[\"https:\/\/www.facebook.com\/Solisinforma1\/\"]},{\"@type\":\"Person\",\"@id\":\"https:\/\/solisinforma.com\/#\/schema\/person\/db4967d1c8ed640d46bf21dc55215612\",\"name\":\"Hector Solis\",\"image\":{\"@type\":\"ImageObject\",\"inLanguage\":\"es\",\"@id\":\"https:\/\/solisinforma.com\/#\/schema\/person\/image\/\",\"url\":\"https:\/\/secure.gravatar.com\/avatar\/3e116868529a43555438940611160b9cf01e4fb17f119453a6329d96e10fecf8?s=96&d=mm&r=g\",\"contentUrl\":\"https:\/\/secure.gravatar.com\/avatar\/3e116868529a43555438940611160b9cf01e4fb17f119453a6329d96e10fecf8?s=96&d=mm&r=g\",\"caption\":\"Hector Solis\"},\"sameAs\":[\"http:\/\/Solisinforma.com\",\"https:\/\/www.facebook.com\/Solisinforma\/\",\"https:\/\/www.instagram.com\/solisinforma\/\",\"www.linkedin.com\/in\/hectorsolisinforma\",\"https:\/\/x.com\/solisinforma1\",\"@Solisinformaenvivo\",\"https:\/\/soundcloud.com\/solisinforma\"],\"url\":\"https:\/\/solisinforma.com\/?author=2\"}]}<\/script>\n<!-- \/ Yoast SEO plugin. -->","yoast_head_json":{"title":"Oficializan el primer matrimonio p\u00fablico de una pareja trans en la Rep\u00fablica Dominicana - Solis Informa","robots":{"index":"index","follow":"follow","max-snippet":"max-snippet:-1","max-image-preview":"max-image-preview:large","max-video-preview":"max-video-preview:-1"},"canonical":"https:\/\/solisinforma.com\/?p=58198","og_locale":"es_ES","og_type":"article","og_title":"Oficializan el primer matrimonio p\u00fablico de una pareja trans en la Rep\u00fablica Dominicana - Solis Informa","og_description":"Cabe resaltar que, conforme a la ley, la Junta Central Electoral est\u00e1 oficializando el matrimonio...","og_url":"https:\/\/solisinforma.com\/?p=58198","og_site_name":"Solis Informa","article_publisher":"https:\/\/www.facebook.com\/Solisinforma1\/","article_author":"https:\/\/www.facebook.com\/Solisinforma\/","article_published_time":"2026-08-31T15:26:12+00:00","og_image":[{"width":1920,"height":1079,"url":"https:\/\/solisinforma.com\/wp-content\/uploads\/2026\/08\/InShot_20260831_112244041.jpg","type":"image\/jpeg"}],"author":"Hector Solis","twitter_card":"summary_large_image","twitter_creator":"@solisinforma1","twitter_misc":{"Escrito por":"Hector Solis","Tiempo de lectura":"3 minutos"},"schema":{"@context":"https:\/\/schema.org","@graph":[{"@type":"Article","@id":"https:\/\/solisinforma.com\/?p=58198#article","isPartOf":{"@id":"https:\/\/solisinforma.com\/?p=58198"},"author":{"name":"Hector Solis","@id":"https:\/\/solisinforma.com\/#\/schema\/person\/db4967d1c8ed640d46bf21dc55215612"},"headline":"Oficializan el primer matrimonio p\u00fablico de una pareja trans en la Rep\u00fablica Dominicana","datePublished":"2026-08-31T15:26:12+00:00","mainEntityOfPage":{"@id":"https:\/\/solisinforma.com\/?p=58198"},"wordCount":533,"commentCount":0,"publisher":{"@id":"https:\/\/solisinforma.com\/#organization"},"image":{"@id":"https:\/\/solisinforma.com\/?p=58198#primaryimage"},"thumbnailUrl":"https:\/\/i0.wp.com\/solisinforma.com\/wp-content\/uploads\/2026\/08\/InShot_20260831_112244041.jpg?fit=1920%2C1079&ssl=1","keywords":["comunidad trans","derechos civiles","Jayden Resto y Regina Balaguer","Junta Central Electoral","matrimonio trans en Rep\u00fablica Dominicana","Solis informa"],"articleSection":["Nacionales","Noticias","Primera Plana"],"inLanguage":"es","potentialAction":[{"@type":"CommentAction","name":"Comment","target":["https:\/\/solisinforma.com\/?p=58198#respond"]}]},{"@type":"WebPage","@id":"https:\/\/solisinforma.com\/?p=58198","url":"https:\/\/solisinforma.com\/?p=58198","name":"Oficializan el primer matrimonio p\u00fablico de una pareja trans en la Rep\u00fablica Dominicana - Solis Informa","isPartOf":{"@id":"https:\/\/solisinforma.com\/#website"},"primaryImageOfPage":{"@id":"https:\/\/solisinforma.com\/?p=58198#primaryimage"},"image":{"@id":"https:\/\/solisinforma.com\/?p=58198#primaryimage"},"thumbnailUrl":"https:\/\/i0.wp.com\/solisinforma.com\/wp-content\/uploads\/2026\/08\/InShot_20260831_112244041.jpg?fit=1920%2C1079&ssl=1","datePublished":"2026-08-31T15:26:12+00:00","breadcrumb":{"@id":"https:\/\/solisinforma.com\/?p=58198#breadcrumb"},"inLanguage":"es","potentialAction":[{"@type":"ReadAction","target":["https:\/\/solisinforma.com\/?p=58198"]}]},{"@type":"ImageObject","inLanguage":"es","@id":"https:\/\/solisinforma.com\/?p=58198#primaryimage","url":"https:\/\/i0.wp.com\/solisinforma.com\/wp-content\/uploads\/2026\/08\/InShot_20260831_112244041.jpg?fit=1920%2C1079&ssl=1","contentUrl":"https:\/\/i0.wp.com\/solisinforma.com\/wp-content\/uploads\/2026\/08\/InShot_20260831_112244041.jpg?fit=1920%2C1079&ssl=1","width":1920,"height":1079},{"@type":"BreadcrumbList","@id":"https:\/\/solisinforma.com\/?p=58198#breadcrumb","itemListElement":[{"@type":"ListItem","position":1,"name":"Portada","item":"https:\/\/solisinforma.com\/"},{"@type":"ListItem","position":2,"name":"Oficializan el primer matrimonio p\u00fablico de una pareja trans en la Rep\u00fablica Dominicana"}]},{"@type":"WebSite","@id":"https:\/\/solisinforma.com\/#website","url":"https:\/\/solisinforma.com\/","name":"Solis Informa","description":"El Diario de San Juan","publisher":{"@id":"https:\/\/solisinforma.com\/#organization"},"potentialAction":[{"@type":"SearchAction","target":{"@type":"EntryPoint","urlTemplate":"https:\/\/solisinforma.com\/?s={search_term_string}"},"query-input":{"@type":"PropertyValueSpecification","valueRequired":true,"valueName":"search_term_string"}}],"inLanguage":"es"},{"@type":"Organization","@id":"https:\/\/solisinforma.com\/#organization","name":"Solis Informa","url":"https:\/\/solisinforma.com\/","logo":{"@type":"ImageObject","inLanguage":"es","@id":"https:\/\/solisinforma.com\/#\/schema\/logo\/image\/","url":"https:\/\/i0.wp.com\/solisinforma.com\/wp-content\/uploads\/2020\/07\/cropped-solis-4.png?fit=512%2C512&ssl=1","contentUrl":"https:\/\/i0.wp.com\/solisinforma.com\/wp-content\/uploads\/2020\/07\/cropped-solis-4.png?fit=512%2C512&ssl=1","width":512,"height":512,"caption":"Solis Informa"},"image":{"@id":"https:\/\/solisinforma.com\/#\/schema\/logo\/image\/"},"sameAs":["https:\/\/www.facebook.com\/Solisinforma1\/"]},{"@type":"Person","@id":"https:\/\/solisinforma.com\/#\/schema\/person\/db4967d1c8ed640d46bf21dc55215612","name":"Hector Solis","image":{"@type":"ImageObject","inLanguage":"es","@id":"https:\/\/solisinforma.com\/#\/schema\/person\/image\/","url":"https:\/\/secure.gravatar.com\/avatar\/3e116868529a43555438940611160b9cf01e4fb17f119453a6329d96e10fecf8?s=96&d=mm&r=g","contentUrl":"https:\/\/secure.gravatar.com\/avatar\/3e116868529a43555438940611160b9cf01e4fb17f119453a6329d96e10fecf8?s=96&d=mm&r=g","caption":"Hector Solis"},"sameAs":["http:\/\/Solisinforma.com","https:\/\/www.facebook.com\/Solisinforma\/","https:\/\/www.instagram.com\/solisinforma\/","www.linkedin.com\/in\/hectorsolisinforma","https:\/\/x.com\/solisinforma1","@Solisinformaenvivo","https:\/\/soundcloud.com\/solisinforma"],"url":"https:\/\/solisinforma.com\/?author=2"}]}},"jetpack_publicize_connections":[],"jetpack_featured_media_url":"https:\/\/i0.wp.com\/solisinforma.com\/wp-content\/uploads\/2026\/08\/InShot_20260831_112244041.jpg?fit=1920%2C1079&ssl=1","jetpack_sharing_enabled":true,"jetpack_likes_enabled":true,"jetpack-related-posts":[{"id":29113,"url":"https:\/\/solisinforma.com\/?p=29113","url_meta":{"origin":58198,"position":0},"title":"Aumenta cantidad de divorcios en RD; el 2024 super\u00f3 al anterior.","author":"Hector Solis","date":"11 de enero de 2025","format":false,"excerpt":"El Distrito Nacional registr\u00f3 m\u00e1s divorcios que matrimonios el a\u00f1o pasado, pese a ser la localidad donde m\u00e1s uniones civiles se oficializaron. En el a\u00f1o 2024 sigui\u00f3 la tendencia al alza de los\u00a0divorcios\u00a0en el pa\u00eds, registr\u00e1ndose un total de 27,551, es decir,\u00a01,637\u00a0m\u00e1s que en el a\u00f1o 2023, de acuerdo a\u2026","rel":"","context":"En \u00abNacionales\u00bb","block_context":{"text":"Nacionales","link":"https:\/\/solisinforma.com\/?cat=8"},"img":{"alt_text":"","src":"https:\/\/i0.wp.com\/solisinforma.com\/wp-content\/uploads\/2025\/01\/Divorcios-en-Rep-Dom.jpg?fit=1200%2C675&ssl=1&resize=350%2C200","width":350,"height":200,"srcset":"https:\/\/i0.wp.com\/solisinforma.com\/wp-content\/uploads\/2025\/01\/Divorcios-en-Rep-Dom.jpg?fit=1200%2C675&ssl=1&resize=350%2C200 1x, https:\/\/i0.wp.com\/solisinforma.com\/wp-content\/uploads\/2025\/01\/Divorcios-en-Rep-Dom.jpg?fit=1200%2C675&ssl=1&resize=525%2C300 1.5x, https:\/\/i0.wp.com\/solisinforma.com\/wp-content\/uploads\/2025\/01\/Divorcios-en-Rep-Dom.jpg?fit=1200%2C675&ssl=1&resize=700%2C400 2x, https:\/\/i0.wp.com\/solisinforma.com\/wp-content\/uploads\/2025\/01\/Divorcios-en-Rep-Dom.jpg?fit=1200%2C675&ssl=1&resize=1050%2C600 3x"},"classes":[]},{"id":51338,"url":"https:\/\/solisinforma.com\/?p=51338","url_meta":{"origin":58198,"position":1},"title":"M\u00e1s de 8 mil matrimonios se han hecho en San Juan en las \u00faltimas dos d\u00e9cadas.","author":"Hector Solis","date":"4 de agosto de 2025","format":false,"excerpt":"San Juan. RD. - Considerado como uno de los acontecimientos m\u00e1s importantes en la vida de una pareja, el matrimonio, conforme van pasando los a\u00f1os, este n\u00famero no es tan alto como se imaginar\u00eda, puesto que en los \u00faltimos 20 a\u00f1os en la Rep\u00fablica Dominicana se han efectuado cerca de\u2026","rel":"","context":"En \u00abLocales\u00bb","block_context":{"text":"Locales","link":"https:\/\/solisinforma.com\/?cat=34"},"img":{"alt_text":"","src":"https:\/\/i0.wp.com\/solisinforma.com\/wp-content\/uploads\/2025\/08\/Matrimonios-en-San-Juan-1.jpg?fit=1200%2C675&ssl=1&resize=350%2C200","width":350,"height":200,"srcset":"https:\/\/i0.wp.com\/solisinforma.com\/wp-content\/uploads\/2025\/08\/Matrimonios-en-San-Juan-1.jpg?fit=1200%2C675&ssl=1&resize=350%2C200 1x, https:\/\/i0.wp.com\/solisinforma.com\/wp-content\/uploads\/2025\/08\/Matrimonios-en-San-Juan-1.jpg?fit=1200%2C675&ssl=1&resize=525%2C300 1.5x, https:\/\/i0.wp.com\/solisinforma.com\/wp-content\/uploads\/2025\/08\/Matrimonios-en-San-Juan-1.jpg?fit=1200%2C675&ssl=1&resize=700%2C400 2x, https:\/\/i0.wp.com\/solisinforma.com\/wp-content\/uploads\/2025\/08\/Matrimonios-en-San-Juan-1.jpg?fit=1200%2C675&ssl=1&resize=1050%2C600 3x"},"classes":[]},{"id":54974,"url":"https:\/\/solisinforma.com\/?p=54974","url_meta":{"origin":58198,"position":2},"title":"Solicitan prisi\u00f3n contra mujer imputada de falsificar documentos para cobrar pensi\u00f3n de sobrevivencia en la Polic\u00eda","author":"Hector Solis","date":"20 de febrero de 2026","format":false,"excerpt":"SANTO DOMINGO .-\u00a0El Ministerio P\u00fablico solicit\u00f3 la imposici\u00f3n de prisi\u00f3n preventiva, como medida de coerci\u00f3n, a una mujer imputada de falsificar documentos p\u00fablicos para beneficiarse de una pensi\u00f3n por sobrevivencia en la supuesta calidad de esposa superviviente de un oficial de la Polic\u00eda Nacional fallecido en 2019. Dilennys Mercedes Mercedes\u2026","rel":"","context":"En \u00abNacionales\u00bb","block_context":{"text":"Nacionales","link":"https:\/\/solisinforma.com\/?cat=8"},"img":{"alt_text":"","src":"https:\/\/i0.wp.com\/solisinforma.com\/wp-content\/uploads\/2026\/02\/Mujer-apresada-esposas-scaled.jpg?fit=1200%2C675&ssl=1&resize=350%2C200","width":350,"height":200,"srcset":"https:\/\/i0.wp.com\/solisinforma.com\/wp-content\/uploads\/2026\/02\/Mujer-apresada-esposas-scaled.jpg?fit=1200%2C675&ssl=1&resize=350%2C200 1x, https:\/\/i0.wp.com\/solisinforma.com\/wp-content\/uploads\/2026\/02\/Mujer-apresada-esposas-scaled.jpg?fit=1200%2C675&ssl=1&resize=525%2C300 1.5x, https:\/\/i0.wp.com\/solisinforma.com\/wp-content\/uploads\/2026\/02\/Mujer-apresada-esposas-scaled.jpg?fit=1200%2C675&ssl=1&resize=700%2C400 2x, https:\/\/i0.wp.com\/solisinforma.com\/wp-content\/uploads\/2026\/02\/Mujer-apresada-esposas-scaled.jpg?fit=1200%2C675&ssl=1&resize=1050%2C600 3x"},"classes":[]},{"id":26039,"url":"https:\/\/solisinforma.com\/?p=26039","url_meta":{"origin":58198,"position":3},"title":"El a\u00f1o pasado se casaron m\u00e1s de 40 mil personas y se divorciaron la mitad.","author":"Hector Solis","date":"24 de julio de 2024","format":false,"excerpt":"El a\u00f1o pasado se registraron 47,027 matrimonios y 25,914 divorcios De 2011 hasta 2016, la\u00a0Rep\u00fablica Dominicana\u00a0registraba, con una variaci\u00f3n m\u00ednima, la proporci\u00f3n\u00a0divorcios\u00a0por\u00a0matrimonios\u00a041 por cada 100, y aunque era una tasa muy alta, a partir del a\u00f1o 2017 hubo un repunte de\u00a0divorcios\u00a0en el pa\u00eds que solo decay\u00f3 por la\u00a0pandemia\u00a0del coronavirus, pero\u2026","rel":"","context":"En \u00abNacionales\u00bb","block_context":{"text":"Nacionales","link":"https:\/\/solisinforma.com\/?cat=8"},"img":{"alt_text":"","src":"https:\/\/i0.wp.com\/solisinforma.com\/wp-content\/uploads\/2023\/03\/Divorcio-ley-separados.jpg?fit=1200%2C800&ssl=1&resize=350%2C200","width":350,"height":200,"srcset":"https:\/\/i0.wp.com\/solisinforma.com\/wp-content\/uploads\/2023\/03\/Divorcio-ley-separados.jpg?fit=1200%2C800&ssl=1&resize=350%2C200 1x, https:\/\/i0.wp.com\/solisinforma.com\/wp-content\/uploads\/2023\/03\/Divorcio-ley-separados.jpg?fit=1200%2C800&ssl=1&resize=525%2C300 1.5x, https:\/\/i0.wp.com\/solisinforma.com\/wp-content\/uploads\/2023\/03\/Divorcio-ley-separados.jpg?fit=1200%2C800&ssl=1&resize=700%2C400 2x, https:\/\/i0.wp.com\/solisinforma.com\/wp-content\/uploads\/2023\/03\/Divorcio-ley-separados.jpg?fit=1200%2C800&ssl=1&resize=1050%2C600 3x"},"classes":[]},{"id":31770,"url":"https:\/\/solisinforma.com\/?p=31770","url_meta":{"origin":58198,"position":4},"title":"JCE anuncia aumentos de entre 17 % a 150 % en tarifas de servicios en el pa\u00eds y el exterior","author":"Hector Solis","date":"2 de junio de 2025","format":false,"excerpt":"La certificaci\u00f3n de c\u00e9dula para la DGII aumentar\u00e1 en un 150 %, pasando de 1,000 a 2,500 pesos La medida entrar\u00e1 en vigor a partir del martes 1 de julio de 2025 La\u00a0Junta Central Electoral\u00a0(JCE) dio a conocer la tarde de este pasado domingo la Resoluci\u00f3n No. 9-2025, mediante la\u2026","rel":"","context":"En \u00abNacionales\u00bb","block_context":{"text":"Nacionales","link":"https:\/\/solisinforma.com\/?cat=8"},"img":{"alt_text":"","src":"https:\/\/i0.wp.com\/solisinforma.com\/wp-content\/uploads\/2023\/07\/Junta-central-JCE.jpg?fit=1200%2C735&ssl=1&resize=350%2C200","width":350,"height":200,"srcset":"https:\/\/i0.wp.com\/solisinforma.com\/wp-content\/uploads\/2023\/07\/Junta-central-JCE.jpg?fit=1200%2C735&ssl=1&resize=350%2C200 1x, https:\/\/i0.wp.com\/solisinforma.com\/wp-content\/uploads\/2023\/07\/Junta-central-JCE.jpg?fit=1200%2C735&ssl=1&resize=525%2C300 1.5x, https:\/\/i0.wp.com\/solisinforma.com\/wp-content\/uploads\/2023\/07\/Junta-central-JCE.jpg?fit=1200%2C735&ssl=1&resize=700%2C400 2x, https:\/\/i0.wp.com\/solisinforma.com\/wp-content\/uploads\/2023\/07\/Junta-central-JCE.jpg?fit=1200%2C735&ssl=1&resize=1050%2C600 3x"},"classes":[]},{"id":54450,"url":"https:\/\/solisinforma.com\/?p=54450","url_meta":{"origin":58198,"position":5},"title":"Menos bodas y m\u00e1s divorcios tras la pandemia","author":"Hector Solis","date":"24 de enero de 2026","format":false,"excerpt":"La pandemia del Covid-19 cambi\u00f3 la din\u00e1mica matrimonial causando menos bodas y m\u00e1s divorcios en Rep\u00fablica Dominicana. La pandemia marc\u00f3 un antes y despu\u00e9s en las uniones y rupturas matrimoniales. Datos ofrecidos por el visor estad\u00edsticos del Observatorio del Sistema Nacional del Registro Civil (Onarec) de la Junta Central Electoral\u2026","rel":"","context":"En \u00abNacionales\u00bb","block_context":{"text":"Nacionales","link":"https:\/\/solisinforma.com\/?cat=8"},"img":{"alt_text":"","src":"https:\/\/i0.wp.com\/solisinforma.com\/wp-content\/uploads\/2026\/01\/Boda-ruptura-casada.png?fit=1200%2C772&ssl=1&resize=350%2C200","width":350,"height":200,"srcset":"https:\/\/i0.wp.com\/solisinforma.com\/wp-content\/uploads\/2026\/01\/Boda-ruptura-casada.png?fit=1200%2C772&ssl=1&resize=350%2C200 1x, https:\/\/i0.wp.com\/solisinforma.com\/wp-content\/uploads\/2026\/01\/Boda-ruptura-casada.png?fit=1200%2C772&ssl=1&resize=525%2C300 1.5x, https:\/\/i0.wp.com\/solisinforma.com\/wp-content\/uploads\/2026\/01\/Boda-ruptura-casada.png?fit=1200%2C772&ssl=1&resize=700%2C400 2x, https:\/\/i0.wp.com\/solisinforma.com\/wp-content\/uploads\/2026\/01\/Boda-ruptura-casada.png?fit=1200%2C772&ssl=1&resize=1050%2C600 3x"},"classes":[]}],"jetpack_shortlink":"https:\/\/wp.me\/pc2Svn-f8G","_links":{"self":[{"href":"https:\/\/solisinforma.com\/index.php?rest_route=\/wp\/v2\/posts\/58198","targetHints":{"allow":["GET"]}}],"collection":[{"href":"https:\/\/solisinforma.com\/index.php?rest_route=\/wp\/v2\/posts"}],"about":[{"href":"https:\/\/solisinforma.com\/index.php?rest_route=\/wp\/v2\/types\/post"}],"author":[{"embeddable":true,"href":"https:\/\/solisinforma.com\/index.php?rest_route=\/wp\/v2\/users\/2"}],"replies":[{"embeddable":true,"href":"https:\/\/solisinforma.com\/index.php?rest_route=%2Fwp%2Fv2%2Fcomments&post=58198"}],"version-history":[{"count":1,"href":"https:\/\/solisinforma.com\/index.php?rest_route=\/wp\/v2\/posts\/58198\/revisions"}],"predecessor-version":[{"id":58201,"href":"https:\/\/solisinforma.com\/index.php?rest_route=\/wp\/v2\/posts\/58198\/revisions\/58201"}],"wp:featuredmedia":[{"embeddable":true,"href":"https:\/\/solisinforma.com\/index.php?rest_route=\/wp\/v2\/media\/58200"}],"wp:attachment":[{"href":"https:\/\/solisinforma.com\/index.php?rest_route=%2Fwp%2Fv2%2Fmedia&parent=58198"}],"wp:term":[{"taxonomy":"category","embeddable":true,"href":"https:\/\/solisinforma.com\/index.php?rest_route=%2Fwp%2Fv2%2Fcategories&post=58198"},{"taxonomy":"post_tag","embeddable":true,"href":"https:\/\/solisinforma.com\/index.php?rest_route=%2Fwp%2Fv2%2Ftags&post=58198"}],"curies":[{"name":"wp","href":"https:\/\/api.w.org\/{rel}","templated":true}]}}