{"id":58202,"date":"2026-08-31T14:43:55","date_gmt":"2026-08-31T18:43:55","guid":{"rendered":"https:\/\/solisinforma.com\/?p=58202"},"modified":"2026-08-31T14:43:55","modified_gmt":"2026-08-31T18:43:55","slug":"lionel-messi-dice-adios-a-la-seleccion-argentina-ya-no-tengo-mas-para-dar","status":"publish","type":"post","link":"https:\/\/solisinforma.com\/?p=58202","title":{"rendered":"Lionel Messi dice adi\u00f3s a la selecci\u00f3n argentina: \u00abYa no tengo m\u00e1s para dar\u00bb"},"content":{"rendered":"<div class=\"c-detail-header\">\n<div class=\"c-detail__subtitle\">\n<ul>\n<li><strong><strong>El delantero del Inter Miami de la MLS explic\u00f3 que \u00abfue una decisi\u00f3n que doli\u00f3 y duele en el alma\u00bb pero subray\u00f3 que entiende que \u00abes el momento\u00bb.\n<p><img data-recalc-dims=\"1\" loading=\"lazy\" decoding=\"async\" class=\"aligncenter wp-image-58203 size-full\" src=\"https:\/\/i0.wp.com\/solisinforma.com\/wp-content\/uploads\/2026\/08\/Leo-messi-adios.jpg?resize=640%2C360&#038;ssl=1\" alt=\"\" width=\"640\" height=\"360\" srcset=\"https:\/\/i0.wp.com\/solisinforma.com\/wp-content\/uploads\/2026\/08\/Leo-messi-adios.jpg?w=1200&amp;ssl=1 1200w, https:\/\/i0.wp.com\/solisinforma.com\/wp-content\/uploads\/2026\/08\/Leo-messi-adios.jpg?resize=768%2C432&amp;ssl=1 768w, https:\/\/i0.wp.com\/solisinforma.com\/wp-content\/uploads\/2026\/08\/Leo-messi-adios.jpg?resize=1024%2C576&amp;ssl=1 1024w\" sizes=\"auto, (max-width: 640px) 100vw, 640px\" \/><\/p>\n<p><\/strong><\/strong><\/p>\n<div class=\"c-article__free c-detail__body\">\n<p id=\"m27042-27041-27043\">El futbolista argentino<b>\u00a0Lionel Messi<\/b>, de 39 a\u00f1os, anunci\u00f3 este lunes\u00a0<b>su retiro de la selecci\u00f3n\u00a0<\/b>albiceleste y explic\u00f3: \u00abMe vaci\u00e9, ya no tengo m\u00e1s para dar y aparte vienen chicos muy grandes atr\u00e1s que merecen estar\u00bb.<\/p>\n<p id=\"m27047-27046-27048\">\u00abDespu\u00e9s de este tiempo que pas\u00f3 desde la final, pens\u00e1ndolo mucho, quiero comunicarles a todos que me retiro de la selecci\u00f3n\u00bb, escribi\u00f3 Messi en su perfil de la red social Instagram, menos de dos meses despu\u00e9s de la\u00a0<b>derrota ante Espa\u00f1a en la final del Mundial 2026<\/b>.<\/p>\n<p id=\"m27052-27051-27053\">El delantero del\u00a0<b>Inter Miami de la MLS\u00a0<\/b>explic\u00f3 que \u00abfue una decisi\u00f3n que doli\u00f3 y duele en el alma\u00bb pero subray\u00f3 que entiende que \u00abes el momento\u00bb.<\/p>\n<p id=\"m27057-27056-27058\">\u00abQueda poco y se van cerrando etapas y esta es una que<b>\u00a0me duele mucho. Amo, am\u00e9 y amar\u00e9 siempre estar en la selecci\u00f3n.<\/b>\u00a0Me vaci\u00e9, ya no tengo m\u00e1s para dar y aparte vienen chicos muy grandes atr\u00e1s que merecen estar\u00bb, a\u00f1adi\u00f3 el futbolista, campe\u00f3n con la\u00a0<b>Albiceleste en el Mundial de Catar 2022 y bicampe\u00f3n de Am\u00e9rica (2021 y 2024).<\/b><\/p>\n<p id=\"m27062-27061-27063\">Messi,\u00a0<b>m\u00e1ximo goleador en la historia<\/b>\u00a0de la selecci\u00f3n argentina, enfatiz\u00f3 que deja el combinado nacional \u00abcon la tranquilidad y el orgullo\u00bb de haberle regalado a la afici\u00f3n \u00abmomentos so\u00f1ados\u00bb.<\/p>\n<p id=\"m27067-27066-27068\">\u00abLes juro que siempre dej\u00e9 todo, no solo los \u00faltimos a\u00f1os que se gan\u00f3 todo, antes tambi\u00e9n y siempre pele\u00e9 y me dej\u00e9 todo por esta camiseta, por darles alegr\u00edas y hacer que se sientan orgullosos de ser argentinos a trav\u00e9s del f\u00fatbol\u00bb, expres\u00f3, al tiempo que\u00a0<b>agradeci\u00f3 a los argentinos \u00abpor todo el cari\u00f1o de estos 20 a\u00f1os\u00bb.<\/b><\/p>\n<p id=\"m27072-27071-27073\">\u00abGracias, Dios, por hacerme argentino\u00bb, concluy\u00f3 el astro, que revel\u00f3 en su publicaci\u00f3n que escribi\u00f3 este mensaje de despedida dos d\u00edas despu\u00e9s de la final mundialista y destac\u00f3 que, tras <b>la muerte de su padre<\/b>\u00a0a comienzos de este mes, termin\u00f3 de convencerse de dejar el seleccionado.<\/p>\n<p id=\"m27077-27076-27078\">Messi\u00a0<b>disput\u00f3 m\u00e1s de 200 partidos<\/b>\u00a0con la camiseta albiceleste, en los que\u00a0<b>marc\u00f3 125 goles y registr\u00f3 68 asistencias.<\/b><\/p>\n<\/div>\n<div>\n<div class=\"c-detail__bio\">\n<div class=\"c-detail__bio__container\">\n<div class=\"c-detail__bio__txt\">\n<h6 class=\"c-detail__bio__name\">Agencia EFE<\/h6>\n<\/div>\n<\/div>\n<\/div>\n<\/div>\n<\/li>\n<\/ul>\n<\/div>\n<\/div>\n","protected":false},"excerpt":{"rendered":"<p>El delantero del Inter Miami de la MLS explic\u00f3 que \u00abfue una decisi\u00f3n que doli\u00f3&#8230;<\/p>\n","protected":false},"author":2,"featured_media":58203,"comment_status":"open","ping_status":"open","sticky":false,"template":"","format":"standard","meta":{"_jetpack_newsletter_access":"","_jetpack_dont_email_post_to_subs":false,"_jetpack_newsletter_tier_id":0,"_jetpack_memberships_contains_paywalled_content":false,"_jetpack_memberships_contains_paid_content":false,"_joinchat":[],"footnotes":"","jetpack_publicize_message":"","jetpack_publicize_feature_enabled":true,"jetpack_social_post_already_shared":true,"jetpack_social_options":{"image_generator_settings":{"template":"highway","default_image_id":0,"font":"","enabled":false},"version":2},"jetpack_post_was_ever_published":false},"categories":[11,39],"tags":[22583,22581,5763,22582,46],"class_list":["post-58202","post","type-post","status-publish","format-standard","has-post-thumbnail","hentry","category-sports","category-primeraplana","tag-ya-no-tengo-mas-para-dar","tag-dice-adios","tag-lionel-messi","tag-seleccion-argentina","tag-solis-informa"],"yoast_head":"<!-- This site is optimized with the Yoast SEO plugin v24.9 - https:\/\/yoast.com\/wordpress\/plugins\/seo\/ -->\n<title>Lionel Messi dice adi\u00f3s a la selecci\u00f3n argentina: &quot;Ya no tengo m\u00e1s para dar&quot; - Solis Informa<\/title>\n<meta name=\"robots\" content=\"index, follow, max-snippet:-1, max-image-preview:large, max-video-preview:-1\" \/>\n<link rel=\"canonical\" href=\"https:\/\/solisinforma.com\/?p=58202\" \/>\n<meta property=\"og:locale\" content=\"es_ES\" \/>\n<meta property=\"og:type\" content=\"article\" \/>\n<meta property=\"og:title\" content=\"Lionel Messi dice adi\u00f3s a la selecci\u00f3n argentina: &quot;Ya no tengo m\u00e1s para dar&quot; - Solis Informa\" \/>\n<meta property=\"og:description\" content=\"El delantero del Inter Miami de la MLS explic\u00f3 que \u00abfue una decisi\u00f3n que doli\u00f3...\" \/>\n<meta property=\"og:url\" content=\"https:\/\/solisinforma.com\/?p=58202\" \/>\n<meta property=\"og:site_name\" content=\"Solis Informa\" \/>\n<meta property=\"article:publisher\" content=\"https:\/\/www.facebook.com\/Solisinforma1\/\" \/>\n<meta property=\"article:author\" content=\"https:\/\/www.facebook.com\/Solisinforma\/\" \/>\n<meta property=\"article:published_time\" content=\"2026-08-31T18:43:55+00:00\" \/>\n<meta property=\"og:image\" content=\"https:\/\/solisinforma.com\/wp-content\/uploads\/2026\/08\/Leo-messi-adios.jpg\" \/>\n\t<meta property=\"og:image:width\" content=\"1200\" \/>\n\t<meta property=\"og:image:height\" content=\"675\" \/>\n\t<meta property=\"og:image:type\" content=\"image\/jpeg\" \/>\n<meta name=\"author\" content=\"Hector Solis\" \/>\n<meta name=\"twitter:card\" content=\"summary_large_image\" \/>\n<meta name=\"twitter:creator\" content=\"@solisinforma1\" \/>\n<meta name=\"twitter:label1\" content=\"Escrito por\" \/>\n\t<meta name=\"twitter:data1\" content=\"Hector Solis\" \/>\n\t<meta name=\"twitter:label2\" content=\"Tiempo de lectura\" \/>\n\t<meta name=\"twitter:data2\" content=\"3 minutos\" \/>\n<script type=\"application\/ld+json\" class=\"yoast-schema-graph\">{\"@context\":\"https:\/\/schema.org\",\"@graph\":[{\"@type\":\"Article\",\"@id\":\"https:\/\/solisinforma.com\/?p=58202#article\",\"isPartOf\":{\"@id\":\"https:\/\/solisinforma.com\/?p=58202\"},\"author\":{\"name\":\"Hector Solis\",\"@id\":\"https:\/\/solisinforma.com\/#\/schema\/person\/db4967d1c8ed640d46bf21dc55215612\"},\"headline\":\"Lionel Messi dice adi\u00f3s a la selecci\u00f3n argentina: \u00abYa no tengo m\u00e1s para dar\u00bb\",\"datePublished\":\"2026-08-31T18:43:55+00:00\",\"mainEntityOfPage\":{\"@id\":\"https:\/\/solisinforma.com\/?p=58202\"},\"wordCount\":401,\"commentCount\":0,\"publisher\":{\"@id\":\"https:\/\/solisinforma.com\/#organization\"},\"image\":{\"@id\":\"https:\/\/solisinforma.com\/?p=58202#primaryimage\"},\"thumbnailUrl\":\"https:\/\/i0.wp.com\/solisinforma.com\/wp-content\/uploads\/2026\/08\/Leo-messi-adios.jpg?fit=1200%2C675&ssl=1\",\"keywords\":[\"\\\"Ya no tengo m\u00e1s para dar\\\"\",\"dice adi\u00f3s\",\"Lionel Messi\",\"selecci\u00f3n argentina:\",\"Solis informa\"],\"articleSection\":[\"Deportes\",\"Primera Plana\"],\"inLanguage\":\"es\",\"potentialAction\":[{\"@type\":\"CommentAction\",\"name\":\"Comment\",\"target\":[\"https:\/\/solisinforma.com\/?p=58202#respond\"]}]},{\"@type\":\"WebPage\",\"@id\":\"https:\/\/solisinforma.com\/?p=58202\",\"url\":\"https:\/\/solisinforma.com\/?p=58202\",\"name\":\"Lionel Messi dice adi\u00f3s a la selecci\u00f3n argentina: \\\"Ya no tengo m\u00e1s para dar\\\" - Solis Informa\",\"isPartOf\":{\"@id\":\"https:\/\/solisinforma.com\/#website\"},\"primaryImageOfPage\":{\"@id\":\"https:\/\/solisinforma.com\/?p=58202#primaryimage\"},\"image\":{\"@id\":\"https:\/\/solisinforma.com\/?p=58202#primaryimage\"},\"thumbnailUrl\":\"https:\/\/i0.wp.com\/solisinforma.com\/wp-content\/uploads\/2026\/08\/Leo-messi-adios.jpg?fit=1200%2C675&ssl=1\",\"datePublished\":\"2026-08-31T18:43:55+00:00\",\"breadcrumb\":{\"@id\":\"https:\/\/solisinforma.com\/?p=58202#breadcrumb\"},\"inLanguage\":\"es\",\"potentialAction\":[{\"@type\":\"ReadAction\",\"target\":[\"https:\/\/solisinforma.com\/?p=58202\"]}]},{\"@type\":\"ImageObject\",\"inLanguage\":\"es\",\"@id\":\"https:\/\/solisinforma.com\/?p=58202#primaryimage\",\"url\":\"https:\/\/i0.wp.com\/solisinforma.com\/wp-content\/uploads\/2026\/08\/Leo-messi-adios.jpg?fit=1200%2C675&ssl=1\",\"contentUrl\":\"https:\/\/i0.wp.com\/solisinforma.com\/wp-content\/uploads\/2026\/08\/Leo-messi-adios.jpg?fit=1200%2C675&ssl=1\",\"width\":1200,\"height\":675},{\"@type\":\"BreadcrumbList\",\"@id\":\"https:\/\/solisinforma.com\/?p=58202#breadcrumb\",\"itemListElement\":[{\"@type\":\"ListItem\",\"position\":1,\"name\":\"Portada\",\"item\":\"https:\/\/solisinforma.com\/\"},{\"@type\":\"ListItem\",\"position\":2,\"name\":\"Lionel Messi dice adi\u00f3s a la selecci\u00f3n argentina: \u00abYa no tengo m\u00e1s para dar\u00bb\"}]},{\"@type\":\"WebSite\",\"@id\":\"https:\/\/solisinforma.com\/#website\",\"url\":\"https:\/\/solisinforma.com\/\",\"name\":\"Solis Informa\",\"description\":\"El Diario de San Juan\",\"publisher\":{\"@id\":\"https:\/\/solisinforma.com\/#organization\"},\"potentialAction\":[{\"@type\":\"SearchAction\",\"target\":{\"@type\":\"EntryPoint\",\"urlTemplate\":\"https:\/\/solisinforma.com\/?s={search_term_string}\"},\"query-input\":{\"@type\":\"PropertyValueSpecification\",\"valueRequired\":true,\"valueName\":\"search_term_string\"}}],\"inLanguage\":\"es\"},{\"@type\":\"Organization\",\"@id\":\"https:\/\/solisinforma.com\/#organization\",\"name\":\"Solis Informa\",\"url\":\"https:\/\/solisinforma.com\/\",\"logo\":{\"@type\":\"ImageObject\",\"inLanguage\":\"es\",\"@id\":\"https:\/\/solisinforma.com\/#\/schema\/logo\/image\/\",\"url\":\"https:\/\/i0.wp.com\/solisinforma.com\/wp-content\/uploads\/2020\/07\/cropped-solis-4.png?fit=512%2C512&ssl=1\",\"contentUrl\":\"https:\/\/i0.wp.com\/solisinforma.com\/wp-content\/uploads\/2020\/07\/cropped-solis-4.png?fit=512%2C512&ssl=1\",\"width\":512,\"height\":512,\"caption\":\"Solis Informa\"},\"image\":{\"@id\":\"https:\/\/solisinforma.com\/#\/schema\/logo\/image\/\"},\"sameAs\":[\"https:\/\/www.facebook.com\/Solisinforma1\/\"]},{\"@type\":\"Person\",\"@id\":\"https:\/\/solisinforma.com\/#\/schema\/person\/db4967d1c8ed640d46bf21dc55215612\",\"name\":\"Hector Solis\",\"image\":{\"@type\":\"ImageObject\",\"inLanguage\":\"es\",\"@id\":\"https:\/\/solisinforma.com\/#\/schema\/person\/image\/\",\"url\":\"https:\/\/secure.gravatar.com\/avatar\/3e116868529a43555438940611160b9cf01e4fb17f119453a6329d96e10fecf8?s=96&d=mm&r=g\",\"contentUrl\":\"https:\/\/secure.gravatar.com\/avatar\/3e116868529a43555438940611160b9cf01e4fb17f119453a6329d96e10fecf8?s=96&d=mm&r=g\",\"caption\":\"Hector Solis\"},\"sameAs\":[\"http:\/\/Solisinforma.com\",\"https:\/\/www.facebook.com\/Solisinforma\/\",\"https:\/\/www.instagram.com\/solisinforma\/\",\"www.linkedin.com\/in\/hectorsolisinforma\",\"https:\/\/x.com\/solisinforma1\",\"@Solisinformaenvivo\",\"https:\/\/soundcloud.com\/solisinforma\"],\"url\":\"https:\/\/solisinforma.com\/?author=2\"}]}<\/script>\n<!-- \/ Yoast SEO plugin. -->","yoast_head_json":{"title":"Lionel Messi dice adi\u00f3s a la selecci\u00f3n argentina: \"Ya no tengo m\u00e1s para dar\" - Solis Informa","robots":{"index":"index","follow":"follow","max-snippet":"max-snippet:-1","max-image-preview":"max-image-preview:large","max-video-preview":"max-video-preview:-1"},"canonical":"https:\/\/solisinforma.com\/?p=58202","og_locale":"es_ES","og_type":"article","og_title":"Lionel Messi dice adi\u00f3s a la selecci\u00f3n argentina: \"Ya no tengo m\u00e1s para dar\" - Solis Informa","og_description":"El delantero del Inter Miami de la MLS explic\u00f3 que \u00abfue una decisi\u00f3n que doli\u00f3...","og_url":"https:\/\/solisinforma.com\/?p=58202","og_site_name":"Solis Informa","article_publisher":"https:\/\/www.facebook.com\/Solisinforma1\/","article_author":"https:\/\/www.facebook.com\/Solisinforma\/","article_published_time":"2026-08-31T18:43:55+00:00","og_image":[{"width":1200,"height":675,"url":"https:\/\/solisinforma.com\/wp-content\/uploads\/2026\/08\/Leo-messi-adios.jpg","type":"image\/jpeg"}],"author":"Hector Solis","twitter_card":"summary_large_image","twitter_creator":"@solisinforma1","twitter_misc":{"Escrito por":"Hector Solis","Tiempo de lectura":"3 minutos"},"schema":{"@context":"https:\/\/schema.org","@graph":[{"@type":"Article","@id":"https:\/\/solisinforma.com\/?p=58202#article","isPartOf":{"@id":"https:\/\/solisinforma.com\/?p=58202"},"author":{"name":"Hector Solis","@id":"https:\/\/solisinforma.com\/#\/schema\/person\/db4967d1c8ed640d46bf21dc55215612"},"headline":"Lionel Messi dice adi\u00f3s a la selecci\u00f3n argentina: \u00abYa no tengo m\u00e1s para dar\u00bb","datePublished":"2026-08-31T18:43:55+00:00","mainEntityOfPage":{"@id":"https:\/\/solisinforma.com\/?p=58202"},"wordCount":401,"commentCount":0,"publisher":{"@id":"https:\/\/solisinforma.com\/#organization"},"image":{"@id":"https:\/\/solisinforma.com\/?p=58202#primaryimage"},"thumbnailUrl":"https:\/\/i0.wp.com\/solisinforma.com\/wp-content\/uploads\/2026\/08\/Leo-messi-adios.jpg?fit=1200%2C675&ssl=1","keywords":["\"Ya no tengo m\u00e1s para dar\"","dice adi\u00f3s","Lionel Messi","selecci\u00f3n argentina:","Solis informa"],"articleSection":["Deportes","Primera Plana"],"inLanguage":"es","potentialAction":[{"@type":"CommentAction","name":"Comment","target":["https:\/\/solisinforma.com\/?p=58202#respond"]}]},{"@type":"WebPage","@id":"https:\/\/solisinforma.com\/?p=58202","url":"https:\/\/solisinforma.com\/?p=58202","name":"Lionel Messi dice adi\u00f3s a la selecci\u00f3n argentina: \"Ya no tengo m\u00e1s para dar\" - Solis Informa","isPartOf":{"@id":"https:\/\/solisinforma.com\/#website"},"primaryImageOfPage":{"@id":"https:\/\/solisinforma.com\/?p=58202#primaryimage"},"image":{"@id":"https:\/\/solisinforma.com\/?p=58202#primaryimage"},"thumbnailUrl":"https:\/\/i0.wp.com\/solisinforma.com\/wp-content\/uploads\/2026\/08\/Leo-messi-adios.jpg?fit=1200%2C675&ssl=1","datePublished":"2026-08-31T18:43:55+00:00","breadcrumb":{"@id":"https:\/\/solisinforma.com\/?p=58202#breadcrumb"},"inLanguage":"es","potentialAction":[{"@type":"ReadAction","target":["https:\/\/solisinforma.com\/?p=58202"]}]},{"@type":"ImageObject","inLanguage":"es","@id":"https:\/\/solisinforma.com\/?p=58202#primaryimage","url":"https:\/\/i0.wp.com\/solisinforma.com\/wp-content\/uploads\/2026\/08\/Leo-messi-adios.jpg?fit=1200%2C675&ssl=1","contentUrl":"https:\/\/i0.wp.com\/solisinforma.com\/wp-content\/uploads\/2026\/08\/Leo-messi-adios.jpg?fit=1200%2C675&ssl=1","width":1200,"height":675},{"@type":"BreadcrumbList","@id":"https:\/\/solisinforma.com\/?p=58202#breadcrumb","itemListElement":[{"@type":"ListItem","position":1,"name":"Portada","item":"https:\/\/solisinforma.com\/"},{"@type":"ListItem","position":2,"name":"Lionel Messi dice adi\u00f3s a la selecci\u00f3n argentina: \u00abYa no tengo m\u00e1s para dar\u00bb"}]},{"@type":"WebSite","@id":"https:\/\/solisinforma.com\/#website","url":"https:\/\/solisinforma.com\/","name":"Solis Informa","description":"El Diario de San Juan","publisher":{"@id":"https:\/\/solisinforma.com\/#organization"},"potentialAction":[{"@type":"SearchAction","target":{"@type":"EntryPoint","urlTemplate":"https:\/\/solisinforma.com\/?s={search_term_string}"},"query-input":{"@type":"PropertyValueSpecification","valueRequired":true,"valueName":"search_term_string"}}],"inLanguage":"es"},{"@type":"Organization","@id":"https:\/\/solisinforma.com\/#organization","name":"Solis Informa","url":"https:\/\/solisinforma.com\/","logo":{"@type":"ImageObject","inLanguage":"es","@id":"https:\/\/solisinforma.com\/#\/schema\/logo\/image\/","url":"https:\/\/i0.wp.com\/solisinforma.com\/wp-content\/uploads\/2020\/07\/cropped-solis-4.png?fit=512%2C512&ssl=1","contentUrl":"https:\/\/i0.wp.com\/solisinforma.com\/wp-content\/uploads\/2020\/07\/cropped-solis-4.png?fit=512%2C512&ssl=1","width":512,"height":512,"caption":"Solis Informa"},"image":{"@id":"https:\/\/solisinforma.com\/#\/schema\/logo\/image\/"},"sameAs":["https:\/\/www.facebook.com\/Solisinforma1\/"]},{"@type":"Person","@id":"https:\/\/solisinforma.com\/#\/schema\/person\/db4967d1c8ed640d46bf21dc55215612","name":"Hector Solis","image":{"@type":"ImageObject","inLanguage":"es","@id":"https:\/\/solisinforma.com\/#\/schema\/person\/image\/","url":"https:\/\/secure.gravatar.com\/avatar\/3e116868529a43555438940611160b9cf01e4fb17f119453a6329d96e10fecf8?s=96&d=mm&r=g","contentUrl":"https:\/\/secure.gravatar.com\/avatar\/3e116868529a43555438940611160b9cf01e4fb17f119453a6329d96e10fecf8?s=96&d=mm&r=g","caption":"Hector Solis"},"sameAs":["http:\/\/Solisinforma.com","https:\/\/www.facebook.com\/Solisinforma\/","https:\/\/www.instagram.com\/solisinforma\/","www.linkedin.com\/in\/hectorsolisinforma","https:\/\/x.com\/solisinforma1","@Solisinformaenvivo","https:\/\/soundcloud.com\/solisinforma"],"url":"https:\/\/solisinforma.com\/?author=2"}]}},"jetpack_publicize_connections":[],"jetpack_featured_media_url":"https:\/\/i0.wp.com\/solisinforma.com\/wp-content\/uploads\/2026\/08\/Leo-messi-adios.jpg?fit=1200%2C675&ssl=1","jetpack_sharing_enabled":true,"jetpack_likes_enabled":true,"jetpack-related-posts":[{"id":16732,"url":"https:\/\/solisinforma.com\/?p=16732","url_meta":{"origin":58202,"position":0},"title":"\u00a1Se paraliza el planeta f\u00fatbol! Argentina y Francia, hoy sale el campe\u00f3n de Qatar 2022","author":"Hector Solis","date":"18 de diciembre de 2022","format":false,"excerpt":"Ambas selecciones van por su tercera corona. Lionel Messi y Kylian Mbapp\u00e9 son los llamados a comandar a sus equipos. Las selecciones de Argentina y Francia paralizar\u00e1n este domingo el planeta f\u00fatbol cuando desde las 11:00 horas (hora maatutina dominicana) disputen la gran final del Mundial de Qatar 2022\u00a0en el\u2026","rel":"","context":"En \u00abDeportes\u00bb","block_context":{"text":"Deportes","link":"https:\/\/solisinforma.com\/?cat=11"},"img":{"alt_text":"","src":"https:\/\/i0.wp.com\/solisinforma.com\/wp-content\/uploads\/2022\/12\/Futbol-Argentina-Francia-Messi-Mbappe.jpg?fit=1200%2C648&ssl=1&resize=350%2C200","width":350,"height":200,"srcset":"https:\/\/i0.wp.com\/solisinforma.com\/wp-content\/uploads\/2022\/12\/Futbol-Argentina-Francia-Messi-Mbappe.jpg?fit=1200%2C648&ssl=1&resize=350%2C200 1x, https:\/\/i0.wp.com\/solisinforma.com\/wp-content\/uploads\/2022\/12\/Futbol-Argentina-Francia-Messi-Mbappe.jpg?fit=1200%2C648&ssl=1&resize=525%2C300 1.5x, https:\/\/i0.wp.com\/solisinforma.com\/wp-content\/uploads\/2022\/12\/Futbol-Argentina-Francia-Messi-Mbappe.jpg?fit=1200%2C648&ssl=1&resize=700%2C400 2x, https:\/\/i0.wp.com\/solisinforma.com\/wp-content\/uploads\/2022\/12\/Futbol-Argentina-Francia-Messi-Mbappe.jpg?fit=1200%2C648&ssl=1&resize=1050%2C600 3x"},"classes":[]},{"id":57744,"url":"https:\/\/solisinforma.com\/?p=57744","url_meta":{"origin":58202,"position":1},"title":"Muere Jorge Messi, padre de Leo, a los 68 a\u00f1os de edad","author":"Hector Solis","date":"8 de agosto de 2026","format":false,"excerpt":"Seg\u00fan Infobae, Jorge Messi falleci\u00f3 a los 68 a\u00f1os en un centro sanitario de Rosario. Luto en el mundo del f\u00fatbol. Jorge Messi, padre de Lionel Messi, ha fallecido a los 68 a\u00f1os en Rosario, seg\u00fan Infobae.\u00a0Su muerte se produjo durante este viernes en un centro sanitario de la ciudad\u2026","rel":"","context":"En \u00abInternacional\u00bb","block_context":{"text":"Internacional","link":"https:\/\/solisinforma.com\/?cat=15"},"img":{"alt_text":"","src":"https:\/\/i0.wp.com\/solisinforma.com\/wp-content\/uploads\/2026\/08\/Muere-padre-de-Messi.jpg?fit=1200%2C675&ssl=1&resize=350%2C200","width":350,"height":200,"srcset":"https:\/\/i0.wp.com\/solisinforma.com\/wp-content\/uploads\/2026\/08\/Muere-padre-de-Messi.jpg?fit=1200%2C675&ssl=1&resize=350%2C200 1x, https:\/\/i0.wp.com\/solisinforma.com\/wp-content\/uploads\/2026\/08\/Muere-padre-de-Messi.jpg?fit=1200%2C675&ssl=1&resize=525%2C300 1.5x, https:\/\/i0.wp.com\/solisinforma.com\/wp-content\/uploads\/2026\/08\/Muere-padre-de-Messi.jpg?fit=1200%2C675&ssl=1&resize=700%2C400 2x, https:\/\/i0.wp.com\/solisinforma.com\/wp-content\/uploads\/2026\/08\/Muere-padre-de-Messi.jpg?fit=1200%2C675&ssl=1&resize=1050%2C600 3x"},"classes":[]},{"id":57527,"url":"https:\/\/solisinforma.com\/?p=57527","url_meta":{"origin":58202,"position":2},"title":"Lamine Yamal vs Messi: el heredero del Barcelona contra su m\u00e1xima leyenda","author":"Hector Solis","date":"15 de julio de 2026","format":false,"excerpt":"El Mundial 2026\u00a0traer\u00e1 un choque esperado entre\u00a0Lionel Messi y Lamine Yamal, dos futbolistas surgidos de La Mas\u00eda\u00a0que, aunque de generaciones distintas,\u00a0muestran similitudes en sus primeros a\u00f1os de carrera.\u00a0Uno argentino,\u00a0el otro espa\u00f1ol con ra\u00edces marroqu\u00edes, ambos zurdos y acostumbrados a jugar a perfil cambiado por la banda derecha,\u00a0comparten el recurso del\u2026","rel":"","context":"En \u00abInternacional\u00bb","block_context":{"text":"Internacional","link":"https:\/\/solisinforma.com\/?cat=15"},"img":{"alt_text":"","src":"https:\/\/i0.wp.com\/solisinforma.com\/wp-content\/uploads\/2026\/07\/Messi-vs-Lamine-2026.jpg?fit=1200%2C670&ssl=1&resize=350%2C200","width":350,"height":200,"srcset":"https:\/\/i0.wp.com\/solisinforma.com\/wp-content\/uploads\/2026\/07\/Messi-vs-Lamine-2026.jpg?fit=1200%2C670&ssl=1&resize=350%2C200 1x, https:\/\/i0.wp.com\/solisinforma.com\/wp-content\/uploads\/2026\/07\/Messi-vs-Lamine-2026.jpg?fit=1200%2C670&ssl=1&resize=525%2C300 1.5x, https:\/\/i0.wp.com\/solisinforma.com\/wp-content\/uploads\/2026\/07\/Messi-vs-Lamine-2026.jpg?fit=1200%2C670&ssl=1&resize=700%2C400 2x, https:\/\/i0.wp.com\/solisinforma.com\/wp-content\/uploads\/2026\/07\/Messi-vs-Lamine-2026.jpg?fit=1200%2C670&ssl=1&resize=1050%2C600 3x"},"classes":[]},{"id":57406,"url":"https:\/\/solisinforma.com\/?p=57406","url_meta":{"origin":58202,"position":3},"title":"Argentina y Messi logran una dram\u00e1tica remontada ante Egipto y pasan a cuartos de final","author":"Hector Solis","date":"7 de julio de 2026","format":false,"excerpt":"Tras verse abajo 2-0 y con un penal fallado por Lionel Messi, la Albiceleste logr\u00f3 un regreso de locura en los minutos finales. Resucitando de un\u00a02-0\u00a0en contra,\u00a0Argentina\u00a0derrot\u00f3 este martes\u00a03-2\u00a0a\u00a0Egipto\u00a0en Atlanta y avanz\u00f3 a los cuartos de final del\u00a0Mundial 2026, en un triunfo celebrado entre l\u00e1grimas por\u00a0Lionel Messi.La campeona mundial lleg\u00f3\u2026","rel":"","context":"En \u00abDeportes\u00bb","block_context":{"text":"Deportes","link":"https:\/\/solisinforma.com\/?cat=11"},"img":{"alt_text":"","src":"https:\/\/i0.wp.com\/solisinforma.com\/wp-content\/uploads\/2026\/07\/Messi-remontada.jpg?fit=1200%2C622&ssl=1&resize=350%2C200","width":350,"height":200,"srcset":"https:\/\/i0.wp.com\/solisinforma.com\/wp-content\/uploads\/2026\/07\/Messi-remontada.jpg?fit=1200%2C622&ssl=1&resize=350%2C200 1x, https:\/\/i0.wp.com\/solisinforma.com\/wp-content\/uploads\/2026\/07\/Messi-remontada.jpg?fit=1200%2C622&ssl=1&resize=525%2C300 1.5x, https:\/\/i0.wp.com\/solisinforma.com\/wp-content\/uploads\/2026\/07\/Messi-remontada.jpg?fit=1200%2C622&ssl=1&resize=700%2C400 2x, https:\/\/i0.wp.com\/solisinforma.com\/wp-content\/uploads\/2026\/07\/Messi-remontada.jpg?fit=1200%2C622&ssl=1&resize=1050%2C600 3x"},"classes":[]},{"id":17742,"url":"https:\/\/solisinforma.com\/?p=17742","url_meta":{"origin":58202,"position":4},"title":"Messi logra su segundo \u00abThe Best\u00bb y se toma la revancha del Bal\u00f3n de Oro","author":"Hector Solis","date":"27 de febrero de 2023","format":false,"excerpt":"El argentino Leo Messi fue elegido este lunes mejor jugador de 2022 por la FIFA, cinco meses despu\u00e9s de no haber estado ni en la lista de 30 candidatos al Bal\u00f3n de Oro. El argentino Leo Messi fue elegido este lunes mejor jugador de 2022 por la\u00a0FIFA, cinco meses despu\u00e9s\u2026","rel":"","context":"En \u00abDeportes\u00bb","block_context":{"text":"Deportes","link":"https:\/\/solisinforma.com\/?cat=11"},"img":{"alt_text":"","src":"https:\/\/i0.wp.com\/solisinforma.com\/wp-content\/uploads\/2023\/02\/Leonel-Messi-The-best.jpg?fit=1200%2C675&ssl=1&resize=350%2C200","width":350,"height":200,"srcset":"https:\/\/i0.wp.com\/solisinforma.com\/wp-content\/uploads\/2023\/02\/Leonel-Messi-The-best.jpg?fit=1200%2C675&ssl=1&resize=350%2C200 1x, https:\/\/i0.wp.com\/solisinforma.com\/wp-content\/uploads\/2023\/02\/Leonel-Messi-The-best.jpg?fit=1200%2C675&ssl=1&resize=525%2C300 1.5x, https:\/\/i0.wp.com\/solisinforma.com\/wp-content\/uploads\/2023\/02\/Leonel-Messi-The-best.jpg?fit=1200%2C675&ssl=1&resize=700%2C400 2x, https:\/\/i0.wp.com\/solisinforma.com\/wp-content\/uploads\/2023\/02\/Leonel-Messi-The-best.jpg?fit=1200%2C675&ssl=1&resize=1050%2C600 3x"},"classes":[]},{"id":258,"url":"https:\/\/solisinforma.com\/?p=258","url_meta":{"origin":58202,"position":5},"title":"Lionel Messi alcanza la marca de 25 goles como el cinco estrellas de Barcelona, Alav\u00e9s","author":"Admin","date":"20 de julio de 2020","format":false,"excerpt":"Lionel Messi anot\u00f3 dos veces para el Barcelona cuando terminaron su campa\u00f1a de La Liga con una contundente victoria de 5-0 en Alav\u00e9s, aliviando el dolor de su derrota en casa a mitad de semana ante Osasuna. Ansu Fati, el delantero adolescente, puso al Bar\u00e7a al frente a mitad de\u2026","rel":"","context":"En \u00abDeportes\u00bb","block_context":{"text":"Deportes","link":"https:\/\/solisinforma.com\/?cat=11"},"img":{"alt_text":"","src":"https:\/\/i0.wp.com\/solisinforma.com\/wp-content\/uploads\/2020\/07\/3003.jpg?fit=1200%2C720&ssl=1&resize=350%2C200","width":350,"height":200,"srcset":"https:\/\/i0.wp.com\/solisinforma.com\/wp-content\/uploads\/2020\/07\/3003.jpg?fit=1200%2C720&ssl=1&resize=350%2C200 1x, https:\/\/i0.wp.com\/solisinforma.com\/wp-content\/uploads\/2020\/07\/3003.jpg?fit=1200%2C720&ssl=1&resize=525%2C300 1.5x, https:\/\/i0.wp.com\/solisinforma.com\/wp-content\/uploads\/2020\/07\/3003.jpg?fit=1200%2C720&ssl=1&resize=700%2C400 2x, https:\/\/i0.wp.com\/solisinforma.com\/wp-content\/uploads\/2020\/07\/3003.jpg?fit=1200%2C720&ssl=1&resize=1050%2C600 3x"},"classes":[]}],"jetpack_shortlink":"https:\/\/wp.me\/pc2Svn-f8K","_links":{"self":[{"href":"https:\/\/solisinforma.com\/index.php?rest_route=\/wp\/v2\/posts\/58202","targetHints":{"allow":["GET"]}}],"collection":[{"href":"https:\/\/solisinforma.com\/index.php?rest_route=\/wp\/v2\/posts"}],"about":[{"href":"https:\/\/solisinforma.com\/index.php?rest_route=\/wp\/v2\/types\/post"}],"author":[{"embeddable":true,"href":"https:\/\/solisinforma.com\/index.php?rest_route=\/wp\/v2\/users\/2"}],"replies":[{"embeddable":true,"href":"https:\/\/solisinforma.com\/index.php?rest_route=%2Fwp%2Fv2%2Fcomments&post=58202"}],"version-history":[{"count":1,"href":"https:\/\/solisinforma.com\/index.php?rest_route=\/wp\/v2\/posts\/58202\/revisions"}],"predecessor-version":[{"id":58204,"href":"https:\/\/solisinforma.com\/index.php?rest_route=\/wp\/v2\/posts\/58202\/revisions\/58204"}],"wp:featuredmedia":[{"embeddable":true,"href":"https:\/\/solisinforma.com\/index.php?rest_route=\/wp\/v2\/media\/58203"}],"wp:attachment":[{"href":"https:\/\/solisinforma.com\/index.php?rest_route=%2Fwp%2Fv2%2Fmedia&parent=58202"}],"wp:term":[{"taxonomy":"category","embeddable":true,"href":"https:\/\/solisinforma.com\/index.php?rest_route=%2Fwp%2Fv2%2Fcategories&post=58202"},{"taxonomy":"post_tag","embeddable":true,"href":"https:\/\/solisinforma.com\/index.php?rest_route=%2Fwp%2Fv2%2Ftags&post=58202"}],"curies":[{"name":"wp","href":"https:\/\/api.w.org\/{rel}","templated":true}]}}