{"id":58206,"date":"2026-08-31T14:48:39","date_gmt":"2026-08-31T18:48:39","guid":{"rendered":"https:\/\/solisinforma.com\/?p=58206"},"modified":"2026-08-31T14:48:39","modified_gmt":"2026-08-31T18:48:39","slug":"hubieres-acusa-a-miembros-del-dicrim-de-robo-de-35-tv-en-villa-olimpica-de-bayaguana","status":"publish","type":"post","link":"https:\/\/solisinforma.com\/?p=58206","title":{"rendered":"Hubieres acusa a miembros del Dicrim de robo de 35 TV en Villa Ol\u00edmpica de Bayaguana"},"content":{"rendered":"<div class=\"c-detail-header\">\n<div class=\"c-detail__subtitle\">\n<div>\n<ul>\n<li><strong>El exdiputado revel\u00f3 que miembros del Dicrim han sido quienes han llamado a v\u00edctimas de robo para decirles d\u00f3nde est\u00e1n sus pertenencias.\n<p><img data-recalc-dims=\"1\" loading=\"lazy\" decoding=\"async\" class=\"wp-image-16884 size-full aligncenter\" src=\"https:\/\/i0.wp.com\/solisinforma.com\/wp-content\/uploads\/2022\/12\/Juan-Hubieres.jpg?resize=640%2C360&#038;ssl=1\" alt=\"\" width=\"640\" height=\"360\" srcset=\"https:\/\/i0.wp.com\/solisinforma.com\/wp-content\/uploads\/2022\/12\/Juan-Hubieres.jpg?w=1200&amp;ssl=1 1200w, https:\/\/i0.wp.com\/solisinforma.com\/wp-content\/uploads\/2022\/12\/Juan-Hubieres.jpg?resize=300%2C169&amp;ssl=1 300w, https:\/\/i0.wp.com\/solisinforma.com\/wp-content\/uploads\/2022\/12\/Juan-Hubieres.jpg?resize=1024%2C576&amp;ssl=1 1024w, https:\/\/i0.wp.com\/solisinforma.com\/wp-content\/uploads\/2022\/12\/Juan-Hubieres.jpg?resize=768%2C432&amp;ssl=1 768w\" sizes=\"auto, (max-width: 640px) 100vw, 640px\" \/><br \/>\n<\/strong><\/li>\n<li>\n<p id=\"m40341-40340-40342\">El presidente del Movimiento Rebelde, Juan Hubieres, acus\u00f3 a<b>\u00a0miembros de la Direcci\u00f3n Central de Investigaci\u00f3n de la Polic\u00eda Nacional (Dicrim)\u00a0<\/b>de ser los responsables de liderar el robo de 35 televisores de la Villa Ol\u00edmpica, que ser\u00edan un regalo para los medallistas ol\u00edmpicos del municipio de Bayaguana.<\/p>\n<p id=\"m40346-40345-40347\">A trav\u00e9s de una nota de prensa, Hubieres explic\u00f3 que el robo de los televisores plasma de 55 pulgadas cometido la madrugada del domingo, valorado en m\u00e1s de 600 mil pesos, no fue un hecho aislado, ya que en el municipio de Bayaguana se han producido m\u00e1s de 14 cr\u00edmenes en los \u00faltimos meses, sin ning\u00fan apresamiento hasta el momento.<\/p>\n<p id=\"m40351-40350-40352\">\u00ab<b>Dicrim de Bayaguana es el jefe de la banda de delincuentes, atracadores, de asesinos, de robos<\/b>, junto con otros de altos niveles econ\u00f3micos que por el momento me reservar\u00e9 el nombre, pero no busquen chivos expiatorios, que los delincuentes est\u00e1n en sus filas\u00bb, explic\u00f3 Juan Hubieres en un audiovisual que circula en redes sociales.<\/p>\n<p id=\"m40356-40355-40357\">El exdiputado revel\u00f3 que miembros del Dicrim han sido quienes han llamado a v\u00edctimas de robo para decirles d\u00f3nde est\u00e1n sus pertenencias, alegando que obtienen la informaci\u00f3n de una fuente desconocida, lo que Hubieres califica de una coincidencia muy absurda.<\/p>\n<p id=\"m40361-40360-40362\">Llam\u00f3 al director de la Polic\u00eda, Ernesto Rafael Rodr\u00edguez Garc\u00eda; a la ministra de Interior y Polic\u00eda, Faride Raful, y a la procuradora de la Rep\u00fablica, Yeni Berenice Reynoso, a ponerle frente a la situaci\u00f3n y aplicar el peso del nuevo c\u00f3digo penal para los responsables de la banda delincuencial que tiene a los mun\u00edcipes de Bayaguana en p\u00e1nico total.<\/p>\n<\/li>\n<\/ul>\n<\/div>\n<\/div>\n<\/div>\n<div class=\"c-detail-img\">\n<div id=\"m40323-40322-40324\" class=\"c-detail__media \"><\/div>\n<\/div>\n","protected":false},"excerpt":{"rendered":"<p>El exdiputado revel\u00f3 que miembros del Dicrim han sido quienes han llamado a v\u00edctimas de&#8230;<\/p>\n","protected":false},"author":2,"featured_media":16884,"comment_status":"open","ping_status":"open","sticky":false,"template":"","format":"standard","meta":{"_jetpack_newsletter_access":"","_jetpack_dont_email_post_to_subs":false,"_jetpack_newsletter_tier_id":0,"_jetpack_memberships_contains_paywalled_content":false,"_jetpack_memberships_contains_paid_content":false,"_joinchat":[],"footnotes":"","jetpack_publicize_message":"","jetpack_publicize_feature_enabled":true,"jetpack_social_post_already_shared":true,"jetpack_social_options":{"image_generator_settings":{"template":"highway","default_image_id":0,"font":"","enabled":false},"version":2},"jetpack_post_was_ever_published":false},"categories":[8,39],"tags":[22587,22586,22588,11598,22584,22585,46],"class_list":["post-58206","post","type-post","status-publish","format-standard","has-post-thumbnail","hentry","category-nacionales","category-primeraplana","tag-35-televisores","tag-acusa-al-dicrim","tag-bayaguana","tag-juan-hubieres","tag-movimiento-rebelde","tag-robo-televisores","tag-solis-informa"],"yoast_head":"<!-- This site is optimized with the Yoast SEO plugin v24.9 - https:\/\/yoast.com\/wordpress\/plugins\/seo\/ -->\n<title>Hubieres acusa a miembros del Dicrim de robo de 35 TV en Villa Ol\u00edmpica de Bayaguana - Solis Informa<\/title>\n<meta name=\"robots\" content=\"index, follow, max-snippet:-1, max-image-preview:large, max-video-preview:-1\" \/>\n<link rel=\"canonical\" href=\"https:\/\/solisinforma.com\/?p=58206\" \/>\n<meta property=\"og:locale\" content=\"es_ES\" \/>\n<meta property=\"og:type\" content=\"article\" \/>\n<meta property=\"og:title\" content=\"Hubieres acusa a miembros del Dicrim de robo de 35 TV en Villa Ol\u00edmpica de Bayaguana - Solis Informa\" \/>\n<meta property=\"og:description\" content=\"El exdiputado revel\u00f3 que miembros del Dicrim han sido quienes han llamado a v\u00edctimas de...\" \/>\n<meta property=\"og:url\" content=\"https:\/\/solisinforma.com\/?p=58206\" \/>\n<meta property=\"og:site_name\" content=\"Solis Informa\" \/>\n<meta property=\"article:publisher\" content=\"https:\/\/www.facebook.com\/Solisinforma1\/\" \/>\n<meta property=\"article:author\" content=\"https:\/\/www.facebook.com\/Solisinforma\/\" \/>\n<meta property=\"article:published_time\" content=\"2026-08-31T18:48:39+00:00\" \/>\n<meta property=\"og:image\" content=\"https:\/\/solisinforma.com\/wp-content\/uploads\/2022\/12\/Juan-Hubieres.jpg\" \/>\n\t<meta property=\"og:image:width\" content=\"1200\" \/>\n\t<meta property=\"og:image:height\" content=\"675\" \/>\n\t<meta property=\"og:image:type\" content=\"image\/jpeg\" \/>\n<meta name=\"author\" content=\"Hector Solis\" \/>\n<meta name=\"twitter:card\" content=\"summary_large_image\" \/>\n<meta name=\"twitter:creator\" content=\"@solisinforma1\" \/>\n<meta name=\"twitter:label1\" content=\"Escrito por\" \/>\n\t<meta name=\"twitter:data1\" content=\"Hector Solis\" \/>\n\t<meta name=\"twitter:label2\" content=\"Tiempo de lectura\" \/>\n\t<meta name=\"twitter:data2\" content=\"2 minutos\" \/>\n<script type=\"application\/ld+json\" class=\"yoast-schema-graph\">{\"@context\":\"https:\/\/schema.org\",\"@graph\":[{\"@type\":\"Article\",\"@id\":\"https:\/\/solisinforma.com\/?p=58206#article\",\"isPartOf\":{\"@id\":\"https:\/\/solisinforma.com\/?p=58206\"},\"author\":{\"name\":\"Hector Solis\",\"@id\":\"https:\/\/solisinforma.com\/#\/schema\/person\/db4967d1c8ed640d46bf21dc55215612\"},\"headline\":\"Hubieres acusa a miembros del Dicrim de robo de 35 TV en Villa Ol\u00edmpica de Bayaguana\",\"datePublished\":\"2026-08-31T18:48:39+00:00\",\"mainEntityOfPage\":{\"@id\":\"https:\/\/solisinforma.com\/?p=58206\"},\"wordCount\":325,\"commentCount\":0,\"publisher\":{\"@id\":\"https:\/\/solisinforma.com\/#organization\"},\"image\":{\"@id\":\"https:\/\/solisinforma.com\/?p=58206#primaryimage\"},\"thumbnailUrl\":\"https:\/\/i0.wp.com\/solisinforma.com\/wp-content\/uploads\/2022\/12\/Juan-Hubieres.jpg?fit=1200%2C675&ssl=1\",\"keywords\":[\"35 televisores\",\"Acusa al DICRIM\",\"Bayaguana\",\"Juan hubieres\",\"Movimiento Rebelde\",\"Robo Televisores\",\"Solis informa\"],\"articleSection\":[\"Nacionales\",\"Primera Plana\"],\"inLanguage\":\"es\",\"potentialAction\":[{\"@type\":\"CommentAction\",\"name\":\"Comment\",\"target\":[\"https:\/\/solisinforma.com\/?p=58206#respond\"]}]},{\"@type\":\"WebPage\",\"@id\":\"https:\/\/solisinforma.com\/?p=58206\",\"url\":\"https:\/\/solisinforma.com\/?p=58206\",\"name\":\"Hubieres acusa a miembros del Dicrim de robo de 35 TV en Villa Ol\u00edmpica de Bayaguana - Solis Informa\",\"isPartOf\":{\"@id\":\"https:\/\/solisinforma.com\/#website\"},\"primaryImageOfPage\":{\"@id\":\"https:\/\/solisinforma.com\/?p=58206#primaryimage\"},\"image\":{\"@id\":\"https:\/\/solisinforma.com\/?p=58206#primaryimage\"},\"thumbnailUrl\":\"https:\/\/i0.wp.com\/solisinforma.com\/wp-content\/uploads\/2022\/12\/Juan-Hubieres.jpg?fit=1200%2C675&ssl=1\",\"datePublished\":\"2026-08-31T18:48:39+00:00\",\"breadcrumb\":{\"@id\":\"https:\/\/solisinforma.com\/?p=58206#breadcrumb\"},\"inLanguage\":\"es\",\"potentialAction\":[{\"@type\":\"ReadAction\",\"target\":[\"https:\/\/solisinforma.com\/?p=58206\"]}]},{\"@type\":\"ImageObject\",\"inLanguage\":\"es\",\"@id\":\"https:\/\/solisinforma.com\/?p=58206#primaryimage\",\"url\":\"https:\/\/i0.wp.com\/solisinforma.com\/wp-content\/uploads\/2022\/12\/Juan-Hubieres.jpg?fit=1200%2C675&ssl=1\",\"contentUrl\":\"https:\/\/i0.wp.com\/solisinforma.com\/wp-content\/uploads\/2022\/12\/Juan-Hubieres.jpg?fit=1200%2C675&ssl=1\",\"width\":1200,\"height\":675},{\"@type\":\"BreadcrumbList\",\"@id\":\"https:\/\/solisinforma.com\/?p=58206#breadcrumb\",\"itemListElement\":[{\"@type\":\"ListItem\",\"position\":1,\"name\":\"Portada\",\"item\":\"https:\/\/solisinforma.com\/\"},{\"@type\":\"ListItem\",\"position\":2,\"name\":\"Hubieres acusa a miembros del Dicrim de robo de 35 TV en Villa Ol\u00edmpica de Bayaguana\"}]},{\"@type\":\"WebSite\",\"@id\":\"https:\/\/solisinforma.com\/#website\",\"url\":\"https:\/\/solisinforma.com\/\",\"name\":\"Solis Informa\",\"description\":\"El Diario de San Juan\",\"publisher\":{\"@id\":\"https:\/\/solisinforma.com\/#organization\"},\"potentialAction\":[{\"@type\":\"SearchAction\",\"target\":{\"@type\":\"EntryPoint\",\"urlTemplate\":\"https:\/\/solisinforma.com\/?s={search_term_string}\"},\"query-input\":{\"@type\":\"PropertyValueSpecification\",\"valueRequired\":true,\"valueName\":\"search_term_string\"}}],\"inLanguage\":\"es\"},{\"@type\":\"Organization\",\"@id\":\"https:\/\/solisinforma.com\/#organization\",\"name\":\"Solis Informa\",\"url\":\"https:\/\/solisinforma.com\/\",\"logo\":{\"@type\":\"ImageObject\",\"inLanguage\":\"es\",\"@id\":\"https:\/\/solisinforma.com\/#\/schema\/logo\/image\/\",\"url\":\"https:\/\/i0.wp.com\/solisinforma.com\/wp-content\/uploads\/2020\/07\/cropped-solis-4.png?fit=512%2C512&ssl=1\",\"contentUrl\":\"https:\/\/i0.wp.com\/solisinforma.com\/wp-content\/uploads\/2020\/07\/cropped-solis-4.png?fit=512%2C512&ssl=1\",\"width\":512,\"height\":512,\"caption\":\"Solis Informa\"},\"image\":{\"@id\":\"https:\/\/solisinforma.com\/#\/schema\/logo\/image\/\"},\"sameAs\":[\"https:\/\/www.facebook.com\/Solisinforma1\/\"]},{\"@type\":\"Person\",\"@id\":\"https:\/\/solisinforma.com\/#\/schema\/person\/db4967d1c8ed640d46bf21dc55215612\",\"name\":\"Hector Solis\",\"image\":{\"@type\":\"ImageObject\",\"inLanguage\":\"es\",\"@id\":\"https:\/\/solisinforma.com\/#\/schema\/person\/image\/\",\"url\":\"https:\/\/secure.gravatar.com\/avatar\/3e116868529a43555438940611160b9cf01e4fb17f119453a6329d96e10fecf8?s=96&d=mm&r=g\",\"contentUrl\":\"https:\/\/secure.gravatar.com\/avatar\/3e116868529a43555438940611160b9cf01e4fb17f119453a6329d96e10fecf8?s=96&d=mm&r=g\",\"caption\":\"Hector Solis\"},\"sameAs\":[\"http:\/\/Solisinforma.com\",\"https:\/\/www.facebook.com\/Solisinforma\/\",\"https:\/\/www.instagram.com\/solisinforma\/\",\"www.linkedin.com\/in\/hectorsolisinforma\",\"https:\/\/x.com\/solisinforma1\",\"@Solisinformaenvivo\",\"https:\/\/soundcloud.com\/solisinforma\"],\"url\":\"https:\/\/solisinforma.com\/?author=2\"}]}<\/script>\n<!-- \/ Yoast SEO plugin. -->","yoast_head_json":{"title":"Hubieres acusa a miembros del Dicrim de robo de 35 TV en Villa Ol\u00edmpica de Bayaguana - Solis Informa","robots":{"index":"index","follow":"follow","max-snippet":"max-snippet:-1","max-image-preview":"max-image-preview:large","max-video-preview":"max-video-preview:-1"},"canonical":"https:\/\/solisinforma.com\/?p=58206","og_locale":"es_ES","og_type":"article","og_title":"Hubieres acusa a miembros del Dicrim de robo de 35 TV en Villa Ol\u00edmpica de Bayaguana - Solis Informa","og_description":"El exdiputado revel\u00f3 que miembros del Dicrim han sido quienes han llamado a v\u00edctimas de...","og_url":"https:\/\/solisinforma.com\/?p=58206","og_site_name":"Solis Informa","article_publisher":"https:\/\/www.facebook.com\/Solisinforma1\/","article_author":"https:\/\/www.facebook.com\/Solisinforma\/","article_published_time":"2026-08-31T18:48:39+00:00","og_image":[{"width":1200,"height":675,"url":"https:\/\/solisinforma.com\/wp-content\/uploads\/2022\/12\/Juan-Hubieres.jpg","type":"image\/jpeg"}],"author":"Hector Solis","twitter_card":"summary_large_image","twitter_creator":"@solisinforma1","twitter_misc":{"Escrito por":"Hector Solis","Tiempo de lectura":"2 minutos"},"schema":{"@context":"https:\/\/schema.org","@graph":[{"@type":"Article","@id":"https:\/\/solisinforma.com\/?p=58206#article","isPartOf":{"@id":"https:\/\/solisinforma.com\/?p=58206"},"author":{"name":"Hector Solis","@id":"https:\/\/solisinforma.com\/#\/schema\/person\/db4967d1c8ed640d46bf21dc55215612"},"headline":"Hubieres acusa a miembros del Dicrim de robo de 35 TV en Villa Ol\u00edmpica de Bayaguana","datePublished":"2026-08-31T18:48:39+00:00","mainEntityOfPage":{"@id":"https:\/\/solisinforma.com\/?p=58206"},"wordCount":325,"commentCount":0,"publisher":{"@id":"https:\/\/solisinforma.com\/#organization"},"image":{"@id":"https:\/\/solisinforma.com\/?p=58206#primaryimage"},"thumbnailUrl":"https:\/\/i0.wp.com\/solisinforma.com\/wp-content\/uploads\/2022\/12\/Juan-Hubieres.jpg?fit=1200%2C675&ssl=1","keywords":["35 televisores","Acusa al DICRIM","Bayaguana","Juan hubieres","Movimiento Rebelde","Robo Televisores","Solis informa"],"articleSection":["Nacionales","Primera Plana"],"inLanguage":"es","potentialAction":[{"@type":"CommentAction","name":"Comment","target":["https:\/\/solisinforma.com\/?p=58206#respond"]}]},{"@type":"WebPage","@id":"https:\/\/solisinforma.com\/?p=58206","url":"https:\/\/solisinforma.com\/?p=58206","name":"Hubieres acusa a miembros del Dicrim de robo de 35 TV en Villa Ol\u00edmpica de Bayaguana - Solis Informa","isPartOf":{"@id":"https:\/\/solisinforma.com\/#website"},"primaryImageOfPage":{"@id":"https:\/\/solisinforma.com\/?p=58206#primaryimage"},"image":{"@id":"https:\/\/solisinforma.com\/?p=58206#primaryimage"},"thumbnailUrl":"https:\/\/i0.wp.com\/solisinforma.com\/wp-content\/uploads\/2022\/12\/Juan-Hubieres.jpg?fit=1200%2C675&ssl=1","datePublished":"2026-08-31T18:48:39+00:00","breadcrumb":{"@id":"https:\/\/solisinforma.com\/?p=58206#breadcrumb"},"inLanguage":"es","potentialAction":[{"@type":"ReadAction","target":["https:\/\/solisinforma.com\/?p=58206"]}]},{"@type":"ImageObject","inLanguage":"es","@id":"https:\/\/solisinforma.com\/?p=58206#primaryimage","url":"https:\/\/i0.wp.com\/solisinforma.com\/wp-content\/uploads\/2022\/12\/Juan-Hubieres.jpg?fit=1200%2C675&ssl=1","contentUrl":"https:\/\/i0.wp.com\/solisinforma.com\/wp-content\/uploads\/2022\/12\/Juan-Hubieres.jpg?fit=1200%2C675&ssl=1","width":1200,"height":675},{"@type":"BreadcrumbList","@id":"https:\/\/solisinforma.com\/?p=58206#breadcrumb","itemListElement":[{"@type":"ListItem","position":1,"name":"Portada","item":"https:\/\/solisinforma.com\/"},{"@type":"ListItem","position":2,"name":"Hubieres acusa a miembros del Dicrim de robo de 35 TV en Villa Ol\u00edmpica de Bayaguana"}]},{"@type":"WebSite","@id":"https:\/\/solisinforma.com\/#website","url":"https:\/\/solisinforma.com\/","name":"Solis Informa","description":"El Diario de San Juan","publisher":{"@id":"https:\/\/solisinforma.com\/#organization"},"potentialAction":[{"@type":"SearchAction","target":{"@type":"EntryPoint","urlTemplate":"https:\/\/solisinforma.com\/?s={search_term_string}"},"query-input":{"@type":"PropertyValueSpecification","valueRequired":true,"valueName":"search_term_string"}}],"inLanguage":"es"},{"@type":"Organization","@id":"https:\/\/solisinforma.com\/#organization","name":"Solis Informa","url":"https:\/\/solisinforma.com\/","logo":{"@type":"ImageObject","inLanguage":"es","@id":"https:\/\/solisinforma.com\/#\/schema\/logo\/image\/","url":"https:\/\/i0.wp.com\/solisinforma.com\/wp-content\/uploads\/2020\/07\/cropped-solis-4.png?fit=512%2C512&ssl=1","contentUrl":"https:\/\/i0.wp.com\/solisinforma.com\/wp-content\/uploads\/2020\/07\/cropped-solis-4.png?fit=512%2C512&ssl=1","width":512,"height":512,"caption":"Solis Informa"},"image":{"@id":"https:\/\/solisinforma.com\/#\/schema\/logo\/image\/"},"sameAs":["https:\/\/www.facebook.com\/Solisinforma1\/"]},{"@type":"Person","@id":"https:\/\/solisinforma.com\/#\/schema\/person\/db4967d1c8ed640d46bf21dc55215612","name":"Hector Solis","image":{"@type":"ImageObject","inLanguage":"es","@id":"https:\/\/solisinforma.com\/#\/schema\/person\/image\/","url":"https:\/\/secure.gravatar.com\/avatar\/3e116868529a43555438940611160b9cf01e4fb17f119453a6329d96e10fecf8?s=96&d=mm&r=g","contentUrl":"https:\/\/secure.gravatar.com\/avatar\/3e116868529a43555438940611160b9cf01e4fb17f119453a6329d96e10fecf8?s=96&d=mm&r=g","caption":"Hector Solis"},"sameAs":["http:\/\/Solisinforma.com","https:\/\/www.facebook.com\/Solisinforma\/","https:\/\/www.instagram.com\/solisinforma\/","www.linkedin.com\/in\/hectorsolisinforma","https:\/\/x.com\/solisinforma1","@Solisinformaenvivo","https:\/\/soundcloud.com\/solisinforma"],"url":"https:\/\/solisinforma.com\/?author=2"}]}},"jetpack_publicize_connections":[],"jetpack_featured_media_url":"https:\/\/i0.wp.com\/solisinforma.com\/wp-content\/uploads\/2022\/12\/Juan-Hubieres.jpg?fit=1200%2C675&ssl=1","jetpack_sharing_enabled":true,"jetpack_likes_enabled":true,"jetpack-related-posts":[{"id":58190,"url":"https:\/\/solisinforma.com\/?p=58190","url_meta":{"origin":58206,"position":0},"title":"Roban 35 televisores donados a medallistas de Bayaguana de los Centroamericanos","author":"Hector Solis","date":"31 de agosto de 2026","format":false,"excerpt":"Los equipos, valorados en m\u00e1s de 600,000 pesos, ser\u00edan entregados a deportistas y entrenadores que obtuvieron medallas en Santo Domingo 2026. Un total de\u00a035 televisores plasma\u00a0de 55 pulgadas, donados para reconocer a los\u00a0atletas y entrenadores\u00a0de\u00a0Bayaguana\u00a0que obtuvieron medallas en los\u00a0Juegos Centroamericanos y del Caribe Santo Domingo 2026, fueron robados durante la\u2026","rel":"","context":"En \u00abNacionales\u00bb","block_context":{"text":"Nacionales","link":"https:\/\/solisinforma.com\/?cat=8"},"img":{"alt_text":"","src":"https:\/\/i0.wp.com\/solisinforma.com\/wp-content\/uploads\/2026\/08\/Villa-deportiva-robo-televis-scaled.jpg?fit=1200%2C654&ssl=1&resize=350%2C200","width":350,"height":200,"srcset":"https:\/\/i0.wp.com\/solisinforma.com\/wp-content\/uploads\/2026\/08\/Villa-deportiva-robo-televis-scaled.jpg?fit=1200%2C654&ssl=1&resize=350%2C200 1x, https:\/\/i0.wp.com\/solisinforma.com\/wp-content\/uploads\/2026\/08\/Villa-deportiva-robo-televis-scaled.jpg?fit=1200%2C654&ssl=1&resize=525%2C300 1.5x, https:\/\/i0.wp.com\/solisinforma.com\/wp-content\/uploads\/2026\/08\/Villa-deportiva-robo-televis-scaled.jpg?fit=1200%2C654&ssl=1&resize=700%2C400 2x, https:\/\/i0.wp.com\/solisinforma.com\/wp-content\/uploads\/2026\/08\/Villa-deportiva-robo-televis-scaled.jpg?fit=1200%2C654&ssl=1&resize=1050%2C600 3x"},"classes":[]},{"id":16883,"url":"https:\/\/solisinforma.com\/?p=16883","url_meta":{"origin":58206,"position":1},"title":"Hubieres pide a Abinader indultar a 2000 privados de libertad que no puede pagar fianza","author":"Hector Solis","date":"30 de diciembre de 2022","format":false,"excerpt":"El sistema penitenciario tiene casi 23 mil personas presas con medidas de coerci\u00f3n, seg\u00fan denunci\u00f3 Hubieres El presidente del Movimiento Rebelde,\u00a0Juan Hubieres, pidi\u00f3 al presidente de la Rep\u00fablica Luis Abinader, otorgar un indulto a unos 2,000 mil\u00a0privados de libertad, que a la fecha, no han conseguido pagar la fianza y\u2026","rel":"","context":"En \u00abNacionales\u00bb","block_context":{"text":"Nacionales","link":"https:\/\/solisinforma.com\/?cat=8"},"img":{"alt_text":"","src":"https:\/\/i0.wp.com\/solisinforma.com\/wp-content\/uploads\/2022\/12\/Juan-Hubieres.jpg?fit=1200%2C675&ssl=1&resize=350%2C200","width":350,"height":200,"srcset":"https:\/\/i0.wp.com\/solisinforma.com\/wp-content\/uploads\/2022\/12\/Juan-Hubieres.jpg?fit=1200%2C675&ssl=1&resize=350%2C200 1x, https:\/\/i0.wp.com\/solisinforma.com\/wp-content\/uploads\/2022\/12\/Juan-Hubieres.jpg?fit=1200%2C675&ssl=1&resize=525%2C300 1.5x, https:\/\/i0.wp.com\/solisinforma.com\/wp-content\/uploads\/2022\/12\/Juan-Hubieres.jpg?fit=1200%2C675&ssl=1&resize=700%2C400 2x, https:\/\/i0.wp.com\/solisinforma.com\/wp-content\/uploads\/2022\/12\/Juan-Hubieres.jpg?fit=1200%2C675&ssl=1&resize=1050%2C600 3x"},"classes":[]},{"id":32127,"url":"https:\/\/solisinforma.com\/?p=32127","url_meta":{"origin":58206,"position":2},"title":"Polic\u00eda recupera dos motocicletas sustra\u00eddas en San Juan de la Maguana y La Romana","author":"Hector Solis","date":"21 de junio de 2025","format":false,"excerpt":"La Polic\u00eda Nacional, a trav\u00e9s de la Direcci\u00f3n Central de Investigaci\u00f3n (DICRIM), recuper\u00f3 dos motocicletas que hab\u00edan sido reportadas como robadas, durante operativos realizados en las provincias San Juan de la Maguana y La Romana. En San Juan, miembros adscritos a la Divisi\u00f3n de Recuperaci\u00f3n de Veh\u00edculos Robados localizaron una\u2026","rel":"","context":"En \u00abLocales\u00bb","block_context":{"text":"Locales","link":"https:\/\/solisinforma.com\/?cat=34"},"img":{"alt_text":"","src":"https:\/\/i0.wp.com\/solisinforma.com\/wp-content\/uploads\/2025\/06\/Policia-San-Juan-recupera-motor.jpg?fit=1200%2C739&ssl=1&resize=350%2C200","width":350,"height":200,"srcset":"https:\/\/i0.wp.com\/solisinforma.com\/wp-content\/uploads\/2025\/06\/Policia-San-Juan-recupera-motor.jpg?fit=1200%2C739&ssl=1&resize=350%2C200 1x, https:\/\/i0.wp.com\/solisinforma.com\/wp-content\/uploads\/2025\/06\/Policia-San-Juan-recupera-motor.jpg?fit=1200%2C739&ssl=1&resize=525%2C300 1.5x, https:\/\/i0.wp.com\/solisinforma.com\/wp-content\/uploads\/2025\/06\/Policia-San-Juan-recupera-motor.jpg?fit=1200%2C739&ssl=1&resize=700%2C400 2x, https:\/\/i0.wp.com\/solisinforma.com\/wp-content\/uploads\/2025\/06\/Policia-San-Juan-recupera-motor.jpg?fit=1200%2C739&ssl=1&resize=1050%2C600 3x"},"classes":[]},{"id":17444,"url":"https:\/\/solisinforma.com\/?p=17444","url_meta":{"origin":58206,"position":3},"title":"(VIDEO) Atrapan supuesto ladr\u00f3n en Tamayo tras robarse nevera y dormir en cama ajena","author":"Hector Solis","date":"8 de febrero de 2023","format":false,"excerpt":"Un hombre que supuestamente entr\u00f3 a robar a una casa del sector la Cuaba del municipio Tamayo, en la provincia Bahoruco, con \u201chambre\u201d y \u201csue\u00f1o\u201d, fue arrestado al dormirse en la cama ajena, despu\u00e9s de comer todo lo que encontr\u00f3 a su paso dentro de la nevera. Se trata de\u2026","rel":"","context":"En \u00abNacionales\u00bb","block_context":{"text":"Nacionales","link":"https:\/\/solisinforma.com\/?cat=8"},"img":{"alt_text":"","src":"https:\/\/i0.wp.com\/solisinforma.com\/wp-content\/uploads\/2023\/02\/Picsart_23-02-08_15-17-55-257.jpg?fit=1200%2C984&ssl=1&resize=350%2C200","width":350,"height":200,"srcset":"https:\/\/i0.wp.com\/solisinforma.com\/wp-content\/uploads\/2023\/02\/Picsart_23-02-08_15-17-55-257.jpg?fit=1200%2C984&ssl=1&resize=350%2C200 1x, https:\/\/i0.wp.com\/solisinforma.com\/wp-content\/uploads\/2023\/02\/Picsart_23-02-08_15-17-55-257.jpg?fit=1200%2C984&ssl=1&resize=525%2C300 1.5x, https:\/\/i0.wp.com\/solisinforma.com\/wp-content\/uploads\/2023\/02\/Picsart_23-02-08_15-17-55-257.jpg?fit=1200%2C984&ssl=1&resize=700%2C400 2x, https:\/\/i0.wp.com\/solisinforma.com\/wp-content\/uploads\/2023\/02\/Picsart_23-02-08_15-17-55-257.jpg?fit=1200%2C984&ssl=1&resize=1050%2C600 3x"},"classes":[]},{"id":57725,"url":"https:\/\/solisinforma.com\/?p=57725","url_meta":{"origin":58206,"position":4},"title":"Polic\u00eda Nacional apresa segundo implicado en robo de RD$15 mil y mercanc\u00edas de una vivienda en San Juan","author":"Hector Solis","date":"6 de agosto de 2026","format":false,"excerpt":"San Juan.-\u00a0La Polic\u00eda Nacional informa que agentes de la instituci\u00f3n adscritos a la Subdirecci\u00f3n Regional de Investigaciones Criminales (DICRIM), apresaron a Cristian Chama Ibert, alias \"Santico\", de 43 a\u00f1os, se\u00f1alado como el segundo presunto implicado en un robo perpetrado en una vivienda del sector Villa Liberaci\u00f3n, de donde fueron sustra\u00eddos\u2026","rel":"","context":"En \u00abLocales\u00bb","block_context":{"text":"Locales","link":"https:\/\/solisinforma.com\/?cat=34"},"img":{"alt_text":"","src":"https:\/\/i0.wp.com\/solisinforma.com\/wp-content\/uploads\/2026\/08\/Policia-San-Juan-apresado.jpeg?fit=1200%2C675&ssl=1&resize=350%2C200","width":350,"height":200,"srcset":"https:\/\/i0.wp.com\/solisinforma.com\/wp-content\/uploads\/2026\/08\/Policia-San-Juan-apresado.jpeg?fit=1200%2C675&ssl=1&resize=350%2C200 1x, https:\/\/i0.wp.com\/solisinforma.com\/wp-content\/uploads\/2026\/08\/Policia-San-Juan-apresado.jpeg?fit=1200%2C675&ssl=1&resize=525%2C300 1.5x, https:\/\/i0.wp.com\/solisinforma.com\/wp-content\/uploads\/2026\/08\/Policia-San-Juan-apresado.jpeg?fit=1200%2C675&ssl=1&resize=700%2C400 2x, https:\/\/i0.wp.com\/solisinforma.com\/wp-content\/uploads\/2026\/08\/Policia-San-Juan-apresado.jpeg?fit=1200%2C675&ssl=1&resize=1050%2C600 3x"},"classes":[]},{"id":58087,"url":"https:\/\/solisinforma.com\/?p=58087","url_meta":{"origin":58206,"position":5},"title":"Lo dejaron cuidando una villa y ahora lo acusan de sustraer ajuares por m\u00e1s de RD$5 millones","author":"Hector Solis","date":"25 de agosto de 2026","format":false,"excerpt":"El joven permanece detenido y, seg\u00fan las informaciones obtenidas durante la investigaci\u00f3n, habr\u00eda admitido su participaci\u00f3n en la sustracci\u00f3n. Agentes de la\u00a0Direcci\u00f3n Central de Investigaci\u00f3n\u00a0(Dicrim) recuperaron parte de los ajuares sustra\u00eddos de una\u00a0villa\u00a0ubicada en la comunidad de Hatillo, en el municipio de Jarabacoa, provincia La Vega, cuyo valor supera los\u2026","rel":"","context":"En \u00abNacionales\u00bb","block_context":{"text":"Nacionales","link":"https:\/\/solisinforma.com\/?cat=8"},"img":{"alt_text":"","src":"https:\/\/i0.wp.com\/solisinforma.com\/wp-content\/uploads\/2026\/08\/Bienes-recuperados-de-Villa.jpg?fit=1200%2C675&ssl=1&resize=350%2C200","width":350,"height":200,"srcset":"https:\/\/i0.wp.com\/solisinforma.com\/wp-content\/uploads\/2026\/08\/Bienes-recuperados-de-Villa.jpg?fit=1200%2C675&ssl=1&resize=350%2C200 1x, https:\/\/i0.wp.com\/solisinforma.com\/wp-content\/uploads\/2026\/08\/Bienes-recuperados-de-Villa.jpg?fit=1200%2C675&ssl=1&resize=525%2C300 1.5x, https:\/\/i0.wp.com\/solisinforma.com\/wp-content\/uploads\/2026\/08\/Bienes-recuperados-de-Villa.jpg?fit=1200%2C675&ssl=1&resize=700%2C400 2x, https:\/\/i0.wp.com\/solisinforma.com\/wp-content\/uploads\/2026\/08\/Bienes-recuperados-de-Villa.jpg?fit=1200%2C675&ssl=1&resize=1050%2C600 3x"},"classes":[]}],"jetpack_shortlink":"https:\/\/wp.me\/pc2Svn-f8O","_links":{"self":[{"href":"https:\/\/solisinforma.com\/index.php?rest_route=\/wp\/v2\/posts\/58206","targetHints":{"allow":["GET"]}}],"collection":[{"href":"https:\/\/solisinforma.com\/index.php?rest_route=\/wp\/v2\/posts"}],"about":[{"href":"https:\/\/solisinforma.com\/index.php?rest_route=\/wp\/v2\/types\/post"}],"author":[{"embeddable":true,"href":"https:\/\/solisinforma.com\/index.php?rest_route=\/wp\/v2\/users\/2"}],"replies":[{"embeddable":true,"href":"https:\/\/solisinforma.com\/index.php?rest_route=%2Fwp%2Fv2%2Fcomments&post=58206"}],"version-history":[{"count":1,"href":"https:\/\/solisinforma.com\/index.php?rest_route=\/wp\/v2\/posts\/58206\/revisions"}],"predecessor-version":[{"id":58207,"href":"https:\/\/solisinforma.com\/index.php?rest_route=\/wp\/v2\/posts\/58206\/revisions\/58207"}],"wp:featuredmedia":[{"embeddable":true,"href":"https:\/\/solisinforma.com\/index.php?rest_route=\/wp\/v2\/media\/16884"}],"wp:attachment":[{"href":"https:\/\/solisinforma.com\/index.php?rest_route=%2Fwp%2Fv2%2Fmedia&parent=58206"}],"wp:term":[{"taxonomy":"category","embeddable":true,"href":"https:\/\/solisinforma.com\/index.php?rest_route=%2Fwp%2Fv2%2Fcategories&post=58206"},{"taxonomy":"post_tag","embeddable":true,"href":"https:\/\/solisinforma.com\/index.php?rest_route=%2Fwp%2Fv2%2Ftags&post=58206"}],"curies":[{"name":"wp","href":"https:\/\/api.w.org\/{rel}","templated":true}]}}