{"id":58209,"date":"2026-08-31T14:57:18","date_gmt":"2026-08-31T18:57:18","guid":{"rendered":"https:\/\/solisinforma.com\/?p=58209"},"modified":"2026-08-31T14:57:18","modified_gmt":"2026-08-31T18:57:18","slug":"vaguada-y-onda-tropical-generaran-aguaceros-este-lunes-siguen-las-provincias-en-alerta","status":"publish","type":"post","link":"https:\/\/solisinforma.com\/?p=58209","title":{"rendered":"Vaguada y onda tropical generar\u00e1n aguaceros este lunes; siguen las provincias en alerta"},"content":{"rendered":"<div class=\"c-detail-header\">\n<div class=\"c-detail__subtitle\">\n<div>\n<ul>\n<li><strong><strong>Debido a las precipitaciones previstas, se mantienen las alertas meteorol\u00f3gicas ante posibles crecidas de r\u00edos, arroyos y ca\u00f1adas, as\u00ed como inundaciones repentinas en zonas aisladas y altamente vulnerables.\n<p><img data-recalc-dims=\"1\" loading=\"lazy\" decoding=\"async\" class=\"aligncenter wp-image-52699 size-full\" src=\"https:\/\/i0.wp.com\/solisinforma.com\/wp-content\/uploads\/2025\/10\/Lluvias-vehiculos.jpg?resize=640%2C427&#038;ssl=1\" alt=\"\" width=\"640\" height=\"427\" srcset=\"https:\/\/i0.wp.com\/solisinforma.com\/wp-content\/uploads\/2025\/10\/Lluvias-vehiculos.jpg?w=2000&amp;ssl=1 2000w, https:\/\/i0.wp.com\/solisinforma.com\/wp-content\/uploads\/2025\/10\/Lluvias-vehiculos.jpg?resize=1079%2C720&amp;ssl=1 1079w, https:\/\/i0.wp.com\/solisinforma.com\/wp-content\/uploads\/2025\/10\/Lluvias-vehiculos.jpg?resize=768%2C513&amp;ssl=1 768w, https:\/\/i0.wp.com\/solisinforma.com\/wp-content\/uploads\/2025\/10\/Lluvias-vehiculos.jpg?resize=1536%2C1025&amp;ssl=1 1536w, https:\/\/i0.wp.com\/solisinforma.com\/wp-content\/uploads\/2025\/10\/Lluvias-vehiculos.jpg?resize=1024%2C684&amp;ssl=1 1024w, https:\/\/i0.wp.com\/solisinforma.com\/wp-content\/uploads\/2025\/10\/Lluvias-vehiculos.jpg?w=1280&amp;ssl=1 1280w, https:\/\/i0.wp.com\/solisinforma.com\/wp-content\/uploads\/2025\/10\/Lluvias-vehiculos.jpg?w=1920&amp;ssl=1 1920w\" sizes=\"auto, (max-width: 640px) 100vw, 640px\" \/><br \/>\n<\/strong><\/strong><\/p>\n<p id=\"m55254-55253-55255\">El\u00a0<b>Instituto Dominicano de Meteorolog\u00eda<\/b>\u00a0(<b>Indomet<\/b>) inform\u00f3 que este lunes una\u00a0<b>vaguada\u00a0<\/b>que interact\u00faa con una\u00a0<b>onda tropical<\/b>\u00a0se aleja sobre aguas del mar Caribe, pero seguir\u00e1 generando algunos nublados acompa\u00f1ados de\u00a0<b>aguaceros\u00a0<\/b>dispersos.<\/p>\n<p id=\"m55259-55258-55260\">Estas precipitaciones estar\u00e1n principalmente sobre localidades de las regiones sureste y nordeste, como Saman\u00e1, La Altagracia, El Seibo, Monte Plata, Mar\u00eda Trinidad S\u00e1nchez, entre otras.<\/p>\n<p id=\"m55264-55263-55265\">Se espera que estas lluvias se intensifiquen con tormentas el\u00e9ctricas y r\u00e1fagas de viento, contin\u00faen durante la tarde y se extiendan hacia localidades de Hermanas Mirabal, Espaillat, La Vega, Monse\u00f1or Nouel, San Jos\u00e9 de Ocoa, Santiago, Puerto Plata, Azua, San Juan, El\u00edas Pi\u00f1a, Dajab\u00f3n, Independencia, Bahoruco, Barahona, Pedernales y el Gran Santo Domingo, entre otras provincias.<\/p>\n<p id=\"m55269-55268-55270\">Debido a las\u00a0<b>precipitaciones\u00a0<\/b>previstas, se mantienen las\u00a0<b>alertas meteorol\u00f3gicas<\/b>\u00a0ante posibles crecidas de r\u00edos, arroyos y ca\u00f1adas, as\u00ed como inundaciones repentinas en zonas aisladas y altamente vulnerables en La Altagracia, La Romana, El Seibo, Hato Mayor, San Pedro de Macor\u00eds, Saman\u00e1 y el Gran Santo Domingo.<\/p>\n<h3 class=\"c-detail__destacado\">onda tropical<\/h3>\n<p id=\"m55274-55273-55275\">Indomet dijo que vigila una onda tropical, asociada a los remanentes de la\u00a0<b>tormenta tropical Dolly<\/b>, localizada al este de Puerto Rico.<\/p>\n<p id=\"m55279-55278-55280\">Su probabilidad de alcanzar la categor\u00eda de cicl\u00f3n tropical es baja, inferior al 20 %; sin embargo, se espera que produzca lluvias importantes sobre sectores del nordeste y norte del Caribe durante los pr\u00f3ximos d\u00edas. Por su ubicaci\u00f3n y desplazamiento previsto, se recomienda dar seguimiento a su evoluci\u00f3n.<\/p>\n<p id=\"m55284-55283-55285\">Asimismo, se informa sobre otro disturbio ubicado sobre el Golfo de Am\u00e9rica, con un potencial de 70 % para alcanzar la categor\u00eda de cicl\u00f3n tropical durante las pr\u00f3ximas 48 horas o los siguientes 7 d\u00edas. Por su posici\u00f3n y desplazamiento previsto, no representa peligro para la Rep\u00fablica Dominicana.<\/p>\n<\/li>\n<\/ul>\n<\/div>\n<\/div>\n<\/div>\n<div class=\"c-detail-img\">\n<div id=\"m55236-55235-55237\" class=\"c-detail__media \"><\/div>\n<\/div>\n","protected":false},"excerpt":{"rendered":"<p>Debido a las precipitaciones previstas, se mantienen las alertas meteorol\u00f3gicas ante posibles crecidas de r\u00edos,&#8230;<\/p>\n","protected":false},"author":2,"featured_media":52699,"comment_status":"open","ping_status":"open","sticky":false,"template":"","format":"standard","meta":{"_jetpack_newsletter_access":"","_jetpack_dont_email_post_to_subs":false,"_jetpack_newsletter_tier_id":0,"_jetpack_memberships_contains_paywalled_content":false,"_jetpack_memberships_contains_paid_content":false,"_joinchat":[],"footnotes":"","jetpack_publicize_message":"","jetpack_publicize_feature_enabled":true,"jetpack_social_post_already_shared":true,"jetpack_social_options":{"image_generator_settings":{"template":"highway","default_image_id":0,"font":"","enabled":false},"version":2},"jetpack_post_was_ever_published":false},"categories":[8,39],"tags":[50,15709,948,19169,46,680,1023],"class_list":["post-58209","post","type-post","status-publish","format-standard","has-post-thumbnail","hentry","category-nacionales","category-primeraplana","tag-aguaceros","tag-indomet","tag-onda-tropical","tag-provincias-en-alerta","tag-solis-informa","tag-tormenta-tropical","tag-vaguada"],"yoast_head":"<!-- This site is optimized with the Yoast SEO plugin v24.9 - https:\/\/yoast.com\/wordpress\/plugins\/seo\/ -->\n<title>Vaguada y onda tropical generar\u00e1n aguaceros este lunes; siguen las provincias en alerta - Solis Informa<\/title>\n<meta name=\"robots\" content=\"index, follow, max-snippet:-1, max-image-preview:large, max-video-preview:-1\" \/>\n<link rel=\"canonical\" href=\"https:\/\/solisinforma.com\/?p=58209\" \/>\n<meta property=\"og:locale\" content=\"es_ES\" \/>\n<meta property=\"og:type\" content=\"article\" \/>\n<meta property=\"og:title\" content=\"Vaguada y onda tropical generar\u00e1n aguaceros este lunes; siguen las provincias en alerta - Solis Informa\" \/>\n<meta property=\"og:description\" content=\"Debido a las precipitaciones previstas, se mantienen las alertas meteorol\u00f3gicas ante posibles crecidas de r\u00edos,...\" \/>\n<meta property=\"og:url\" content=\"https:\/\/solisinforma.com\/?p=58209\" \/>\n<meta property=\"og:site_name\" content=\"Solis Informa\" \/>\n<meta property=\"article:publisher\" content=\"https:\/\/www.facebook.com\/Solisinforma1\/\" \/>\n<meta property=\"article:author\" content=\"https:\/\/www.facebook.com\/Solisinforma\/\" \/>\n<meta property=\"article:published_time\" content=\"2026-08-31T18:57:18+00:00\" \/>\n<meta property=\"og:image\" content=\"https:\/\/solisinforma.com\/wp-content\/uploads\/2025\/10\/Lluvias-vehiculos.jpg\" \/>\n\t<meta property=\"og:image:width\" content=\"2000\" \/>\n\t<meta property=\"og:image:height\" content=\"1335\" \/>\n\t<meta property=\"og:image:type\" content=\"image\/jpeg\" \/>\n<meta name=\"author\" content=\"Hector Solis\" \/>\n<meta name=\"twitter:card\" content=\"summary_large_image\" \/>\n<meta name=\"twitter:creator\" content=\"@solisinforma1\" \/>\n<meta name=\"twitter:label1\" content=\"Escrito por\" \/>\n\t<meta name=\"twitter:data1\" content=\"Hector Solis\" \/>\n\t<meta name=\"twitter:label2\" content=\"Tiempo de lectura\" \/>\n\t<meta name=\"twitter:data2\" content=\"2 minutos\" \/>\n<script type=\"application\/ld+json\" class=\"yoast-schema-graph\">{\"@context\":\"https:\/\/schema.org\",\"@graph\":[{\"@type\":\"Article\",\"@id\":\"https:\/\/solisinforma.com\/?p=58209#article\",\"isPartOf\":{\"@id\":\"https:\/\/solisinforma.com\/?p=58209\"},\"author\":{\"name\":\"Hector Solis\",\"@id\":\"https:\/\/solisinforma.com\/#\/schema\/person\/db4967d1c8ed640d46bf21dc55215612\"},\"headline\":\"Vaguada y onda tropical generar\u00e1n aguaceros este lunes; siguen las provincias en alerta\",\"datePublished\":\"2026-08-31T18:57:18+00:00\",\"mainEntityOfPage\":{\"@id\":\"https:\/\/solisinforma.com\/?p=58209\"},\"wordCount\":351,\"commentCount\":0,\"publisher\":{\"@id\":\"https:\/\/solisinforma.com\/#organization\"},\"image\":{\"@id\":\"https:\/\/solisinforma.com\/?p=58209#primaryimage\"},\"thumbnailUrl\":\"https:\/\/i0.wp.com\/solisinforma.com\/wp-content\/uploads\/2025\/10\/Lluvias-vehiculos.jpg?fit=2000%2C1335&ssl=1\",\"keywords\":[\"aguaceros\",\"Indomet\",\"onda tropical\",\"provincias en alerta\",\"Solis informa\",\"tormenta tropical\",\"vaguada\"],\"articleSection\":[\"Nacionales\",\"Primera Plana\"],\"inLanguage\":\"es\",\"potentialAction\":[{\"@type\":\"CommentAction\",\"name\":\"Comment\",\"target\":[\"https:\/\/solisinforma.com\/?p=58209#respond\"]}]},{\"@type\":\"WebPage\",\"@id\":\"https:\/\/solisinforma.com\/?p=58209\",\"url\":\"https:\/\/solisinforma.com\/?p=58209\",\"name\":\"Vaguada y onda tropical generar\u00e1n aguaceros este lunes; siguen las provincias en alerta - Solis Informa\",\"isPartOf\":{\"@id\":\"https:\/\/solisinforma.com\/#website\"},\"primaryImageOfPage\":{\"@id\":\"https:\/\/solisinforma.com\/?p=58209#primaryimage\"},\"image\":{\"@id\":\"https:\/\/solisinforma.com\/?p=58209#primaryimage\"},\"thumbnailUrl\":\"https:\/\/i0.wp.com\/solisinforma.com\/wp-content\/uploads\/2025\/10\/Lluvias-vehiculos.jpg?fit=2000%2C1335&ssl=1\",\"datePublished\":\"2026-08-31T18:57:18+00:00\",\"breadcrumb\":{\"@id\":\"https:\/\/solisinforma.com\/?p=58209#breadcrumb\"},\"inLanguage\":\"es\",\"potentialAction\":[{\"@type\":\"ReadAction\",\"target\":[\"https:\/\/solisinforma.com\/?p=58209\"]}]},{\"@type\":\"ImageObject\",\"inLanguage\":\"es\",\"@id\":\"https:\/\/solisinforma.com\/?p=58209#primaryimage\",\"url\":\"https:\/\/i0.wp.com\/solisinforma.com\/wp-content\/uploads\/2025\/10\/Lluvias-vehiculos.jpg?fit=2000%2C1335&ssl=1\",\"contentUrl\":\"https:\/\/i0.wp.com\/solisinforma.com\/wp-content\/uploads\/2025\/10\/Lluvias-vehiculos.jpg?fit=2000%2C1335&ssl=1\",\"width\":2000,\"height\":1335},{\"@type\":\"BreadcrumbList\",\"@id\":\"https:\/\/solisinforma.com\/?p=58209#breadcrumb\",\"itemListElement\":[{\"@type\":\"ListItem\",\"position\":1,\"name\":\"Portada\",\"item\":\"https:\/\/solisinforma.com\/\"},{\"@type\":\"ListItem\",\"position\":2,\"name\":\"Vaguada y onda tropical generar\u00e1n aguaceros este lunes; siguen las provincias en alerta\"}]},{\"@type\":\"WebSite\",\"@id\":\"https:\/\/solisinforma.com\/#website\",\"url\":\"https:\/\/solisinforma.com\/\",\"name\":\"Solis Informa\",\"description\":\"El Diario de San Juan\",\"publisher\":{\"@id\":\"https:\/\/solisinforma.com\/#organization\"},\"potentialAction\":[{\"@type\":\"SearchAction\",\"target\":{\"@type\":\"EntryPoint\",\"urlTemplate\":\"https:\/\/solisinforma.com\/?s={search_term_string}\"},\"query-input\":{\"@type\":\"PropertyValueSpecification\",\"valueRequired\":true,\"valueName\":\"search_term_string\"}}],\"inLanguage\":\"es\"},{\"@type\":\"Organization\",\"@id\":\"https:\/\/solisinforma.com\/#organization\",\"name\":\"Solis Informa\",\"url\":\"https:\/\/solisinforma.com\/\",\"logo\":{\"@type\":\"ImageObject\",\"inLanguage\":\"es\",\"@id\":\"https:\/\/solisinforma.com\/#\/schema\/logo\/image\/\",\"url\":\"https:\/\/i0.wp.com\/solisinforma.com\/wp-content\/uploads\/2020\/07\/cropped-solis-4.png?fit=512%2C512&ssl=1\",\"contentUrl\":\"https:\/\/i0.wp.com\/solisinforma.com\/wp-content\/uploads\/2020\/07\/cropped-solis-4.png?fit=512%2C512&ssl=1\",\"width\":512,\"height\":512,\"caption\":\"Solis Informa\"},\"image\":{\"@id\":\"https:\/\/solisinforma.com\/#\/schema\/logo\/image\/\"},\"sameAs\":[\"https:\/\/www.facebook.com\/Solisinforma1\/\"]},{\"@type\":\"Person\",\"@id\":\"https:\/\/solisinforma.com\/#\/schema\/person\/db4967d1c8ed640d46bf21dc55215612\",\"name\":\"Hector Solis\",\"image\":{\"@type\":\"ImageObject\",\"inLanguage\":\"es\",\"@id\":\"https:\/\/solisinforma.com\/#\/schema\/person\/image\/\",\"url\":\"https:\/\/secure.gravatar.com\/avatar\/3e116868529a43555438940611160b9cf01e4fb17f119453a6329d96e10fecf8?s=96&d=mm&r=g\",\"contentUrl\":\"https:\/\/secure.gravatar.com\/avatar\/3e116868529a43555438940611160b9cf01e4fb17f119453a6329d96e10fecf8?s=96&d=mm&r=g\",\"caption\":\"Hector Solis\"},\"sameAs\":[\"http:\/\/Solisinforma.com\",\"https:\/\/www.facebook.com\/Solisinforma\/\",\"https:\/\/www.instagram.com\/solisinforma\/\",\"www.linkedin.com\/in\/hectorsolisinforma\",\"https:\/\/x.com\/solisinforma1\",\"@Solisinformaenvivo\",\"https:\/\/soundcloud.com\/solisinforma\"],\"url\":\"https:\/\/solisinforma.com\/?author=2\"}]}<\/script>\n<!-- \/ Yoast SEO plugin. -->","yoast_head_json":{"title":"Vaguada y onda tropical generar\u00e1n aguaceros este lunes; siguen las provincias en alerta - Solis Informa","robots":{"index":"index","follow":"follow","max-snippet":"max-snippet:-1","max-image-preview":"max-image-preview:large","max-video-preview":"max-video-preview:-1"},"canonical":"https:\/\/solisinforma.com\/?p=58209","og_locale":"es_ES","og_type":"article","og_title":"Vaguada y onda tropical generar\u00e1n aguaceros este lunes; siguen las provincias en alerta - Solis Informa","og_description":"Debido a las precipitaciones previstas, se mantienen las alertas meteorol\u00f3gicas ante posibles crecidas de r\u00edos,...","og_url":"https:\/\/solisinforma.com\/?p=58209","og_site_name":"Solis Informa","article_publisher":"https:\/\/www.facebook.com\/Solisinforma1\/","article_author":"https:\/\/www.facebook.com\/Solisinforma\/","article_published_time":"2026-08-31T18:57:18+00:00","og_image":[{"width":2000,"height":1335,"url":"https:\/\/solisinforma.com\/wp-content\/uploads\/2025\/10\/Lluvias-vehiculos.jpg","type":"image\/jpeg"}],"author":"Hector Solis","twitter_card":"summary_large_image","twitter_creator":"@solisinforma1","twitter_misc":{"Escrito por":"Hector Solis","Tiempo de lectura":"2 minutos"},"schema":{"@context":"https:\/\/schema.org","@graph":[{"@type":"Article","@id":"https:\/\/solisinforma.com\/?p=58209#article","isPartOf":{"@id":"https:\/\/solisinforma.com\/?p=58209"},"author":{"name":"Hector Solis","@id":"https:\/\/solisinforma.com\/#\/schema\/person\/db4967d1c8ed640d46bf21dc55215612"},"headline":"Vaguada y onda tropical generar\u00e1n aguaceros este lunes; siguen las provincias en alerta","datePublished":"2026-08-31T18:57:18+00:00","mainEntityOfPage":{"@id":"https:\/\/solisinforma.com\/?p=58209"},"wordCount":351,"commentCount":0,"publisher":{"@id":"https:\/\/solisinforma.com\/#organization"},"image":{"@id":"https:\/\/solisinforma.com\/?p=58209#primaryimage"},"thumbnailUrl":"https:\/\/i0.wp.com\/solisinforma.com\/wp-content\/uploads\/2025\/10\/Lluvias-vehiculos.jpg?fit=2000%2C1335&ssl=1","keywords":["aguaceros","Indomet","onda tropical","provincias en alerta","Solis informa","tormenta tropical","vaguada"],"articleSection":["Nacionales","Primera Plana"],"inLanguage":"es","potentialAction":[{"@type":"CommentAction","name":"Comment","target":["https:\/\/solisinforma.com\/?p=58209#respond"]}]},{"@type":"WebPage","@id":"https:\/\/solisinforma.com\/?p=58209","url":"https:\/\/solisinforma.com\/?p=58209","name":"Vaguada y onda tropical generar\u00e1n aguaceros este lunes; siguen las provincias en alerta - Solis Informa","isPartOf":{"@id":"https:\/\/solisinforma.com\/#website"},"primaryImageOfPage":{"@id":"https:\/\/solisinforma.com\/?p=58209#primaryimage"},"image":{"@id":"https:\/\/solisinforma.com\/?p=58209#primaryimage"},"thumbnailUrl":"https:\/\/i0.wp.com\/solisinforma.com\/wp-content\/uploads\/2025\/10\/Lluvias-vehiculos.jpg?fit=2000%2C1335&ssl=1","datePublished":"2026-08-31T18:57:18+00:00","breadcrumb":{"@id":"https:\/\/solisinforma.com\/?p=58209#breadcrumb"},"inLanguage":"es","potentialAction":[{"@type":"ReadAction","target":["https:\/\/solisinforma.com\/?p=58209"]}]},{"@type":"ImageObject","inLanguage":"es","@id":"https:\/\/solisinforma.com\/?p=58209#primaryimage","url":"https:\/\/i0.wp.com\/solisinforma.com\/wp-content\/uploads\/2025\/10\/Lluvias-vehiculos.jpg?fit=2000%2C1335&ssl=1","contentUrl":"https:\/\/i0.wp.com\/solisinforma.com\/wp-content\/uploads\/2025\/10\/Lluvias-vehiculos.jpg?fit=2000%2C1335&ssl=1","width":2000,"height":1335},{"@type":"BreadcrumbList","@id":"https:\/\/solisinforma.com\/?p=58209#breadcrumb","itemListElement":[{"@type":"ListItem","position":1,"name":"Portada","item":"https:\/\/solisinforma.com\/"},{"@type":"ListItem","position":2,"name":"Vaguada y onda tropical generar\u00e1n aguaceros este lunes; siguen las provincias en alerta"}]},{"@type":"WebSite","@id":"https:\/\/solisinforma.com\/#website","url":"https:\/\/solisinforma.com\/","name":"Solis Informa","description":"El Diario de San Juan","publisher":{"@id":"https:\/\/solisinforma.com\/#organization"},"potentialAction":[{"@type":"SearchAction","target":{"@type":"EntryPoint","urlTemplate":"https:\/\/solisinforma.com\/?s={search_term_string}"},"query-input":{"@type":"PropertyValueSpecification","valueRequired":true,"valueName":"search_term_string"}}],"inLanguage":"es"},{"@type":"Organization","@id":"https:\/\/solisinforma.com\/#organization","name":"Solis Informa","url":"https:\/\/solisinforma.com\/","logo":{"@type":"ImageObject","inLanguage":"es","@id":"https:\/\/solisinforma.com\/#\/schema\/logo\/image\/","url":"https:\/\/i0.wp.com\/solisinforma.com\/wp-content\/uploads\/2020\/07\/cropped-solis-4.png?fit=512%2C512&ssl=1","contentUrl":"https:\/\/i0.wp.com\/solisinforma.com\/wp-content\/uploads\/2020\/07\/cropped-solis-4.png?fit=512%2C512&ssl=1","width":512,"height":512,"caption":"Solis Informa"},"image":{"@id":"https:\/\/solisinforma.com\/#\/schema\/logo\/image\/"},"sameAs":["https:\/\/www.facebook.com\/Solisinforma1\/"]},{"@type":"Person","@id":"https:\/\/solisinforma.com\/#\/schema\/person\/db4967d1c8ed640d46bf21dc55215612","name":"Hector Solis","image":{"@type":"ImageObject","inLanguage":"es","@id":"https:\/\/solisinforma.com\/#\/schema\/person\/image\/","url":"https:\/\/secure.gravatar.com\/avatar\/3e116868529a43555438940611160b9cf01e4fb17f119453a6329d96e10fecf8?s=96&d=mm&r=g","contentUrl":"https:\/\/secure.gravatar.com\/avatar\/3e116868529a43555438940611160b9cf01e4fb17f119453a6329d96e10fecf8?s=96&d=mm&r=g","caption":"Hector Solis"},"sameAs":["http:\/\/Solisinforma.com","https:\/\/www.facebook.com\/Solisinforma\/","https:\/\/www.instagram.com\/solisinforma\/","www.linkedin.com\/in\/hectorsolisinforma","https:\/\/x.com\/solisinforma1","@Solisinformaenvivo","https:\/\/soundcloud.com\/solisinforma"],"url":"https:\/\/solisinforma.com\/?author=2"}]}},"jetpack_publicize_connections":[],"jetpack_featured_media_url":"https:\/\/i0.wp.com\/solisinforma.com\/wp-content\/uploads\/2025\/10\/Lluvias-vehiculos.jpg?fit=2000%2C1335&ssl=1","jetpack_sharing_enabled":true,"jetpack_likes_enabled":true,"jetpack-related-posts":[{"id":51304,"url":"https:\/\/solisinforma.com\/?p=51304","url_meta":{"origin":58209,"position":0},"title":"Lluvias contin\u00faan este domingo por onda tropical; siguen cinco provincias en alerta","author":"Hector Solis","date":"3 de agosto de 2025","format":false,"excerpt":"Seg\u00fan el Indomet, en la noche de este domingo las lluvias disminuir\u00e1n de manera gradual. Una\u00a0onda tropical\u00a0y una\u00a0vaguada\u00a0mantendr\u00e1n las condiciones favorables para que contin\u00faen las\u00a0fuertes lluvias\u00a0en varias localidades este domingo, mientras cinco\u00a0provincias\u00a0se mantienen bajo\u00a0alerta verde. Seg\u00fan el informe del Instituto Dominicano de Meteorolog\u00eda (Indomet), durante las primeras horas de este\u2026","rel":"","context":"En \u00abNacionales\u00bb","block_context":{"text":"Nacionales","link":"https:\/\/solisinforma.com\/?cat=8"},"img":{"alt_text":"","src":"https:\/\/i0.wp.com\/solisinforma.com\/wp-content\/uploads\/2023\/08\/Banarse-en-agua-lluvia-2.jpg?fit=1200%2C800&ssl=1&resize=350%2C200","width":350,"height":200,"srcset":"https:\/\/i0.wp.com\/solisinforma.com\/wp-content\/uploads\/2023\/08\/Banarse-en-agua-lluvia-2.jpg?fit=1200%2C800&ssl=1&resize=350%2C200 1x, https:\/\/i0.wp.com\/solisinforma.com\/wp-content\/uploads\/2023\/08\/Banarse-en-agua-lluvia-2.jpg?fit=1200%2C800&ssl=1&resize=525%2C300 1.5x, https:\/\/i0.wp.com\/solisinforma.com\/wp-content\/uploads\/2023\/08\/Banarse-en-agua-lluvia-2.jpg?fit=1200%2C800&ssl=1&resize=700%2C400 2x, https:\/\/i0.wp.com\/solisinforma.com\/wp-content\/uploads\/2023\/08\/Banarse-en-agua-lluvia-2.jpg?fit=1200%2C800&ssl=1&resize=1050%2C600 3x"},"classes":[]},{"id":52935,"url":"https:\/\/solisinforma.com\/?p=52935","url_meta":{"origin":58209,"position":1},"title":"Las lluvias se intensificar\u00e1n a partir de la tarde en varias provincias por vaguada y onda tropical","author":"Hector Solis","date":"1 de noviembre de 2025","format":false,"excerpt":"El Indomet exhort\u00f3 a la poblaci\u00f3n a mantenerse atenta a las informaciones oficiales y a seguir las recomendaciones El\u00a0Instituto Dominicano de Meteorolog\u00eda\u00a0(Indomet) inform\u00f3 este s\u00e1bado que una\u00a0vaguada\u00a0y una\u00a0onda tropical\u00a0incidir\u00e1n en las condiciones del tiempo durante el fin de semana, generando aguaceros moderados a fuertes, tormentas el\u00e9ctricas y r\u00e1fagas de viento\u2026","rel":"","context":"En \u00abNacionales\u00bb","block_context":{"text":"Nacionales","link":"https:\/\/solisinforma.com\/?cat=8"},"img":{"alt_text":"","src":"https:\/\/i0.wp.com\/solisinforma.com\/wp-content\/uploads\/2025\/11\/Lluvias-cgentes-muchachos-scaled.jpg?fit=1200%2C800&ssl=1&resize=350%2C200","width":350,"height":200,"srcset":"https:\/\/i0.wp.com\/solisinforma.com\/wp-content\/uploads\/2025\/11\/Lluvias-cgentes-muchachos-scaled.jpg?fit=1200%2C800&ssl=1&resize=350%2C200 1x, https:\/\/i0.wp.com\/solisinforma.com\/wp-content\/uploads\/2025\/11\/Lluvias-cgentes-muchachos-scaled.jpg?fit=1200%2C800&ssl=1&resize=525%2C300 1.5x, https:\/\/i0.wp.com\/solisinforma.com\/wp-content\/uploads\/2025\/11\/Lluvias-cgentes-muchachos-scaled.jpg?fit=1200%2C800&ssl=1&resize=700%2C400 2x, https:\/\/i0.wp.com\/solisinforma.com\/wp-content\/uploads\/2025\/11\/Lluvias-cgentes-muchachos-scaled.jpg?fit=1200%2C800&ssl=1&resize=1050%2C600 3x"},"classes":[]},{"id":26738,"url":"https:\/\/solisinforma.com\/?p=26738","url_meta":{"origin":58209,"position":2},"title":"Indomet alerta sobre posibles lluvias este s\u00e1bado y altas temperaturas","author":"Hector Solis","date":"24 de agosto de 2024","format":false,"excerpt":"Las precipitaciones podr\u00edan ocurrir despu\u00e9s del mediod\u00eda debido a la incidencia de una vaguada. Despu\u00e9s del mediod\u00eda de este s\u00e1bado se pronostican\u00a0lluvias\u00a0en algunas localidades de Rep\u00fablica Dominicana debido a los efectos de una vaguada, seg\u00fan el informe del\u00a0Instituto Dominicano de Meteorolog\u00eda (Indomet). La entidad alert\u00f3 sobre estas precipitaciones en Santo\u2026","rel":"","context":"En \u00abNacionales\u00bb","block_context":{"text":"Nacionales","link":"https:\/\/solisinforma.com\/?cat=8"},"img":{"alt_text":"","src":"https:\/\/i0.wp.com\/solisinforma.com\/wp-content\/uploads\/2024\/05\/Fuerte-aguacero-lluvias-e1715275903414.png?fit=1200%2C800&ssl=1&resize=350%2C200","width":350,"height":200,"srcset":"https:\/\/i0.wp.com\/solisinforma.com\/wp-content\/uploads\/2024\/05\/Fuerte-aguacero-lluvias-e1715275903414.png?fit=1200%2C800&ssl=1&resize=350%2C200 1x, https:\/\/i0.wp.com\/solisinforma.com\/wp-content\/uploads\/2024\/05\/Fuerte-aguacero-lluvias-e1715275903414.png?fit=1200%2C800&ssl=1&resize=525%2C300 1.5x, https:\/\/i0.wp.com\/solisinforma.com\/wp-content\/uploads\/2024\/05\/Fuerte-aguacero-lluvias-e1715275903414.png?fit=1200%2C800&ssl=1&resize=700%2C400 2x, https:\/\/i0.wp.com\/solisinforma.com\/wp-content\/uploads\/2024\/05\/Fuerte-aguacero-lluvias-e1715275903414.png?fit=1200%2C800&ssl=1&resize=1050%2C600 3x"},"classes":[]},{"id":52235,"url":"https:\/\/solisinforma.com\/?p=52235","url_meta":{"origin":58209,"position":3},"title":"Continuar\u00e1n los fuertes aguaceros este viernes; San Juan en alerta amarilla","author":"Hector Solis","date":"26 de septiembre de 2025","format":false,"excerpt":"El Indomet inform\u00f3 que la onda tropical con alto potencial cicl\u00f3nico se ha desplazado hacia el oeste, localiz\u00e1ndose entre Hait\u00ed y el Canal del Viento. Una\u00a0onda tropical\u00a0seguir\u00e1 produciendo fuertes\u00a0aguaceros\u00a0en algunas provincias de Rep\u00fablica Dominicana, seg\u00fan el informe del Instituto Dominicana de Meteorolog\u00eda (Indomet). El\u00a0Indomet\u00a0inform\u00f3 que la onda tropical con alto\u2026","rel":"","context":"En \u00abNacionales\u00bb","block_context":{"text":"Nacionales","link":"https:\/\/solisinforma.com\/?cat=8"},"img":{"alt_text":"","src":"https:\/\/i0.wp.com\/solisinforma.com\/wp-content\/uploads\/2023\/06\/San-Juan-alerta-amarilla-lluvias-coe.jpg?fit=1200%2C669&ssl=1&resize=350%2C200","width":350,"height":200,"srcset":"https:\/\/i0.wp.com\/solisinforma.com\/wp-content\/uploads\/2023\/06\/San-Juan-alerta-amarilla-lluvias-coe.jpg?fit=1200%2C669&ssl=1&resize=350%2C200 1x, https:\/\/i0.wp.com\/solisinforma.com\/wp-content\/uploads\/2023\/06\/San-Juan-alerta-amarilla-lluvias-coe.jpg?fit=1200%2C669&ssl=1&resize=525%2C300 1.5x, https:\/\/i0.wp.com\/solisinforma.com\/wp-content\/uploads\/2023\/06\/San-Juan-alerta-amarilla-lluvias-coe.jpg?fit=1200%2C669&ssl=1&resize=700%2C400 2x, https:\/\/i0.wp.com\/solisinforma.com\/wp-content\/uploads\/2023\/06\/San-Juan-alerta-amarilla-lluvias-coe.jpg?fit=1200%2C669&ssl=1&resize=1050%2C600 3x"},"classes":[]},{"id":27833,"url":"https:\/\/solisinforma.com\/?p=27833","url_meta":{"origin":58209,"position":4},"title":"Indomet alerta sobre lluvias durante el fin de semana en Rep\u00fablica Dominicana","author":"Hector Solis","date":"26 de octubre de 2024","format":false,"excerpt":"Estas precipitaciones ocurrir\u00e1n debido a una onda tropical y vaguada Este s\u00e1bado se espera que las lluvias se intensifiquen en horas de la noche El\u00a0Instituto Dominicano de Meteorolog\u00eda (Indomet)\u00a0pronostic\u00f3 este s\u00e1bado que el pa\u00eds permanecer\u00e1 bajo los efectos de un sistema frontal y del paso de una\u00a0onda tropical, con su\u2026","rel":"","context":"En \u00abNacionales\u00bb","block_context":{"text":"Nacionales","link":"https:\/\/solisinforma.com\/?cat=8"},"img":{"alt_text":"","src":"https:\/\/i0.wp.com\/solisinforma.com\/wp-content\/uploads\/2021\/08\/lluvia-llover.jpeg?resize=350%2C200&ssl=1","width":350,"height":200,"srcset":"https:\/\/i0.wp.com\/solisinforma.com\/wp-content\/uploads\/2021\/08\/lluvia-llover.jpeg?resize=350%2C200&ssl=1 1x, https:\/\/i0.wp.com\/solisinforma.com\/wp-content\/uploads\/2021\/08\/lluvia-llover.jpeg?resize=525%2C300&ssl=1 1.5x, https:\/\/i0.wp.com\/solisinforma.com\/wp-content\/uploads\/2021\/08\/lluvia-llover.jpeg?resize=700%2C400&ssl=1 2x, https:\/\/i0.wp.com\/solisinforma.com\/wp-content\/uploads\/2021\/08\/lluvia-llover.jpeg?resize=1050%2C600&ssl=1 3x"},"classes":[]},{"id":20366,"url":"https:\/\/solisinforma.com\/?p=20366","url_meta":{"origin":58209,"position":5},"title":"Otra onda tropical y una vaguada generar\u00e1n aguaceros este domingo y el lunes","author":"Hector Solis","date":"6 de agosto de 2023","format":false,"excerpt":"Las temperaturas continuar\u00e1n calurosas por la \u00e9poca del a\u00f1o, por lo que la Onamet recomend\u00f3 hidratarse La\u00a0Oficina Nacional de Meteorolog\u00eda (Onamet)\u00a0pronostic\u00f3\u00a0aguaceros\u00a0a partir de horas de la tarde de este domingo y que se extender\u00e1n hasta el martes por otra\u00a0onda tropical\u00a0que se acercar\u00e1 al pa\u00eds en la noche de hoy y\u2026","rel":"","context":"En \u00abNacionales\u00bb","block_context":{"text":"Nacionales","link":"https:\/\/solisinforma.com\/?cat=8"},"img":{"alt_text":"","src":"https:\/\/i0.wp.com\/solisinforma.com\/wp-content\/uploads\/2022\/10\/Lluvias-para-San-Juan.jpg?resize=350%2C200&ssl=1","width":350,"height":200,"srcset":"https:\/\/i0.wp.com\/solisinforma.com\/wp-content\/uploads\/2022\/10\/Lluvias-para-San-Juan.jpg?resize=350%2C200&ssl=1 1x, https:\/\/i0.wp.com\/solisinforma.com\/wp-content\/uploads\/2022\/10\/Lluvias-para-San-Juan.jpg?resize=525%2C300&ssl=1 1.5x, https:\/\/i0.wp.com\/solisinforma.com\/wp-content\/uploads\/2022\/10\/Lluvias-para-San-Juan.jpg?resize=700%2C400&ssl=1 2x, https:\/\/i0.wp.com\/solisinforma.com\/wp-content\/uploads\/2022\/10\/Lluvias-para-San-Juan.jpg?resize=1050%2C600&ssl=1 3x"},"classes":[]}],"jetpack_shortlink":"https:\/\/wp.me\/pc2Svn-f8R","_links":{"self":[{"href":"https:\/\/solisinforma.com\/index.php?rest_route=\/wp\/v2\/posts\/58209","targetHints":{"allow":["GET"]}}],"collection":[{"href":"https:\/\/solisinforma.com\/index.php?rest_route=\/wp\/v2\/posts"}],"about":[{"href":"https:\/\/solisinforma.com\/index.php?rest_route=\/wp\/v2\/types\/post"}],"author":[{"embeddable":true,"href":"https:\/\/solisinforma.com\/index.php?rest_route=\/wp\/v2\/users\/2"}],"replies":[{"embeddable":true,"href":"https:\/\/solisinforma.com\/index.php?rest_route=%2Fwp%2Fv2%2Fcomments&post=58209"}],"version-history":[{"count":1,"href":"https:\/\/solisinforma.com\/index.php?rest_route=\/wp\/v2\/posts\/58209\/revisions"}],"predecessor-version":[{"id":58210,"href":"https:\/\/solisinforma.com\/index.php?rest_route=\/wp\/v2\/posts\/58209\/revisions\/58210"}],"wp:featuredmedia":[{"embeddable":true,"href":"https:\/\/solisinforma.com\/index.php?rest_route=\/wp\/v2\/media\/52699"}],"wp:attachment":[{"href":"https:\/\/solisinforma.com\/index.php?rest_route=%2Fwp%2Fv2%2Fmedia&parent=58209"}],"wp:term":[{"taxonomy":"category","embeddable":true,"href":"https:\/\/solisinforma.com\/index.php?rest_route=%2Fwp%2Fv2%2Fcategories&post=58209"},{"taxonomy":"post_tag","embeddable":true,"href":"https:\/\/solisinforma.com\/index.php?rest_route=%2Fwp%2Fv2%2Ftags&post=58209"}],"curies":[{"name":"wp","href":"https:\/\/api.w.org\/{rel}","templated":true}]}}