{"id":58215,"date":"2026-09-01T07:06:22","date_gmt":"2026-09-01T11:06:22","guid":{"rendered":"https:\/\/solisinforma.com\/?p=58215"},"modified":"2026-09-01T07:06:50","modified_gmt":"2026-09-01T11:06:50","slug":"abinader-fija-como-meta-entregar-el-80-de-las-obras-antes-de-concluir-su-mandato","status":"publish","type":"post","link":"https:\/\/solisinforma.com\/?p=58215","title":{"rendered":"Abinader fija como meta entregar el 80 % de las obras antes de concluir su mandato"},"content":{"rendered":"<ul>\n<li class=\"flex mb-2\"><strong>El Gobierno proyecta atravesar Santo Domingo sin pararse en los sem\u00e1foros<\/strong><\/li>\n<li class=\"flex mb-2\"><strong>Caasd anuncia licitaciones de nuevas plantas de tratamiento<\/strong><\/li>\n<\/ul>\n<p><strong><img data-recalc-dims=\"1\" loading=\"lazy\" decoding=\"async\" class=\"alignnone size-full wp-image-58217\" src=\"https:\/\/i0.wp.com\/solisinforma.com\/wp-content\/uploads\/2026\/09\/Obras-agenda-semanal-luis-abinader.png?resize=640%2C360&#038;ssl=1\" alt=\"\" width=\"640\" height=\"360\" srcset=\"https:\/\/i0.wp.com\/solisinforma.com\/wp-content\/uploads\/2026\/09\/Obras-agenda-semanal-luis-abinader.png?w=1199&amp;ssl=1 1199w, https:\/\/i0.wp.com\/solisinforma.com\/wp-content\/uploads\/2026\/09\/Obras-agenda-semanal-luis-abinader.png?resize=768%2C432&amp;ssl=1 768w, https:\/\/i0.wp.com\/solisinforma.com\/wp-content\/uploads\/2026\/09\/Obras-agenda-semanal-luis-abinader.png?resize=1024%2C576&amp;ssl=1 1024w\" sizes=\"auto, (max-width: 640px) 100vw, 640px\" \/><\/strong><\/p>\n<p>El\u00a0<strong>presidente<\/strong>\u00a0y su equipo de\u00a0<strong>infraestructura vial<\/strong> y conectividad nacional pasaron balance ayer lunes a las principales obras de infraestructura ejecutadas y en marcha durante sus dos gestiones, y Luis Abinader fij\u00f3 como meta entregar el 80 % de los proyectos pendientes antes del\u00a0<strong>16 de agosto de 2028<\/strong>, cuando concluir\u00e1 su mandato.<\/p>\n<p>La revisi\u00f3n abarc\u00f3 carreteras, transporte masivo, viviendas, acueductos y sistemas de saneamiento. Durante\u00a0<strong>LA Agenda Semanal<\/strong>,\u00a0<strong>Eduardo Estrella<\/strong>, ministro de Obras P\u00fablicas, destac\u00f3 los proyectos destinados a mejorar los accesos al\u00a0<strong>Gran Santo Domingo<\/strong>. Entre ellos cit\u00f3 la intervenci\u00f3n de la\u00a0<strong>avenida Isabel Aguiar<\/strong>, la conexi\u00f3n soterrada entre la Plaza de la Bandera y la avenida Luper\u00f3n, y la prolongaci\u00f3n de la\u00a0<strong>avenida Ecol\u00f3gica<\/strong>\u00a0hasta enlazarla con el puente de Caucedo.<\/p>\n<p>Tambi\u00e9n mencion\u00f3 las obras en la entrada de la\u00a0<strong>autopista Duarte<\/strong>\u00a0por el kil\u00f3metro 9 y el plan para construir elevados en los\u00a0<strong>kil\u00f3metros 28, 22 y 17<\/strong>. Seg\u00fan explic\u00f3, una de las metas del Gobierno es que los conductores puedan atravesar la capital sin detenerse en\u00a0<strong>sem\u00e1foros<\/strong>.<img loading=\"lazy\" decoding=\"async\" src=\"https:\/\/resources.diariolibre.com\/images\/expand.svg\" alt=\"Expandir imagen\" width=\"20\" height=\"20\" \/><\/p>\n<figure class=\"inline-block\"><picture><img data-recalc-dims=\"1\" decoding=\"async\" class=\"mx-auto\" src=\"https:\/\/i0.wp.com\/resources.diariolibre.com\/images\/2026\/09\/01\/ca7b01b0-0a4a-491c-ad27-5be816a92d28-1f71f081.jpg?fit=640%2C350&#038;ssl=1\" alt=\"Infograf\u00eda\" width=\"640\" height=\"350\" \/><\/picture><figcaption>El ministro de Obras P\u00fablicas, Eduardo Estrella.\u00a0(<strong>CEDIDA POR LA PRESIDENCIA<\/strong>)<\/figcaption><\/figure>\n<p>Estrella inform\u00f3, adem\u00e1s, que el\u00a0<strong>puente flotante<\/strong>\u00a0sobre el\u00a0<strong>r\u00edo Ozama<\/strong>\u00a0ser\u00e1 sustituido por una estructura basculante que ser\u00e1 adjudicada esta semana. Obras P\u00fablicas tiene en ejecuci\u00f3n\u00a0<strong>957 kil\u00f3metros<\/strong>\u00a0de carreteras y prev\u00e9 entregar 141 kil\u00f3metros durante los pr\u00f3ximos tres meses.<\/p>\n<p>En lo que fue la segunda edici\u00f3n de\u00a0<strong>LA Agenda Semanal<\/strong>, Abinader y sus funcionarios tambi\u00e9n resaltaron que preparan estudios para reparaciones de los\u00a0<strong>puentes Duarte<\/strong>,\u00a0<strong>Juan Bosch<\/strong>, Hermanos Pati\u00f1o y el puente de\u00a0<strong>San Pedro de Macor\u00eds<\/strong>, a fin de extender su vida \u00fatil por varias d\u00e9cadas.<\/p>\n<p><strong>Obras del transporte<\/strong><\/p>\n<p>En materia de transporte, el Gobierno proyecta ampliar de\u00a0<strong>35 a 73 kil\u00f3metros<\/strong>\u00a0la red nacional de movilidad masiva mediante la expansi\u00f3n del\u00a0<strong>Metro de Santo Domingo<\/strong>, nuevos telef\u00e9ricos y la entrada en operaci\u00f3n del\u00a0<strong>monorriel de Santiago<\/strong>, inform\u00f3 el director de la Opret, Jhael Isa.<\/p>\n<p>Los proyectos en ejecuci\u00f3n a\u00f1adir\u00e1n\u00a0<strong>38 kil\u00f3metros<\/strong>\u00a0a la red existente. Entre las principales obras pendientes figura el\u00a0<strong>Monorriel de Santiago<\/strong>, con una extensi\u00f3n aproximada de 13 kil\u00f3metros y\u00a0<strong>14 estaciones<\/strong>. Se prev\u00e9 que el sistema de transporte est\u00e9 en operaci\u00f3n para fin de a\u00f1o ya que se est\u00e1 en la etapa final de la construcci\u00f3n de los pilares.<\/p>\n<p>En cuanto al\u00a0<strong>Gran Santo Domingo<\/strong>, el prop\u00f3sito del Gobierno es que todas las entradas a la capital cuenten con una conexi\u00f3n al\u00a0<strong>sistema de transporte colectivo<\/strong>.<\/p>\n<p>Se busca mejorar la\u00a0<strong>circulaci\u00f3n<\/strong>\u00a0en el\u00a0<strong>n\u00facleo urbano<\/strong>\u00a0ya que los visitantes podr\u00edan dejar los automotores en los puntos de ingreso a la ciudad y utilizar los\u00a0<strong>medios masivos<\/strong>\u00a0de locomoci\u00f3n.<\/p>\n<h2>Las inversiones de RD Vial<\/h2>\n<p>El director del\u00a0<strong>Fideicomiso RD Vial<\/strong>,\u00a0<strong>Hostos Rizik<\/strong>, se\u00f1al\u00f3 que las inversiones realizadas con recursos de la entidad desde 2021 ascienden a\u00a0<strong>70,000 millones de pesos<\/strong>. Solo entre\u00a0<strong>enero y agosto de 2026<\/strong>, agreg\u00f3, se desembolsaron 16,000 millones de pesos.<\/p>\n<p>De paso, anunci\u00f3 la modernizaci\u00f3n del\u00a0<strong>cobro en los peajes<\/strong>\u00a0con el inicio de una prueba con equipo electr\u00f3nico en\u00a0<strong>Las Am\u00e9ricas<\/strong>.<\/p>\n<h2>El acueducto de Ver\u00f3n- Punta Cana<\/h2>\n<p>Abinader explic\u00f3 que el\u00a0<strong>acueducto de Punta Cana<\/strong>\u00a0contempla una intervenci\u00f3n integral para dotar de agua potable y alcantarillado sanitario a Ver\u00f3n-Punta Cana, con una inversi\u00f3n estimada en\u00a0<strong>400 millones de d\u00f3lares<\/strong>.<\/p>\n<p>El director del Instituto Nacional de Aguas Potables y Alcantarillados,\u00a0<strong>Wellington Arnaud<\/strong>, indic\u00f3 que el proyecto ya fue aprobado por el\u00a0<strong>Congreso Nacional<\/strong>\u00a0y se encuentra en la fase de precalificaci\u00f3n de las empresas interesadas en ejecutarlo. Forma parte de un gran proyecto costero de\u00a0<strong>tratamiento de aguas residuales<\/strong>\u00a0en todo el este del pa\u00eds.<\/p>\n<h2>Respuesta al trabajo de\u00a0<em><strong>Diario Libre<\/strong><\/em><\/h2>\n<p>Al responder a un\u00a0trabajo de este diario\u00a0sobre las\u00a0<strong>plantas de tratamiento<\/strong>\u00a0del\u00a0<strong>Gran Santo Domingo<\/strong>, el director de la Corporaci\u00f3n del Acueducto y Alcantarillado de Santo Domingo (Caasd),\u00a0<strong>Fellito Suberv\u00ed<\/strong>, inform\u00f3 que la instituci\u00f3n prepara las licitaciones para construir las plantas de Hato Nuevo, Caballona, Lotes y Servicios y Villa Liberaci\u00f3n. Igualmente, se est\u00e1 en v\u00edas de recuperar varias\u00a0<strong>plantas de tratamiento<\/strong>\u00a0de aguas negras, abandonadas desde hace a\u00f1os.<\/p>\n<p>Suberv\u00ed tambi\u00e9n a\u00f1adi\u00f3 que una planta ubicada en\u00a0<strong>Los Tres Brazos<\/strong>\u00a0ser\u00e1 licitada la pr\u00f3xima semana.<\/p>\n<div class=\"my-12 component web-insert relative border bg-component\">\n<p><span class=\"text-xl block my-3 component-title glosa\"><strong>Entregar\u00e1 el 80 % antes de irse<\/strong><\/span>El mandatario resalt\u00f3 que su administraci\u00f3n ha dado continuidad a proyectos iniciados por gobiernos anteriores. \u00abYo he terminado obras que empez\u00f3 Balaguer, que empez\u00f3 Hip\u00f3lito. Estamos terminando un hospital en Para\u00edso, en Barahona, que empez\u00f3 Hip\u00f3lito y no lo continuaron. Obras que empez\u00f3 Leonel y no las terminaron, y obras que, obviamente, ya ten\u00eda el presidente Danilo y que yo ten\u00eda que terminar\u00bb, expres\u00f3.<\/p>\n<p>Abinader reiter\u00f3 que planea entregar el 80 % de las obras antes del 16 de agosto de 2028. Entre los proyectos citados figuran las circunvalaciones de Moca, Nagua y San Francisco de Macor\u00eds; la carretera Constanza-La Culata, y la ruta Cabral-Polo-Enriquillo, concebida como una segunda v\u00eda de acceso a Pedernales.<\/p>\n<\/div>\n<h6><span style=\"color: #999999;\"><strong> Pedro Mart\u00edn S\u00e1nchez \/ DL<\/strong><\/span><\/h6>\n","protected":false},"excerpt":{"rendered":"<p>El Gobierno proyecta atravesar Santo Domingo sin pararse en los sem\u00e1foros Caasd anuncia licitaciones de&#8230;<\/p>\n","protected":false},"author":2,"featured_media":58217,"comment_status":"open","ping_status":"open","sticky":false,"template":"","format":"standard","meta":{"_jetpack_newsletter_access":"","_jetpack_dont_email_post_to_subs":false,"_jetpack_newsletter_tier_id":0,"_jetpack_memberships_contains_paywalled_content":false,"_jetpack_memberships_contains_paid_content":false,"_joinchat":[],"footnotes":"","jetpack_publicize_message":"","jetpack_publicize_feature_enabled":true,"jetpack_social_post_already_shared":true,"jetpack_social_options":{"image_generator_settings":{"template":"highway","default_image_id":0,"font":"","enabled":false},"version":2},"jetpack_post_was_ever_published":false},"categories":[8,39],"tags":[22594,22595,22596,33,6904],"class_list":["post-58215","post","type-post","status-publish","format-standard","has-post-thumbnail","hentry","category-nacionales","category-primeraplana","tag-80-obras","tag-concluir-mandato","tag-la-agenda","tag-luisabinader","tag-meta"],"yoast_head":"<!-- This site is optimized with the Yoast SEO plugin v24.9 - https:\/\/yoast.com\/wordpress\/plugins\/seo\/ -->\n<title>Abinader fija como meta entregar el 80 % de las obras antes de concluir su mandato - Solis Informa<\/title>\n<meta name=\"robots\" content=\"index, follow, max-snippet:-1, max-image-preview:large, max-video-preview:-1\" \/>\n<link rel=\"canonical\" href=\"https:\/\/solisinforma.com\/?p=58215\" \/>\n<meta property=\"og:locale\" content=\"es_ES\" \/>\n<meta property=\"og:type\" content=\"article\" \/>\n<meta property=\"og:title\" content=\"Abinader fija como meta entregar el 80 % de las obras antes de concluir su mandato - Solis Informa\" \/>\n<meta property=\"og:description\" content=\"El Gobierno proyecta atravesar Santo Domingo sin pararse en los sem\u00e1foros Caasd anuncia licitaciones de...\" \/>\n<meta property=\"og:url\" content=\"https:\/\/solisinforma.com\/?p=58215\" \/>\n<meta property=\"og:site_name\" content=\"Solis Informa\" \/>\n<meta property=\"article:publisher\" content=\"https:\/\/www.facebook.com\/Solisinforma1\/\" \/>\n<meta property=\"article:author\" content=\"https:\/\/www.facebook.com\/Solisinforma\/\" \/>\n<meta property=\"article:published_time\" content=\"2026-09-01T11:06:22+00:00\" \/>\n<meta property=\"article:modified_time\" content=\"2026-09-01T11:06:50+00:00\" \/>\n<meta property=\"og:image\" content=\"https:\/\/solisinforma.com\/wp-content\/uploads\/2026\/09\/Obras-agenda-semanal-luis-abinader.png\" \/>\n\t<meta property=\"og:image:width\" content=\"1199\" \/>\n\t<meta property=\"og:image:height\" content=\"675\" \/>\n\t<meta property=\"og:image:type\" content=\"image\/png\" \/>\n<meta name=\"author\" content=\"Hector Solis\" \/>\n<meta name=\"twitter:card\" content=\"summary_large_image\" \/>\n<meta name=\"twitter:creator\" content=\"@solisinforma1\" \/>\n<meta name=\"twitter:label1\" content=\"Escrito por\" \/>\n\t<meta name=\"twitter:data1\" content=\"Hector Solis\" \/>\n\t<meta name=\"twitter:label2\" content=\"Tiempo de lectura\" \/>\n\t<meta name=\"twitter:data2\" content=\"5 minutos\" \/>\n<script type=\"application\/ld+json\" class=\"yoast-schema-graph\">{\"@context\":\"https:\/\/schema.org\",\"@graph\":[{\"@type\":\"Article\",\"@id\":\"https:\/\/solisinforma.com\/?p=58215#article\",\"isPartOf\":{\"@id\":\"https:\/\/solisinforma.com\/?p=58215\"},\"author\":{\"name\":\"Hector Solis\",\"@id\":\"https:\/\/solisinforma.com\/#\/schema\/person\/db4967d1c8ed640d46bf21dc55215612\"},\"headline\":\"Abinader fija como meta entregar el 80 % de las obras antes de concluir su mandato\",\"datePublished\":\"2026-09-01T11:06:22+00:00\",\"dateModified\":\"2026-09-01T11:06:50+00:00\",\"mainEntityOfPage\":{\"@id\":\"https:\/\/solisinforma.com\/?p=58215\"},\"wordCount\":899,\"commentCount\":0,\"publisher\":{\"@id\":\"https:\/\/solisinforma.com\/#organization\"},\"image\":{\"@id\":\"https:\/\/solisinforma.com\/?p=58215#primaryimage\"},\"thumbnailUrl\":\"https:\/\/i0.wp.com\/solisinforma.com\/wp-content\/uploads\/2026\/09\/Obras-agenda-semanal-luis-abinader.png?fit=1199%2C675&ssl=1\",\"keywords\":[\"80% obras\",\"Concluir mandato\",\"La Agenda\",\"Luis Abinader\",\"Meta\"],\"articleSection\":[\"Nacionales\",\"Primera Plana\"],\"inLanguage\":\"es\",\"potentialAction\":[{\"@type\":\"CommentAction\",\"name\":\"Comment\",\"target\":[\"https:\/\/solisinforma.com\/?p=58215#respond\"]}]},{\"@type\":\"WebPage\",\"@id\":\"https:\/\/solisinforma.com\/?p=58215\",\"url\":\"https:\/\/solisinforma.com\/?p=58215\",\"name\":\"Abinader fija como meta entregar el 80 % de las obras antes de concluir su mandato - Solis Informa\",\"isPartOf\":{\"@id\":\"https:\/\/solisinforma.com\/#website\"},\"primaryImageOfPage\":{\"@id\":\"https:\/\/solisinforma.com\/?p=58215#primaryimage\"},\"image\":{\"@id\":\"https:\/\/solisinforma.com\/?p=58215#primaryimage\"},\"thumbnailUrl\":\"https:\/\/i0.wp.com\/solisinforma.com\/wp-content\/uploads\/2026\/09\/Obras-agenda-semanal-luis-abinader.png?fit=1199%2C675&ssl=1\",\"datePublished\":\"2026-09-01T11:06:22+00:00\",\"dateModified\":\"2026-09-01T11:06:50+00:00\",\"breadcrumb\":{\"@id\":\"https:\/\/solisinforma.com\/?p=58215#breadcrumb\"},\"inLanguage\":\"es\",\"potentialAction\":[{\"@type\":\"ReadAction\",\"target\":[\"https:\/\/solisinforma.com\/?p=58215\"]}]},{\"@type\":\"ImageObject\",\"inLanguage\":\"es\",\"@id\":\"https:\/\/solisinforma.com\/?p=58215#primaryimage\",\"url\":\"https:\/\/i0.wp.com\/solisinforma.com\/wp-content\/uploads\/2026\/09\/Obras-agenda-semanal-luis-abinader.png?fit=1199%2C675&ssl=1\",\"contentUrl\":\"https:\/\/i0.wp.com\/solisinforma.com\/wp-content\/uploads\/2026\/09\/Obras-agenda-semanal-luis-abinader.png?fit=1199%2C675&ssl=1\",\"width\":1199,\"height\":675},{\"@type\":\"BreadcrumbList\",\"@id\":\"https:\/\/solisinforma.com\/?p=58215#breadcrumb\",\"itemListElement\":[{\"@type\":\"ListItem\",\"position\":1,\"name\":\"Portada\",\"item\":\"https:\/\/solisinforma.com\/\"},{\"@type\":\"ListItem\",\"position\":2,\"name\":\"Abinader fija como meta entregar el 80 % de las obras antes de concluir su mandato\"}]},{\"@type\":\"WebSite\",\"@id\":\"https:\/\/solisinforma.com\/#website\",\"url\":\"https:\/\/solisinforma.com\/\",\"name\":\"Solis Informa\",\"description\":\"El Diario de San Juan\",\"publisher\":{\"@id\":\"https:\/\/solisinforma.com\/#organization\"},\"potentialAction\":[{\"@type\":\"SearchAction\",\"target\":{\"@type\":\"EntryPoint\",\"urlTemplate\":\"https:\/\/solisinforma.com\/?s={search_term_string}\"},\"query-input\":{\"@type\":\"PropertyValueSpecification\",\"valueRequired\":true,\"valueName\":\"search_term_string\"}}],\"inLanguage\":\"es\"},{\"@type\":\"Organization\",\"@id\":\"https:\/\/solisinforma.com\/#organization\",\"name\":\"Solis Informa\",\"url\":\"https:\/\/solisinforma.com\/\",\"logo\":{\"@type\":\"ImageObject\",\"inLanguage\":\"es\",\"@id\":\"https:\/\/solisinforma.com\/#\/schema\/logo\/image\/\",\"url\":\"https:\/\/i0.wp.com\/solisinforma.com\/wp-content\/uploads\/2020\/07\/cropped-solis-4.png?fit=512%2C512&ssl=1\",\"contentUrl\":\"https:\/\/i0.wp.com\/solisinforma.com\/wp-content\/uploads\/2020\/07\/cropped-solis-4.png?fit=512%2C512&ssl=1\",\"width\":512,\"height\":512,\"caption\":\"Solis Informa\"},\"image\":{\"@id\":\"https:\/\/solisinforma.com\/#\/schema\/logo\/image\/\"},\"sameAs\":[\"https:\/\/www.facebook.com\/Solisinforma1\/\"]},{\"@type\":\"Person\",\"@id\":\"https:\/\/solisinforma.com\/#\/schema\/person\/db4967d1c8ed640d46bf21dc55215612\",\"name\":\"Hector Solis\",\"image\":{\"@type\":\"ImageObject\",\"inLanguage\":\"es\",\"@id\":\"https:\/\/solisinforma.com\/#\/schema\/person\/image\/\",\"url\":\"https:\/\/secure.gravatar.com\/avatar\/3e116868529a43555438940611160b9cf01e4fb17f119453a6329d96e10fecf8?s=96&d=mm&r=g\",\"contentUrl\":\"https:\/\/secure.gravatar.com\/avatar\/3e116868529a43555438940611160b9cf01e4fb17f119453a6329d96e10fecf8?s=96&d=mm&r=g\",\"caption\":\"Hector Solis\"},\"sameAs\":[\"http:\/\/Solisinforma.com\",\"https:\/\/www.facebook.com\/Solisinforma\/\",\"https:\/\/www.instagram.com\/solisinforma\/\",\"www.linkedin.com\/in\/hectorsolisinforma\",\"https:\/\/x.com\/solisinforma1\",\"@Solisinformaenvivo\",\"https:\/\/soundcloud.com\/solisinforma\"],\"url\":\"https:\/\/solisinforma.com\/?author=2\"}]}<\/script>\n<!-- \/ Yoast SEO plugin. -->","yoast_head_json":{"title":"Abinader fija como meta entregar el 80 % de las obras antes de concluir su mandato - Solis Informa","robots":{"index":"index","follow":"follow","max-snippet":"max-snippet:-1","max-image-preview":"max-image-preview:large","max-video-preview":"max-video-preview:-1"},"canonical":"https:\/\/solisinforma.com\/?p=58215","og_locale":"es_ES","og_type":"article","og_title":"Abinader fija como meta entregar el 80 % de las obras antes de concluir su mandato - Solis Informa","og_description":"El Gobierno proyecta atravesar Santo Domingo sin pararse en los sem\u00e1foros Caasd anuncia licitaciones de...","og_url":"https:\/\/solisinforma.com\/?p=58215","og_site_name":"Solis Informa","article_publisher":"https:\/\/www.facebook.com\/Solisinforma1\/","article_author":"https:\/\/www.facebook.com\/Solisinforma\/","article_published_time":"2026-09-01T11:06:22+00:00","article_modified_time":"2026-09-01T11:06:50+00:00","og_image":[{"width":1199,"height":675,"url":"https:\/\/solisinforma.com\/wp-content\/uploads\/2026\/09\/Obras-agenda-semanal-luis-abinader.png","type":"image\/png"}],"author":"Hector Solis","twitter_card":"summary_large_image","twitter_creator":"@solisinforma1","twitter_misc":{"Escrito por":"Hector Solis","Tiempo de lectura":"5 minutos"},"schema":{"@context":"https:\/\/schema.org","@graph":[{"@type":"Article","@id":"https:\/\/solisinforma.com\/?p=58215#article","isPartOf":{"@id":"https:\/\/solisinforma.com\/?p=58215"},"author":{"name":"Hector Solis","@id":"https:\/\/solisinforma.com\/#\/schema\/person\/db4967d1c8ed640d46bf21dc55215612"},"headline":"Abinader fija como meta entregar el 80 % de las obras antes de concluir su mandato","datePublished":"2026-09-01T11:06:22+00:00","dateModified":"2026-09-01T11:06:50+00:00","mainEntityOfPage":{"@id":"https:\/\/solisinforma.com\/?p=58215"},"wordCount":899,"commentCount":0,"publisher":{"@id":"https:\/\/solisinforma.com\/#organization"},"image":{"@id":"https:\/\/solisinforma.com\/?p=58215#primaryimage"},"thumbnailUrl":"https:\/\/i0.wp.com\/solisinforma.com\/wp-content\/uploads\/2026\/09\/Obras-agenda-semanal-luis-abinader.png?fit=1199%2C675&ssl=1","keywords":["80% obras","Concluir mandato","La Agenda","Luis Abinader","Meta"],"articleSection":["Nacionales","Primera Plana"],"inLanguage":"es","potentialAction":[{"@type":"CommentAction","name":"Comment","target":["https:\/\/solisinforma.com\/?p=58215#respond"]}]},{"@type":"WebPage","@id":"https:\/\/solisinforma.com\/?p=58215","url":"https:\/\/solisinforma.com\/?p=58215","name":"Abinader fija como meta entregar el 80 % de las obras antes de concluir su mandato - Solis Informa","isPartOf":{"@id":"https:\/\/solisinforma.com\/#website"},"primaryImageOfPage":{"@id":"https:\/\/solisinforma.com\/?p=58215#primaryimage"},"image":{"@id":"https:\/\/solisinforma.com\/?p=58215#primaryimage"},"thumbnailUrl":"https:\/\/i0.wp.com\/solisinforma.com\/wp-content\/uploads\/2026\/09\/Obras-agenda-semanal-luis-abinader.png?fit=1199%2C675&ssl=1","datePublished":"2026-09-01T11:06:22+00:00","dateModified":"2026-09-01T11:06:50+00:00","breadcrumb":{"@id":"https:\/\/solisinforma.com\/?p=58215#breadcrumb"},"inLanguage":"es","potentialAction":[{"@type":"ReadAction","target":["https:\/\/solisinforma.com\/?p=58215"]}]},{"@type":"ImageObject","inLanguage":"es","@id":"https:\/\/solisinforma.com\/?p=58215#primaryimage","url":"https:\/\/i0.wp.com\/solisinforma.com\/wp-content\/uploads\/2026\/09\/Obras-agenda-semanal-luis-abinader.png?fit=1199%2C675&ssl=1","contentUrl":"https:\/\/i0.wp.com\/solisinforma.com\/wp-content\/uploads\/2026\/09\/Obras-agenda-semanal-luis-abinader.png?fit=1199%2C675&ssl=1","width":1199,"height":675},{"@type":"BreadcrumbList","@id":"https:\/\/solisinforma.com\/?p=58215#breadcrumb","itemListElement":[{"@type":"ListItem","position":1,"name":"Portada","item":"https:\/\/solisinforma.com\/"},{"@type":"ListItem","position":2,"name":"Abinader fija como meta entregar el 80 % de las obras antes de concluir su mandato"}]},{"@type":"WebSite","@id":"https:\/\/solisinforma.com\/#website","url":"https:\/\/solisinforma.com\/","name":"Solis Informa","description":"El Diario de San Juan","publisher":{"@id":"https:\/\/solisinforma.com\/#organization"},"potentialAction":[{"@type":"SearchAction","target":{"@type":"EntryPoint","urlTemplate":"https:\/\/solisinforma.com\/?s={search_term_string}"},"query-input":{"@type":"PropertyValueSpecification","valueRequired":true,"valueName":"search_term_string"}}],"inLanguage":"es"},{"@type":"Organization","@id":"https:\/\/solisinforma.com\/#organization","name":"Solis Informa","url":"https:\/\/solisinforma.com\/","logo":{"@type":"ImageObject","inLanguage":"es","@id":"https:\/\/solisinforma.com\/#\/schema\/logo\/image\/","url":"https:\/\/i0.wp.com\/solisinforma.com\/wp-content\/uploads\/2020\/07\/cropped-solis-4.png?fit=512%2C512&ssl=1","contentUrl":"https:\/\/i0.wp.com\/solisinforma.com\/wp-content\/uploads\/2020\/07\/cropped-solis-4.png?fit=512%2C512&ssl=1","width":512,"height":512,"caption":"Solis Informa"},"image":{"@id":"https:\/\/solisinforma.com\/#\/schema\/logo\/image\/"},"sameAs":["https:\/\/www.facebook.com\/Solisinforma1\/"]},{"@type":"Person","@id":"https:\/\/solisinforma.com\/#\/schema\/person\/db4967d1c8ed640d46bf21dc55215612","name":"Hector Solis","image":{"@type":"ImageObject","inLanguage":"es","@id":"https:\/\/solisinforma.com\/#\/schema\/person\/image\/","url":"https:\/\/secure.gravatar.com\/avatar\/3e116868529a43555438940611160b9cf01e4fb17f119453a6329d96e10fecf8?s=96&d=mm&r=g","contentUrl":"https:\/\/secure.gravatar.com\/avatar\/3e116868529a43555438940611160b9cf01e4fb17f119453a6329d96e10fecf8?s=96&d=mm&r=g","caption":"Hector Solis"},"sameAs":["http:\/\/Solisinforma.com","https:\/\/www.facebook.com\/Solisinforma\/","https:\/\/www.instagram.com\/solisinforma\/","www.linkedin.com\/in\/hectorsolisinforma","https:\/\/x.com\/solisinforma1","@Solisinformaenvivo","https:\/\/soundcloud.com\/solisinforma"],"url":"https:\/\/solisinforma.com\/?author=2"}]}},"jetpack_publicize_connections":[],"jetpack_featured_media_url":"https:\/\/i0.wp.com\/solisinforma.com\/wp-content\/uploads\/2026\/09\/Obras-agenda-semanal-luis-abinader.png?fit=1199%2C675&ssl=1","jetpack_sharing_enabled":true,"jetpack_likes_enabled":true,"jetpack-related-posts":[{"id":20368,"url":"https:\/\/solisinforma.com\/?p=20368","url_meta":{"origin":58215,"position":0},"title":"Abinader coquetea con la reelecci\u00f3n: \u00abEl cambio sigue\u00bb","author":"Hector Solis","date":"7 de agosto de 2023","format":false,"excerpt":"El presidente tiene poco m\u00e1s de una semana para anunciar si va o no va El presidente\u00a0Luis Abinader\u00a0hizo ayer una deliberada insinuaci\u00f3n de que se postular\u00e1 como precandidato para buscar la\u00a0reelecci\u00f3n\u00a0por cuatro a\u00f1os m\u00e1s, a pocos d\u00edas de que se acabe el tiempo para decidir si va o no va.\u2026","rel":"","context":"En \u00abNacionales\u00bb","block_context":{"text":"Nacionales","link":"https:\/\/solisinforma.com\/?cat=8"},"img":{"alt_text":"","src":"https:\/\/i0.wp.com\/solisinforma.com\/wp-content\/uploads\/2023\/08\/En-Canada-inaguracion-Luis-Abinader.jpeg?fit=1200%2C675&ssl=1&resize=350%2C200","width":350,"height":200,"srcset":"https:\/\/i0.wp.com\/solisinforma.com\/wp-content\/uploads\/2023\/08\/En-Canada-inaguracion-Luis-Abinader.jpeg?fit=1200%2C675&ssl=1&resize=350%2C200 1x, https:\/\/i0.wp.com\/solisinforma.com\/wp-content\/uploads\/2023\/08\/En-Canada-inaguracion-Luis-Abinader.jpeg?fit=1200%2C675&ssl=1&resize=525%2C300 1.5x, https:\/\/i0.wp.com\/solisinforma.com\/wp-content\/uploads\/2023\/08\/En-Canada-inaguracion-Luis-Abinader.jpeg?fit=1200%2C675&ssl=1&resize=700%2C400 2x, https:\/\/i0.wp.com\/solisinforma.com\/wp-content\/uploads\/2023\/08\/En-Canada-inaguracion-Luis-Abinader.jpeg?fit=1200%2C675&ssl=1&resize=1050%2C600 3x"},"classes":[]},{"id":52899,"url":"https:\/\/solisinforma.com\/?p=52899","url_meta":{"origin":58215,"position":1},"title":"Abinader visitar\u00e1 San Juan, Barahona, y tres provincias m\u00e1s este fin de semana","author":"Hector Solis","date":"30 de octubre de 2025","format":false,"excerpt":"El mandatario inaugurar\u00e1 obras de infraestructura, visitar\u00e1 proyectos productivos y culturales, y sostendr\u00e1 encuentros con autoridades, estudiantes y comunitarios Santo Domingo.- El presidente Luis Abinader desarrollar\u00e1 desde este viernes hasta el domingo una intensa agenda de trabajo en varias provincias del pa\u00eds, incluyendo\u00a0San Jos\u00e9 de Ocoa, Barahona, Santo Domingo, San\u2026","rel":"","context":"En \u00abNacionales\u00bb","block_context":{"text":"Nacionales","link":"https:\/\/solisinforma.com\/?cat=8"},"img":{"alt_text":"","src":"https:\/\/i0.wp.com\/solisinforma.com\/wp-content\/uploads\/2025\/10\/Visitas-Luis-Abiander.jpg?fit=1200%2C675&ssl=1&resize=350%2C200","width":350,"height":200,"srcset":"https:\/\/i0.wp.com\/solisinforma.com\/wp-content\/uploads\/2025\/10\/Visitas-Luis-Abiander.jpg?fit=1200%2C675&ssl=1&resize=350%2C200 1x, https:\/\/i0.wp.com\/solisinforma.com\/wp-content\/uploads\/2025\/10\/Visitas-Luis-Abiander.jpg?fit=1200%2C675&ssl=1&resize=525%2C300 1.5x, https:\/\/i0.wp.com\/solisinforma.com\/wp-content\/uploads\/2025\/10\/Visitas-Luis-Abiander.jpg?fit=1200%2C675&ssl=1&resize=700%2C400 2x, https:\/\/i0.wp.com\/solisinforma.com\/wp-content\/uploads\/2025\/10\/Visitas-Luis-Abiander.jpg?fit=1200%2C675&ssl=1&resize=1050%2C600 3x"},"classes":[]},{"id":29649,"url":"https:\/\/solisinforma.com\/?p=29649","url_meta":{"origin":58215,"position":2},"title":"Abinader en San Juan inaugura infraestructuras viales, destacamento policial, nave de zona franca y proyecto de fibra \u00f3ptica","author":"Hector Solis","date":"3 de febrero de 2025","format":false,"excerpt":"San Juan.-\u00a0El presidente Luis Abinader\u00a0encabez\u00f3 este domingo una serie de\u00a0inauguraciones\u00a0en los municipios\u00a0Bohech\u00edo y San Juan de la Maguana\u00a0de esta provincia, que ahora dispone de nuevas obras como\u00a0infraestructuras viales, destacamento policial y nave de zona franca,\u00a0as\u00ed como un nuevo proyecto de\u00a0fibra \u00f3ptica. Partiendo en la comunidad de Bohech\u00edo, el\u00a0jefe de Estado\u00a0inaugur\u00f3,\u2026","rel":"","context":"En \u00abNacionales\u00bb","block_context":{"text":"Nacionales","link":"https:\/\/solisinforma.com\/?cat=8"},"img":{"alt_text":"","src":"https:\/\/i0.wp.com\/solisinforma.com\/wp-content\/uploads\/2025\/02\/Presidente-Abinader-San-Juan-2025.jpeg?fit=1200%2C675&ssl=1&resize=350%2C200","width":350,"height":200,"srcset":"https:\/\/i0.wp.com\/solisinforma.com\/wp-content\/uploads\/2025\/02\/Presidente-Abinader-San-Juan-2025.jpeg?fit=1200%2C675&ssl=1&resize=350%2C200 1x, https:\/\/i0.wp.com\/solisinforma.com\/wp-content\/uploads\/2025\/02\/Presidente-Abinader-San-Juan-2025.jpeg?fit=1200%2C675&ssl=1&resize=525%2C300 1.5x, https:\/\/i0.wp.com\/solisinforma.com\/wp-content\/uploads\/2025\/02\/Presidente-Abinader-San-Juan-2025.jpeg?fit=1200%2C675&ssl=1&resize=700%2C400 2x, https:\/\/i0.wp.com\/solisinforma.com\/wp-content\/uploads\/2025\/02\/Presidente-Abinader-San-Juan-2025.jpeg?fit=1200%2C675&ssl=1&resize=1050%2C600 3x"},"classes":[]},{"id":17697,"url":"https:\/\/solisinforma.com\/?p=17697","url_meta":{"origin":58215,"position":3},"title":"Las promesas de Abinader que no se han cumplido desde el 2022","author":"Hector Solis","date":"24 de febrero de 2023","format":false,"excerpt":"Mensaje. Ante la reuni\u00f3n conjunta de las c\u00e1maras legislativas, el jefe del Estado rese\u00f1\u00f3 la ejecuci\u00f3n del a\u00f1o 2021 y lo que har\u00eda en el 2022. A pocos d\u00edas de que el presidente Luis Abinader pronuncie su tercer discurso de rendici\u00f3n de cuentas ante la Asamblea Nacional, algunos proyectos, obras\u2026","rel":"","context":"En \u00abNacionales\u00bb","block_context":{"text":"Nacionales","link":"https:\/\/solisinforma.com\/?cat=8"},"img":{"alt_text":"","src":"https:\/\/i0.wp.com\/solisinforma.com\/wp-content\/uploads\/2023\/02\/Luis-ABINADER-rendicion-cuentas.jpg?fit=1200%2C800&ssl=1&resize=350%2C200","width":350,"height":200,"srcset":"https:\/\/i0.wp.com\/solisinforma.com\/wp-content\/uploads\/2023\/02\/Luis-ABINADER-rendicion-cuentas.jpg?fit=1200%2C800&ssl=1&resize=350%2C200 1x, https:\/\/i0.wp.com\/solisinforma.com\/wp-content\/uploads\/2023\/02\/Luis-ABINADER-rendicion-cuentas.jpg?fit=1200%2C800&ssl=1&resize=525%2C300 1.5x, https:\/\/i0.wp.com\/solisinforma.com\/wp-content\/uploads\/2023\/02\/Luis-ABINADER-rendicion-cuentas.jpg?fit=1200%2C800&ssl=1&resize=700%2C400 2x, https:\/\/i0.wp.com\/solisinforma.com\/wp-content\/uploads\/2023\/02\/Luis-ABINADER-rendicion-cuentas.jpg?fit=1200%2C800&ssl=1&resize=1050%2C600 3x"},"classes":[]},{"id":52479,"url":"https:\/\/solisinforma.com\/?p=52479","url_meta":{"origin":58215,"position":4},"title":"Abinader entrega paso a desnivel en la 27 de Febrero con Isabel Aguiar","author":"Hector Solis","date":"8 de octubre de 2025","format":false,"excerpt":"El paso a desnivel cuenta con 11 carriles, de los cuales cinco corresponden al tramo soterrado tipo trinchera, con una extensi\u00f3n aproximada de 480 metros, informaron las autoridades. El presidente Luis Abinader entreg\u00f3 este mi\u00e9rcoles el paso a desnivel en la prolongaci\u00f3n 27 de Febrero con avenida Isabel Aguiar, una\u2026","rel":"","context":"En \u00abNacionales\u00bb","block_context":{"text":"Nacionales","link":"https:\/\/solisinforma.com\/?cat=8"},"img":{"alt_text":"","src":"https:\/\/i0.wp.com\/solisinforma.com\/wp-content\/uploads\/2025\/10\/InShot_20251008_144451775.jpg?fit=1200%2C675&ssl=1&resize=350%2C200","width":350,"height":200,"srcset":"https:\/\/i0.wp.com\/solisinforma.com\/wp-content\/uploads\/2025\/10\/InShot_20251008_144451775.jpg?fit=1200%2C675&ssl=1&resize=350%2C200 1x, https:\/\/i0.wp.com\/solisinforma.com\/wp-content\/uploads\/2025\/10\/InShot_20251008_144451775.jpg?fit=1200%2C675&ssl=1&resize=525%2C300 1.5x, https:\/\/i0.wp.com\/solisinforma.com\/wp-content\/uploads\/2025\/10\/InShot_20251008_144451775.jpg?fit=1200%2C675&ssl=1&resize=700%2C400 2x, https:\/\/i0.wp.com\/solisinforma.com\/wp-content\/uploads\/2025\/10\/InShot_20251008_144451775.jpg?fit=1200%2C675&ssl=1&resize=1050%2C600 3x"},"classes":[]},{"id":31889,"url":"https:\/\/solisinforma.com\/?p=31889","url_meta":{"origin":58215,"position":5},"title":"Obras financiadas con pr\u00e9stamos muestran retrasos significativos","author":"Hector Solis","date":"9 de junio de 2025","format":false,"excerpt":"Pese a haber recibido los desembolsos, no han sido terminadas. Cuando asumi\u00f3 el cargo en agosto de 2020, el\u00a0presidente Luis Abinader\u00a0enfrentaba un desaf\u00edo in\u00e9dito: gestionar la\u00a0crisis sanitaria y econ\u00f3mica\u00a0provocada por la pandemia del coronavirus. A pocos meses de iniciar su mandato, el Gobierno recurri\u00f3 a\u00a0empr\u00e9stitos millonarios\u00a0para afrontar la emergencia. En\u2026","rel":"","context":"En \u00abNacionales\u00bb","block_context":{"text":"Nacionales","link":"https:\/\/solisinforma.com\/?cat=8"},"img":{"alt_text":"","src":"https:\/\/i0.wp.com\/solisinforma.com\/wp-content\/uploads\/2025\/06\/Linea-2C-metro-trabajos.jpeg?fit=1200%2C670&ssl=1&resize=350%2C200","width":350,"height":200,"srcset":"https:\/\/i0.wp.com\/solisinforma.com\/wp-content\/uploads\/2025\/06\/Linea-2C-metro-trabajos.jpeg?fit=1200%2C670&ssl=1&resize=350%2C200 1x, https:\/\/i0.wp.com\/solisinforma.com\/wp-content\/uploads\/2025\/06\/Linea-2C-metro-trabajos.jpeg?fit=1200%2C670&ssl=1&resize=525%2C300 1.5x, https:\/\/i0.wp.com\/solisinforma.com\/wp-content\/uploads\/2025\/06\/Linea-2C-metro-trabajos.jpeg?fit=1200%2C670&ssl=1&resize=700%2C400 2x, https:\/\/i0.wp.com\/solisinforma.com\/wp-content\/uploads\/2025\/06\/Linea-2C-metro-trabajos.jpeg?fit=1200%2C670&ssl=1&resize=1050%2C600 3x"},"classes":[]}],"jetpack_shortlink":"https:\/\/wp.me\/pc2Svn-f8X","_links":{"self":[{"href":"https:\/\/solisinforma.com\/index.php?rest_route=\/wp\/v2\/posts\/58215","targetHints":{"allow":["GET"]}}],"collection":[{"href":"https:\/\/solisinforma.com\/index.php?rest_route=\/wp\/v2\/posts"}],"about":[{"href":"https:\/\/solisinforma.com\/index.php?rest_route=\/wp\/v2\/types\/post"}],"author":[{"embeddable":true,"href":"https:\/\/solisinforma.com\/index.php?rest_route=\/wp\/v2\/users\/2"}],"replies":[{"embeddable":true,"href":"https:\/\/solisinforma.com\/index.php?rest_route=%2Fwp%2Fv2%2Fcomments&post=58215"}],"version-history":[{"count":2,"href":"https:\/\/solisinforma.com\/index.php?rest_route=\/wp\/v2\/posts\/58215\/revisions"}],"predecessor-version":[{"id":58219,"href":"https:\/\/solisinforma.com\/index.php?rest_route=\/wp\/v2\/posts\/58215\/revisions\/58219"}],"wp:featuredmedia":[{"embeddable":true,"href":"https:\/\/solisinforma.com\/index.php?rest_route=\/wp\/v2\/media\/58217"}],"wp:attachment":[{"href":"https:\/\/solisinforma.com\/index.php?rest_route=%2Fwp%2Fv2%2Fmedia&parent=58215"}],"wp:term":[{"taxonomy":"category","embeddable":true,"href":"https:\/\/solisinforma.com\/index.php?rest_route=%2Fwp%2Fv2%2Fcategories&post=58215"},{"taxonomy":"post_tag","embeddable":true,"href":"https:\/\/solisinforma.com\/index.php?rest_route=%2Fwp%2Fv2%2Ftags&post=58215"}],"curies":[{"name":"wp","href":"https:\/\/api.w.org\/{rel}","templated":true}]}}