{"id":58220,"date":"2026-09-01T07:46:08","date_gmt":"2026-09-01T11:46:08","guid":{"rendered":"https:\/\/solisinforma.com\/?p=58220"},"modified":"2026-09-01T07:46:08","modified_gmt":"2026-09-01T11:46:08","slug":"15-anos-prision-a-violador-que-embarazo-adolescente-en-elias-pina","status":"publish","type":"post","link":"https:\/\/solisinforma.com\/?p=58220","title":{"rendered":"15 a\u00f1os prisi\u00f3n a violador que embaraz\u00f3 adolescente en El\u00edas Pi\u00f1a"},"content":{"rendered":"<p><img data-recalc-dims=\"1\" loading=\"lazy\" decoding=\"async\" class=\"alignnone size-full wp-image-58221\" src=\"https:\/\/i0.wp.com\/solisinforma.com\/wp-content\/uploads\/2026\/09\/pRISION-SEGURIDAD.png?resize=640%2C360&#038;ssl=1\" alt=\"\" width=\"640\" height=\"360\" srcset=\"https:\/\/i0.wp.com\/solisinforma.com\/wp-content\/uploads\/2026\/09\/pRISION-SEGURIDAD.png?w=1200&amp;ssl=1 1200w, https:\/\/i0.wp.com\/solisinforma.com\/wp-content\/uploads\/2026\/09\/pRISION-SEGURIDAD.png?resize=768%2C432&amp;ssl=1 768w, https:\/\/i0.wp.com\/solisinforma.com\/wp-content\/uploads\/2026\/09\/pRISION-SEGURIDAD.png?resize=1024%2C576&amp;ssl=1 1024w\" sizes=\"auto, (max-width: 640px) 100vw, 640px\" \/><\/p>\n<p style=\"font-weight: 400;\">Comendador, Elias Pi\u00f1a. \u2013 En respuesta a una solicitud del Ministerio P\u00fablico, un tribunal conden\u00f3 a 15 a\u00f1os de prisi\u00f3n a un hombre que viol\u00f3 sexualmente y embaraz\u00f3 a una adolescente de 15 a\u00f1os de edad, en un hecho ocurrido en el a\u00f1o 2024 en El\u00edas Pi\u00f1a.<\/p>\n<p style=\"font-weight: 400;\">La pena le fue dictada en contra a Brodre F\u00e9liz. La investigaci\u00f3n del Ministerio P\u00fablico estableci\u00f3 que los hechos se produjeron el 29 de octubre del 2024, cuando la madre dej\u00f3 a la menor bajo el cuidado de Brode F\u00e9liz debido a que tuvo que trasladarse hacia otra comunidad por la muerte de un familiar.<\/p>\n<p style=\"font-weight: 400;\">Tras cometer el hecho, Brodre F\u00e9liz amenaz\u00f3 a la adolescente con asesinarla si revelaba lo sucedido, lo que llev\u00f3 a la v\u00edctima a guardar silencio.<\/p>\n<p style=\"font-weight: 400;\">El Ministerio P\u00fablico fue apoderado por la madre, mediante denuncia, luego de que la escuela notificara que la adolescente hab\u00eda dejado de asistir a clases y tras ser evaluada por el departamento de psicolog\u00eda de la instituci\u00f3n, esta revel\u00f3 lo sucedido.<\/p>\n<p style=\"font-weight: 400;\">La v\u00edctima fue sometida a evaluaciones m\u00e9dicas que determinaron su estado de embarazo y su testimonio fue corroborado por especialistas en la C\u00e1mara Gesell.<\/p>\n<p style=\"font-weight: 400;\">Ante los hechos cometidos por el agresor, el Ministerio P\u00fablico, representado por la fiscal Angelina Valdez Cabrera y los aspirantes Alfonso Gonz\u00e1lez y Miriam Pimentel, demostr\u00f3 en audiencia que estas acciones constituyen una falta a los art\u00edculos 330 y 33 del C\u00f3digo Penal Dominicano y al art\u00edculo 396, letra c, de la Ley 136-03, sobre el C\u00f3digo para el Sistema de Protecci\u00f3n y los Derechos Fundamentales de Ni\u00f1os, Ni\u00f1as y Adolescentes,<\/p>\n<p style=\"font-weight: 400;\">Por decisi\u00f3n del Tribunal Colegiado de El\u00edas Pi\u00f1a, que integran los jueces Edward Augusto Geronimo S\u00e1nchez, Sauly Gonz\u00e1lez y Blaurys Luciano Ferreras, el procesado deber\u00e1 cumplir la sentencia en el Centro de Correcci\u00f3n y Rehabilitaci\u00f3n de esa demarcaci\u00f3n.<\/p>\n","protected":false},"excerpt":{"rendered":"<p>Comendador, Elias Pi\u00f1a. \u2013 En respuesta a una solicitud del Ministerio P\u00fablico, un tribunal conden\u00f3&#8230;<\/p>\n","protected":false},"author":2,"featured_media":58221,"comment_status":"open","ping_status":"open","sticky":false,"template":"","format":"standard","meta":{"_jetpack_newsletter_access":"","_jetpack_dont_email_post_to_subs":false,"_jetpack_newsletter_tier_id":0,"_jetpack_memberships_contains_paywalled_content":false,"_jetpack_memberships_contains_paid_content":false,"_joinchat":[],"footnotes":"","jetpack_publicize_message":"","jetpack_publicize_feature_enabled":true,"jetpack_social_post_already_shared":true,"jetpack_social_options":{"image_generator_settings":{"template":"highway","default_image_id":0,"font":"","enabled":false},"version":2},"jetpack_post_was_ever_published":false},"categories":[8,39],"tags":[18746,3303,7709,46,12101],"class_list":["post-58220","post","type-post","status-publish","format-standard","has-post-thumbnail","hentry","category-nacionales","category-primeraplana","tag-15-anos-prision","tag-adolescente","tag-elias-pina-2","tag-solis-informa","tag-violador"],"yoast_head":"<!-- This site is optimized with the Yoast SEO plugin v24.9 - https:\/\/yoast.com\/wordpress\/plugins\/seo\/ -->\n<title>15 a\u00f1os prisi\u00f3n a violador que embaraz\u00f3 adolescente en El\u00edas Pi\u00f1a - Solis Informa<\/title>\n<meta name=\"robots\" content=\"index, follow, max-snippet:-1, max-image-preview:large, max-video-preview:-1\" \/>\n<link rel=\"canonical\" href=\"https:\/\/solisinforma.com\/?p=58220\" \/>\n<meta property=\"og:locale\" content=\"es_ES\" \/>\n<meta property=\"og:type\" content=\"article\" \/>\n<meta property=\"og:title\" content=\"15 a\u00f1os prisi\u00f3n a violador que embaraz\u00f3 adolescente en El\u00edas Pi\u00f1a - Solis Informa\" \/>\n<meta property=\"og:description\" content=\"Comendador, Elias Pi\u00f1a. \u2013 En respuesta a una solicitud del Ministerio P\u00fablico, un tribunal conden\u00f3...\" \/>\n<meta property=\"og:url\" content=\"https:\/\/solisinforma.com\/?p=58220\" \/>\n<meta property=\"og:site_name\" content=\"Solis Informa\" \/>\n<meta property=\"article:publisher\" content=\"https:\/\/www.facebook.com\/Solisinforma1\/\" \/>\n<meta property=\"article:author\" content=\"https:\/\/www.facebook.com\/Solisinforma\/\" \/>\n<meta property=\"article:published_time\" content=\"2026-09-01T11:46:08+00:00\" \/>\n<meta property=\"og:image\" content=\"https:\/\/solisinforma.com\/wp-content\/uploads\/2026\/09\/pRISION-SEGURIDAD.png\" \/>\n\t<meta property=\"og:image:width\" content=\"1200\" \/>\n\t<meta property=\"og:image:height\" content=\"675\" \/>\n\t<meta property=\"og:image:type\" content=\"image\/png\" \/>\n<meta name=\"author\" content=\"Hector Solis\" \/>\n<meta name=\"twitter:card\" content=\"summary_large_image\" \/>\n<meta name=\"twitter:creator\" content=\"@solisinforma1\" \/>\n<meta name=\"twitter:label1\" content=\"Escrito por\" \/>\n\t<meta name=\"twitter:data1\" content=\"Hector Solis\" \/>\n\t<meta name=\"twitter:label2\" content=\"Tiempo de lectura\" \/>\n\t<meta name=\"twitter:data2\" content=\"2 minutos\" \/>\n<script type=\"application\/ld+json\" class=\"yoast-schema-graph\">{\"@context\":\"https:\/\/schema.org\",\"@graph\":[{\"@type\":\"Article\",\"@id\":\"https:\/\/solisinforma.com\/?p=58220#article\",\"isPartOf\":{\"@id\":\"https:\/\/solisinforma.com\/?p=58220\"},\"author\":{\"name\":\"Hector Solis\",\"@id\":\"https:\/\/solisinforma.com\/#\/schema\/person\/db4967d1c8ed640d46bf21dc55215612\"},\"headline\":\"15 a\u00f1os prisi\u00f3n a violador que embaraz\u00f3 adolescente en El\u00edas Pi\u00f1a\",\"datePublished\":\"2026-09-01T11:46:08+00:00\",\"mainEntityOfPage\":{\"@id\":\"https:\/\/solisinforma.com\/?p=58220\"},\"wordCount\":344,\"commentCount\":0,\"publisher\":{\"@id\":\"https:\/\/solisinforma.com\/#organization\"},\"image\":{\"@id\":\"https:\/\/solisinforma.com\/?p=58220#primaryimage\"},\"thumbnailUrl\":\"https:\/\/i0.wp.com\/solisinforma.com\/wp-content\/uploads\/2026\/09\/pRISION-SEGURIDAD.png?fit=1200%2C675&ssl=1\",\"keywords\":[\"15 a\u00f1os prision\",\"adolescente\",\"Elias Pi\u00f1a\",\"Solis informa\",\"violador\"],\"articleSection\":[\"Nacionales\",\"Primera Plana\"],\"inLanguage\":\"es\",\"potentialAction\":[{\"@type\":\"CommentAction\",\"name\":\"Comment\",\"target\":[\"https:\/\/solisinforma.com\/?p=58220#respond\"]}]},{\"@type\":\"WebPage\",\"@id\":\"https:\/\/solisinforma.com\/?p=58220\",\"url\":\"https:\/\/solisinforma.com\/?p=58220\",\"name\":\"15 a\u00f1os prisi\u00f3n a violador que embaraz\u00f3 adolescente en El\u00edas Pi\u00f1a - Solis Informa\",\"isPartOf\":{\"@id\":\"https:\/\/solisinforma.com\/#website\"},\"primaryImageOfPage\":{\"@id\":\"https:\/\/solisinforma.com\/?p=58220#primaryimage\"},\"image\":{\"@id\":\"https:\/\/solisinforma.com\/?p=58220#primaryimage\"},\"thumbnailUrl\":\"https:\/\/i0.wp.com\/solisinforma.com\/wp-content\/uploads\/2026\/09\/pRISION-SEGURIDAD.png?fit=1200%2C675&ssl=1\",\"datePublished\":\"2026-09-01T11:46:08+00:00\",\"breadcrumb\":{\"@id\":\"https:\/\/solisinforma.com\/?p=58220#breadcrumb\"},\"inLanguage\":\"es\",\"potentialAction\":[{\"@type\":\"ReadAction\",\"target\":[\"https:\/\/solisinforma.com\/?p=58220\"]}]},{\"@type\":\"ImageObject\",\"inLanguage\":\"es\",\"@id\":\"https:\/\/solisinforma.com\/?p=58220#primaryimage\",\"url\":\"https:\/\/i0.wp.com\/solisinforma.com\/wp-content\/uploads\/2026\/09\/pRISION-SEGURIDAD.png?fit=1200%2C675&ssl=1\",\"contentUrl\":\"https:\/\/i0.wp.com\/solisinforma.com\/wp-content\/uploads\/2026\/09\/pRISION-SEGURIDAD.png?fit=1200%2C675&ssl=1\",\"width\":1200,\"height\":675},{\"@type\":\"BreadcrumbList\",\"@id\":\"https:\/\/solisinforma.com\/?p=58220#breadcrumb\",\"itemListElement\":[{\"@type\":\"ListItem\",\"position\":1,\"name\":\"Portada\",\"item\":\"https:\/\/solisinforma.com\/\"},{\"@type\":\"ListItem\",\"position\":2,\"name\":\"15 a\u00f1os prisi\u00f3n a violador que embaraz\u00f3 adolescente en El\u00edas Pi\u00f1a\"}]},{\"@type\":\"WebSite\",\"@id\":\"https:\/\/solisinforma.com\/#website\",\"url\":\"https:\/\/solisinforma.com\/\",\"name\":\"Solis Informa\",\"description\":\"El Diario de San Juan\",\"publisher\":{\"@id\":\"https:\/\/solisinforma.com\/#organization\"},\"potentialAction\":[{\"@type\":\"SearchAction\",\"target\":{\"@type\":\"EntryPoint\",\"urlTemplate\":\"https:\/\/solisinforma.com\/?s={search_term_string}\"},\"query-input\":{\"@type\":\"PropertyValueSpecification\",\"valueRequired\":true,\"valueName\":\"search_term_string\"}}],\"inLanguage\":\"es\"},{\"@type\":\"Organization\",\"@id\":\"https:\/\/solisinforma.com\/#organization\",\"name\":\"Solis Informa\",\"url\":\"https:\/\/solisinforma.com\/\",\"logo\":{\"@type\":\"ImageObject\",\"inLanguage\":\"es\",\"@id\":\"https:\/\/solisinforma.com\/#\/schema\/logo\/image\/\",\"url\":\"https:\/\/i0.wp.com\/solisinforma.com\/wp-content\/uploads\/2020\/07\/cropped-solis-4.png?fit=512%2C512&ssl=1\",\"contentUrl\":\"https:\/\/i0.wp.com\/solisinforma.com\/wp-content\/uploads\/2020\/07\/cropped-solis-4.png?fit=512%2C512&ssl=1\",\"width\":512,\"height\":512,\"caption\":\"Solis Informa\"},\"image\":{\"@id\":\"https:\/\/solisinforma.com\/#\/schema\/logo\/image\/\"},\"sameAs\":[\"https:\/\/www.facebook.com\/Solisinforma1\/\"]},{\"@type\":\"Person\",\"@id\":\"https:\/\/solisinforma.com\/#\/schema\/person\/db4967d1c8ed640d46bf21dc55215612\",\"name\":\"Hector Solis\",\"image\":{\"@type\":\"ImageObject\",\"inLanguage\":\"es\",\"@id\":\"https:\/\/solisinforma.com\/#\/schema\/person\/image\/\",\"url\":\"https:\/\/secure.gravatar.com\/avatar\/3e116868529a43555438940611160b9cf01e4fb17f119453a6329d96e10fecf8?s=96&d=mm&r=g\",\"contentUrl\":\"https:\/\/secure.gravatar.com\/avatar\/3e116868529a43555438940611160b9cf01e4fb17f119453a6329d96e10fecf8?s=96&d=mm&r=g\",\"caption\":\"Hector Solis\"},\"sameAs\":[\"http:\/\/Solisinforma.com\",\"https:\/\/www.facebook.com\/Solisinforma\/\",\"https:\/\/www.instagram.com\/solisinforma\/\",\"www.linkedin.com\/in\/hectorsolisinforma\",\"https:\/\/x.com\/solisinforma1\",\"@Solisinformaenvivo\",\"https:\/\/soundcloud.com\/solisinforma\"],\"url\":\"https:\/\/solisinforma.com\/?author=2\"}]}<\/script>\n<!-- \/ Yoast SEO plugin. -->","yoast_head_json":{"title":"15 a\u00f1os prisi\u00f3n a violador que embaraz\u00f3 adolescente en El\u00edas Pi\u00f1a - Solis Informa","robots":{"index":"index","follow":"follow","max-snippet":"max-snippet:-1","max-image-preview":"max-image-preview:large","max-video-preview":"max-video-preview:-1"},"canonical":"https:\/\/solisinforma.com\/?p=58220","og_locale":"es_ES","og_type":"article","og_title":"15 a\u00f1os prisi\u00f3n a violador que embaraz\u00f3 adolescente en El\u00edas Pi\u00f1a - Solis Informa","og_description":"Comendador, Elias Pi\u00f1a. \u2013 En respuesta a una solicitud del Ministerio P\u00fablico, un tribunal conden\u00f3...","og_url":"https:\/\/solisinforma.com\/?p=58220","og_site_name":"Solis Informa","article_publisher":"https:\/\/www.facebook.com\/Solisinforma1\/","article_author":"https:\/\/www.facebook.com\/Solisinforma\/","article_published_time":"2026-09-01T11:46:08+00:00","og_image":[{"width":1200,"height":675,"url":"https:\/\/solisinforma.com\/wp-content\/uploads\/2026\/09\/pRISION-SEGURIDAD.png","type":"image\/png"}],"author":"Hector Solis","twitter_card":"summary_large_image","twitter_creator":"@solisinforma1","twitter_misc":{"Escrito por":"Hector Solis","Tiempo de lectura":"2 minutos"},"schema":{"@context":"https:\/\/schema.org","@graph":[{"@type":"Article","@id":"https:\/\/solisinforma.com\/?p=58220#article","isPartOf":{"@id":"https:\/\/solisinforma.com\/?p=58220"},"author":{"name":"Hector Solis","@id":"https:\/\/solisinforma.com\/#\/schema\/person\/db4967d1c8ed640d46bf21dc55215612"},"headline":"15 a\u00f1os prisi\u00f3n a violador que embaraz\u00f3 adolescente en El\u00edas Pi\u00f1a","datePublished":"2026-09-01T11:46:08+00:00","mainEntityOfPage":{"@id":"https:\/\/solisinforma.com\/?p=58220"},"wordCount":344,"commentCount":0,"publisher":{"@id":"https:\/\/solisinforma.com\/#organization"},"image":{"@id":"https:\/\/solisinforma.com\/?p=58220#primaryimage"},"thumbnailUrl":"https:\/\/i0.wp.com\/solisinforma.com\/wp-content\/uploads\/2026\/09\/pRISION-SEGURIDAD.png?fit=1200%2C675&ssl=1","keywords":["15 a\u00f1os prision","adolescente","Elias Pi\u00f1a","Solis informa","violador"],"articleSection":["Nacionales","Primera Plana"],"inLanguage":"es","potentialAction":[{"@type":"CommentAction","name":"Comment","target":["https:\/\/solisinforma.com\/?p=58220#respond"]}]},{"@type":"WebPage","@id":"https:\/\/solisinforma.com\/?p=58220","url":"https:\/\/solisinforma.com\/?p=58220","name":"15 a\u00f1os prisi\u00f3n a violador que embaraz\u00f3 adolescente en El\u00edas Pi\u00f1a - Solis Informa","isPartOf":{"@id":"https:\/\/solisinforma.com\/#website"},"primaryImageOfPage":{"@id":"https:\/\/solisinforma.com\/?p=58220#primaryimage"},"image":{"@id":"https:\/\/solisinforma.com\/?p=58220#primaryimage"},"thumbnailUrl":"https:\/\/i0.wp.com\/solisinforma.com\/wp-content\/uploads\/2026\/09\/pRISION-SEGURIDAD.png?fit=1200%2C675&ssl=1","datePublished":"2026-09-01T11:46:08+00:00","breadcrumb":{"@id":"https:\/\/solisinforma.com\/?p=58220#breadcrumb"},"inLanguage":"es","potentialAction":[{"@type":"ReadAction","target":["https:\/\/solisinforma.com\/?p=58220"]}]},{"@type":"ImageObject","inLanguage":"es","@id":"https:\/\/solisinforma.com\/?p=58220#primaryimage","url":"https:\/\/i0.wp.com\/solisinforma.com\/wp-content\/uploads\/2026\/09\/pRISION-SEGURIDAD.png?fit=1200%2C675&ssl=1","contentUrl":"https:\/\/i0.wp.com\/solisinforma.com\/wp-content\/uploads\/2026\/09\/pRISION-SEGURIDAD.png?fit=1200%2C675&ssl=1","width":1200,"height":675},{"@type":"BreadcrumbList","@id":"https:\/\/solisinforma.com\/?p=58220#breadcrumb","itemListElement":[{"@type":"ListItem","position":1,"name":"Portada","item":"https:\/\/solisinforma.com\/"},{"@type":"ListItem","position":2,"name":"15 a\u00f1os prisi\u00f3n a violador que embaraz\u00f3 adolescente en El\u00edas Pi\u00f1a"}]},{"@type":"WebSite","@id":"https:\/\/solisinforma.com\/#website","url":"https:\/\/solisinforma.com\/","name":"Solis Informa","description":"El Diario de San Juan","publisher":{"@id":"https:\/\/solisinforma.com\/#organization"},"potentialAction":[{"@type":"SearchAction","target":{"@type":"EntryPoint","urlTemplate":"https:\/\/solisinforma.com\/?s={search_term_string}"},"query-input":{"@type":"PropertyValueSpecification","valueRequired":true,"valueName":"search_term_string"}}],"inLanguage":"es"},{"@type":"Organization","@id":"https:\/\/solisinforma.com\/#organization","name":"Solis Informa","url":"https:\/\/solisinforma.com\/","logo":{"@type":"ImageObject","inLanguage":"es","@id":"https:\/\/solisinforma.com\/#\/schema\/logo\/image\/","url":"https:\/\/i0.wp.com\/solisinforma.com\/wp-content\/uploads\/2020\/07\/cropped-solis-4.png?fit=512%2C512&ssl=1","contentUrl":"https:\/\/i0.wp.com\/solisinforma.com\/wp-content\/uploads\/2020\/07\/cropped-solis-4.png?fit=512%2C512&ssl=1","width":512,"height":512,"caption":"Solis Informa"},"image":{"@id":"https:\/\/solisinforma.com\/#\/schema\/logo\/image\/"},"sameAs":["https:\/\/www.facebook.com\/Solisinforma1\/"]},{"@type":"Person","@id":"https:\/\/solisinforma.com\/#\/schema\/person\/db4967d1c8ed640d46bf21dc55215612","name":"Hector Solis","image":{"@type":"ImageObject","inLanguage":"es","@id":"https:\/\/solisinforma.com\/#\/schema\/person\/image\/","url":"https:\/\/secure.gravatar.com\/avatar\/3e116868529a43555438940611160b9cf01e4fb17f119453a6329d96e10fecf8?s=96&d=mm&r=g","contentUrl":"https:\/\/secure.gravatar.com\/avatar\/3e116868529a43555438940611160b9cf01e4fb17f119453a6329d96e10fecf8?s=96&d=mm&r=g","caption":"Hector Solis"},"sameAs":["http:\/\/Solisinforma.com","https:\/\/www.facebook.com\/Solisinforma\/","https:\/\/www.instagram.com\/solisinforma\/","www.linkedin.com\/in\/hectorsolisinforma","https:\/\/x.com\/solisinforma1","@Solisinformaenvivo","https:\/\/soundcloud.com\/solisinforma"],"url":"https:\/\/solisinforma.com\/?author=2"}]}},"jetpack_publicize_connections":[],"jetpack_featured_media_url":"https:\/\/i0.wp.com\/solisinforma.com\/wp-content\/uploads\/2026\/09\/pRISION-SEGURIDAD.png?fit=1200%2C675&ssl=1","jetpack_sharing_enabled":true,"jetpack_likes_enabled":true,"jetpack-related-posts":[{"id":52238,"url":"https:\/\/solisinforma.com\/?p=52238","url_meta":{"origin":58220,"position":0},"title":"El embarazo en adolescentes sigue siendo un desaf\u00edo para RD","author":"Hector Solis","date":"26 de septiembre de 2025","format":false,"excerpt":"En t\u00e9rminos territoriales, la provincia El\u00edas Pi\u00f1a mantiene la mayor proporci\u00f3n de embarazos en adolescentes, seguida de Monte Cristi, Peravia, Pedernales y Dajab\u00f3n. Durante el 2024 en Rep\u00fablica Dominicana se registraron 17,846 embarazos en adolescentes, lo que representa el 19% del total de la poblaci\u00f3n atendida, de estos casos, 95.4%\u2026","rel":"","context":"En \u00abNacionales\u00bb","block_context":{"text":"Nacionales","link":"https:\/\/solisinforma.com\/?cat=8"},"img":{"alt_text":"","src":"https:\/\/i0.wp.com\/solisinforma.com\/wp-content\/uploads\/2025\/09\/embarazo-en-adolescente-1.jpg?fit=1200%2C688&ssl=1&resize=350%2C200","width":350,"height":200,"srcset":"https:\/\/i0.wp.com\/solisinforma.com\/wp-content\/uploads\/2025\/09\/embarazo-en-adolescente-1.jpg?fit=1200%2C688&ssl=1&resize=350%2C200 1x, https:\/\/i0.wp.com\/solisinforma.com\/wp-content\/uploads\/2025\/09\/embarazo-en-adolescente-1.jpg?fit=1200%2C688&ssl=1&resize=525%2C300 1.5x, https:\/\/i0.wp.com\/solisinforma.com\/wp-content\/uploads\/2025\/09\/embarazo-en-adolescente-1.jpg?fit=1200%2C688&ssl=1&resize=700%2C400 2x, https:\/\/i0.wp.com\/solisinforma.com\/wp-content\/uploads\/2025\/09\/embarazo-en-adolescente-1.jpg?fit=1200%2C688&ssl=1&resize=1050%2C600 3x"},"classes":[]},{"id":30610,"url":"https:\/\/solisinforma.com\/?p=30610","url_meta":{"origin":58220,"position":1},"title":"ONE: Unas 6,651 adolescentes de 11 a 17 a\u00f1os se convirtieron en madres en 2024","author":"Hector Solis","date":"20 de marzo de 2025","format":false,"excerpt":"Seg\u00fan la infograf\u00eda de la ONE, las j\u00f3venes con 18 a\u00f1os, tuvieron 4,044 embarazos y con 19, unos 5,285. Aunque los embarazos en adolescentes han presentado una disminuci\u00f3n en los \u00faltimos a\u00f1os, durante el 2024 en el pa\u00eds se registraron 17,846 embarazos en menores de 19 a\u00f1os, de acuerdo a\u2026","rel":"","context":"En \u00abNacionales\u00bb","block_context":{"text":"Nacionales","link":"https:\/\/solisinforma.com\/?cat=8"},"img":{"alt_text":"","src":"https:\/\/i0.wp.com\/solisinforma.com\/wp-content\/uploads\/2024\/07\/Embarazos-adolescentes.jpeg?fit=1140%2C712&ssl=1&resize=350%2C200","width":350,"height":200,"srcset":"https:\/\/i0.wp.com\/solisinforma.com\/wp-content\/uploads\/2024\/07\/Embarazos-adolescentes.jpeg?fit=1140%2C712&ssl=1&resize=350%2C200 1x, https:\/\/i0.wp.com\/solisinforma.com\/wp-content\/uploads\/2024\/07\/Embarazos-adolescentes.jpeg?fit=1140%2C712&ssl=1&resize=525%2C300 1.5x, https:\/\/i0.wp.com\/solisinforma.com\/wp-content\/uploads\/2024\/07\/Embarazos-adolescentes.jpeg?fit=1140%2C712&ssl=1&resize=700%2C400 2x, https:\/\/i0.wp.com\/solisinforma.com\/wp-content\/uploads\/2024\/07\/Embarazos-adolescentes.jpeg?fit=1140%2C712&ssl=1&resize=1050%2C600 3x"},"classes":[]},{"id":22698,"url":"https:\/\/solisinforma.com\/?p=22698","url_meta":{"origin":58220,"position":2},"title":"Adolescentes embarazadas suelen emparejarse con hombres de hasta 34 a\u00f1os","author":"Hector Solis","date":"13 de enero de 2024","format":false,"excerpt":"En 2022, la madre m\u00e1s joven registrada en el pa\u00eds fue una ni\u00f1a de 10 a\u00f1os En Rep\u00fablica Dominicana, una de las caracter\u00edsticas de la\u00a0maternidad adolescente\u00a0es la marcada\u00a0diferencia de edad\u00a0entre la joven\u00a0embarazada\u00a0y el padre de la criatura, observ\u00e1ndose un promedio de diferencia en las edades entre\u00a0cinco a 10 a\u00f1os\u00a0y casos\u2026","rel":"","context":"En \u00abNacionales\u00bb","block_context":{"text":"Nacionales","link":"https:\/\/solisinforma.com\/?cat=8"},"img":{"alt_text":"","src":"https:\/\/i0.wp.com\/solisinforma.com\/wp-content\/uploads\/2022\/09\/Adolescentes-embarazadas.jpg?resize=350%2C200&ssl=1","width":350,"height":200,"srcset":"https:\/\/i0.wp.com\/solisinforma.com\/wp-content\/uploads\/2022\/09\/Adolescentes-embarazadas.jpg?resize=350%2C200&ssl=1 1x, https:\/\/i0.wp.com\/solisinforma.com\/wp-content\/uploads\/2022\/09\/Adolescentes-embarazadas.jpg?resize=525%2C300&ssl=1 1.5x, https:\/\/i0.wp.com\/solisinforma.com\/wp-content\/uploads\/2022\/09\/Adolescentes-embarazadas.jpg?resize=700%2C400&ssl=1 2x, https:\/\/i0.wp.com\/solisinforma.com\/wp-content\/uploads\/2022\/09\/Adolescentes-embarazadas.jpg?resize=1050%2C600&ssl=1 3x, https:\/\/i0.wp.com\/solisinforma.com\/wp-content\/uploads\/2022\/09\/Adolescentes-embarazadas.jpg?resize=1400%2C800&ssl=1 4x"},"classes":[]},{"id":19248,"url":"https:\/\/solisinforma.com\/?p=19248","url_meta":{"origin":58220,"position":3},"title":"Condenan a 21 violadores sexuales en cuatro meses","author":"Hector Solis","date":"30 de mayo de 2023","format":false,"excerpt":"Veinte hombres dominicanos y un haitiano han sido condenados en lo que va de a\u00f1o por violaci\u00f3n sexual de ni\u00f1os, ni\u00f1as y adolescentes, seg\u00fan publicaciones de la Procuradur\u00eda General de la Rep\u00fablica en su p\u00e1gina web. Estos casos han ocurrido desde el 4 de enero hasta el 29 de este\u2026","rel":"","context":"En \u00abNacionales\u00bb","block_context":{"text":"Nacionales","link":"https:\/\/solisinforma.com\/?cat=8"},"img":{"alt_text":"","src":"https:\/\/i0.wp.com\/solisinforma.com\/wp-content\/uploads\/2023\/05\/Condena-Preso-Violacion-Sexual.jpg?fit=1200%2C675&ssl=1&resize=350%2C200","width":350,"height":200,"srcset":"https:\/\/i0.wp.com\/solisinforma.com\/wp-content\/uploads\/2023\/05\/Condena-Preso-Violacion-Sexual.jpg?fit=1200%2C675&ssl=1&resize=350%2C200 1x, https:\/\/i0.wp.com\/solisinforma.com\/wp-content\/uploads\/2023\/05\/Condena-Preso-Violacion-Sexual.jpg?fit=1200%2C675&ssl=1&resize=525%2C300 1.5x, https:\/\/i0.wp.com\/solisinforma.com\/wp-content\/uploads\/2023\/05\/Condena-Preso-Violacion-Sexual.jpg?fit=1200%2C675&ssl=1&resize=700%2C400 2x, https:\/\/i0.wp.com\/solisinforma.com\/wp-content\/uploads\/2023\/05\/Condena-Preso-Violacion-Sexual.jpg?fit=1200%2C675&ssl=1&resize=1050%2C600 3x"},"classes":[]},{"id":55711,"url":"https:\/\/solisinforma.com\/?p=55711","url_meta":{"origin":58220,"position":4},"title":"M\u00e1s de 800 adolescentes menores de 15 a\u00f1os quedaron embarazadas en 2025 en RD","author":"Hector Solis","date":"5 de abril de 2026","format":false,"excerpt":"En total, en 2025 se registraron 16,481 embarazos en adolescentes Un total de 826 ni\u00f1as menores de 15 a\u00f1os quedaron embarazadas en 2025 en Rep\u00fablica Dominicana, seg\u00fan datos divulgados por la Oficina Nacional de Estad\u00edstica (ONE). Las cifras indican que estos\u00a0826 casos representan el 5.01% del total de embarazos en\u2026","rel":"","context":"En \u00abNacionales\u00bb","block_context":{"text":"Nacionales","link":"https:\/\/solisinforma.com\/?cat=8"},"img":{"alt_text":"","src":"https:\/\/i0.wp.com\/solisinforma.com\/wp-content\/uploads\/2024\/03\/Menor-embarazada.jpg?fit=1200%2C675&ssl=1&resize=350%2C200","width":350,"height":200,"srcset":"https:\/\/i0.wp.com\/solisinforma.com\/wp-content\/uploads\/2024\/03\/Menor-embarazada.jpg?fit=1200%2C675&ssl=1&resize=350%2C200 1x, https:\/\/i0.wp.com\/solisinforma.com\/wp-content\/uploads\/2024\/03\/Menor-embarazada.jpg?fit=1200%2C675&ssl=1&resize=525%2C300 1.5x, https:\/\/i0.wp.com\/solisinforma.com\/wp-content\/uploads\/2024\/03\/Menor-embarazada.jpg?fit=1200%2C675&ssl=1&resize=700%2C400 2x, https:\/\/i0.wp.com\/solisinforma.com\/wp-content\/uploads\/2024\/03\/Menor-embarazada.jpg?fit=1200%2C675&ssl=1&resize=1050%2C600 3x"},"classes":[]},{"id":16956,"url":"https:\/\/solisinforma.com\/?p=16956","url_meta":{"origin":58220,"position":5},"title":"En San Juan \/ 20 a\u00f1os de prisi\u00f3n a hombre viol\u00f3 sexualmente a joven de 15 a\u00f1os.","author":"Hector Solis","date":"4 de enero de 2023","format":false,"excerpt":"San Juan. Rep. Dom. - El Tribunal Colegiado de este distrito judicial atendi\u00f3 la solicitud del Ministerio P\u00fablico y dict\u00f3 20 a\u00f1os de prisi\u00f3n a un hombre que viol\u00f3 sexualmente a una adolescente de 15 a\u00f1os de edad. El tribunal integrado por los jueces Ang\u00e9lica Calder\u00f3n, Di\u00f3genes D\u00e1maso y Luis\u2026","rel":"","context":"En \u00abLocales\u00bb","block_context":{"text":"Locales","link":"https:\/\/solisinforma.com\/?cat=34"},"img":{"alt_text":"","src":"https:\/\/i0.wp.com\/solisinforma.com\/wp-content\/uploads\/2021\/05\/violacion-caso-pareja-45662.jpg?resize=350%2C200&ssl=1","width":350,"height":200,"srcset":"https:\/\/i0.wp.com\/solisinforma.com\/wp-content\/uploads\/2021\/05\/violacion-caso-pareja-45662.jpg?resize=350%2C200&ssl=1 1x, https:\/\/i0.wp.com\/solisinforma.com\/wp-content\/uploads\/2021\/05\/violacion-caso-pareja-45662.jpg?resize=525%2C300&ssl=1 1.5x, https:\/\/i0.wp.com\/solisinforma.com\/wp-content\/uploads\/2021\/05\/violacion-caso-pareja-45662.jpg?resize=700%2C400&ssl=1 2x"},"classes":[]}],"jetpack_shortlink":"https:\/\/wp.me\/pc2Svn-f92","_links":{"self":[{"href":"https:\/\/solisinforma.com\/index.php?rest_route=\/wp\/v2\/posts\/58220","targetHints":{"allow":["GET"]}}],"collection":[{"href":"https:\/\/solisinforma.com\/index.php?rest_route=\/wp\/v2\/posts"}],"about":[{"href":"https:\/\/solisinforma.com\/index.php?rest_route=\/wp\/v2\/types\/post"}],"author":[{"embeddable":true,"href":"https:\/\/solisinforma.com\/index.php?rest_route=\/wp\/v2\/users\/2"}],"replies":[{"embeddable":true,"href":"https:\/\/solisinforma.com\/index.php?rest_route=%2Fwp%2Fv2%2Fcomments&post=58220"}],"version-history":[{"count":1,"href":"https:\/\/solisinforma.com\/index.php?rest_route=\/wp\/v2\/posts\/58220\/revisions"}],"predecessor-version":[{"id":58222,"href":"https:\/\/solisinforma.com\/index.php?rest_route=\/wp\/v2\/posts\/58220\/revisions\/58222"}],"wp:featuredmedia":[{"embeddable":true,"href":"https:\/\/solisinforma.com\/index.php?rest_route=\/wp\/v2\/media\/58221"}],"wp:attachment":[{"href":"https:\/\/solisinforma.com\/index.php?rest_route=%2Fwp%2Fv2%2Fmedia&parent=58220"}],"wp:term":[{"taxonomy":"category","embeddable":true,"href":"https:\/\/solisinforma.com\/index.php?rest_route=%2Fwp%2Fv2%2Fcategories&post=58220"},{"taxonomy":"post_tag","embeddable":true,"href":"https:\/\/solisinforma.com\/index.php?rest_route=%2Fwp%2Fv2%2Ftags&post=58220"}],"curies":[{"name":"wp","href":"https:\/\/api.w.org\/{rel}","templated":true}]}}