{"id":58224,"date":"2026-09-01T07:50:25","date_gmt":"2026-09-01T11:50:25","guid":{"rendered":"https:\/\/solisinforma.com\/?p=58224"},"modified":"2026-09-01T07:50:25","modified_gmt":"2026-09-01T11:50:25","slug":"utepda-fortalece-acciones-de-reforestacion-con-la-siembra-de-7000-arboles-en-las-cuencas-del-rio-yaque-del-sur","status":"publish","type":"post","link":"https:\/\/solisinforma.com\/?p=58224","title":{"rendered":"UTEPDA fortalece acciones de reforestaci\u00f3n con la siembra de 7,000 \u00e1rboles en las cuencas del r\u00edo Yaque del Sur"},"content":{"rendered":"<p><img data-recalc-dims=\"1\" loading=\"lazy\" decoding=\"async\" class=\"size-medium wp-image-58225 aligncenter\" src=\"https:\/\/i0.wp.com\/solisinforma.com\/wp-content\/uploads\/2026\/09\/Utepda-yaque-San-Juan.jpg?resize=640%2C398&#038;ssl=1\" alt=\"\" width=\"640\" height=\"398\" srcset=\"https:\/\/i0.wp.com\/solisinforma.com\/wp-content\/uploads\/2026\/09\/Utepda-yaque-San-Juan-scaled.jpg?resize=1158%2C720&amp;ssl=1 1158w, https:\/\/i0.wp.com\/solisinforma.com\/wp-content\/uploads\/2026\/09\/Utepda-yaque-San-Juan-scaled.jpg?resize=768%2C478&amp;ssl=1 768w, https:\/\/i0.wp.com\/solisinforma.com\/wp-content\/uploads\/2026\/09\/Utepda-yaque-San-Juan-scaled.jpg?resize=1536%2C955&amp;ssl=1 1536w, https:\/\/i0.wp.com\/solisinforma.com\/wp-content\/uploads\/2026\/09\/Utepda-yaque-San-Juan-scaled.jpg?resize=2048%2C1274&amp;ssl=1 2048w, https:\/\/i0.wp.com\/solisinforma.com\/wp-content\/uploads\/2026\/09\/Utepda-yaque-San-Juan-scaled.jpg?resize=1024%2C637&amp;ssl=1 1024w, https:\/\/i0.wp.com\/solisinforma.com\/wp-content\/uploads\/2026\/09\/Utepda-yaque-San-Juan-scaled.jpg?w=1280&amp;ssl=1 1280w, https:\/\/i0.wp.com\/solisinforma.com\/wp-content\/uploads\/2026\/09\/Utepda-yaque-San-Juan-scaled.jpg?w=1920&amp;ssl=1 1920w\" sizes=\"auto, (max-width: 640px) 100vw, 640px\" \/><\/p>\n<p style=\"font-weight: 400;\"><strong>Yaque, San Juan. RD. &#8211;<\/strong> Bajo el impulso del director ejecutivo de la Unidad T\u00e9cnica Ejecutora de Proyectos de Desarrollo Agroforestal (UTEPDA), Ing. Nidio Encarnaci\u00f3n, fueron sembrados 7,000 \u00e1rboles forestales en la nueva ruta Palomino, en las cuencas hidrogr\u00e1ficas del r\u00edo Yaque del Sur.<span style=\"font-weight: 400;\">La jornada de reforestaci\u00f3n fue encabezada por la UTEPDA, en coordinaci\u00f3n con el Ministerio de Medio Ambiente y la Asociaci\u00f3n Ecotur\u00edstica del distrito municipal de Yaque, como parte de las acciones que promueve la instituci\u00f3n para dar continuidad y fortalecer los trabajos de recuperaci\u00f3n de los bosques y protecci\u00f3n de las fuentes de agua en la regi\u00f3n Sur.<\/span><span style=\"font-weight: 400;\">Durante la actividad fueron plantados 5,000 pinos criollos, 1,000 cedros blancos y 1,000 cabirmas santas, contribuyendo a la recuperaci\u00f3n de \u00e1reas boscosas y a la protecci\u00f3n de esta importante cuenca hidrogr\u00e1fica.<\/span><\/p>\n<p style=\"font-weight: 400;\">Los trabajos fueron desarrollados por el Proyecto de Desarrollo Agroforestal PDA-Los Fr\u00edos, bajo la coordinaci\u00f3n de Wandy Brioso, con el acompa\u00f1amiento de las instituciones y organizaciones participantes.<\/p>\n<p style=\"font-weight: 400;\">Desde su llegada a la direcci\u00f3n ejecutiva, el Ing. Nidio Encarnaci\u00f3n ha manifestado su inter\u00e9s en impulsar acciones que fortalezcan el desarrollo agroforestal sostenible, la conservaci\u00f3n de los recursos naturales y la protecci\u00f3n de las cuencas hidrogr\u00e1ficas.<\/p>\n<p style=\"font-weight: 400;\">La UTEPDA reafirma as\u00ed su compromiso de trabajar de manera articulada para contribuir a un Sur m\u00e1s verde, productivo y comprometido con la protecci\u00f3n de sus recursos naturales.<\/p>\n","protected":false},"excerpt":{"rendered":"<p>Yaque, San Juan. RD. &#8211; Bajo el impulso del director ejecutivo de la Unidad T\u00e9cnica&#8230;<\/p>\n","protected":false},"author":2,"featured_media":58225,"comment_status":"open","ping_status":"open","sticky":false,"template":"","format":"standard","meta":{"_jetpack_newsletter_access":"","_jetpack_dont_email_post_to_subs":false,"_jetpack_newsletter_tier_id":0,"_jetpack_memberships_contains_paywalled_content":false,"_jetpack_memberships_contains_paid_content":false,"_joinchat":[],"footnotes":"","jetpack_publicize_message":"","jetpack_publicize_feature_enabled":true,"jetpack_social_post_already_shared":true,"jetpack_social_options":{"image_generator_settings":{"template":"highway","default_image_id":0,"font":"","enabled":false},"version":2},"jetpack_post_was_ever_published":false},"categories":[34,39],"tags":[22599,13356,22597,13506,22598,46,22431],"class_list":["post-58224","post","type-post","status-publish","format-standard","has-post-thumbnail","hentry","category-locales","category-primeraplana","tag-7-mil-arboles","tag-cuencas","tag-fortalece-acciones","tag-reforestacion","tag-rio-yaque-del-sur","tag-solis-informa","tag-utepda"],"yoast_head":"<!-- This site is optimized with the Yoast SEO plugin v24.9 - https:\/\/yoast.com\/wordpress\/plugins\/seo\/ -->\n<title>UTEPDA fortalece acciones de reforestaci\u00f3n con la siembra de 7,000 \u00e1rboles en las cuencas del r\u00edo Yaque del Sur - Solis Informa<\/title>\n<meta name=\"robots\" content=\"index, follow, max-snippet:-1, max-image-preview:large, max-video-preview:-1\" \/>\n<link rel=\"canonical\" href=\"https:\/\/solisinforma.com\/?p=58224\" \/>\n<meta property=\"og:locale\" content=\"es_ES\" \/>\n<meta property=\"og:type\" content=\"article\" \/>\n<meta property=\"og:title\" content=\"UTEPDA fortalece acciones de reforestaci\u00f3n con la siembra de 7,000 \u00e1rboles en las cuencas del r\u00edo Yaque del Sur - Solis Informa\" \/>\n<meta property=\"og:description\" content=\"Yaque, San Juan. RD. &#8211; Bajo el impulso del director ejecutivo de la Unidad T\u00e9cnica...\" \/>\n<meta property=\"og:url\" content=\"https:\/\/solisinforma.com\/?p=58224\" \/>\n<meta property=\"og:site_name\" content=\"Solis Informa\" \/>\n<meta property=\"article:publisher\" content=\"https:\/\/www.facebook.com\/Solisinforma1\/\" \/>\n<meta property=\"article:author\" content=\"https:\/\/www.facebook.com\/Solisinforma\/\" \/>\n<meta property=\"article:published_time\" content=\"2026-09-01T11:50:25+00:00\" \/>\n<meta property=\"og:image\" content=\"https:\/\/solisinforma.com\/wp-content\/uploads\/2026\/09\/Utepda-yaque-San-Juan-scaled.jpg\" \/>\n\t<meta property=\"og:image:width\" content=\"2560\" \/>\n\t<meta property=\"og:image:height\" content=\"1592\" \/>\n\t<meta property=\"og:image:type\" content=\"image\/jpeg\" \/>\n<meta name=\"author\" content=\"Hector Solis\" \/>\n<meta name=\"twitter:card\" content=\"summary_large_image\" \/>\n<meta name=\"twitter:creator\" content=\"@solisinforma1\" \/>\n<meta name=\"twitter:label1\" content=\"Escrito por\" \/>\n\t<meta name=\"twitter:data1\" content=\"Hector Solis\" \/>\n\t<meta name=\"twitter:label2\" content=\"Tiempo de lectura\" \/>\n\t<meta name=\"twitter:data2\" content=\"2 minutos\" \/>\n<script type=\"application\/ld+json\" class=\"yoast-schema-graph\">{\"@context\":\"https:\/\/schema.org\",\"@graph\":[{\"@type\":\"Article\",\"@id\":\"https:\/\/solisinforma.com\/?p=58224#article\",\"isPartOf\":{\"@id\":\"https:\/\/solisinforma.com\/?p=58224\"},\"author\":{\"name\":\"Hector Solis\",\"@id\":\"https:\/\/solisinforma.com\/#\/schema\/person\/db4967d1c8ed640d46bf21dc55215612\"},\"headline\":\"UTEPDA fortalece acciones de reforestaci\u00f3n con la siembra de 7,000 \u00e1rboles en las cuencas del r\u00edo Yaque del Sur\",\"datePublished\":\"2026-09-01T11:50:25+00:00\",\"mainEntityOfPage\":{\"@id\":\"https:\/\/solisinforma.com\/?p=58224\"},\"wordCount\":267,\"commentCount\":0,\"publisher\":{\"@id\":\"https:\/\/solisinforma.com\/#organization\"},\"image\":{\"@id\":\"https:\/\/solisinforma.com\/?p=58224#primaryimage\"},\"thumbnailUrl\":\"https:\/\/i0.wp.com\/solisinforma.com\/wp-content\/uploads\/2026\/09\/Utepda-yaque-San-Juan-scaled.jpg?fit=2560%2C1592&ssl=1\",\"keywords\":[\"7 mil arboles\",\"Cuencas\",\"fortalece acciones\",\"Reforestacion\",\"r\u00edo Yaque del Sur\",\"Solis informa\",\"UTEPDA\"],\"articleSection\":[\"Locales\",\"Primera Plana\"],\"inLanguage\":\"es\",\"potentialAction\":[{\"@type\":\"CommentAction\",\"name\":\"Comment\",\"target\":[\"https:\/\/solisinforma.com\/?p=58224#respond\"]}]},{\"@type\":\"WebPage\",\"@id\":\"https:\/\/solisinforma.com\/?p=58224\",\"url\":\"https:\/\/solisinforma.com\/?p=58224\",\"name\":\"UTEPDA fortalece acciones de reforestaci\u00f3n con la siembra de 7,000 \u00e1rboles en las cuencas del r\u00edo Yaque del Sur - Solis Informa\",\"isPartOf\":{\"@id\":\"https:\/\/solisinforma.com\/#website\"},\"primaryImageOfPage\":{\"@id\":\"https:\/\/solisinforma.com\/?p=58224#primaryimage\"},\"image\":{\"@id\":\"https:\/\/solisinforma.com\/?p=58224#primaryimage\"},\"thumbnailUrl\":\"https:\/\/i0.wp.com\/solisinforma.com\/wp-content\/uploads\/2026\/09\/Utepda-yaque-San-Juan-scaled.jpg?fit=2560%2C1592&ssl=1\",\"datePublished\":\"2026-09-01T11:50:25+00:00\",\"breadcrumb\":{\"@id\":\"https:\/\/solisinforma.com\/?p=58224#breadcrumb\"},\"inLanguage\":\"es\",\"potentialAction\":[{\"@type\":\"ReadAction\",\"target\":[\"https:\/\/solisinforma.com\/?p=58224\"]}]},{\"@type\":\"ImageObject\",\"inLanguage\":\"es\",\"@id\":\"https:\/\/solisinforma.com\/?p=58224#primaryimage\",\"url\":\"https:\/\/i0.wp.com\/solisinforma.com\/wp-content\/uploads\/2026\/09\/Utepda-yaque-San-Juan-scaled.jpg?fit=2560%2C1592&ssl=1\",\"contentUrl\":\"https:\/\/i0.wp.com\/solisinforma.com\/wp-content\/uploads\/2026\/09\/Utepda-yaque-San-Juan-scaled.jpg?fit=2560%2C1592&ssl=1\",\"width\":2560,\"height\":1592},{\"@type\":\"BreadcrumbList\",\"@id\":\"https:\/\/solisinforma.com\/?p=58224#breadcrumb\",\"itemListElement\":[{\"@type\":\"ListItem\",\"position\":1,\"name\":\"Portada\",\"item\":\"https:\/\/solisinforma.com\/\"},{\"@type\":\"ListItem\",\"position\":2,\"name\":\"UTEPDA fortalece acciones de reforestaci\u00f3n con la siembra de 7,000 \u00e1rboles en las cuencas del r\u00edo Yaque del Sur\"}]},{\"@type\":\"WebSite\",\"@id\":\"https:\/\/solisinforma.com\/#website\",\"url\":\"https:\/\/solisinforma.com\/\",\"name\":\"Solis Informa\",\"description\":\"El Diario de San Juan\",\"publisher\":{\"@id\":\"https:\/\/solisinforma.com\/#organization\"},\"potentialAction\":[{\"@type\":\"SearchAction\",\"target\":{\"@type\":\"EntryPoint\",\"urlTemplate\":\"https:\/\/solisinforma.com\/?s={search_term_string}\"},\"query-input\":{\"@type\":\"PropertyValueSpecification\",\"valueRequired\":true,\"valueName\":\"search_term_string\"}}],\"inLanguage\":\"es\"},{\"@type\":\"Organization\",\"@id\":\"https:\/\/solisinforma.com\/#organization\",\"name\":\"Solis Informa\",\"url\":\"https:\/\/solisinforma.com\/\",\"logo\":{\"@type\":\"ImageObject\",\"inLanguage\":\"es\",\"@id\":\"https:\/\/solisinforma.com\/#\/schema\/logo\/image\/\",\"url\":\"https:\/\/i0.wp.com\/solisinforma.com\/wp-content\/uploads\/2020\/07\/cropped-solis-4.png?fit=512%2C512&ssl=1\",\"contentUrl\":\"https:\/\/i0.wp.com\/solisinforma.com\/wp-content\/uploads\/2020\/07\/cropped-solis-4.png?fit=512%2C512&ssl=1\",\"width\":512,\"height\":512,\"caption\":\"Solis Informa\"},\"image\":{\"@id\":\"https:\/\/solisinforma.com\/#\/schema\/logo\/image\/\"},\"sameAs\":[\"https:\/\/www.facebook.com\/Solisinforma1\/\"]},{\"@type\":\"Person\",\"@id\":\"https:\/\/solisinforma.com\/#\/schema\/person\/db4967d1c8ed640d46bf21dc55215612\",\"name\":\"Hector Solis\",\"image\":{\"@type\":\"ImageObject\",\"inLanguage\":\"es\",\"@id\":\"https:\/\/solisinforma.com\/#\/schema\/person\/image\/\",\"url\":\"https:\/\/secure.gravatar.com\/avatar\/3e116868529a43555438940611160b9cf01e4fb17f119453a6329d96e10fecf8?s=96&d=mm&r=g\",\"contentUrl\":\"https:\/\/secure.gravatar.com\/avatar\/3e116868529a43555438940611160b9cf01e4fb17f119453a6329d96e10fecf8?s=96&d=mm&r=g\",\"caption\":\"Hector Solis\"},\"sameAs\":[\"http:\/\/Solisinforma.com\",\"https:\/\/www.facebook.com\/Solisinforma\/\",\"https:\/\/www.instagram.com\/solisinforma\/\",\"www.linkedin.com\/in\/hectorsolisinforma\",\"https:\/\/x.com\/solisinforma1\",\"@Solisinformaenvivo\",\"https:\/\/soundcloud.com\/solisinforma\"],\"url\":\"https:\/\/solisinforma.com\/?author=2\"}]}<\/script>\n<!-- \/ Yoast SEO plugin. -->","yoast_head_json":{"title":"UTEPDA fortalece acciones de reforestaci\u00f3n con la siembra de 7,000 \u00e1rboles en las cuencas del r\u00edo Yaque del Sur - Solis Informa","robots":{"index":"index","follow":"follow","max-snippet":"max-snippet:-1","max-image-preview":"max-image-preview:large","max-video-preview":"max-video-preview:-1"},"canonical":"https:\/\/solisinforma.com\/?p=58224","og_locale":"es_ES","og_type":"article","og_title":"UTEPDA fortalece acciones de reforestaci\u00f3n con la siembra de 7,000 \u00e1rboles en las cuencas del r\u00edo Yaque del Sur - Solis Informa","og_description":"Yaque, San Juan. RD. &#8211; Bajo el impulso del director ejecutivo de la Unidad T\u00e9cnica...","og_url":"https:\/\/solisinforma.com\/?p=58224","og_site_name":"Solis Informa","article_publisher":"https:\/\/www.facebook.com\/Solisinforma1\/","article_author":"https:\/\/www.facebook.com\/Solisinforma\/","article_published_time":"2026-09-01T11:50:25+00:00","og_image":[{"width":2560,"height":1592,"url":"https:\/\/solisinforma.com\/wp-content\/uploads\/2026\/09\/Utepda-yaque-San-Juan-scaled.jpg","type":"image\/jpeg"}],"author":"Hector Solis","twitter_card":"summary_large_image","twitter_creator":"@solisinforma1","twitter_misc":{"Escrito por":"Hector Solis","Tiempo de lectura":"2 minutos"},"schema":{"@context":"https:\/\/schema.org","@graph":[{"@type":"Article","@id":"https:\/\/solisinforma.com\/?p=58224#article","isPartOf":{"@id":"https:\/\/solisinforma.com\/?p=58224"},"author":{"name":"Hector Solis","@id":"https:\/\/solisinforma.com\/#\/schema\/person\/db4967d1c8ed640d46bf21dc55215612"},"headline":"UTEPDA fortalece acciones de reforestaci\u00f3n con la siembra de 7,000 \u00e1rboles en las cuencas del r\u00edo Yaque del Sur","datePublished":"2026-09-01T11:50:25+00:00","mainEntityOfPage":{"@id":"https:\/\/solisinforma.com\/?p=58224"},"wordCount":267,"commentCount":0,"publisher":{"@id":"https:\/\/solisinforma.com\/#organization"},"image":{"@id":"https:\/\/solisinforma.com\/?p=58224#primaryimage"},"thumbnailUrl":"https:\/\/i0.wp.com\/solisinforma.com\/wp-content\/uploads\/2026\/09\/Utepda-yaque-San-Juan-scaled.jpg?fit=2560%2C1592&ssl=1","keywords":["7 mil arboles","Cuencas","fortalece acciones","Reforestacion","r\u00edo Yaque del Sur","Solis informa","UTEPDA"],"articleSection":["Locales","Primera Plana"],"inLanguage":"es","potentialAction":[{"@type":"CommentAction","name":"Comment","target":["https:\/\/solisinforma.com\/?p=58224#respond"]}]},{"@type":"WebPage","@id":"https:\/\/solisinforma.com\/?p=58224","url":"https:\/\/solisinforma.com\/?p=58224","name":"UTEPDA fortalece acciones de reforestaci\u00f3n con la siembra de 7,000 \u00e1rboles en las cuencas del r\u00edo Yaque del Sur - Solis Informa","isPartOf":{"@id":"https:\/\/solisinforma.com\/#website"},"primaryImageOfPage":{"@id":"https:\/\/solisinforma.com\/?p=58224#primaryimage"},"image":{"@id":"https:\/\/solisinforma.com\/?p=58224#primaryimage"},"thumbnailUrl":"https:\/\/i0.wp.com\/solisinforma.com\/wp-content\/uploads\/2026\/09\/Utepda-yaque-San-Juan-scaled.jpg?fit=2560%2C1592&ssl=1","datePublished":"2026-09-01T11:50:25+00:00","breadcrumb":{"@id":"https:\/\/solisinforma.com\/?p=58224#breadcrumb"},"inLanguage":"es","potentialAction":[{"@type":"ReadAction","target":["https:\/\/solisinforma.com\/?p=58224"]}]},{"@type":"ImageObject","inLanguage":"es","@id":"https:\/\/solisinforma.com\/?p=58224#primaryimage","url":"https:\/\/i0.wp.com\/solisinforma.com\/wp-content\/uploads\/2026\/09\/Utepda-yaque-San-Juan-scaled.jpg?fit=2560%2C1592&ssl=1","contentUrl":"https:\/\/i0.wp.com\/solisinforma.com\/wp-content\/uploads\/2026\/09\/Utepda-yaque-San-Juan-scaled.jpg?fit=2560%2C1592&ssl=1","width":2560,"height":1592},{"@type":"BreadcrumbList","@id":"https:\/\/solisinforma.com\/?p=58224#breadcrumb","itemListElement":[{"@type":"ListItem","position":1,"name":"Portada","item":"https:\/\/solisinforma.com\/"},{"@type":"ListItem","position":2,"name":"UTEPDA fortalece acciones de reforestaci\u00f3n con la siembra de 7,000 \u00e1rboles en las cuencas del r\u00edo Yaque del Sur"}]},{"@type":"WebSite","@id":"https:\/\/solisinforma.com\/#website","url":"https:\/\/solisinforma.com\/","name":"Solis Informa","description":"El Diario de San Juan","publisher":{"@id":"https:\/\/solisinforma.com\/#organization"},"potentialAction":[{"@type":"SearchAction","target":{"@type":"EntryPoint","urlTemplate":"https:\/\/solisinforma.com\/?s={search_term_string}"},"query-input":{"@type":"PropertyValueSpecification","valueRequired":true,"valueName":"search_term_string"}}],"inLanguage":"es"},{"@type":"Organization","@id":"https:\/\/solisinforma.com\/#organization","name":"Solis Informa","url":"https:\/\/solisinforma.com\/","logo":{"@type":"ImageObject","inLanguage":"es","@id":"https:\/\/solisinforma.com\/#\/schema\/logo\/image\/","url":"https:\/\/i0.wp.com\/solisinforma.com\/wp-content\/uploads\/2020\/07\/cropped-solis-4.png?fit=512%2C512&ssl=1","contentUrl":"https:\/\/i0.wp.com\/solisinforma.com\/wp-content\/uploads\/2020\/07\/cropped-solis-4.png?fit=512%2C512&ssl=1","width":512,"height":512,"caption":"Solis Informa"},"image":{"@id":"https:\/\/solisinforma.com\/#\/schema\/logo\/image\/"},"sameAs":["https:\/\/www.facebook.com\/Solisinforma1\/"]},{"@type":"Person","@id":"https:\/\/solisinforma.com\/#\/schema\/person\/db4967d1c8ed640d46bf21dc55215612","name":"Hector Solis","image":{"@type":"ImageObject","inLanguage":"es","@id":"https:\/\/solisinforma.com\/#\/schema\/person\/image\/","url":"https:\/\/secure.gravatar.com\/avatar\/3e116868529a43555438940611160b9cf01e4fb17f119453a6329d96e10fecf8?s=96&d=mm&r=g","contentUrl":"https:\/\/secure.gravatar.com\/avatar\/3e116868529a43555438940611160b9cf01e4fb17f119453a6329d96e10fecf8?s=96&d=mm&r=g","caption":"Hector Solis"},"sameAs":["http:\/\/Solisinforma.com","https:\/\/www.facebook.com\/Solisinforma\/","https:\/\/www.instagram.com\/solisinforma\/","www.linkedin.com\/in\/hectorsolisinforma","https:\/\/x.com\/solisinforma1","@Solisinformaenvivo","https:\/\/soundcloud.com\/solisinforma"],"url":"https:\/\/solisinforma.com\/?author=2"}]}},"jetpack_publicize_connections":[],"jetpack_featured_media_url":"https:\/\/i0.wp.com\/solisinforma.com\/wp-content\/uploads\/2026\/09\/Utepda-yaque-San-Juan-scaled.jpg?fit=2560%2C1592&ssl=1","jetpack_sharing_enabled":true,"jetpack_likes_enabled":true,"jetpack-related-posts":[{"id":52372,"url":"https:\/\/solisinforma.com\/?p=52372","url_meta":{"origin":58224,"position":0},"title":"EGEHID entrega al Plan San Juan e INDOCAFE RD$33 millones para reforestaci\u00f3n","author":"Hector Solis","date":"3 de octubre de 2025","format":false,"excerpt":"San Juan, RD. - La Rep\u00fablica Dominicana y en especial la provincia San Juan, enfrenta una fuerte degradaci\u00f3n de sus recursos naturales, fruto de pr\u00e1cticas de producci\u00f3n inadecuadas de la agricultura con la tala de \u00e1rboles en las monta\u00f1as. La empresa de Generaci\u00f3n Hidroel\u00e9ctrica Dominicana (EGEHID) hizo entrega de RD$33\u2026","rel":"","context":"En \u00abLocales\u00bb","block_context":{"text":"Locales","link":"https:\/\/solisinforma.com\/?cat=34"},"img":{"alt_text":"","src":"https:\/\/i0.wp.com\/solisinforma.com\/wp-content\/uploads\/2025\/10\/Entrega-33-millones-Egehid-Plan-San-Juan.jpeg?fit=1200%2C800&ssl=1&resize=350%2C200","width":350,"height":200,"srcset":"https:\/\/i0.wp.com\/solisinforma.com\/wp-content\/uploads\/2025\/10\/Entrega-33-millones-Egehid-Plan-San-Juan.jpeg?fit=1200%2C800&ssl=1&resize=350%2C200 1x, https:\/\/i0.wp.com\/solisinforma.com\/wp-content\/uploads\/2025\/10\/Entrega-33-millones-Egehid-Plan-San-Juan.jpeg?fit=1200%2C800&ssl=1&resize=525%2C300 1.5x, https:\/\/i0.wp.com\/solisinforma.com\/wp-content\/uploads\/2025\/10\/Entrega-33-millones-Egehid-Plan-San-Juan.jpeg?fit=1200%2C800&ssl=1&resize=700%2C400 2x, https:\/\/i0.wp.com\/solisinforma.com\/wp-content\/uploads\/2025\/10\/Entrega-33-millones-Egehid-Plan-San-Juan.jpeg?fit=1200%2C800&ssl=1&resize=1050%2C600 3x"},"classes":[]},{"id":30635,"url":"https:\/\/solisinforma.com\/?p=30635","url_meta":{"origin":58224,"position":1},"title":"D\u00eda Mundial del Agua: \u00bfHay suficiente para la poblaci\u00f3n dominicana?","author":"Hector Solis","date":"22 de marzo de 2025","format":false,"excerpt":"Anualmente, en el pa\u00eds caen m\u00e1s de 25,000 millones de metros c\u00fabicos de agua de lluvia Anualmente, en la\u00a0Rep\u00fablica Dominicana\u00a0caen m\u00e1s de\u00a025,000 millones de metros c\u00fabicos\u00a0de\u00a0agua\u00a0de lluvia, una cantidad que garantizar\u00eda completamente las necesidades de su poblaci\u00f3n, seg\u00fan las autoridades y especialistas del sector h\u00eddrico. Sin embargo, los expertos coinciden\u2026","rel":"","context":"En \u00abNacionales\u00bb","block_context":{"text":"Nacionales","link":"https:\/\/solisinforma.com\/?cat=8"},"img":{"alt_text":"","src":"https:\/\/i0.wp.com\/solisinforma.com\/wp-content\/uploads\/2021\/05\/agua-potable-lucero.jpg?resize=350%2C200&ssl=1","width":350,"height":200,"srcset":"https:\/\/i0.wp.com\/solisinforma.com\/wp-content\/uploads\/2021\/05\/agua-potable-lucero.jpg?resize=350%2C200&ssl=1 1x, https:\/\/i0.wp.com\/solisinforma.com\/wp-content\/uploads\/2021\/05\/agua-potable-lucero.jpg?resize=525%2C300&ssl=1 1.5x, https:\/\/i0.wp.com\/solisinforma.com\/wp-content\/uploads\/2021\/05\/agua-potable-lucero.jpg?resize=700%2C400&ssl=1 2x, https:\/\/i0.wp.com\/solisinforma.com\/wp-content\/uploads\/2021\/05\/agua-potable-lucero.jpg?resize=1050%2C600&ssl=1 3x"},"classes":[]},{"id":56020,"url":"https:\/\/solisinforma.com\/?p=56020","url_meta":{"origin":58224,"position":2},"title":"Proyecto Sabaneta realiza 2do operativo de recolecci\u00f3n de desechos s\u00f3lidos","author":"Hector Solis","date":"22 de abril de 2026","format":false,"excerpt":"Sabaneta, San Juan de la Maguana- Un segundo operativo de recogida de desechos s\u00f3lidos fue realizado por el Proyecto Sabaneta o de\u00a0 recuperaci\u00f3n de la sub cuenca del rio San Juan, en el distrito municipal de Sabaneta, como parte de los\u00a0\u00a0\u00a0trabajos que realiza en la cuenca alta. Brigadas de obreros,\u2026","rel":"","context":"En \u00abLocales\u00bb","block_context":{"text":"Locales","link":"https:\/\/solisinforma.com\/?cat=34"},"img":{"alt_text":"","src":"https:\/\/i0.wp.com\/solisinforma.com\/wp-content\/uploads\/2026\/04\/limpieza-proyecto-Sabaneta-2.jpg?fit=1200%2C900&ssl=1&resize=350%2C200","width":350,"height":200,"srcset":"https:\/\/i0.wp.com\/solisinforma.com\/wp-content\/uploads\/2026\/04\/limpieza-proyecto-Sabaneta-2.jpg?fit=1200%2C900&ssl=1&resize=350%2C200 1x, https:\/\/i0.wp.com\/solisinforma.com\/wp-content\/uploads\/2026\/04\/limpieza-proyecto-Sabaneta-2.jpg?fit=1200%2C900&ssl=1&resize=525%2C300 1.5x, https:\/\/i0.wp.com\/solisinforma.com\/wp-content\/uploads\/2026\/04\/limpieza-proyecto-Sabaneta-2.jpg?fit=1200%2C900&ssl=1&resize=700%2C400 2x, https:\/\/i0.wp.com\/solisinforma.com\/wp-content\/uploads\/2026\/04\/limpieza-proyecto-Sabaneta-2.jpg?fit=1200%2C900&ssl=1&resize=1050%2C600 3x"},"classes":[]},{"id":55836,"url":"https:\/\/solisinforma.com\/?p=55836","url_meta":{"origin":58224,"position":3},"title":"Brigadas de Obreros del \u00abProyecto Sabaneta\u00bb Fueron Dotadas de Trajes Protectores por Parte de Plan San Juan","author":"Hector Solis","date":"13 de abril de 2026","format":false,"excerpt":"Sabaneta, San Juan de la Maguana. Los integrantes de cinco brigadas de obreros que laboran en la cuenca alta en diversas labores del proyecto Sabaneta o recuperaci\u00f3n de la sub cuenca del rio San Juan, fueron dotados de trajes protectores por Plan San Juan. Los integrantes de las brigadas realizan\u2026","rel":"","context":"En \u00abLocales\u00bb","block_context":{"text":"Locales","link":"https:\/\/solisinforma.com\/?cat=34"},"img":{"alt_text":"","src":"https:\/\/i0.wp.com\/solisinforma.com\/wp-content\/uploads\/2026\/04\/Brigada-Obreros-Sabaneta.jpg?fit=1200%2C900&ssl=1&resize=350%2C200","width":350,"height":200,"srcset":"https:\/\/i0.wp.com\/solisinforma.com\/wp-content\/uploads\/2026\/04\/Brigada-Obreros-Sabaneta.jpg?fit=1200%2C900&ssl=1&resize=350%2C200 1x, https:\/\/i0.wp.com\/solisinforma.com\/wp-content\/uploads\/2026\/04\/Brigada-Obreros-Sabaneta.jpg?fit=1200%2C900&ssl=1&resize=525%2C300 1.5x, https:\/\/i0.wp.com\/solisinforma.com\/wp-content\/uploads\/2026\/04\/Brigada-Obreros-Sabaneta.jpg?fit=1200%2C900&ssl=1&resize=700%2C400 2x, https:\/\/i0.wp.com\/solisinforma.com\/wp-content\/uploads\/2026\/04\/Brigada-Obreros-Sabaneta.jpg?fit=1200%2C900&ssl=1&resize=1050%2C600 3x"},"classes":[]},{"id":29167,"url":"https:\/\/solisinforma.com\/?p=29167","url_meta":{"origin":58224,"position":4},"title":"Empresarios agr\u00edcolas y de transporte alarmados por reducci\u00f3n caudal r\u00edo San Juan","author":"Hector Solis","date":"14 de enero de 2025","format":false,"excerpt":"San Juan de la Maguana- El empresario agr\u00edcola Daniel Ramos, y el transportista\u00a0\u00a0\u00a0Kelvin Recio encendieron la voz de Alarma, por la disminuci\u00f3n acelera que registra el caudal del r\u00edo San Juan. En un recorrido por la cuenca alta de San Juan de la Maguana, en la comunidad de la Cieneguita,\u2026","rel":"","context":"En \u00abLocales\u00bb","block_context":{"text":"Locales","link":"https:\/\/solisinforma.com\/?cat=34"},"img":{"alt_text":"","src":"https:\/\/i0.wp.com\/solisinforma.com\/wp-content\/uploads\/2025\/01\/Poco-caudal-rio-kelvin-recio.jpg?fit=1200%2C675&ssl=1&resize=350%2C200","width":350,"height":200,"srcset":"https:\/\/i0.wp.com\/solisinforma.com\/wp-content\/uploads\/2025\/01\/Poco-caudal-rio-kelvin-recio.jpg?fit=1200%2C675&ssl=1&resize=350%2C200 1x, https:\/\/i0.wp.com\/solisinforma.com\/wp-content\/uploads\/2025\/01\/Poco-caudal-rio-kelvin-recio.jpg?fit=1200%2C675&ssl=1&resize=525%2C300 1.5x, https:\/\/i0.wp.com\/solisinforma.com\/wp-content\/uploads\/2025\/01\/Poco-caudal-rio-kelvin-recio.jpg?fit=1200%2C675&ssl=1&resize=700%2C400 2x, https:\/\/i0.wp.com\/solisinforma.com\/wp-content\/uploads\/2025\/01\/Poco-caudal-rio-kelvin-recio.jpg?fit=1200%2C675&ssl=1&resize=1050%2C600 3x"},"classes":[]},{"id":20378,"url":"https:\/\/solisinforma.com\/?p=20378","url_meta":{"origin":58224,"position":5},"title":"GOLDQUEST inicia plan de reforestaci\u00f3n cuenca media del r\u00edo San Juan en entorno del proyecto Romero","author":"Hector Solis","date":"7 de agosto de 2023","format":false,"excerpt":"San Juan.-\u00a0La empresa Minera GoldQuest, empresa promotora del Proyecto Romero inici\u00f3 un amplio plan de reforestaci\u00f3n de la cuenca media del r\u00edo San Juan en el paraje de las lagunas, Distrito Municipal de Sabaneta. Las pretensiones de la minera es reforestar toda la cuenca media del r\u00edo San Juan e\u2026","rel":"","context":"En \u00abLocales\u00bb","block_context":{"text":"Locales","link":"https:\/\/solisinforma.com\/?cat=34"},"img":{"alt_text":"","src":"https:\/\/i0.wp.com\/solisinforma.com\/wp-content\/uploads\/2023\/08\/GoldQues-reforestacion.jpg?fit=1200%2C649&ssl=1&resize=350%2C200","width":350,"height":200,"srcset":"https:\/\/i0.wp.com\/solisinforma.com\/wp-content\/uploads\/2023\/08\/GoldQues-reforestacion.jpg?fit=1200%2C649&ssl=1&resize=350%2C200 1x, https:\/\/i0.wp.com\/solisinforma.com\/wp-content\/uploads\/2023\/08\/GoldQues-reforestacion.jpg?fit=1200%2C649&ssl=1&resize=525%2C300 1.5x, https:\/\/i0.wp.com\/solisinforma.com\/wp-content\/uploads\/2023\/08\/GoldQues-reforestacion.jpg?fit=1200%2C649&ssl=1&resize=700%2C400 2x, https:\/\/i0.wp.com\/solisinforma.com\/wp-content\/uploads\/2023\/08\/GoldQues-reforestacion.jpg?fit=1200%2C649&ssl=1&resize=1050%2C600 3x"},"classes":[]}],"jetpack_shortlink":"https:\/\/wp.me\/pc2Svn-f96","_links":{"self":[{"href":"https:\/\/solisinforma.com\/index.php?rest_route=\/wp\/v2\/posts\/58224","targetHints":{"allow":["GET"]}}],"collection":[{"href":"https:\/\/solisinforma.com\/index.php?rest_route=\/wp\/v2\/posts"}],"about":[{"href":"https:\/\/solisinforma.com\/index.php?rest_route=\/wp\/v2\/types\/post"}],"author":[{"embeddable":true,"href":"https:\/\/solisinforma.com\/index.php?rest_route=\/wp\/v2\/users\/2"}],"replies":[{"embeddable":true,"href":"https:\/\/solisinforma.com\/index.php?rest_route=%2Fwp%2Fv2%2Fcomments&post=58224"}],"version-history":[{"count":1,"href":"https:\/\/solisinforma.com\/index.php?rest_route=\/wp\/v2\/posts\/58224\/revisions"}],"predecessor-version":[{"id":58226,"href":"https:\/\/solisinforma.com\/index.php?rest_route=\/wp\/v2\/posts\/58224\/revisions\/58226"}],"wp:featuredmedia":[{"embeddable":true,"href":"https:\/\/solisinforma.com\/index.php?rest_route=\/wp\/v2\/media\/58225"}],"wp:attachment":[{"href":"https:\/\/solisinforma.com\/index.php?rest_route=%2Fwp%2Fv2%2Fmedia&parent=58224"}],"wp:term":[{"taxonomy":"category","embeddable":true,"href":"https:\/\/solisinforma.com\/index.php?rest_route=%2Fwp%2Fv2%2Fcategories&post=58224"},{"taxonomy":"post_tag","embeddable":true,"href":"https:\/\/solisinforma.com\/index.php?rest_route=%2Fwp%2Fv2%2Ftags&post=58224"}],"curies":[{"name":"wp","href":"https:\/\/api.w.org\/{rel}","templated":true}]}}