{"id":58228,"date":"2026-09-01T07:59:44","date_gmt":"2026-09-01T11:59:44","guid":{"rendered":"https:\/\/solisinforma.com\/?p=58228"},"modified":"2026-09-01T07:59:44","modified_gmt":"2026-09-01T11:59:44","slug":"parceleros-de-san-juan-reclaman-titulos-definitivos-y-amenazan-con-protestas","status":"publish","type":"post","link":"https:\/\/solisinforma.com\/?p=58228","title":{"rendered":"Parceleros de San Juan reclaman t\u00edtulos definitivos y amenazan con protestas"},"content":{"rendered":"<p><img data-recalc-dims=\"1\" loading=\"lazy\" decoding=\"async\" class=\"alignnone size-medium wp-image-58229\" src=\"https:\/\/i0.wp.com\/solisinforma.com\/wp-content\/uploads\/2026\/09\/Parceleros-San-Juan-titulos.jpg?resize=640%2C357&#038;ssl=1\" alt=\"\" width=\"640\" height=\"357\" srcset=\"https:\/\/i0.wp.com\/solisinforma.com\/wp-content\/uploads\/2026\/09\/Parceleros-San-Juan-titulos-scaled.jpg?resize=1280%2C714&amp;ssl=1 1280w, https:\/\/i0.wp.com\/solisinforma.com\/wp-content\/uploads\/2026\/09\/Parceleros-San-Juan-titulos-scaled.jpg?resize=768%2C429&amp;ssl=1 768w, https:\/\/i0.wp.com\/solisinforma.com\/wp-content\/uploads\/2026\/09\/Parceleros-San-Juan-titulos-scaled.jpg?resize=1536%2C857&amp;ssl=1 1536w, https:\/\/i0.wp.com\/solisinforma.com\/wp-content\/uploads\/2026\/09\/Parceleros-San-Juan-titulos-scaled.jpg?resize=2048%2C1143&amp;ssl=1 2048w, https:\/\/i0.wp.com\/solisinforma.com\/wp-content\/uploads\/2026\/09\/Parceleros-San-Juan-titulos-scaled.jpg?resize=1024%2C572&amp;ssl=1 1024w, https:\/\/i0.wp.com\/solisinforma.com\/wp-content\/uploads\/2026\/09\/Parceleros-San-Juan-titulos-scaled.jpg?w=1920&amp;ssl=1 1920w\" sizes=\"auto, (max-width: 640px) 100vw, 640px\" \/><\/p>\n<p><strong>San Juan. RD. &#8211;<\/strong>\u00a0Parceleros de distintos asentamientos agr\u00edcolas del valle de San Juan reclamaron al Gobierno la entrega de los t\u00edtulos definitivos de las propiedades que ocupan y trabajan desde hace d\u00e9cadas.<\/p>\n<p>Los productores expresaron preocupaci\u00f3n por la falta de documentos que acrediten legalmente sus terrenos. Se\u00f1alaron que la situaci\u00f3n genera mayor incertidumbre tras el desalojo de varios parceleros de la comunidad de La Ci\u00e9naga.<\/p>\n<p>Seg\u00fan denunciaron, algunos de los afectados llevaban m\u00e1s de 30 a\u00f1os ocupando y trabajando esas tierras. Esta situaci\u00f3n, afirmaron, aumenta el temor entre otros productores que tambi\u00e9n carecen de t\u00edtulos definitivos.<\/p>\n<p>Los parceleros aseguraron que han llevado sus reclamos ante las autoridades correspondientes, pero hasta el momento no han recibido una respuesta que permita solucionar el problema.<\/p>\n<p>Tambi\u00e9n manifestaron preocupaci\u00f3n por la desaparici\u00f3n del Instituto Agrario Dominicano, entidad que, seg\u00fan explicaron, representaba un respaldo para los productores de los asentamientos agr\u00edcolas.<\/p>\n<p>Los productores pidieron al presidente Luis Abinader atender su situaci\u00f3n y disponer las acciones necesarias para garantizar la titulaci\u00f3n definitiva de sus parcelas.<\/p>\n<p>Los parceleros esperaban un anuncio sobre la titulaci\u00f3n durante la reciente visita del presidente a San Juan de la Maguana. Sin embargo, se\u00f1alaron que el tema no fue abordado.<\/p>\n<p>Ante la falta de respuestas, los parceleros advirtieron que podr\u00edan realizar movilizaciones en los pr\u00f3ximos d\u00edas para exigir que las autoridades atiendan sus reclamos.<\/p>\n<p>Los productores reiteraron que buscan seguridad jur\u00eddica sobre las tierras que han trabajado durante a\u00f1os y pidieron al Gobierno intervenir antes de que el conflicto genere nuevas protestas en la provincia.<\/p>\n<h6><span style=\"color: #999999;\">Por: Enfoque del Sur.-<\/span><\/h6>\n","protected":false},"excerpt":{"rendered":"<p>San Juan. RD. &#8211;\u00a0Parceleros de distintos asentamientos agr\u00edcolas del valle de San Juan reclamaron al&#8230;<\/p>\n","protected":false},"author":2,"featured_media":58229,"comment_status":"open","ping_status":"open","sticky":false,"template":"","format":"standard","meta":{"_jetpack_newsletter_access":"","_jetpack_dont_email_post_to_subs":false,"_jetpack_newsletter_tier_id":0,"_jetpack_memberships_contains_paywalled_content":false,"_jetpack_memberships_contains_paid_content":false,"_joinchat":[],"footnotes":"","jetpack_publicize_message":"","jetpack_publicize_feature_enabled":true,"jetpack_social_post_already_shared":true,"jetpack_social_options":{"image_generator_settings":{"template":"highway","default_image_id":0,"font":"","enabled":false},"version":2},"jetpack_post_was_ever_published":false},"categories":[34,39],"tags":[2682,1485,2833,29,46,22600],"class_list":["post-58228","post","type-post","status-publish","format-standard","has-post-thumbnail","hentry","category-locales","category-primeraplana","tag-parceleros","tag-protesta","tag-reclamo","tag-sanjuan","tag-solis-informa","tag-titulos-definitivos"],"yoast_head":"<!-- This site is optimized with the Yoast SEO plugin v24.9 - https:\/\/yoast.com\/wordpress\/plugins\/seo\/ -->\n<title>Parceleros de San Juan reclaman t\u00edtulos definitivos y amenazan con protestas - Solis Informa<\/title>\n<meta name=\"robots\" content=\"index, follow, max-snippet:-1, max-image-preview:large, max-video-preview:-1\" \/>\n<link rel=\"canonical\" href=\"https:\/\/solisinforma.com\/?p=58228\" \/>\n<meta property=\"og:locale\" content=\"es_ES\" \/>\n<meta property=\"og:type\" content=\"article\" \/>\n<meta property=\"og:title\" content=\"Parceleros de San Juan reclaman t\u00edtulos definitivos y amenazan con protestas - Solis Informa\" \/>\n<meta property=\"og:description\" content=\"San Juan. RD. &#8211;\u00a0Parceleros de distintos asentamientos agr\u00edcolas del valle de San Juan reclamaron al...\" \/>\n<meta property=\"og:url\" content=\"https:\/\/solisinforma.com\/?p=58228\" \/>\n<meta property=\"og:site_name\" content=\"Solis Informa\" \/>\n<meta property=\"article:publisher\" content=\"https:\/\/www.facebook.com\/Solisinforma1\/\" \/>\n<meta property=\"article:author\" content=\"https:\/\/www.facebook.com\/Solisinforma\/\" \/>\n<meta property=\"article:published_time\" content=\"2026-09-01T11:59:44+00:00\" \/>\n<meta property=\"og:image\" content=\"https:\/\/solisinforma.com\/wp-content\/uploads\/2026\/09\/Parceleros-San-Juan-titulos-scaled.jpg\" \/>\n\t<meta property=\"og:image:width\" content=\"2560\" \/>\n\t<meta property=\"og:image:height\" content=\"1429\" \/>\n\t<meta property=\"og:image:type\" content=\"image\/jpeg\" \/>\n<meta name=\"author\" content=\"Hector Solis\" \/>\n<meta name=\"twitter:card\" content=\"summary_large_image\" \/>\n<meta name=\"twitter:creator\" content=\"@solisinforma1\" \/>\n<meta name=\"twitter:label1\" content=\"Escrito por\" \/>\n\t<meta name=\"twitter:data1\" content=\"Hector Solis\" \/>\n\t<meta name=\"twitter:label2\" content=\"Tiempo de lectura\" \/>\n\t<meta name=\"twitter:data2\" content=\"2 minutos\" \/>\n<script type=\"application\/ld+json\" class=\"yoast-schema-graph\">{\"@context\":\"https:\/\/schema.org\",\"@graph\":[{\"@type\":\"Article\",\"@id\":\"https:\/\/solisinforma.com\/?p=58228#article\",\"isPartOf\":{\"@id\":\"https:\/\/solisinforma.com\/?p=58228\"},\"author\":{\"name\":\"Hector Solis\",\"@id\":\"https:\/\/solisinforma.com\/#\/schema\/person\/db4967d1c8ed640d46bf21dc55215612\"},\"headline\":\"Parceleros de San Juan reclaman t\u00edtulos definitivos y amenazan con protestas\",\"datePublished\":\"2026-09-01T11:59:44+00:00\",\"mainEntityOfPage\":{\"@id\":\"https:\/\/solisinforma.com\/?p=58228\"},\"wordCount\":296,\"commentCount\":0,\"publisher\":{\"@id\":\"https:\/\/solisinforma.com\/#organization\"},\"image\":{\"@id\":\"https:\/\/solisinforma.com\/?p=58228#primaryimage\"},\"thumbnailUrl\":\"https:\/\/i0.wp.com\/solisinforma.com\/wp-content\/uploads\/2026\/09\/Parceleros-San-Juan-titulos-scaled.jpg?fit=2560%2C1429&ssl=1\",\"keywords\":[\"parceleros\",\"Protesta\",\"Reclamo\",\"San Juan\",\"Solis informa\",\"Titulos definitivos\"],\"articleSection\":[\"Locales\",\"Primera Plana\"],\"inLanguage\":\"es\",\"potentialAction\":[{\"@type\":\"CommentAction\",\"name\":\"Comment\",\"target\":[\"https:\/\/solisinforma.com\/?p=58228#respond\"]}]},{\"@type\":\"WebPage\",\"@id\":\"https:\/\/solisinforma.com\/?p=58228\",\"url\":\"https:\/\/solisinforma.com\/?p=58228\",\"name\":\"Parceleros de San Juan reclaman t\u00edtulos definitivos y amenazan con protestas - Solis Informa\",\"isPartOf\":{\"@id\":\"https:\/\/solisinforma.com\/#website\"},\"primaryImageOfPage\":{\"@id\":\"https:\/\/solisinforma.com\/?p=58228#primaryimage\"},\"image\":{\"@id\":\"https:\/\/solisinforma.com\/?p=58228#primaryimage\"},\"thumbnailUrl\":\"https:\/\/i0.wp.com\/solisinforma.com\/wp-content\/uploads\/2026\/09\/Parceleros-San-Juan-titulos-scaled.jpg?fit=2560%2C1429&ssl=1\",\"datePublished\":\"2026-09-01T11:59:44+00:00\",\"breadcrumb\":{\"@id\":\"https:\/\/solisinforma.com\/?p=58228#breadcrumb\"},\"inLanguage\":\"es\",\"potentialAction\":[{\"@type\":\"ReadAction\",\"target\":[\"https:\/\/solisinforma.com\/?p=58228\"]}]},{\"@type\":\"ImageObject\",\"inLanguage\":\"es\",\"@id\":\"https:\/\/solisinforma.com\/?p=58228#primaryimage\",\"url\":\"https:\/\/i0.wp.com\/solisinforma.com\/wp-content\/uploads\/2026\/09\/Parceleros-San-Juan-titulos-scaled.jpg?fit=2560%2C1429&ssl=1\",\"contentUrl\":\"https:\/\/i0.wp.com\/solisinforma.com\/wp-content\/uploads\/2026\/09\/Parceleros-San-Juan-titulos-scaled.jpg?fit=2560%2C1429&ssl=1\",\"width\":2560,\"height\":1429},{\"@type\":\"BreadcrumbList\",\"@id\":\"https:\/\/solisinforma.com\/?p=58228#breadcrumb\",\"itemListElement\":[{\"@type\":\"ListItem\",\"position\":1,\"name\":\"Portada\",\"item\":\"https:\/\/solisinforma.com\/\"},{\"@type\":\"ListItem\",\"position\":2,\"name\":\"Parceleros de San Juan reclaman t\u00edtulos definitivos y amenazan con protestas\"}]},{\"@type\":\"WebSite\",\"@id\":\"https:\/\/solisinforma.com\/#website\",\"url\":\"https:\/\/solisinforma.com\/\",\"name\":\"Solis Informa\",\"description\":\"El Diario de San Juan\",\"publisher\":{\"@id\":\"https:\/\/solisinforma.com\/#organization\"},\"potentialAction\":[{\"@type\":\"SearchAction\",\"target\":{\"@type\":\"EntryPoint\",\"urlTemplate\":\"https:\/\/solisinforma.com\/?s={search_term_string}\"},\"query-input\":{\"@type\":\"PropertyValueSpecification\",\"valueRequired\":true,\"valueName\":\"search_term_string\"}}],\"inLanguage\":\"es\"},{\"@type\":\"Organization\",\"@id\":\"https:\/\/solisinforma.com\/#organization\",\"name\":\"Solis Informa\",\"url\":\"https:\/\/solisinforma.com\/\",\"logo\":{\"@type\":\"ImageObject\",\"inLanguage\":\"es\",\"@id\":\"https:\/\/solisinforma.com\/#\/schema\/logo\/image\/\",\"url\":\"https:\/\/i0.wp.com\/solisinforma.com\/wp-content\/uploads\/2020\/07\/cropped-solis-4.png?fit=512%2C512&ssl=1\",\"contentUrl\":\"https:\/\/i0.wp.com\/solisinforma.com\/wp-content\/uploads\/2020\/07\/cropped-solis-4.png?fit=512%2C512&ssl=1\",\"width\":512,\"height\":512,\"caption\":\"Solis Informa\"},\"image\":{\"@id\":\"https:\/\/solisinforma.com\/#\/schema\/logo\/image\/\"},\"sameAs\":[\"https:\/\/www.facebook.com\/Solisinforma1\/\"]},{\"@type\":\"Person\",\"@id\":\"https:\/\/solisinforma.com\/#\/schema\/person\/db4967d1c8ed640d46bf21dc55215612\",\"name\":\"Hector Solis\",\"image\":{\"@type\":\"ImageObject\",\"inLanguage\":\"es\",\"@id\":\"https:\/\/solisinforma.com\/#\/schema\/person\/image\/\",\"url\":\"https:\/\/secure.gravatar.com\/avatar\/3e116868529a43555438940611160b9cf01e4fb17f119453a6329d96e10fecf8?s=96&d=mm&r=g\",\"contentUrl\":\"https:\/\/secure.gravatar.com\/avatar\/3e116868529a43555438940611160b9cf01e4fb17f119453a6329d96e10fecf8?s=96&d=mm&r=g\",\"caption\":\"Hector Solis\"},\"sameAs\":[\"http:\/\/Solisinforma.com\",\"https:\/\/www.facebook.com\/Solisinforma\/\",\"https:\/\/www.instagram.com\/solisinforma\/\",\"www.linkedin.com\/in\/hectorsolisinforma\",\"https:\/\/x.com\/solisinforma1\",\"@Solisinformaenvivo\",\"https:\/\/soundcloud.com\/solisinforma\"],\"url\":\"https:\/\/solisinforma.com\/?author=2\"}]}<\/script>\n<!-- \/ Yoast SEO plugin. -->","yoast_head_json":{"title":"Parceleros de San Juan reclaman t\u00edtulos definitivos y amenazan con protestas - Solis Informa","robots":{"index":"index","follow":"follow","max-snippet":"max-snippet:-1","max-image-preview":"max-image-preview:large","max-video-preview":"max-video-preview:-1"},"canonical":"https:\/\/solisinforma.com\/?p=58228","og_locale":"es_ES","og_type":"article","og_title":"Parceleros de San Juan reclaman t\u00edtulos definitivos y amenazan con protestas - Solis Informa","og_description":"San Juan. RD. &#8211;\u00a0Parceleros de distintos asentamientos agr\u00edcolas del valle de San Juan reclamaron al...","og_url":"https:\/\/solisinforma.com\/?p=58228","og_site_name":"Solis Informa","article_publisher":"https:\/\/www.facebook.com\/Solisinforma1\/","article_author":"https:\/\/www.facebook.com\/Solisinforma\/","article_published_time":"2026-09-01T11:59:44+00:00","og_image":[{"width":2560,"height":1429,"url":"https:\/\/solisinforma.com\/wp-content\/uploads\/2026\/09\/Parceleros-San-Juan-titulos-scaled.jpg","type":"image\/jpeg"}],"author":"Hector Solis","twitter_card":"summary_large_image","twitter_creator":"@solisinforma1","twitter_misc":{"Escrito por":"Hector Solis","Tiempo de lectura":"2 minutos"},"schema":{"@context":"https:\/\/schema.org","@graph":[{"@type":"Article","@id":"https:\/\/solisinforma.com\/?p=58228#article","isPartOf":{"@id":"https:\/\/solisinforma.com\/?p=58228"},"author":{"name":"Hector Solis","@id":"https:\/\/solisinforma.com\/#\/schema\/person\/db4967d1c8ed640d46bf21dc55215612"},"headline":"Parceleros de San Juan reclaman t\u00edtulos definitivos y amenazan con protestas","datePublished":"2026-09-01T11:59:44+00:00","mainEntityOfPage":{"@id":"https:\/\/solisinforma.com\/?p=58228"},"wordCount":296,"commentCount":0,"publisher":{"@id":"https:\/\/solisinforma.com\/#organization"},"image":{"@id":"https:\/\/solisinforma.com\/?p=58228#primaryimage"},"thumbnailUrl":"https:\/\/i0.wp.com\/solisinforma.com\/wp-content\/uploads\/2026\/09\/Parceleros-San-Juan-titulos-scaled.jpg?fit=2560%2C1429&ssl=1","keywords":["parceleros","Protesta","Reclamo","San Juan","Solis informa","Titulos definitivos"],"articleSection":["Locales","Primera Plana"],"inLanguage":"es","potentialAction":[{"@type":"CommentAction","name":"Comment","target":["https:\/\/solisinforma.com\/?p=58228#respond"]}]},{"@type":"WebPage","@id":"https:\/\/solisinforma.com\/?p=58228","url":"https:\/\/solisinforma.com\/?p=58228","name":"Parceleros de San Juan reclaman t\u00edtulos definitivos y amenazan con protestas - Solis Informa","isPartOf":{"@id":"https:\/\/solisinforma.com\/#website"},"primaryImageOfPage":{"@id":"https:\/\/solisinforma.com\/?p=58228#primaryimage"},"image":{"@id":"https:\/\/solisinforma.com\/?p=58228#primaryimage"},"thumbnailUrl":"https:\/\/i0.wp.com\/solisinforma.com\/wp-content\/uploads\/2026\/09\/Parceleros-San-Juan-titulos-scaled.jpg?fit=2560%2C1429&ssl=1","datePublished":"2026-09-01T11:59:44+00:00","breadcrumb":{"@id":"https:\/\/solisinforma.com\/?p=58228#breadcrumb"},"inLanguage":"es","potentialAction":[{"@type":"ReadAction","target":["https:\/\/solisinforma.com\/?p=58228"]}]},{"@type":"ImageObject","inLanguage":"es","@id":"https:\/\/solisinforma.com\/?p=58228#primaryimage","url":"https:\/\/i0.wp.com\/solisinforma.com\/wp-content\/uploads\/2026\/09\/Parceleros-San-Juan-titulos-scaled.jpg?fit=2560%2C1429&ssl=1","contentUrl":"https:\/\/i0.wp.com\/solisinforma.com\/wp-content\/uploads\/2026\/09\/Parceleros-San-Juan-titulos-scaled.jpg?fit=2560%2C1429&ssl=1","width":2560,"height":1429},{"@type":"BreadcrumbList","@id":"https:\/\/solisinforma.com\/?p=58228#breadcrumb","itemListElement":[{"@type":"ListItem","position":1,"name":"Portada","item":"https:\/\/solisinforma.com\/"},{"@type":"ListItem","position":2,"name":"Parceleros de San Juan reclaman t\u00edtulos definitivos y amenazan con protestas"}]},{"@type":"WebSite","@id":"https:\/\/solisinforma.com\/#website","url":"https:\/\/solisinforma.com\/","name":"Solis Informa","description":"El Diario de San Juan","publisher":{"@id":"https:\/\/solisinforma.com\/#organization"},"potentialAction":[{"@type":"SearchAction","target":{"@type":"EntryPoint","urlTemplate":"https:\/\/solisinforma.com\/?s={search_term_string}"},"query-input":{"@type":"PropertyValueSpecification","valueRequired":true,"valueName":"search_term_string"}}],"inLanguage":"es"},{"@type":"Organization","@id":"https:\/\/solisinforma.com\/#organization","name":"Solis Informa","url":"https:\/\/solisinforma.com\/","logo":{"@type":"ImageObject","inLanguage":"es","@id":"https:\/\/solisinforma.com\/#\/schema\/logo\/image\/","url":"https:\/\/i0.wp.com\/solisinforma.com\/wp-content\/uploads\/2020\/07\/cropped-solis-4.png?fit=512%2C512&ssl=1","contentUrl":"https:\/\/i0.wp.com\/solisinforma.com\/wp-content\/uploads\/2020\/07\/cropped-solis-4.png?fit=512%2C512&ssl=1","width":512,"height":512,"caption":"Solis Informa"},"image":{"@id":"https:\/\/solisinforma.com\/#\/schema\/logo\/image\/"},"sameAs":["https:\/\/www.facebook.com\/Solisinforma1\/"]},{"@type":"Person","@id":"https:\/\/solisinforma.com\/#\/schema\/person\/db4967d1c8ed640d46bf21dc55215612","name":"Hector Solis","image":{"@type":"ImageObject","inLanguage":"es","@id":"https:\/\/solisinforma.com\/#\/schema\/person\/image\/","url":"https:\/\/secure.gravatar.com\/avatar\/3e116868529a43555438940611160b9cf01e4fb17f119453a6329d96e10fecf8?s=96&d=mm&r=g","contentUrl":"https:\/\/secure.gravatar.com\/avatar\/3e116868529a43555438940611160b9cf01e4fb17f119453a6329d96e10fecf8?s=96&d=mm&r=g","caption":"Hector Solis"},"sameAs":["http:\/\/Solisinforma.com","https:\/\/www.facebook.com\/Solisinforma\/","https:\/\/www.instagram.com\/solisinforma\/","www.linkedin.com\/in\/hectorsolisinforma","https:\/\/x.com\/solisinforma1","@Solisinformaenvivo","https:\/\/soundcloud.com\/solisinforma"],"url":"https:\/\/solisinforma.com\/?author=2"}]}},"jetpack_publicize_connections":[],"jetpack_featured_media_url":"https:\/\/i0.wp.com\/solisinforma.com\/wp-content\/uploads\/2026\/09\/Parceleros-San-Juan-titulos-scaled.jpg?fit=2560%2C1429&ssl=1","jetpack_sharing_enabled":true,"jetpack_likes_enabled":true,"jetpack-related-posts":[{"id":30443,"url":"https:\/\/solisinforma.com\/?p=30443","url_meta":{"origin":58228,"position":0},"title":"En Mogoll\u00f3n San Juan, parceleros denuncian sectores poderosos quieren despojarlos de sus tierras.","author":"Hector Solis","date":"11 de marzo de 2025","format":false,"excerpt":"Mogoll\u00f3n, provincia San Juan. Decenas de parceleros de la Reforma Agraria de la comunidad de Mogoll\u00f3n en el municipio de San Juan de la Maguana, denunciaron que est\u00e1n al borde de la muerte, por la constante presi\u00f3n que reciben de sectores poderosos que amenazan con despojarlos de sus predios, los\u2026","rel":"","context":"En \u00abLocales\u00bb","block_context":{"text":"Locales","link":"https:\/\/solisinforma.com\/?cat=34"},"img":{"alt_text":"","src":"https:\/\/i0.wp.com\/solisinforma.com\/wp-content\/uploads\/2025\/03\/Parceleros-Mogollon-San-Juan.jpg?fit=600%2C400&ssl=1&resize=350%2C200","width":350,"height":200,"srcset":"https:\/\/i0.wp.com\/solisinforma.com\/wp-content\/uploads\/2025\/03\/Parceleros-Mogollon-San-Juan.jpg?fit=600%2C400&ssl=1&resize=350%2C200 1x, https:\/\/i0.wp.com\/solisinforma.com\/wp-content\/uploads\/2025\/03\/Parceleros-Mogollon-San-Juan.jpg?fit=600%2C400&ssl=1&resize=525%2C300 1.5x"},"classes":[]},{"id":25237,"url":"https:\/\/solisinforma.com\/?p=25237","url_meta":{"origin":58228,"position":1},"title":"En San Juan de la Maguana, piden al presidente frenar invasi\u00f3n de terrenos","author":"Hector Solis","date":"17 de junio de 2024","format":false,"excerpt":"Parceleros denuncian desaprensivos, amenazan con despojarlos de las tierras que poseen desde hace m\u00e1s de 70 a\u00f1os Parceleros de la Reforma Agraria de San Juan de la Maguana, demandan del presidente Luis Abinader frenar la invasi\u00f3n de terrenos, debido a que est\u00e1n siendo amenazados nuevamente por grupos desaprensivos que se\u2026","rel":"","context":"En \u00abLocales\u00bb","block_context":{"text":"Locales","link":"https:\/\/solisinforma.com\/?cat=34"},"img":{"alt_text":"","src":"https:\/\/i0.wp.com\/solisinforma.com\/wp-content\/uploads\/2024\/06\/Parceleros-reforma-agraria-SJM-invasores.jpg?fit=1200%2C900&ssl=1&resize=350%2C200","width":350,"height":200,"srcset":"https:\/\/i0.wp.com\/solisinforma.com\/wp-content\/uploads\/2024\/06\/Parceleros-reforma-agraria-SJM-invasores.jpg?fit=1200%2C900&ssl=1&resize=350%2C200 1x, https:\/\/i0.wp.com\/solisinforma.com\/wp-content\/uploads\/2024\/06\/Parceleros-reforma-agraria-SJM-invasores.jpg?fit=1200%2C900&ssl=1&resize=525%2C300 1.5x, https:\/\/i0.wp.com\/solisinforma.com\/wp-content\/uploads\/2024\/06\/Parceleros-reforma-agraria-SJM-invasores.jpg?fit=1200%2C900&ssl=1&resize=700%2C400 2x, https:\/\/i0.wp.com\/solisinforma.com\/wp-content\/uploads\/2024\/06\/Parceleros-reforma-agraria-SJM-invasores.jpg?fit=1200%2C900&ssl=1&resize=1050%2C600 3x"},"classes":[]},{"id":58020,"url":"https:\/\/solisinforma.com\/?p=58020","url_meta":{"origin":58228,"position":2},"title":"San Juan. Desalojo en La Ci\u00e9naga desata una batalla por la tierra","author":"Hector Solis","date":"20 de agosto de 2026","format":false,"excerpt":"Parceleros denuncian la destrucci\u00f3n de sus viviendas tras 34 a\u00f1os de ocupaci\u00f3n, mientras la parte adquiriente sostiene que el procedimiento fue legal. El conflicto pone bajo escrutinio las actuaciones del IAD y la situaci\u00f3n registral de los terrenos en San Juan de la Maguana. San Juan, RD.- Varios parceleros denunciaron\u2026","rel":"","context":"En \u00abLocales\u00bb","block_context":{"text":"Locales","link":"https:\/\/solisinforma.com\/?cat=34"},"img":{"alt_text":"","src":"https:\/\/i0.wp.com\/solisinforma.com\/wp-content\/uploads\/2026\/08\/Desalogo-abogado-scaled.jpg?fit=1200%2C670&ssl=1&resize=350%2C200","width":350,"height":200,"srcset":"https:\/\/i0.wp.com\/solisinforma.com\/wp-content\/uploads\/2026\/08\/Desalogo-abogado-scaled.jpg?fit=1200%2C670&ssl=1&resize=350%2C200 1x, https:\/\/i0.wp.com\/solisinforma.com\/wp-content\/uploads\/2026\/08\/Desalogo-abogado-scaled.jpg?fit=1200%2C670&ssl=1&resize=525%2C300 1.5x, https:\/\/i0.wp.com\/solisinforma.com\/wp-content\/uploads\/2026\/08\/Desalogo-abogado-scaled.jpg?fit=1200%2C670&ssl=1&resize=700%2C400 2x, https:\/\/i0.wp.com\/solisinforma.com\/wp-content\/uploads\/2026\/08\/Desalogo-abogado-scaled.jpg?fit=1200%2C670&ssl=1&resize=1050%2C600 3x"},"classes":[]},{"id":27145,"url":"https:\/\/solisinforma.com\/?p=27145","url_meta":{"origin":58228,"position":3},"title":"En Vallejuelo. Parceleros aumentan produccion y productividad con nuevos sistemas de riego","author":"Hector Solis","date":"18 de septiembre de 2024","format":false,"excerpt":"Vallejuelo, San Juan. Decenas de micros, peque\u00f1os y medianos productores\u00a0\u00a0\u00a0agr\u00edcolas de este municipio, han registrado aumento en\u00a0\u00a0la\u00a0\u00a0producci\u00f3n y productividad de sus\u00a0\u00a0parcelas, tras\u00a0\u00a0ser beneficiados con\u00a0\u00a0\u00a0los\u00a0\u00a0nuevos sistemas\u00a0\u00a0de riego presurizado y por goteo. Entre los beneficiados hay productores agr\u00edcolas en las comunidades de La Bucara, Los Jimenez, Al Misa, Sabana Grande, Pedro S\u00e1nchez,\u2026","rel":"","context":"En \u00abLocales\u00bb","block_context":{"text":"Locales","link":"https:\/\/solisinforma.com\/?cat=34"},"img":{"alt_text":"","src":"https:\/\/i0.wp.com\/solisinforma.com\/wp-content\/uploads\/2024\/09\/Sistema-de-riego.jpg?fit=1157%2C768&ssl=1&resize=350%2C200","width":350,"height":200,"srcset":"https:\/\/i0.wp.com\/solisinforma.com\/wp-content\/uploads\/2024\/09\/Sistema-de-riego.jpg?fit=1157%2C768&ssl=1&resize=350%2C200 1x, https:\/\/i0.wp.com\/solisinforma.com\/wp-content\/uploads\/2024\/09\/Sistema-de-riego.jpg?fit=1157%2C768&ssl=1&resize=525%2C300 1.5x, https:\/\/i0.wp.com\/solisinforma.com\/wp-content\/uploads\/2024\/09\/Sistema-de-riego.jpg?fit=1157%2C768&ssl=1&resize=700%2C400 2x, https:\/\/i0.wp.com\/solisinforma.com\/wp-content\/uploads\/2024\/09\/Sistema-de-riego.jpg?fit=1157%2C768&ssl=1&resize=1050%2C600 3x"},"classes":[]},{"id":58015,"url":"https:\/\/solisinforma.com\/?p=58015","url_meta":{"origin":58228,"position":4},"title":"Parceleros en comunidad de San Juan denuncian que fueron desalojados tras haber residido 34 a\u00f1os.","author":"Hector Solis","date":"20 de agosto de 2026","format":false,"excerpt":"San Juan, RD. - Parceleros de la comunidad La Ci\u00e9naga denunciaron haber sido v\u00edctimas de un desalojo arbitrario en el que sus viviendas fueron destruidas por completo, una acci\u00f3n ejecutada sin notificaci\u00f3n previa que ha dejado a las familias afectadas en un estado de total desamparo. Los comunitarios explicaron que\u2026","rel":"","context":"En \u00abLocales\u00bb","block_context":{"text":"Locales","link":"https:\/\/solisinforma.com\/?cat=34"},"img":{"alt_text":"","src":"https:\/\/i0.wp.com\/solisinforma.com\/wp-content\/uploads\/2026\/08\/Parceleros-en-comunidad-de-San-Juan-denuncian-desalojo.jpg?fit=1200%2C676&ssl=1&resize=350%2C200","width":350,"height":200,"srcset":"https:\/\/i0.wp.com\/solisinforma.com\/wp-content\/uploads\/2026\/08\/Parceleros-en-comunidad-de-San-Juan-denuncian-desalojo.jpg?fit=1200%2C676&ssl=1&resize=350%2C200 1x, https:\/\/i0.wp.com\/solisinforma.com\/wp-content\/uploads\/2026\/08\/Parceleros-en-comunidad-de-San-Juan-denuncian-desalojo.jpg?fit=1200%2C676&ssl=1&resize=525%2C300 1.5x, https:\/\/i0.wp.com\/solisinforma.com\/wp-content\/uploads\/2026\/08\/Parceleros-en-comunidad-de-San-Juan-denuncian-desalojo.jpg?fit=1200%2C676&ssl=1&resize=700%2C400 2x, https:\/\/i0.wp.com\/solisinforma.com\/wp-content\/uploads\/2026\/08\/Parceleros-en-comunidad-de-San-Juan-denuncian-desalojo.jpg?fit=1200%2C676&ssl=1&resize=1050%2C600 3x"},"classes":[]},{"id":19277,"url":"https:\/\/solisinforma.com\/?p=19277","url_meta":{"origin":58228,"position":5},"title":"En San Juan. Funcionarios niegan que despojaran a parceleros","author":"Hector Solis","date":"31 de mayo de 2023","format":false,"excerpt":"Presidente ordena cancelar a funcionarios por tierras. La gobernadora provincial, el gerente regional suroeste del Instituto Agrario Dominicano-IAD-, y el presidente del comit\u00e9 municipal del Partido Revolucionario Moderno-PRM-, desmientieron que se haya despojado a parceleros para favorecer a dirigentes del partido oficial, como informaron algunos medios. Elvira Corpor\u00e1n de los\u2026","rel":"","context":"En \u00abLocales\u00bb","block_context":{"text":"Locales","link":"https:\/\/solisinforma.com\/?cat=34"},"img":{"alt_text":"","src":"https:\/\/i0.wp.com\/solisinforma.com\/wp-content\/uploads\/2023\/05\/asentamiento-agrario-guanito.jpg?fit=1200%2C675&ssl=1&resize=350%2C200","width":350,"height":200,"srcset":"https:\/\/i0.wp.com\/solisinforma.com\/wp-content\/uploads\/2023\/05\/asentamiento-agrario-guanito.jpg?fit=1200%2C675&ssl=1&resize=350%2C200 1x, https:\/\/i0.wp.com\/solisinforma.com\/wp-content\/uploads\/2023\/05\/asentamiento-agrario-guanito.jpg?fit=1200%2C675&ssl=1&resize=525%2C300 1.5x, https:\/\/i0.wp.com\/solisinforma.com\/wp-content\/uploads\/2023\/05\/asentamiento-agrario-guanito.jpg?fit=1200%2C675&ssl=1&resize=700%2C400 2x, https:\/\/i0.wp.com\/solisinforma.com\/wp-content\/uploads\/2023\/05\/asentamiento-agrario-guanito.jpg?fit=1200%2C675&ssl=1&resize=1050%2C600 3x"},"classes":[]}],"jetpack_shortlink":"https:\/\/wp.me\/pc2Svn-f9a","_links":{"self":[{"href":"https:\/\/solisinforma.com\/index.php?rest_route=\/wp\/v2\/posts\/58228","targetHints":{"allow":["GET"]}}],"collection":[{"href":"https:\/\/solisinforma.com\/index.php?rest_route=\/wp\/v2\/posts"}],"about":[{"href":"https:\/\/solisinforma.com\/index.php?rest_route=\/wp\/v2\/types\/post"}],"author":[{"embeddable":true,"href":"https:\/\/solisinforma.com\/index.php?rest_route=\/wp\/v2\/users\/2"}],"replies":[{"embeddable":true,"href":"https:\/\/solisinforma.com\/index.php?rest_route=%2Fwp%2Fv2%2Fcomments&post=58228"}],"version-history":[{"count":1,"href":"https:\/\/solisinforma.com\/index.php?rest_route=\/wp\/v2\/posts\/58228\/revisions"}],"predecessor-version":[{"id":58232,"href":"https:\/\/solisinforma.com\/index.php?rest_route=\/wp\/v2\/posts\/58228\/revisions\/58232"}],"wp:featuredmedia":[{"embeddable":true,"href":"https:\/\/solisinforma.com\/index.php?rest_route=\/wp\/v2\/media\/58229"}],"wp:attachment":[{"href":"https:\/\/solisinforma.com\/index.php?rest_route=%2Fwp%2Fv2%2Fmedia&parent=58228"}],"wp:term":[{"taxonomy":"category","embeddable":true,"href":"https:\/\/solisinforma.com\/index.php?rest_route=%2Fwp%2Fv2%2Fcategories&post=58228"},{"taxonomy":"post_tag","embeddable":true,"href":"https:\/\/solisinforma.com\/index.php?rest_route=%2Fwp%2Fv2%2Ftags&post=58228"}],"curies":[{"name":"wp","href":"https:\/\/api.w.org\/{rel}","templated":true}]}}