{"id":58235,"date":"2026-09-01T16:31:31","date_gmt":"2026-09-01T20:31:31","guid":{"rendered":"https:\/\/solisinforma.com\/?p=58235"},"modified":"2026-09-01T16:34:48","modified_gmt":"2026-09-01T20:34:48","slug":"policia-de-san-juan-apresa-a-cinco-personas-durante-operativos-contra-carreras-clandestinas-y-retiene-motocicletas","status":"publish","type":"post","link":"https:\/\/solisinforma.com\/?p=58235","title":{"rendered":"Polic\u00eda de San Juan apresa a cinco personas durante operativos contra carreras clandestinas y retiene motocicletas."},"content":{"rendered":"<ul>\n<li data-path-to-node=\"1\"><strong>Un operativo de la Polic\u00eda Nacional result\u00f3 en la detenci\u00f3n de cinco j\u00f3venes, incluidos tres menores de edad, tras intensas quejas de ciudadanos por competencias ilegales en la v\u00eda p\u00fablica.\u00a0<\/strong><img data-recalc-dims=\"1\" loading=\"lazy\" decoding=\"async\" class=\"wp-image-58238 size-full aligncenter\" src=\"https:\/\/i0.wp.com\/solisinforma.com\/wp-content\/uploads\/2026\/09\/Detenidos-carreras-calndestina-scaled.jpg?resize=640%2C459&#038;ssl=1\" alt=\"\" width=\"640\" height=\"459\" srcset=\"https:\/\/i0.wp.com\/solisinforma.com\/wp-content\/uploads\/2026\/09\/Detenidos-carreras-calndestina-scaled.jpg?w=2560&amp;ssl=1 2560w, https:\/\/i0.wp.com\/solisinforma.com\/wp-content\/uploads\/2026\/09\/Detenidos-carreras-calndestina-scaled.jpg?resize=1004%2C720&amp;ssl=1 1004w, https:\/\/i0.wp.com\/solisinforma.com\/wp-content\/uploads\/2026\/09\/Detenidos-carreras-calndestina-scaled.jpg?resize=768%2C551&amp;ssl=1 768w, https:\/\/i0.wp.com\/solisinforma.com\/wp-content\/uploads\/2026\/09\/Detenidos-carreras-calndestina-scaled.jpg?resize=1536%2C1101&amp;ssl=1 1536w, https:\/\/i0.wp.com\/solisinforma.com\/wp-content\/uploads\/2026\/09\/Detenidos-carreras-calndestina-scaled.jpg?resize=2048%2C1468&amp;ssl=1 2048w, https:\/\/i0.wp.com\/solisinforma.com\/wp-content\/uploads\/2026\/09\/Detenidos-carreras-calndestina-scaled.jpg?resize=1024%2C734&amp;ssl=1 1024w, https:\/\/i0.wp.com\/solisinforma.com\/wp-content\/uploads\/2026\/09\/Detenidos-carreras-calndestina-scaled.jpg?w=1280&amp;ssl=1 1280w, https:\/\/i0.wp.com\/solisinforma.com\/wp-content\/uploads\/2026\/09\/Detenidos-carreras-calndestina-scaled.jpg?w=1920&amp;ssl=1 1920w\" sizes=\"auto, (max-width: 640px) 100vw, 640px\" \/><\/li>\n<\/ul>\n<p data-path-to-node=\"2\"><b data-path-to-node=\"2\" data-index-in-node=\"0\"><br \/>\nSan Juan de la Maguana, R.D. \u2014 1 de septiembre de 2026<\/b> \u2014 La Polic\u00eda Nacional ejecut\u00f3 este martes un despliegue t\u00e1ctico en el tramo carretero que conecta San Juan de la Maguana con Juan de Herrera, logrando la captura en flagrante delito de cinco personas \u2014tres menores de 16 y 17 a\u00f1os del sector Villa Liberaci\u00f3n, y dos adultos de 18 y 19 a\u00f1os procedentes de Sabaneta\u2014 que realizaban carreras clandestinas a alta velocidad a bordo de motocicletas y pasolas sin documentaci\u00f3n legal. El operativo, activado en respuesta a reiteradas denuncias comunitarias por el peligro inminente en la v\u00eda, culmin\u00f3 con la incautaci\u00f3n de tres veh\u00edculos y el traslado de los implicados a la dotaci\u00f3n policial correspondiente para responder ante la justicia.<\/p>\n<p data-path-to-node=\"3\">La primera fase de la intervenci\u00f3n tom\u00f3 por sorpresa a tres adolescentes de iniciales J. M. (17 a\u00f1os), W. M. (16 a\u00f1os) y E. J. (17 a\u00f1os), quienes disputaban la v\u00eda al mando de una motocicleta marca TVS modelo 100 y una pasola Suzuki Address 125, ambas de color negro. En un segundo procedimiento realizado en el mismo tramo, las autoridades interceptaron a Esmel Tavera Puello, de 19 a\u00f1os, y a Mederlin S\u00e1nchez de Le\u00f3n, de 18 a\u00f1os, interceptados mientras compet\u00edan de manera temeraria en una pasola Honda Lead 125 blanca, acumulando as\u00ed m\u00faltiples infracciones de tr\u00e1nsito y la falta total de registros de los veh\u00edculos.<\/p>\n<p><img data-recalc-dims=\"1\" loading=\"lazy\" decoding=\"async\" class=\"aligncenter wp-image-58239\" src=\"https:\/\/i0.wp.com\/solisinforma.com\/wp-content\/uploads\/2026\/09\/Motocicletas-carreras.jpg?resize=640%2C358&#038;ssl=1\" alt=\"\" width=\"640\" height=\"358\" srcset=\"https:\/\/i0.wp.com\/solisinforma.com\/wp-content\/uploads\/2026\/09\/Motocicletas-carreras.jpg?w=1024&amp;ssl=1 1024w, https:\/\/i0.wp.com\/solisinforma.com\/wp-content\/uploads\/2026\/09\/Motocicletas-carreras.jpg?resize=768%2C429&amp;ssl=1 768w\" sizes=\"auto, (max-width: 640px) 100vw, 640px\" \/><\/p>\n<p data-path-to-node=\"4\">La acci\u00f3n policial responde a un clima de constante zozobra expresado por los moradores y conductores que transitan a diario por esta ruta provincial. Las competencias ilegales en la zona no solo alteraban el orden p\u00fablico, sino que representaban una amenaza mortal permanente debido a la falta de equipos de protecci\u00f3n, el exceso de velocidad y las maniobras arriesgadas que estos grupos realizaban en tramos de alta concurrencia vial.<\/p>\n<p data-path-to-node=\"5\">Tras el decomiso de las motocicletas y la conducci\u00f3n de los detenidos para los fines legales correspondientes, la instituci\u00f3n del orden reiter\u00f3 un llamado urgente a la ciudadan\u00eda, en especial a la juventud, para frenar estas pr\u00e1cticas temerarias. Las autoridades advirtieron que mantendr\u00e1n los patrullajes preventivos en los puntos cr\u00edticos de la provincia para salvaguardar la vida de los usuarios de las v\u00edas y garantizar la tranquilidad comunitaria.<\/p>\n","protected":false},"excerpt":{"rendered":"<p>Un operativo de la Polic\u00eda Nacional result\u00f3 en la detenci\u00f3n de cinco j\u00f3venes, incluidos tres&#8230;<\/p>\n","protected":false},"author":2,"featured_media":58238,"comment_status":"open","ping_status":"open","sticky":false,"template":"","format":"standard","meta":{"_jetpack_newsletter_access":"","_jetpack_dont_email_post_to_subs":false,"_jetpack_newsletter_tier_id":0,"_jetpack_memberships_contains_paywalled_content":false,"_jetpack_memberships_contains_paid_content":false,"_joinchat":[],"footnotes":"","jetpack_publicize_message":"","jetpack_publicize_feature_enabled":true,"jetpack_social_post_already_shared":true,"jetpack_social_options":{"image_generator_settings":{"template":"highway","default_image_id":0,"font":"","enabled":false},"version":2},"jetpack_post_was_ever_published":false},"categories":[34,39],"tags":[22604,22602,22605,607,22603,46],"class_list":["post-58235","post","type-post","status-publish","format-standard","has-post-thumbnail","hentry","category-locales","category-primeraplana","tag-accidentes-de-transito-san-juan","tag-carreras-clandestinas-san-juan","tag-cinco-apresados","tag-juan-de-herrera","tag-policia-nacional-san-juan","tag-solis-informa"],"yoast_head":"<!-- This site is optimized with the Yoast SEO plugin v24.9 - https:\/\/yoast.com\/wordpress\/plugins\/seo\/ -->\n<title>Polic\u00eda de San Juan apresa a cinco personas durante operativos contra carreras clandestinas y retiene motocicletas. - Solis Informa<\/title>\n<meta name=\"robots\" content=\"index, follow, max-snippet:-1, max-image-preview:large, max-video-preview:-1\" \/>\n<link rel=\"canonical\" href=\"https:\/\/solisinforma.com\/?p=58235\" \/>\n<meta property=\"og:locale\" content=\"es_ES\" \/>\n<meta property=\"og:type\" content=\"article\" \/>\n<meta property=\"og:title\" content=\"Polic\u00eda de San Juan apresa a cinco personas durante operativos contra carreras clandestinas y retiene motocicletas. - Solis Informa\" \/>\n<meta property=\"og:description\" content=\"Un operativo de la Polic\u00eda Nacional result\u00f3 en la detenci\u00f3n de cinco j\u00f3venes, incluidos tres...\" \/>\n<meta property=\"og:url\" content=\"https:\/\/solisinforma.com\/?p=58235\" \/>\n<meta property=\"og:site_name\" content=\"Solis Informa\" \/>\n<meta property=\"article:publisher\" content=\"https:\/\/www.facebook.com\/Solisinforma1\/\" \/>\n<meta property=\"article:author\" content=\"https:\/\/www.facebook.com\/Solisinforma\/\" \/>\n<meta property=\"article:published_time\" content=\"2026-09-01T20:31:31+00:00\" \/>\n<meta property=\"article:modified_time\" content=\"2026-09-01T20:34:48+00:00\" \/>\n<meta property=\"og:image\" content=\"https:\/\/solisinforma.com\/wp-content\/uploads\/2026\/09\/Detenidos-carreras-calndestina-scaled.jpg\" \/>\n\t<meta property=\"og:image:width\" content=\"2560\" \/>\n\t<meta property=\"og:image:height\" content=\"1836\" \/>\n\t<meta property=\"og:image:type\" content=\"image\/jpeg\" \/>\n<meta name=\"author\" content=\"Hector Solis\" \/>\n<meta name=\"twitter:card\" content=\"summary_large_image\" \/>\n<meta name=\"twitter:creator\" content=\"@solisinforma1\" \/>\n<meta name=\"twitter:label1\" content=\"Escrito por\" \/>\n\t<meta name=\"twitter:data1\" content=\"Hector Solis\" \/>\n\t<meta name=\"twitter:label2\" content=\"Tiempo de lectura\" \/>\n\t<meta name=\"twitter:data2\" content=\"3 minutos\" \/>\n<script type=\"application\/ld+json\" class=\"yoast-schema-graph\">{\"@context\":\"https:\/\/schema.org\",\"@graph\":[{\"@type\":\"Article\",\"@id\":\"https:\/\/solisinforma.com\/?p=58235#article\",\"isPartOf\":{\"@id\":\"https:\/\/solisinforma.com\/?p=58235\"},\"author\":{\"name\":\"Hector Solis\",\"@id\":\"https:\/\/solisinforma.com\/#\/schema\/person\/db4967d1c8ed640d46bf21dc55215612\"},\"headline\":\"Polic\u00eda de San Juan apresa a cinco personas durante operativos contra carreras clandestinas y retiene motocicletas.\",\"datePublished\":\"2026-09-01T20:31:31+00:00\",\"dateModified\":\"2026-09-01T20:34:48+00:00\",\"mainEntityOfPage\":{\"@id\":\"https:\/\/solisinforma.com\/?p=58235\"},\"wordCount\":436,\"commentCount\":0,\"publisher\":{\"@id\":\"https:\/\/solisinforma.com\/#organization\"},\"image\":{\"@id\":\"https:\/\/solisinforma.com\/?p=58235#primaryimage\"},\"thumbnailUrl\":\"https:\/\/i0.wp.com\/solisinforma.com\/wp-content\/uploads\/2026\/09\/Detenidos-carreras-calndestina-scaled.jpg?fit=2560%2C1836&ssl=1\",\"keywords\":[\"accidentes de tr\u00e1nsito San Juan\",\"carreras clandestinas San Juan\",\"Cinco apresados\",\"Juan de Herrera\",\"Polic\u00eda Nacional San Juan\",\"Solis informa\"],\"articleSection\":[\"Locales\",\"Primera Plana\"],\"inLanguage\":\"es\",\"potentialAction\":[{\"@type\":\"CommentAction\",\"name\":\"Comment\",\"target\":[\"https:\/\/solisinforma.com\/?p=58235#respond\"]}]},{\"@type\":\"WebPage\",\"@id\":\"https:\/\/solisinforma.com\/?p=58235\",\"url\":\"https:\/\/solisinforma.com\/?p=58235\",\"name\":\"Polic\u00eda de San Juan apresa a cinco personas durante operativos contra carreras clandestinas y retiene motocicletas. - Solis Informa\",\"isPartOf\":{\"@id\":\"https:\/\/solisinforma.com\/#website\"},\"primaryImageOfPage\":{\"@id\":\"https:\/\/solisinforma.com\/?p=58235#primaryimage\"},\"image\":{\"@id\":\"https:\/\/solisinforma.com\/?p=58235#primaryimage\"},\"thumbnailUrl\":\"https:\/\/i0.wp.com\/solisinforma.com\/wp-content\/uploads\/2026\/09\/Detenidos-carreras-calndestina-scaled.jpg?fit=2560%2C1836&ssl=1\",\"datePublished\":\"2026-09-01T20:31:31+00:00\",\"dateModified\":\"2026-09-01T20:34:48+00:00\",\"breadcrumb\":{\"@id\":\"https:\/\/solisinforma.com\/?p=58235#breadcrumb\"},\"inLanguage\":\"es\",\"potentialAction\":[{\"@type\":\"ReadAction\",\"target\":[\"https:\/\/solisinforma.com\/?p=58235\"]}]},{\"@type\":\"ImageObject\",\"inLanguage\":\"es\",\"@id\":\"https:\/\/solisinforma.com\/?p=58235#primaryimage\",\"url\":\"https:\/\/i0.wp.com\/solisinforma.com\/wp-content\/uploads\/2026\/09\/Detenidos-carreras-calndestina-scaled.jpg?fit=2560%2C1836&ssl=1\",\"contentUrl\":\"https:\/\/i0.wp.com\/solisinforma.com\/wp-content\/uploads\/2026\/09\/Detenidos-carreras-calndestina-scaled.jpg?fit=2560%2C1836&ssl=1\",\"width\":2560,\"height\":1836},{\"@type\":\"BreadcrumbList\",\"@id\":\"https:\/\/solisinforma.com\/?p=58235#breadcrumb\",\"itemListElement\":[{\"@type\":\"ListItem\",\"position\":1,\"name\":\"Portada\",\"item\":\"https:\/\/solisinforma.com\/\"},{\"@type\":\"ListItem\",\"position\":2,\"name\":\"Polic\u00eda de San Juan apresa a cinco personas durante operativos contra carreras clandestinas y retiene motocicletas.\"}]},{\"@type\":\"WebSite\",\"@id\":\"https:\/\/solisinforma.com\/#website\",\"url\":\"https:\/\/solisinforma.com\/\",\"name\":\"Solis Informa\",\"description\":\"El Diario de San Juan\",\"publisher\":{\"@id\":\"https:\/\/solisinforma.com\/#organization\"},\"potentialAction\":[{\"@type\":\"SearchAction\",\"target\":{\"@type\":\"EntryPoint\",\"urlTemplate\":\"https:\/\/solisinforma.com\/?s={search_term_string}\"},\"query-input\":{\"@type\":\"PropertyValueSpecification\",\"valueRequired\":true,\"valueName\":\"search_term_string\"}}],\"inLanguage\":\"es\"},{\"@type\":\"Organization\",\"@id\":\"https:\/\/solisinforma.com\/#organization\",\"name\":\"Solis Informa\",\"url\":\"https:\/\/solisinforma.com\/\",\"logo\":{\"@type\":\"ImageObject\",\"inLanguage\":\"es\",\"@id\":\"https:\/\/solisinforma.com\/#\/schema\/logo\/image\/\",\"url\":\"https:\/\/i0.wp.com\/solisinforma.com\/wp-content\/uploads\/2020\/07\/cropped-solis-4.png?fit=512%2C512&ssl=1\",\"contentUrl\":\"https:\/\/i0.wp.com\/solisinforma.com\/wp-content\/uploads\/2020\/07\/cropped-solis-4.png?fit=512%2C512&ssl=1\",\"width\":512,\"height\":512,\"caption\":\"Solis Informa\"},\"image\":{\"@id\":\"https:\/\/solisinforma.com\/#\/schema\/logo\/image\/\"},\"sameAs\":[\"https:\/\/www.facebook.com\/Solisinforma1\/\"]},{\"@type\":\"Person\",\"@id\":\"https:\/\/solisinforma.com\/#\/schema\/person\/db4967d1c8ed640d46bf21dc55215612\",\"name\":\"Hector Solis\",\"image\":{\"@type\":\"ImageObject\",\"inLanguage\":\"es\",\"@id\":\"https:\/\/solisinforma.com\/#\/schema\/person\/image\/\",\"url\":\"https:\/\/secure.gravatar.com\/avatar\/3e116868529a43555438940611160b9cf01e4fb17f119453a6329d96e10fecf8?s=96&d=mm&r=g\",\"contentUrl\":\"https:\/\/secure.gravatar.com\/avatar\/3e116868529a43555438940611160b9cf01e4fb17f119453a6329d96e10fecf8?s=96&d=mm&r=g\",\"caption\":\"Hector Solis\"},\"sameAs\":[\"http:\/\/Solisinforma.com\",\"https:\/\/www.facebook.com\/Solisinforma\/\",\"https:\/\/www.instagram.com\/solisinforma\/\",\"www.linkedin.com\/in\/hectorsolisinforma\",\"https:\/\/x.com\/solisinforma1\",\"@Solisinformaenvivo\",\"https:\/\/soundcloud.com\/solisinforma\"],\"url\":\"https:\/\/solisinforma.com\/?author=2\"}]}<\/script>\n<!-- \/ Yoast SEO plugin. -->","yoast_head_json":{"title":"Polic\u00eda de San Juan apresa a cinco personas durante operativos contra carreras clandestinas y retiene motocicletas. - Solis Informa","robots":{"index":"index","follow":"follow","max-snippet":"max-snippet:-1","max-image-preview":"max-image-preview:large","max-video-preview":"max-video-preview:-1"},"canonical":"https:\/\/solisinforma.com\/?p=58235","og_locale":"es_ES","og_type":"article","og_title":"Polic\u00eda de San Juan apresa a cinco personas durante operativos contra carreras clandestinas y retiene motocicletas. - Solis Informa","og_description":"Un operativo de la Polic\u00eda Nacional result\u00f3 en la detenci\u00f3n de cinco j\u00f3venes, incluidos tres...","og_url":"https:\/\/solisinforma.com\/?p=58235","og_site_name":"Solis Informa","article_publisher":"https:\/\/www.facebook.com\/Solisinforma1\/","article_author":"https:\/\/www.facebook.com\/Solisinforma\/","article_published_time":"2026-09-01T20:31:31+00:00","article_modified_time":"2026-09-01T20:34:48+00:00","og_image":[{"width":2560,"height":1836,"url":"https:\/\/solisinforma.com\/wp-content\/uploads\/2026\/09\/Detenidos-carreras-calndestina-scaled.jpg","type":"image\/jpeg"}],"author":"Hector Solis","twitter_card":"summary_large_image","twitter_creator":"@solisinforma1","twitter_misc":{"Escrito por":"Hector Solis","Tiempo de lectura":"3 minutos"},"schema":{"@context":"https:\/\/schema.org","@graph":[{"@type":"Article","@id":"https:\/\/solisinforma.com\/?p=58235#article","isPartOf":{"@id":"https:\/\/solisinforma.com\/?p=58235"},"author":{"name":"Hector Solis","@id":"https:\/\/solisinforma.com\/#\/schema\/person\/db4967d1c8ed640d46bf21dc55215612"},"headline":"Polic\u00eda de San Juan apresa a cinco personas durante operativos contra carreras clandestinas y retiene motocicletas.","datePublished":"2026-09-01T20:31:31+00:00","dateModified":"2026-09-01T20:34:48+00:00","mainEntityOfPage":{"@id":"https:\/\/solisinforma.com\/?p=58235"},"wordCount":436,"commentCount":0,"publisher":{"@id":"https:\/\/solisinforma.com\/#organization"},"image":{"@id":"https:\/\/solisinforma.com\/?p=58235#primaryimage"},"thumbnailUrl":"https:\/\/i0.wp.com\/solisinforma.com\/wp-content\/uploads\/2026\/09\/Detenidos-carreras-calndestina-scaled.jpg?fit=2560%2C1836&ssl=1","keywords":["accidentes de tr\u00e1nsito San Juan","carreras clandestinas San Juan","Cinco apresados","Juan de Herrera","Polic\u00eda Nacional San Juan","Solis informa"],"articleSection":["Locales","Primera Plana"],"inLanguage":"es","potentialAction":[{"@type":"CommentAction","name":"Comment","target":["https:\/\/solisinforma.com\/?p=58235#respond"]}]},{"@type":"WebPage","@id":"https:\/\/solisinforma.com\/?p=58235","url":"https:\/\/solisinforma.com\/?p=58235","name":"Polic\u00eda de San Juan apresa a cinco personas durante operativos contra carreras clandestinas y retiene motocicletas. - Solis Informa","isPartOf":{"@id":"https:\/\/solisinforma.com\/#website"},"primaryImageOfPage":{"@id":"https:\/\/solisinforma.com\/?p=58235#primaryimage"},"image":{"@id":"https:\/\/solisinforma.com\/?p=58235#primaryimage"},"thumbnailUrl":"https:\/\/i0.wp.com\/solisinforma.com\/wp-content\/uploads\/2026\/09\/Detenidos-carreras-calndestina-scaled.jpg?fit=2560%2C1836&ssl=1","datePublished":"2026-09-01T20:31:31+00:00","dateModified":"2026-09-01T20:34:48+00:00","breadcrumb":{"@id":"https:\/\/solisinforma.com\/?p=58235#breadcrumb"},"inLanguage":"es","potentialAction":[{"@type":"ReadAction","target":["https:\/\/solisinforma.com\/?p=58235"]}]},{"@type":"ImageObject","inLanguage":"es","@id":"https:\/\/solisinforma.com\/?p=58235#primaryimage","url":"https:\/\/i0.wp.com\/solisinforma.com\/wp-content\/uploads\/2026\/09\/Detenidos-carreras-calndestina-scaled.jpg?fit=2560%2C1836&ssl=1","contentUrl":"https:\/\/i0.wp.com\/solisinforma.com\/wp-content\/uploads\/2026\/09\/Detenidos-carreras-calndestina-scaled.jpg?fit=2560%2C1836&ssl=1","width":2560,"height":1836},{"@type":"BreadcrumbList","@id":"https:\/\/solisinforma.com\/?p=58235#breadcrumb","itemListElement":[{"@type":"ListItem","position":1,"name":"Portada","item":"https:\/\/solisinforma.com\/"},{"@type":"ListItem","position":2,"name":"Polic\u00eda de San Juan apresa a cinco personas durante operativos contra carreras clandestinas y retiene motocicletas."}]},{"@type":"WebSite","@id":"https:\/\/solisinforma.com\/#website","url":"https:\/\/solisinforma.com\/","name":"Solis Informa","description":"El Diario de San Juan","publisher":{"@id":"https:\/\/solisinforma.com\/#organization"},"potentialAction":[{"@type":"SearchAction","target":{"@type":"EntryPoint","urlTemplate":"https:\/\/solisinforma.com\/?s={search_term_string}"},"query-input":{"@type":"PropertyValueSpecification","valueRequired":true,"valueName":"search_term_string"}}],"inLanguage":"es"},{"@type":"Organization","@id":"https:\/\/solisinforma.com\/#organization","name":"Solis Informa","url":"https:\/\/solisinforma.com\/","logo":{"@type":"ImageObject","inLanguage":"es","@id":"https:\/\/solisinforma.com\/#\/schema\/logo\/image\/","url":"https:\/\/i0.wp.com\/solisinforma.com\/wp-content\/uploads\/2020\/07\/cropped-solis-4.png?fit=512%2C512&ssl=1","contentUrl":"https:\/\/i0.wp.com\/solisinforma.com\/wp-content\/uploads\/2020\/07\/cropped-solis-4.png?fit=512%2C512&ssl=1","width":512,"height":512,"caption":"Solis Informa"},"image":{"@id":"https:\/\/solisinforma.com\/#\/schema\/logo\/image\/"},"sameAs":["https:\/\/www.facebook.com\/Solisinforma1\/"]},{"@type":"Person","@id":"https:\/\/solisinforma.com\/#\/schema\/person\/db4967d1c8ed640d46bf21dc55215612","name":"Hector Solis","image":{"@type":"ImageObject","inLanguage":"es","@id":"https:\/\/solisinforma.com\/#\/schema\/person\/image\/","url":"https:\/\/secure.gravatar.com\/avatar\/3e116868529a43555438940611160b9cf01e4fb17f119453a6329d96e10fecf8?s=96&d=mm&r=g","contentUrl":"https:\/\/secure.gravatar.com\/avatar\/3e116868529a43555438940611160b9cf01e4fb17f119453a6329d96e10fecf8?s=96&d=mm&r=g","caption":"Hector Solis"},"sameAs":["http:\/\/Solisinforma.com","https:\/\/www.facebook.com\/Solisinforma\/","https:\/\/www.instagram.com\/solisinforma\/","www.linkedin.com\/in\/hectorsolisinforma","https:\/\/x.com\/solisinforma1","@Solisinformaenvivo","https:\/\/soundcloud.com\/solisinforma"],"url":"https:\/\/solisinforma.com\/?author=2"}]}},"jetpack_publicize_connections":[],"jetpack_featured_media_url":"https:\/\/i0.wp.com\/solisinforma.com\/wp-content\/uploads\/2026\/09\/Detenidos-carreras-calndestina-scaled.jpg?fit=2560%2C1836&ssl=1","jetpack_sharing_enabled":true,"jetpack_likes_enabled":true,"jetpack-related-posts":[{"id":51988,"url":"https:\/\/solisinforma.com\/?p=51988","url_meta":{"origin":58235,"position":0},"title":"Polic\u00eda Nacional apresa a \u201cBombog\u00e1s\u201d en San Juan y ocupa gran cantidad de piezas de motocicletas sin documentos durante allanamiento","author":"Hector Solis","date":"12 de septiembre de 2025","format":false,"excerpt":"Detenido tambi\u00e9n est\u00e1 vinculado a la organizaci\u00f3n de carreras clandestinas difundidas en redes sociales. San Juan de la Maguana. \u2013\u00a0En una acci\u00f3n conjunta entre la Polic\u00eda Nacional y el Ministerio P\u00fablico, fue apresado Leonardo P\u00e9rez Matos (a) Bombog\u00e1s, de 31 a\u00f1os, propietario de un taller de mec\u00e1nica en esta ciudad,\u2026","rel":"","context":"En \u00abLocales\u00bb","block_context":{"text":"Locales","link":"https:\/\/solisinforma.com\/?cat=34"},"img":{"alt_text":"","src":"https:\/\/i0.wp.com\/solisinforma.com\/wp-content\/uploads\/2025\/09\/Piezas-de-pasolas-robadas.jpeg?fit=1200%2C675&ssl=1&resize=350%2C200","width":350,"height":200,"srcset":"https:\/\/i0.wp.com\/solisinforma.com\/wp-content\/uploads\/2025\/09\/Piezas-de-pasolas-robadas.jpeg?fit=1200%2C675&ssl=1&resize=350%2C200 1x, https:\/\/i0.wp.com\/solisinforma.com\/wp-content\/uploads\/2025\/09\/Piezas-de-pasolas-robadas.jpeg?fit=1200%2C675&ssl=1&resize=525%2C300 1.5x, https:\/\/i0.wp.com\/solisinforma.com\/wp-content\/uploads\/2025\/09\/Piezas-de-pasolas-robadas.jpeg?fit=1200%2C675&ssl=1&resize=700%2C400 2x, https:\/\/i0.wp.com\/solisinforma.com\/wp-content\/uploads\/2025\/09\/Piezas-de-pasolas-robadas.jpeg?fit=1200%2C675&ssl=1&resize=1050%2C600 3x"},"classes":[]},{"id":17660,"url":"https:\/\/solisinforma.com\/?p=17660","url_meta":{"origin":58235,"position":1},"title":"En San Juan. Joven muere al impactar cami\u00f3n en carrera clandestina.","author":"Hector Solis","date":"22 de febrero de 2023","format":false,"excerpt":"Las Matas de Farf\u00e1n, San Juan. Un joven muri\u00f3 cuando echaba carrera clandestina e impact\u00f3 con un cami\u00f3n que se dirig\u00eda hacia uno de los negocios de pollos del dirigente pol\u00edtico de ese municipio Jos\u00e9 Valenzuela (Borracho). El fallecimiento del joven s\u00f3lo identificado como Mois\u00e9s de unos 18 a 21\u2026","rel":"","context":"En \u00abLocales\u00bb","block_context":{"text":"Locales","link":"https:\/\/solisinforma.com\/?cat=34"},"img":{"alt_text":"","src":"https:\/\/i0.wp.com\/solisinforma.com\/wp-content\/uploads\/2023\/02\/Joven-accdiente-LMF.jpg?resize=350%2C200&ssl=1","width":350,"height":200,"srcset":"https:\/\/i0.wp.com\/solisinforma.com\/wp-content\/uploads\/2023\/02\/Joven-accdiente-LMF.jpg?resize=350%2C200&ssl=1 1x, https:\/\/i0.wp.com\/solisinforma.com\/wp-content\/uploads\/2023\/02\/Joven-accdiente-LMF.jpg?resize=525%2C300&ssl=1 1.5x, https:\/\/i0.wp.com\/solisinforma.com\/wp-content\/uploads\/2023\/02\/Joven-accdiente-LMF.jpg?resize=700%2C400&ssl=1 2x, https:\/\/i0.wp.com\/solisinforma.com\/wp-content\/uploads\/2023\/02\/Joven-accdiente-LMF.jpg?resize=1050%2C600&ssl=1 3x"},"classes":[]},{"id":18052,"url":"https:\/\/solisinforma.com\/?p=18052","url_meta":{"origin":58235,"position":2},"title":"En San Juan, Polic\u00eda incauta drogas y apresa varias personas mediante operativos","author":"Hector Solis","date":"20 de marzo de 2023","format":false,"excerpt":"San Juan, Rep. Dom.-\u00a0La Regional Oeste de la Polic\u00eda Nacional realiz\u00f3 el pasado s\u00e1bado un amplio operativo en sectores del municipio cabecera, donde incaut\u00f3 drogas, balanzas, dinero en efectivo y celulares. De acuerdo al Departamento de Prensa de la instituci\u00f3n en el operativo fueron apresados tambi\u00e9n los nombrados Kenny Daniel\u2026","rel":"","context":"En \u00abLocales\u00bb","block_context":{"text":"Locales","link":"https:\/\/solisinforma.com\/?cat=34"},"img":{"alt_text":"","src":"https:\/\/i0.wp.com\/solisinforma.com\/wp-content\/uploads\/2023\/01\/Policia-San-Juan-apresado.jpg?resize=350%2C200&ssl=1","width":350,"height":200,"srcset":"https:\/\/i0.wp.com\/solisinforma.com\/wp-content\/uploads\/2023\/01\/Policia-San-Juan-apresado.jpg?resize=350%2C200&ssl=1 1x, https:\/\/i0.wp.com\/solisinforma.com\/wp-content\/uploads\/2023\/01\/Policia-San-Juan-apresado.jpg?resize=525%2C300&ssl=1 1.5x, https:\/\/i0.wp.com\/solisinforma.com\/wp-content\/uploads\/2023\/01\/Policia-San-Juan-apresado.jpg?resize=700%2C400&ssl=1 2x, https:\/\/i0.wp.com\/solisinforma.com\/wp-content\/uploads\/2023\/01\/Policia-San-Juan-apresado.jpg?resize=1050%2C600&ssl=1 3x, https:\/\/i0.wp.com\/solisinforma.com\/wp-content\/uploads\/2023\/01\/Policia-San-Juan-apresado.jpg?resize=1400%2C800&ssl=1 4x"},"classes":[]},{"id":57604,"url":"https:\/\/solisinforma.com\/?p=57604","url_meta":{"origin":58235,"position":3},"title":"En San Juan. Polic\u00eda Nacional recupera dos motocicletas robadas y apresa a cuatro implicados, incluidos dos menores","author":"Hector Solis","date":"22 de julio de 2026","format":false,"excerpt":"Los veh\u00edculos hab\u00edan sido sustra\u00eddos durante un asalto a mano armada el pasado 18 de julio. San Juan de la Maguana, R.D. \u2013 Agentes de la Polic\u00eda Nacional, adscritos a la Direcci\u00f3n Central de Investigaci\u00f3n (DICRIM), recuperaron dos motocicletas con reporte de robo y apresaron a cuatro personas, entre ellas\u2026","rel":"","context":"En \u00abLocales\u00bb","block_context":{"text":"Locales","link":"https:\/\/solisinforma.com\/?cat=34"},"img":{"alt_text":"","src":"https:\/\/i0.wp.com\/solisinforma.com\/wp-content\/uploads\/2026\/07\/Robo-de-motocicletas-San-Juan.png?fit=1200%2C669&ssl=1&resize=350%2C200","width":350,"height":200,"srcset":"https:\/\/i0.wp.com\/solisinforma.com\/wp-content\/uploads\/2026\/07\/Robo-de-motocicletas-San-Juan.png?fit=1200%2C669&ssl=1&resize=350%2C200 1x, https:\/\/i0.wp.com\/solisinforma.com\/wp-content\/uploads\/2026\/07\/Robo-de-motocicletas-San-Juan.png?fit=1200%2C669&ssl=1&resize=525%2C300 1.5x, https:\/\/i0.wp.com\/solisinforma.com\/wp-content\/uploads\/2026\/07\/Robo-de-motocicletas-San-Juan.png?fit=1200%2C669&ssl=1&resize=700%2C400 2x, https:\/\/i0.wp.com\/solisinforma.com\/wp-content\/uploads\/2026\/07\/Robo-de-motocicletas-San-Juan.png?fit=1200%2C669&ssl=1&resize=1050%2C600 3x"},"classes":[]},{"id":55705,"url":"https:\/\/solisinforma.com\/?p=55705","url_meta":{"origin":58235,"position":4},"title":"Policia detiene a una menor por presunta posesion de drogas y un arma de fabricacion casera","author":"Hector Solis","date":"4 de abril de 2026","format":false,"excerpt":"San Juan de la Maguana \u2013 La Polic\u00eda Nacional, inform\u00f3 este jueves que detuvo una menor de edad con posesi\u00f3n de presuntas drogas y un arma de fabricaci\u00f3n artesanal, durante un operativo registrado en San Juan de la Maguana. La acusada, de quien se omite su identidad por razones legales,\u2026","rel":"","context":"En \u00abLocales\u00bb","block_context":{"text":"Locales","link":"https:\/\/solisinforma.com\/?cat=34"},"img":{"alt_text":"","src":"https:\/\/i0.wp.com\/solisinforma.com\/wp-content\/uploads\/2026\/04\/Menor-detenida-droga-y-chilena.jpg?fit=1200%2C818&ssl=1&resize=350%2C200","width":350,"height":200,"srcset":"https:\/\/i0.wp.com\/solisinforma.com\/wp-content\/uploads\/2026\/04\/Menor-detenida-droga-y-chilena.jpg?fit=1200%2C818&ssl=1&resize=350%2C200 1x, https:\/\/i0.wp.com\/solisinforma.com\/wp-content\/uploads\/2026\/04\/Menor-detenida-droga-y-chilena.jpg?fit=1200%2C818&ssl=1&resize=525%2C300 1.5x, https:\/\/i0.wp.com\/solisinforma.com\/wp-content\/uploads\/2026\/04\/Menor-detenida-droga-y-chilena.jpg?fit=1200%2C818&ssl=1&resize=700%2C400 2x, https:\/\/i0.wp.com\/solisinforma.com\/wp-content\/uploads\/2026\/04\/Menor-detenida-droga-y-chilena.jpg?fit=1200%2C818&ssl=1&resize=1050%2C600 3x"},"classes":[]},{"id":57662,"url":"https:\/\/solisinforma.com\/?p=57662","url_meta":{"origin":58235,"position":5},"title":"Polic\u00eda Nacional apresa en San Juan a tres hombres por homicidio de un ciudadano durante presunta disputa por una deuda","author":"Hector Solis","date":"30 de julio de 2026","format":false,"excerpt":"San Juan de la Maguana. Agentes de la Subdirecci\u00f3n Regional de Investigaci\u00f3n (DICRIM), de la Polic\u00eda Nacional, apresaron a tres hombres se\u00f1alados como los presuntos responsables de la muerte de un ciudadano, ocurrida el pasado 27 de julio en el municipio de Juan de Herrera, provincia San Juan, como resultado\u2026","rel":"","context":"En \u00abLocales\u00bb","block_context":{"text":"Locales","link":"https:\/\/solisinforma.com\/?cat=34"},"img":{"alt_text":"","src":"https:\/\/i0.wp.com\/solisinforma.com\/wp-content\/uploads\/2026\/07\/PN-san-juan-apresados.png?fit=1200%2C670&ssl=1&resize=350%2C200","width":350,"height":200,"srcset":"https:\/\/i0.wp.com\/solisinforma.com\/wp-content\/uploads\/2026\/07\/PN-san-juan-apresados.png?fit=1200%2C670&ssl=1&resize=350%2C200 1x, https:\/\/i0.wp.com\/solisinforma.com\/wp-content\/uploads\/2026\/07\/PN-san-juan-apresados.png?fit=1200%2C670&ssl=1&resize=525%2C300 1.5x, https:\/\/i0.wp.com\/solisinforma.com\/wp-content\/uploads\/2026\/07\/PN-san-juan-apresados.png?fit=1200%2C670&ssl=1&resize=700%2C400 2x, https:\/\/i0.wp.com\/solisinforma.com\/wp-content\/uploads\/2026\/07\/PN-san-juan-apresados.png?fit=1200%2C670&ssl=1&resize=1050%2C600 3x"},"classes":[]}],"jetpack_shortlink":"https:\/\/wp.me\/pc2Svn-f9h","_links":{"self":[{"href":"https:\/\/solisinforma.com\/index.php?rest_route=\/wp\/v2\/posts\/58235","targetHints":{"allow":["GET"]}}],"collection":[{"href":"https:\/\/solisinforma.com\/index.php?rest_route=\/wp\/v2\/posts"}],"about":[{"href":"https:\/\/solisinforma.com\/index.php?rest_route=\/wp\/v2\/types\/post"}],"author":[{"embeddable":true,"href":"https:\/\/solisinforma.com\/index.php?rest_route=\/wp\/v2\/users\/2"}],"replies":[{"embeddable":true,"href":"https:\/\/solisinforma.com\/index.php?rest_route=%2Fwp%2Fv2%2Fcomments&post=58235"}],"version-history":[{"count":4,"href":"https:\/\/solisinforma.com\/index.php?rest_route=\/wp\/v2\/posts\/58235\/revisions"}],"predecessor-version":[{"id":58242,"href":"https:\/\/solisinforma.com\/index.php?rest_route=\/wp\/v2\/posts\/58235\/revisions\/58242"}],"wp:featuredmedia":[{"embeddable":true,"href":"https:\/\/solisinforma.com\/index.php?rest_route=\/wp\/v2\/media\/58238"}],"wp:attachment":[{"href":"https:\/\/solisinforma.com\/index.php?rest_route=%2Fwp%2Fv2%2Fmedia&parent=58235"}],"wp:term":[{"taxonomy":"category","embeddable":true,"href":"https:\/\/solisinforma.com\/index.php?rest_route=%2Fwp%2Fv2%2Fcategories&post=58235"},{"taxonomy":"post_tag","embeddable":true,"href":"https:\/\/solisinforma.com\/index.php?rest_route=%2Fwp%2Fv2%2Ftags&post=58235"}],"curies":[{"name":"wp","href":"https:\/\/api.w.org\/{rel}","templated":true}]}}