{"id":58243,"date":"2026-09-01T16:42:44","date_gmt":"2026-09-01T20:42:44","guid":{"rendered":"https:\/\/solisinforma.com\/?p=58243"},"modified":"2026-09-01T16:42:44","modified_gmt":"2026-09-01T20:42:44","slug":"lluvias-han-afectado-100-viviendas-mantienen-21-provincias-en-alerta-por-vaguada","status":"publish","type":"post","link":"https:\/\/solisinforma.com\/?p=58243","title":{"rendered":"Lluvias han afectado 100 viviendas; mantienen 21 provincias en alerta por vaguada"},"content":{"rendered":"<div class=\"c-detail-header\">\n<div class=\"c-detail__subtitle\">\n<div>\n<ul>\n<li><strong>Debido a estas lluvias, un total de 100 viviendas en todo el pa\u00eds resultaron afectadas.\u00a0<\/strong><\/li>\n<\/ul>\n<\/div>\n<\/div>\n<\/div>\n<div class=\"c-detail-img\">\n<div id=\"m1003-1002-1004\" class=\"c-detail__media \"><img data-recalc-dims=\"1\" loading=\"lazy\" decoding=\"async\" class=\"aligncenter wp-image-55902 size-full\" src=\"https:\/\/i0.wp.com\/solisinforma.com\/wp-content\/uploads\/2026\/04\/Lluvias-patrones.jpg?resize=640%2C360&#038;ssl=1\" alt=\"\" width=\"640\" height=\"360\" srcset=\"https:\/\/i0.wp.com\/solisinforma.com\/wp-content\/uploads\/2026\/04\/Lluvias-patrones.jpg?w=1200&amp;ssl=1 1200w, https:\/\/i0.wp.com\/solisinforma.com\/wp-content\/uploads\/2026\/04\/Lluvias-patrones.jpg?resize=768%2C432&amp;ssl=1 768w, https:\/\/i0.wp.com\/solisinforma.com\/wp-content\/uploads\/2026\/04\/Lluvias-patrones.jpg?resize=1024%2C576&amp;ssl=1 1024w\" sizes=\"auto, (max-width: 640px) 100vw, 640px\" \/><\/p>\n<p id=\"m1021-1020-1022\">El\u00a0<b>Centro de Operaciones de Emergencias\u00a0<\/b>(<b>COE<\/b>) mantiene cinco\u00a0<b>provincias en alerta amarilla<\/b>\u00a0y 16 en verde, debido a una vaguada que se localiza al noroeste del pa\u00eds, estar\u00e1 aportando humedad suficiente para que contin\u00faen produci\u00e9ndose nublados con\u00a0<b>aguaceros\u00a0<\/b>que podr\u00edan ser moderados a fuertes localmente, tormentas el\u00e9ctricas y r\u00e1fagas de viento en ocasiones.<\/p>\n<p id=\"m1026-1025-1027\">En alerta amarilla est\u00e1n el Distrito Nacional, Monte Plata, San Crist\u00f3bal, Santo Domingo y Peravia. En verde se encuentran El Seibo, La Altagracia, Dajab\u00f3n, Saman\u00e1, San Pedro de Macor\u00eds, Saman\u00e1, San Pedro de Macor\u00eds, Espaillat, Santiago Rodr\u00edguez, Azua, Hato Mayor, Mar\u00eda Trinidad S\u00e1nchez, Monte Cristi, San Jos\u00e9 de Ocopa, S\u00e1nchez Ram\u00edrez, Puerto Plata, Valverde y La Romana.<\/p>\n<p id=\"m1031-1030-1032\">De acuerdo con el<b>\u00a0Instituto Dominicano de Meteorolog\u00eda<\/b>\u00a0(<b>Indomet<\/b>), la actividad nubosa junto a la de lluvia, se ha desplazado hacia el suroeste, donde se estuvieron presentando aguaceros moderados con tronadas en las horas matutinas.<\/p>\n<p id=\"m1036-1035-1037\">Debido a estas lluvias un total de 100 viviendas en todo el pa\u00eds resultaron afectadas. De acuerdo con el levantamiento realizado hasta el momento, se reportan las siguientes afectaciones: Sector Barrio Kennedy: aproximadamente 35 viviendas afectadas. Sector Placer Bonito: aproximadamente 45 viviendas afectadas. Sector La Bah\u00eda: aproximadamente 20 viviendas afectadas.<\/p>\n<p id=\"m1041-1040-1042\">En Cabarete, Puerto Plata, se report\u00f3 que debido al oleaje anormal y fuerte marea, la estructura de un local fue parcialmente afectada. Adem\u00e1s, en las playas Maim\u00f3n y Teco se reportaron da\u00f1os en casetas comerciales de forma parcial. No se reportaron v\u00edctimas.<\/p>\n<p id=\"m1046-1045-1047\">En la provincia Valverde, espec\u00edficamente en el municipio de Mao, se reportaron fuertes r\u00e1fagas de viento en el sector Hato Nuevo, distrito municipal de Amina, las cuales ocasionaron la ca\u00edda de \u00e1rboles y postes del tendido el\u00e9ctrico. No se registraron personas lesionadas ni afectaciones humanas. En respuesta al evento, se realizaron labores de poda y despeje de v\u00edas.<\/p>\n<p id=\"m1051-1050-1052\">Asimismo, se produjeron inundaciones urbanas repentinas en los sectores Bellos Atardeceres y Las 300, situaci\u00f3n que posteriormente retorn\u00f3 a la normalidad.<\/p>\n<p id=\"m1056-1055-1057\">En el municipio de Villa Altagracia, las precipitaciones registradas durante las \u00faltimas horas han provocado inundaciones urbanas en diversos sectores, as\u00ed como el desbordamiento de ca\u00f1adas en la comunidad del kil\u00f3metro 28.<\/p>\n<p id=\"m1061-1060-1062\">En Nizao, desde las primeras horas de la noche se registran aguaceros moderados a fuertes, acompa\u00f1ados de tormentas el\u00e9ctricas y r\u00e1fagas de viento. Hasta el momento, no se reportan incidentes ni afectaciones de relevancia.<\/p>\n<p id=\"m1066-1065-1067\">Por otro lado, en sector Brisas del Lebr\u00f3n en Los Alcarrizos, se produjeron inundaciones urbanas que dejaron un total de 12 viviendas anegadas, retornando posteriormente la situaci\u00f3n a la normalidad<\/p>\n<p id=\"m1071-1070-1072\">En Santiago Rodr\u00edguez, municipio de Sabaneta, se registr\u00f3 la ca\u00edda de un \u00e1rbol que obstaculiz\u00f3 el tr\u00e1nsito vehicular debido a las fuertes lluvias y la saturaci\u00f3n del terreno, siendo restablecido posteriormente el paso.<\/p>\n<p id=\"m1076-1075-1077\">En la provincia San Pedro de Macor\u00eds, se reportan inundaciones urbanas en diferentes sectores y calles del municipio de San Pedro de Macor\u00eds, principalmente asociadas a deficiencias en el sistema de drenaje pluvial.<\/p>\n<\/div>\n<\/div>\n","protected":false},"excerpt":{"rendered":"<p>Debido a estas lluvias, un total de 100 viviendas en todo el pa\u00eds resultaron afectadas.\u00a0&#8230;<\/p>\n","protected":false},"author":2,"featured_media":55902,"comment_status":"open","ping_status":"open","sticky":false,"template":"","format":"standard","meta":{"_jetpack_newsletter_access":"","_jetpack_dont_email_post_to_subs":false,"_jetpack_newsletter_tier_id":0,"_jetpack_memberships_contains_paywalled_content":false,"_jetpack_memberships_contains_paid_content":false,"_joinchat":[],"footnotes":"","jetpack_publicize_message":"","jetpack_publicize_feature_enabled":true,"jetpack_social_post_already_shared":true,"jetpack_social_options":{"image_generator_settings":{"template":"highway","default_image_id":0,"font":"","enabled":false},"version":2},"jetpack_post_was_ever_published":false},"categories":[8,39],"tags":[5826,8985,1112,19169,46,1023],"class_list":["post-58243","post","type-post","status-publish","format-standard","has-post-thumbnail","hentry","category-nacionales","category-primeraplana","tag-alerta","tag-alerta-amarilla","tag-centro-de-operaciones-de-emergencias","tag-provincias-en-alerta","tag-solis-informa","tag-vaguada"],"yoast_head":"<!-- This site is optimized with the Yoast SEO plugin v24.9 - https:\/\/yoast.com\/wordpress\/plugins\/seo\/ -->\n<title>Lluvias han afectado 100 viviendas; mantienen 21 provincias en alerta por vaguada - Solis Informa<\/title>\n<meta name=\"robots\" content=\"index, follow, max-snippet:-1, max-image-preview:large, max-video-preview:-1\" \/>\n<link rel=\"canonical\" href=\"https:\/\/solisinforma.com\/?p=58243\" \/>\n<meta property=\"og:locale\" content=\"es_ES\" \/>\n<meta property=\"og:type\" content=\"article\" \/>\n<meta property=\"og:title\" content=\"Lluvias han afectado 100 viviendas; mantienen 21 provincias en alerta por vaguada - Solis Informa\" \/>\n<meta property=\"og:description\" content=\"Debido a estas lluvias, un total de 100 viviendas en todo el pa\u00eds resultaron afectadas.\u00a0...\" \/>\n<meta property=\"og:url\" content=\"https:\/\/solisinforma.com\/?p=58243\" \/>\n<meta property=\"og:site_name\" content=\"Solis Informa\" \/>\n<meta property=\"article:publisher\" content=\"https:\/\/www.facebook.com\/Solisinforma1\/\" \/>\n<meta property=\"article:author\" content=\"https:\/\/www.facebook.com\/Solisinforma\/\" \/>\n<meta property=\"article:published_time\" content=\"2026-09-01T20:42:44+00:00\" \/>\n<meta property=\"og:image\" content=\"https:\/\/solisinforma.com\/wp-content\/uploads\/2026\/04\/Lluvias-patrones.jpg\" \/>\n\t<meta property=\"og:image:width\" content=\"1200\" \/>\n\t<meta property=\"og:image:height\" content=\"675\" \/>\n\t<meta property=\"og:image:type\" content=\"image\/jpeg\" \/>\n<meta name=\"author\" content=\"Hector Solis\" \/>\n<meta name=\"twitter:card\" content=\"summary_large_image\" \/>\n<meta name=\"twitter:creator\" content=\"@solisinforma1\" \/>\n<meta name=\"twitter:label1\" content=\"Escrito por\" \/>\n\t<meta name=\"twitter:data1\" content=\"Hector Solis\" \/>\n\t<meta name=\"twitter:label2\" content=\"Tiempo de lectura\" \/>\n\t<meta name=\"twitter:data2\" content=\"3 minutos\" \/>\n<script type=\"application\/ld+json\" class=\"yoast-schema-graph\">{\"@context\":\"https:\/\/schema.org\",\"@graph\":[{\"@type\":\"Article\",\"@id\":\"https:\/\/solisinforma.com\/?p=58243#article\",\"isPartOf\":{\"@id\":\"https:\/\/solisinforma.com\/?p=58243\"},\"author\":{\"name\":\"Hector Solis\",\"@id\":\"https:\/\/solisinforma.com\/#\/schema\/person\/db4967d1c8ed640d46bf21dc55215612\"},\"headline\":\"Lluvias han afectado 100 viviendas; mantienen 21 provincias en alerta por vaguada\",\"datePublished\":\"2026-09-01T20:42:44+00:00\",\"mainEntityOfPage\":{\"@id\":\"https:\/\/solisinforma.com\/?p=58243\"},\"wordCount\":538,\"commentCount\":0,\"publisher\":{\"@id\":\"https:\/\/solisinforma.com\/#organization\"},\"image\":{\"@id\":\"https:\/\/solisinforma.com\/?p=58243#primaryimage\"},\"thumbnailUrl\":\"https:\/\/i0.wp.com\/solisinforma.com\/wp-content\/uploads\/2026\/04\/Lluvias-patrones.jpg?fit=1200%2C675&ssl=1\",\"keywords\":[\"alerta\",\"alerta amarilla\",\"Centro de Operaciones de Emergencias\",\"provincias en alerta\",\"Solis informa\",\"vaguada\"],\"articleSection\":[\"Nacionales\",\"Primera Plana\"],\"inLanguage\":\"es\",\"potentialAction\":[{\"@type\":\"CommentAction\",\"name\":\"Comment\",\"target\":[\"https:\/\/solisinforma.com\/?p=58243#respond\"]}]},{\"@type\":\"WebPage\",\"@id\":\"https:\/\/solisinforma.com\/?p=58243\",\"url\":\"https:\/\/solisinforma.com\/?p=58243\",\"name\":\"Lluvias han afectado 100 viviendas; mantienen 21 provincias en alerta por vaguada - Solis Informa\",\"isPartOf\":{\"@id\":\"https:\/\/solisinforma.com\/#website\"},\"primaryImageOfPage\":{\"@id\":\"https:\/\/solisinforma.com\/?p=58243#primaryimage\"},\"image\":{\"@id\":\"https:\/\/solisinforma.com\/?p=58243#primaryimage\"},\"thumbnailUrl\":\"https:\/\/i0.wp.com\/solisinforma.com\/wp-content\/uploads\/2026\/04\/Lluvias-patrones.jpg?fit=1200%2C675&ssl=1\",\"datePublished\":\"2026-09-01T20:42:44+00:00\",\"breadcrumb\":{\"@id\":\"https:\/\/solisinforma.com\/?p=58243#breadcrumb\"},\"inLanguage\":\"es\",\"potentialAction\":[{\"@type\":\"ReadAction\",\"target\":[\"https:\/\/solisinforma.com\/?p=58243\"]}]},{\"@type\":\"ImageObject\",\"inLanguage\":\"es\",\"@id\":\"https:\/\/solisinforma.com\/?p=58243#primaryimage\",\"url\":\"https:\/\/i0.wp.com\/solisinforma.com\/wp-content\/uploads\/2026\/04\/Lluvias-patrones.jpg?fit=1200%2C675&ssl=1\",\"contentUrl\":\"https:\/\/i0.wp.com\/solisinforma.com\/wp-content\/uploads\/2026\/04\/Lluvias-patrones.jpg?fit=1200%2C675&ssl=1\",\"width\":1200,\"height\":675},{\"@type\":\"BreadcrumbList\",\"@id\":\"https:\/\/solisinforma.com\/?p=58243#breadcrumb\",\"itemListElement\":[{\"@type\":\"ListItem\",\"position\":1,\"name\":\"Portada\",\"item\":\"https:\/\/solisinforma.com\/\"},{\"@type\":\"ListItem\",\"position\":2,\"name\":\"Lluvias han afectado 100 viviendas; mantienen 21 provincias en alerta por vaguada\"}]},{\"@type\":\"WebSite\",\"@id\":\"https:\/\/solisinforma.com\/#website\",\"url\":\"https:\/\/solisinforma.com\/\",\"name\":\"Solis Informa\",\"description\":\"El Diario de San Juan\",\"publisher\":{\"@id\":\"https:\/\/solisinforma.com\/#organization\"},\"potentialAction\":[{\"@type\":\"SearchAction\",\"target\":{\"@type\":\"EntryPoint\",\"urlTemplate\":\"https:\/\/solisinforma.com\/?s={search_term_string}\"},\"query-input\":{\"@type\":\"PropertyValueSpecification\",\"valueRequired\":true,\"valueName\":\"search_term_string\"}}],\"inLanguage\":\"es\"},{\"@type\":\"Organization\",\"@id\":\"https:\/\/solisinforma.com\/#organization\",\"name\":\"Solis Informa\",\"url\":\"https:\/\/solisinforma.com\/\",\"logo\":{\"@type\":\"ImageObject\",\"inLanguage\":\"es\",\"@id\":\"https:\/\/solisinforma.com\/#\/schema\/logo\/image\/\",\"url\":\"https:\/\/i0.wp.com\/solisinforma.com\/wp-content\/uploads\/2020\/07\/cropped-solis-4.png?fit=512%2C512&ssl=1\",\"contentUrl\":\"https:\/\/i0.wp.com\/solisinforma.com\/wp-content\/uploads\/2020\/07\/cropped-solis-4.png?fit=512%2C512&ssl=1\",\"width\":512,\"height\":512,\"caption\":\"Solis Informa\"},\"image\":{\"@id\":\"https:\/\/solisinforma.com\/#\/schema\/logo\/image\/\"},\"sameAs\":[\"https:\/\/www.facebook.com\/Solisinforma1\/\"]},{\"@type\":\"Person\",\"@id\":\"https:\/\/solisinforma.com\/#\/schema\/person\/db4967d1c8ed640d46bf21dc55215612\",\"name\":\"Hector Solis\",\"image\":{\"@type\":\"ImageObject\",\"inLanguage\":\"es\",\"@id\":\"https:\/\/solisinforma.com\/#\/schema\/person\/image\/\",\"url\":\"https:\/\/secure.gravatar.com\/avatar\/3e116868529a43555438940611160b9cf01e4fb17f119453a6329d96e10fecf8?s=96&d=mm&r=g\",\"contentUrl\":\"https:\/\/secure.gravatar.com\/avatar\/3e116868529a43555438940611160b9cf01e4fb17f119453a6329d96e10fecf8?s=96&d=mm&r=g\",\"caption\":\"Hector Solis\"},\"sameAs\":[\"http:\/\/Solisinforma.com\",\"https:\/\/www.facebook.com\/Solisinforma\/\",\"https:\/\/www.instagram.com\/solisinforma\/\",\"www.linkedin.com\/in\/hectorsolisinforma\",\"https:\/\/x.com\/solisinforma1\",\"@Solisinformaenvivo\",\"https:\/\/soundcloud.com\/solisinforma\"],\"url\":\"https:\/\/solisinforma.com\/?author=2\"}]}<\/script>\n<!-- \/ Yoast SEO plugin. -->","yoast_head_json":{"title":"Lluvias han afectado 100 viviendas; mantienen 21 provincias en alerta por vaguada - Solis Informa","robots":{"index":"index","follow":"follow","max-snippet":"max-snippet:-1","max-image-preview":"max-image-preview:large","max-video-preview":"max-video-preview:-1"},"canonical":"https:\/\/solisinforma.com\/?p=58243","og_locale":"es_ES","og_type":"article","og_title":"Lluvias han afectado 100 viviendas; mantienen 21 provincias en alerta por vaguada - Solis Informa","og_description":"Debido a estas lluvias, un total de 100 viviendas en todo el pa\u00eds resultaron afectadas.\u00a0...","og_url":"https:\/\/solisinforma.com\/?p=58243","og_site_name":"Solis Informa","article_publisher":"https:\/\/www.facebook.com\/Solisinforma1\/","article_author":"https:\/\/www.facebook.com\/Solisinforma\/","article_published_time":"2026-09-01T20:42:44+00:00","og_image":[{"width":1200,"height":675,"url":"https:\/\/solisinforma.com\/wp-content\/uploads\/2026\/04\/Lluvias-patrones.jpg","type":"image\/jpeg"}],"author":"Hector Solis","twitter_card":"summary_large_image","twitter_creator":"@solisinforma1","twitter_misc":{"Escrito por":"Hector Solis","Tiempo de lectura":"3 minutos"},"schema":{"@context":"https:\/\/schema.org","@graph":[{"@type":"Article","@id":"https:\/\/solisinforma.com\/?p=58243#article","isPartOf":{"@id":"https:\/\/solisinforma.com\/?p=58243"},"author":{"name":"Hector Solis","@id":"https:\/\/solisinforma.com\/#\/schema\/person\/db4967d1c8ed640d46bf21dc55215612"},"headline":"Lluvias han afectado 100 viviendas; mantienen 21 provincias en alerta por vaguada","datePublished":"2026-09-01T20:42:44+00:00","mainEntityOfPage":{"@id":"https:\/\/solisinforma.com\/?p=58243"},"wordCount":538,"commentCount":0,"publisher":{"@id":"https:\/\/solisinforma.com\/#organization"},"image":{"@id":"https:\/\/solisinforma.com\/?p=58243#primaryimage"},"thumbnailUrl":"https:\/\/i0.wp.com\/solisinforma.com\/wp-content\/uploads\/2026\/04\/Lluvias-patrones.jpg?fit=1200%2C675&ssl=1","keywords":["alerta","alerta amarilla","Centro de Operaciones de Emergencias","provincias en alerta","Solis informa","vaguada"],"articleSection":["Nacionales","Primera Plana"],"inLanguage":"es","potentialAction":[{"@type":"CommentAction","name":"Comment","target":["https:\/\/solisinforma.com\/?p=58243#respond"]}]},{"@type":"WebPage","@id":"https:\/\/solisinforma.com\/?p=58243","url":"https:\/\/solisinforma.com\/?p=58243","name":"Lluvias han afectado 100 viviendas; mantienen 21 provincias en alerta por vaguada - Solis Informa","isPartOf":{"@id":"https:\/\/solisinforma.com\/#website"},"primaryImageOfPage":{"@id":"https:\/\/solisinforma.com\/?p=58243#primaryimage"},"image":{"@id":"https:\/\/solisinforma.com\/?p=58243#primaryimage"},"thumbnailUrl":"https:\/\/i0.wp.com\/solisinforma.com\/wp-content\/uploads\/2026\/04\/Lluvias-patrones.jpg?fit=1200%2C675&ssl=1","datePublished":"2026-09-01T20:42:44+00:00","breadcrumb":{"@id":"https:\/\/solisinforma.com\/?p=58243#breadcrumb"},"inLanguage":"es","potentialAction":[{"@type":"ReadAction","target":["https:\/\/solisinforma.com\/?p=58243"]}]},{"@type":"ImageObject","inLanguage":"es","@id":"https:\/\/solisinforma.com\/?p=58243#primaryimage","url":"https:\/\/i0.wp.com\/solisinforma.com\/wp-content\/uploads\/2026\/04\/Lluvias-patrones.jpg?fit=1200%2C675&ssl=1","contentUrl":"https:\/\/i0.wp.com\/solisinforma.com\/wp-content\/uploads\/2026\/04\/Lluvias-patrones.jpg?fit=1200%2C675&ssl=1","width":1200,"height":675},{"@type":"BreadcrumbList","@id":"https:\/\/solisinforma.com\/?p=58243#breadcrumb","itemListElement":[{"@type":"ListItem","position":1,"name":"Portada","item":"https:\/\/solisinforma.com\/"},{"@type":"ListItem","position":2,"name":"Lluvias han afectado 100 viviendas; mantienen 21 provincias en alerta por vaguada"}]},{"@type":"WebSite","@id":"https:\/\/solisinforma.com\/#website","url":"https:\/\/solisinforma.com\/","name":"Solis Informa","description":"El Diario de San Juan","publisher":{"@id":"https:\/\/solisinforma.com\/#organization"},"potentialAction":[{"@type":"SearchAction","target":{"@type":"EntryPoint","urlTemplate":"https:\/\/solisinforma.com\/?s={search_term_string}"},"query-input":{"@type":"PropertyValueSpecification","valueRequired":true,"valueName":"search_term_string"}}],"inLanguage":"es"},{"@type":"Organization","@id":"https:\/\/solisinforma.com\/#organization","name":"Solis Informa","url":"https:\/\/solisinforma.com\/","logo":{"@type":"ImageObject","inLanguage":"es","@id":"https:\/\/solisinforma.com\/#\/schema\/logo\/image\/","url":"https:\/\/i0.wp.com\/solisinforma.com\/wp-content\/uploads\/2020\/07\/cropped-solis-4.png?fit=512%2C512&ssl=1","contentUrl":"https:\/\/i0.wp.com\/solisinforma.com\/wp-content\/uploads\/2020\/07\/cropped-solis-4.png?fit=512%2C512&ssl=1","width":512,"height":512,"caption":"Solis Informa"},"image":{"@id":"https:\/\/solisinforma.com\/#\/schema\/logo\/image\/"},"sameAs":["https:\/\/www.facebook.com\/Solisinforma1\/"]},{"@type":"Person","@id":"https:\/\/solisinforma.com\/#\/schema\/person\/db4967d1c8ed640d46bf21dc55215612","name":"Hector Solis","image":{"@type":"ImageObject","inLanguage":"es","@id":"https:\/\/solisinforma.com\/#\/schema\/person\/image\/","url":"https:\/\/secure.gravatar.com\/avatar\/3e116868529a43555438940611160b9cf01e4fb17f119453a6329d96e10fecf8?s=96&d=mm&r=g","contentUrl":"https:\/\/secure.gravatar.com\/avatar\/3e116868529a43555438940611160b9cf01e4fb17f119453a6329d96e10fecf8?s=96&d=mm&r=g","caption":"Hector Solis"},"sameAs":["http:\/\/Solisinforma.com","https:\/\/www.facebook.com\/Solisinforma\/","https:\/\/www.instagram.com\/solisinforma\/","www.linkedin.com\/in\/hectorsolisinforma","https:\/\/x.com\/solisinforma1","@Solisinformaenvivo","https:\/\/soundcloud.com\/solisinforma"],"url":"https:\/\/solisinforma.com\/?author=2"}]}},"jetpack_publicize_connections":[],"jetpack_featured_media_url":"https:\/\/i0.wp.com\/solisinforma.com\/wp-content\/uploads\/2026\/04\/Lluvias-patrones.jpg?fit=1200%2C675&ssl=1","jetpack_sharing_enabled":true,"jetpack_likes_enabled":true,"jetpack-related-posts":[{"id":24371,"url":"https:\/\/solisinforma.com\/?p=24371","url_meta":{"origin":58243,"position":0},"title":"Las lluvias se incrementar\u00e1n durante la tarde de este s\u00e1bado debido a una vaguada en RD","author":"Hector Solis","date":"4 de mayo de 2024","format":false,"excerpt":"COE mantiene 17 provincias en alerta amarilla y tambi\u00e9n el Distrito Nacional Las precipitaciones se podr\u00edan extender hasta el lunes La\u00a0Oficina Nacional de Meteorolog\u00eda (Onamet)\u00a0advirti\u00f3 este s\u00e1bado que una\u00a0vaguada\u00a0estar\u00eda provocando lluvias en gran parte de la Rep\u00fablica Dominicana, incrementando las precipitaciones en horas de la tarde. Las lluvias se estar\u00e1n\u2026","rel":"","context":"En \u00abNacionales\u00bb","block_context":{"text":"Nacionales","link":"https:\/\/solisinforma.com\/?cat=8"},"img":{"alt_text":"","src":"https:\/\/i0.wp.com\/solisinforma.com\/wp-content\/uploads\/2023\/05\/San-Juan-en-Alerta-verde-por-lluvias.jpg?fit=1080%2C632&ssl=1&resize=350%2C200","width":350,"height":200,"srcset":"https:\/\/i0.wp.com\/solisinforma.com\/wp-content\/uploads\/2023\/05\/San-Juan-en-Alerta-verde-por-lluvias.jpg?fit=1080%2C632&ssl=1&resize=350%2C200 1x, https:\/\/i0.wp.com\/solisinforma.com\/wp-content\/uploads\/2023\/05\/San-Juan-en-Alerta-verde-por-lluvias.jpg?fit=1080%2C632&ssl=1&resize=525%2C300 1.5x, https:\/\/i0.wp.com\/solisinforma.com\/wp-content\/uploads\/2023\/05\/San-Juan-en-Alerta-verde-por-lluvias.jpg?fit=1080%2C632&ssl=1&resize=700%2C400 2x, https:\/\/i0.wp.com\/solisinforma.com\/wp-content\/uploads\/2023\/05\/San-Juan-en-Alerta-verde-por-lluvias.jpg?fit=1080%2C632&ssl=1&resize=1050%2C600 3x"},"classes":[]},{"id":28088,"url":"https:\/\/solisinforma.com\/?p=28088","url_meta":{"origin":58243,"position":1},"title":"COE sube a 18 las provincias en alerta amarilla por lluvias","author":"Hector Solis","date":"11 de noviembre de 2024","format":false,"excerpt":"El\u00a0Centro de Operaciones de Emergencia\u00a0(COE) subi\u00f3 la noche del domingo a 18 el n\u00famero de provincias en\u00a0alerta amarilla\u00a0y coloc\u00f3 ocho en verde, debido a las\u00a0lluvias\u00a0que generan una onda tropical y una vaguada sobre el territorio nacional. En\u00a0amarilla, adem\u00e1s del Distrito Nacional, est\u00e1n las provincias Puerto Plata, Mar\u00eda Trinidad S\u00e1nchez, La\u2026","rel":"","context":"En \u00abNacionales\u00bb","block_context":{"text":"Nacionales","link":"https:\/\/solisinforma.com\/?cat=8"},"img":{"alt_text":"","src":"https:\/\/i0.wp.com\/solisinforma.com\/wp-content\/uploads\/2023\/06\/San-Juan-alerta-amarilla.jpg?fit=1200%2C825&ssl=1&resize=350%2C200","width":350,"height":200,"srcset":"https:\/\/i0.wp.com\/solisinforma.com\/wp-content\/uploads\/2023\/06\/San-Juan-alerta-amarilla.jpg?fit=1200%2C825&ssl=1&resize=350%2C200 1x, https:\/\/i0.wp.com\/solisinforma.com\/wp-content\/uploads\/2023\/06\/San-Juan-alerta-amarilla.jpg?fit=1200%2C825&ssl=1&resize=525%2C300 1.5x, https:\/\/i0.wp.com\/solisinforma.com\/wp-content\/uploads\/2023\/06\/San-Juan-alerta-amarilla.jpg?fit=1200%2C825&ssl=1&resize=700%2C400 2x, https:\/\/i0.wp.com\/solisinforma.com\/wp-content\/uploads\/2023\/06\/San-Juan-alerta-amarilla.jpg?fit=1200%2C825&ssl=1&resize=1050%2C600 3x"},"classes":[]},{"id":55921,"url":"https:\/\/solisinforma.com\/?p=55921","url_meta":{"origin":58243,"position":2},"title":"El COE mantiene 21 provincias bajo alerta amarilla y siete en verde por lluvias","author":"Hector Solis","date":"17 de abril de 2026","format":false,"excerpt":"En alerta verde figuran Mar\u00eda Trinidad S\u00e1nchez, Saman\u00e1, El\u00edas Pi\u00f1a, Valverde, Dajab\u00f3n, Independencia y Azua El\u00a0Centro de Operaciones de Emergencias\u00a0(COE) inform\u00f3 este viernes que mantiene a 21 provincias en\u00a0alerta amarilla\u00a0y 7 en\u00a0alerta verde, ante la posibilidad de\u00a0inundaciones\u00a0repentinas urbanas y rurales,\u00a0crecidas de r\u00edos, arroyos y ca\u00f1adas, as\u00ed como deslizamientos de tierra.\u2026","rel":"","context":"En \u00abNacionales\u00bb","block_context":{"text":"Nacionales","link":"https:\/\/solisinforma.com\/?cat=8"},"img":{"alt_text":"","src":"https:\/\/i0.wp.com\/solisinforma.com\/wp-content\/uploads\/2023\/06\/San-Juan-alerta-amarilla-lluvias-coe.jpg?fit=1200%2C669&ssl=1&resize=350%2C200","width":350,"height":200,"srcset":"https:\/\/i0.wp.com\/solisinforma.com\/wp-content\/uploads\/2023\/06\/San-Juan-alerta-amarilla-lluvias-coe.jpg?fit=1200%2C669&ssl=1&resize=350%2C200 1x, https:\/\/i0.wp.com\/solisinforma.com\/wp-content\/uploads\/2023\/06\/San-Juan-alerta-amarilla-lluvias-coe.jpg?fit=1200%2C669&ssl=1&resize=525%2C300 1.5x, https:\/\/i0.wp.com\/solisinforma.com\/wp-content\/uploads\/2023\/06\/San-Juan-alerta-amarilla-lluvias-coe.jpg?fit=1200%2C669&ssl=1&resize=700%2C400 2x, https:\/\/i0.wp.com\/solisinforma.com\/wp-content\/uploads\/2023\/06\/San-Juan-alerta-amarilla-lluvias-coe.jpg?fit=1200%2C669&ssl=1&resize=1050%2C600 3x"},"classes":[]},{"id":27477,"url":"https:\/\/solisinforma.com\/?p=27477","url_meta":{"origin":58243,"position":3},"title":"COE eleva a 7 las provincias en alerta verde y una en amarilla","author":"Hector Solis","date":"7 de octubre de 2024","format":false,"excerpt":"En tanto que fue descontinuado el nivel de alerta verde sobre Santo Domingo, el Distrito Nacional, Bahoruco, Pedernales y San Jos\u00e9 de Ocoa. El\u00a0Centro de Operaciones de Emergencia (COE)\u00a0ampli\u00f3 a ocho las provincias en alerta por la incidencia de una vaguada que generar\u00e1 aguaceros acompa\u00f1ados de tormentas el\u00e9ctricas y r\u00e1fagas\u2026","rel":"","context":"En \u00abNacionales\u00bb","block_context":{"text":"Nacionales","link":"https:\/\/solisinforma.com\/?cat=8"},"img":{"alt_text":"","src":"https:\/\/i0.wp.com\/solisinforma.com\/wp-content\/uploads\/2023\/05\/San-Juan-en-Alerta-verde-por-lluvias.jpg?fit=1080%2C632&ssl=1&resize=350%2C200","width":350,"height":200,"srcset":"https:\/\/i0.wp.com\/solisinforma.com\/wp-content\/uploads\/2023\/05\/San-Juan-en-Alerta-verde-por-lluvias.jpg?fit=1080%2C632&ssl=1&resize=350%2C200 1x, https:\/\/i0.wp.com\/solisinforma.com\/wp-content\/uploads\/2023\/05\/San-Juan-en-Alerta-verde-por-lluvias.jpg?fit=1080%2C632&ssl=1&resize=525%2C300 1.5x, https:\/\/i0.wp.com\/solisinforma.com\/wp-content\/uploads\/2023\/05\/San-Juan-en-Alerta-verde-por-lluvias.jpg?fit=1080%2C632&ssl=1&resize=700%2C400 2x, https:\/\/i0.wp.com\/solisinforma.com\/wp-content\/uploads\/2023\/05\/San-Juan-en-Alerta-verde-por-lluvias.jpg?fit=1080%2C632&ssl=1&resize=1050%2C600 3x"},"classes":[]},{"id":31332,"url":"https:\/\/solisinforma.com\/?p=31332","url_meta":{"origin":58243,"position":4},"title":"San Juan entre las nueve provincias en alerta amarilla por las lluvias","author":"Hector Solis","date":"6 de mayo de 2025","format":false,"excerpt":"El\u00a0Centro\u00a0de\u00a0Operaciones\u00a0de\u00a0Emergencias\u00a0(COE) aument\u00f3 la noche de este lunes a nueve las provincias en\u00a0alerta\u00a0amarilla\u00a0y mantiene al Distrito Nacional y a 11\u00a0 en\u00a0verde, debido la incidencia de una\u00a0vaguada\u00a0que ha provocado\u00a0lluvias\u00a0e inundaciones en algunas partes del pa\u00eds. En\u00a0alerta\u00a0amarilla\u00a0est\u00e1n:\u00a0Santo Domingo,\u00a0 Monse\u00f1or Nouel, Santiago,\u00a0 Puerto Plata, Dajab\u00f3n,\u00a0 La Vega, Monte Plata,\u00a0 San Juan y Espaillat. Mientras\u2026","rel":"","context":"En \u00abNacionales\u00bb","block_context":{"text":"Nacionales","link":"https:\/\/solisinforma.com\/?cat=8"},"img":{"alt_text":"","src":"https:\/\/i0.wp.com\/solisinforma.com\/wp-content\/uploads\/2023\/06\/San-Juan-alerta-amarilla-lluvias-coe.jpg?fit=1200%2C669&ssl=1&resize=350%2C200","width":350,"height":200,"srcset":"https:\/\/i0.wp.com\/solisinforma.com\/wp-content\/uploads\/2023\/06\/San-Juan-alerta-amarilla-lluvias-coe.jpg?fit=1200%2C669&ssl=1&resize=350%2C200 1x, https:\/\/i0.wp.com\/solisinforma.com\/wp-content\/uploads\/2023\/06\/San-Juan-alerta-amarilla-lluvias-coe.jpg?fit=1200%2C669&ssl=1&resize=525%2C300 1.5x, https:\/\/i0.wp.com\/solisinforma.com\/wp-content\/uploads\/2023\/06\/San-Juan-alerta-amarilla-lluvias-coe.jpg?fit=1200%2C669&ssl=1&resize=700%2C400 2x, https:\/\/i0.wp.com\/solisinforma.com\/wp-content\/uploads\/2023\/06\/San-Juan-alerta-amarilla-lluvias-coe.jpg?fit=1200%2C669&ssl=1&resize=1050%2C600 3x"},"classes":[]},{"id":31310,"url":"https:\/\/solisinforma.com\/?p=31310","url_meta":{"origin":58243,"position":5},"title":"Indomet dice que aguaceros seguir\u00e1n este lunes y martes; hay 25 provincias en alerta","author":"Hector Solis","date":"5 de mayo de 2025","format":false,"excerpt":"Una vaguada afecta al territorio nacional desde hace unos d\u00edas 17 provincias est\u00e1n en amarilla y 8 en verde Gran parte del territorio nacional seguir\u00e1 dominado por la incidencia de la\u00a0vaguada\u00a0que le afecta desde hace un par de d\u00edas, lo cual provocar\u00e1\u00a0aguaceros\u00a0de moderados a fuertes este lunes y martes, conforme\u2026","rel":"","context":"En \u00abNacionales\u00bb","block_context":{"text":"Nacionales","link":"https:\/\/solisinforma.com\/?cat=8"},"img":{"alt_text":"","src":"https:\/\/i0.wp.com\/solisinforma.com\/wp-content\/uploads\/2023\/05\/San-Juan-en-Alerta-verde-por-lluvias.jpg?fit=1080%2C632&ssl=1&resize=350%2C200","width":350,"height":200,"srcset":"https:\/\/i0.wp.com\/solisinforma.com\/wp-content\/uploads\/2023\/05\/San-Juan-en-Alerta-verde-por-lluvias.jpg?fit=1080%2C632&ssl=1&resize=350%2C200 1x, https:\/\/i0.wp.com\/solisinforma.com\/wp-content\/uploads\/2023\/05\/San-Juan-en-Alerta-verde-por-lluvias.jpg?fit=1080%2C632&ssl=1&resize=525%2C300 1.5x, https:\/\/i0.wp.com\/solisinforma.com\/wp-content\/uploads\/2023\/05\/San-Juan-en-Alerta-verde-por-lluvias.jpg?fit=1080%2C632&ssl=1&resize=700%2C400 2x, https:\/\/i0.wp.com\/solisinforma.com\/wp-content\/uploads\/2023\/05\/San-Juan-en-Alerta-verde-por-lluvias.jpg?fit=1080%2C632&ssl=1&resize=1050%2C600 3x"},"classes":[]}],"jetpack_shortlink":"https:\/\/wp.me\/pc2Svn-f9p","_links":{"self":[{"href":"https:\/\/solisinforma.com\/index.php?rest_route=\/wp\/v2\/posts\/58243","targetHints":{"allow":["GET"]}}],"collection":[{"href":"https:\/\/solisinforma.com\/index.php?rest_route=\/wp\/v2\/posts"}],"about":[{"href":"https:\/\/solisinforma.com\/index.php?rest_route=\/wp\/v2\/types\/post"}],"author":[{"embeddable":true,"href":"https:\/\/solisinforma.com\/index.php?rest_route=\/wp\/v2\/users\/2"}],"replies":[{"embeddable":true,"href":"https:\/\/solisinforma.com\/index.php?rest_route=%2Fwp%2Fv2%2Fcomments&post=58243"}],"version-history":[{"count":1,"href":"https:\/\/solisinforma.com\/index.php?rest_route=\/wp\/v2\/posts\/58243\/revisions"}],"predecessor-version":[{"id":58245,"href":"https:\/\/solisinforma.com\/index.php?rest_route=\/wp\/v2\/posts\/58243\/revisions\/58245"}],"wp:featuredmedia":[{"embeddable":true,"href":"https:\/\/solisinforma.com\/index.php?rest_route=\/wp\/v2\/media\/55902"}],"wp:attachment":[{"href":"https:\/\/solisinforma.com\/index.php?rest_route=%2Fwp%2Fv2%2Fmedia&parent=58243"}],"wp:term":[{"taxonomy":"category","embeddable":true,"href":"https:\/\/solisinforma.com\/index.php?rest_route=%2Fwp%2Fv2%2Fcategories&post=58243"},{"taxonomy":"post_tag","embeddable":true,"href":"https:\/\/solisinforma.com\/index.php?rest_route=%2Fwp%2Fv2%2Ftags&post=58243"}],"curies":[{"name":"wp","href":"https:\/\/api.w.org\/{rel}","templated":true}]}}