{"id":58247,"date":"2026-09-01T16:47:53","date_gmt":"2026-09-01T20:47:53","guid":{"rendered":"https:\/\/solisinforma.com\/?p=58247"},"modified":"2026-09-01T17:03:13","modified_gmt":"2026-09-01T21:03:13","slug":"itla-reconoce-a-joven-sanjuanero-por-su-gran-labor-como-docente","status":"publish","type":"post","link":"https:\/\/solisinforma.com\/?p=58247","title":{"rendered":"ITLA reconoce a joven sanjuanero por su gran labor como docente ."},"content":{"rendered":"<p><img data-recalc-dims=\"1\" loading=\"lazy\" decoding=\"async\" class=\"aligncenter wp-image-58248 size-full\" src=\"https:\/\/i0.wp.com\/solisinforma.com\/wp-content\/uploads\/2026\/09\/Itla-reconoce-joven-Sanjuanero.jpeg?resize=640%2C427&#038;ssl=1\" alt=\"\" width=\"640\" height=\"427\" srcset=\"https:\/\/i0.wp.com\/solisinforma.com\/wp-content\/uploads\/2026\/09\/Itla-reconoce-joven-Sanjuanero.jpeg?w=1600&amp;ssl=1 1600w, https:\/\/i0.wp.com\/solisinforma.com\/wp-content\/uploads\/2026\/09\/Itla-reconoce-joven-Sanjuanero.jpeg?resize=1080%2C720&amp;ssl=1 1080w, https:\/\/i0.wp.com\/solisinforma.com\/wp-content\/uploads\/2026\/09\/Itla-reconoce-joven-Sanjuanero.jpeg?resize=768%2C512&amp;ssl=1 768w, https:\/\/i0.wp.com\/solisinforma.com\/wp-content\/uploads\/2026\/09\/Itla-reconoce-joven-Sanjuanero.jpeg?resize=1536%2C1024&amp;ssl=1 1536w, https:\/\/i0.wp.com\/solisinforma.com\/wp-content\/uploads\/2026\/09\/Itla-reconoce-joven-Sanjuanero.jpeg?resize=1024%2C683&amp;ssl=1 1024w, https:\/\/i0.wp.com\/solisinforma.com\/wp-content\/uploads\/2026\/09\/Itla-reconoce-joven-Sanjuanero.jpeg?w=1280&amp;ssl=1 1280w\" sizes=\"auto, (max-width: 640px) 100vw, 640px\" \/><\/p>\n<p style=\"font-weight: 400;\"><strong><br \/>\nSanto Domingo, RD. &#8211;<\/strong> El Instituto Tecnol\u00f3gico de las Am\u00e9ricas (ITLA), reconoci\u00f3 al joven oriundo del municipio de San Juan de la Maguana, perteneciente a la provincia de San Juan, Ely Manuel Familia Cabral, por su invaluable labor y compromiso con la formaci\u00f3n de cientos de j\u00f3venes cada a\u00f1o en dicha instituci\u00f3n de educaci\u00f3n y formaci\u00f3n t\u00e9cnica.<\/p>\n<p><span style=\"font-weight: 400;\">Familia Cabral, de 28 a\u00f1os de edad, ingres\u00f3 en la academia de formaci\u00f3n t\u00e9cnica en el a\u00f1o 2016, en donde posteriormente se gradu\u00f3 como tecn\u00f3logo en multimedia en 2018. Del mismo modo, contin\u00faa especializ\u00e1ndose en el \u00e1rea de publicidad en la Universidad Apec (UNAPEC) en donde obtuvo el grado de licenciado en publicidad. <\/span><span style=\"font-weight: 400;\">As\u00ed mismo, el joven sanjuanero posee un posgrado en marketing y estrategias digitales, logrando establecer su propia agencia de estrategia digital y manejo de redes, desde donde ha puesto su conocimiento en pr\u00e1ctica trabajando con diferentes empresas e instituciones en la planificaci\u00f3n y ejecuci\u00f3n de estrategias digitales para impulsar sus respectivas marcas.<\/span><br style=\"font-weight: 400;\" \/><span style=\"font-weight: 400;\">Durante los \u00faltimos a\u00f1os, Familia ha participado en la formaci\u00f3n de cientos de j\u00f3venes a trav\u00e9s de programas de becas de educaci\u00f3n continua del ITLA, impartiendo conocimientos relacionados con marketing digital, comunicaci\u00f3n digital, gesti\u00f3n de redes sociales, creaci\u00f3n de contenidos y herramientas audiovisuales.<\/span><\/p>\n<p style=\"font-weight: 400;\">Esta faceta le ha permitido trasladar al aula experiencias provenientes de proyectos y situaciones reales, conectando los conceptos acad\u00e9micos con las exigencias actuales del mercado.<\/p>\n","protected":false},"excerpt":{"rendered":"<p>Santo Domingo, RD. &#8211; El Instituto Tecnol\u00f3gico de las Am\u00e9ricas (ITLA), reconoci\u00f3 al joven oriundo&#8230;<\/p>\n","protected":false},"author":2,"featured_media":58248,"comment_status":"open","ping_status":"open","sticky":false,"template":"","format":"standard","meta":{"_jetpack_newsletter_access":"","_jetpack_dont_email_post_to_subs":false,"_jetpack_newsletter_tier_id":0,"_jetpack_memberships_contains_paywalled_content":false,"_jetpack_memberships_contains_paid_content":false,"_joinchat":[],"footnotes":"","jetpack_publicize_message":"","jetpack_publicize_feature_enabled":true,"jetpack_social_post_already_shared":true,"jetpack_social_options":{"image_generator_settings":{"template":"highway","default_image_id":0,"font":"","enabled":false},"version":2},"jetpack_post_was_ever_published":false},"categories":[34,39],"tags":[22608,22606,22607,3643,920,46],"class_list":["post-58247","post","type-post","status-publish","format-standard","has-post-thumbnail","hentry","category-locales","category-primeraplana","tag-ely-manuel-familia-cabral","tag-instituto-tecnologico-de-las-americas-itla","tag-labor-docente","tag-reconocimiento","tag-sanjuanero","tag-solis-informa"],"yoast_head":"<!-- This site is optimized with the Yoast SEO plugin v24.9 - https:\/\/yoast.com\/wordpress\/plugins\/seo\/ -->\n<title>ITLA reconoce a joven sanjuanero por su gran labor como docente . - Solis Informa<\/title>\n<meta name=\"robots\" content=\"index, follow, max-snippet:-1, max-image-preview:large, max-video-preview:-1\" \/>\n<link rel=\"canonical\" href=\"https:\/\/solisinforma.com\/?p=58247\" \/>\n<meta property=\"og:locale\" content=\"es_ES\" \/>\n<meta property=\"og:type\" content=\"article\" \/>\n<meta property=\"og:title\" content=\"ITLA reconoce a joven sanjuanero por su gran labor como docente . - Solis Informa\" \/>\n<meta property=\"og:description\" content=\"Santo Domingo, RD. &#8211; El Instituto Tecnol\u00f3gico de las Am\u00e9ricas (ITLA), reconoci\u00f3 al joven oriundo...\" \/>\n<meta property=\"og:url\" content=\"https:\/\/solisinforma.com\/?p=58247\" \/>\n<meta property=\"og:site_name\" content=\"Solis Informa\" \/>\n<meta property=\"article:publisher\" content=\"https:\/\/www.facebook.com\/Solisinforma1\/\" \/>\n<meta property=\"article:author\" content=\"https:\/\/www.facebook.com\/Solisinforma\/\" \/>\n<meta property=\"article:published_time\" content=\"2026-09-01T20:47:53+00:00\" \/>\n<meta property=\"article:modified_time\" content=\"2026-09-01T21:03:13+00:00\" \/>\n<meta property=\"og:image\" content=\"https:\/\/solisinforma.com\/wp-content\/uploads\/2026\/09\/Itla-reconoce-joven-Sanjuanero.jpeg\" \/>\n\t<meta property=\"og:image:width\" content=\"1600\" \/>\n\t<meta property=\"og:image:height\" content=\"1067\" \/>\n\t<meta property=\"og:image:type\" content=\"image\/jpeg\" \/>\n<meta name=\"author\" content=\"Hector Solis\" \/>\n<meta name=\"twitter:card\" content=\"summary_large_image\" \/>\n<meta name=\"twitter:creator\" content=\"@solisinforma1\" \/>\n<meta name=\"twitter:label1\" content=\"Escrito por\" \/>\n\t<meta name=\"twitter:data1\" content=\"Hector Solis\" \/>\n\t<meta name=\"twitter:label2\" content=\"Tiempo de lectura\" \/>\n\t<meta name=\"twitter:data2\" content=\"2 minutos\" \/>\n<script type=\"application\/ld+json\" class=\"yoast-schema-graph\">{\"@context\":\"https:\/\/schema.org\",\"@graph\":[{\"@type\":\"Article\",\"@id\":\"https:\/\/solisinforma.com\/?p=58247#article\",\"isPartOf\":{\"@id\":\"https:\/\/solisinforma.com\/?p=58247\"},\"author\":{\"name\":\"Hector Solis\",\"@id\":\"https:\/\/solisinforma.com\/#\/schema\/person\/db4967d1c8ed640d46bf21dc55215612\"},\"headline\":\"ITLA reconoce a joven sanjuanero por su gran labor como docente .\",\"datePublished\":\"2026-09-01T20:47:53+00:00\",\"dateModified\":\"2026-09-01T21:03:13+00:00\",\"mainEntityOfPage\":{\"@id\":\"https:\/\/solisinforma.com\/?p=58247\"},\"wordCount\":266,\"commentCount\":0,\"publisher\":{\"@id\":\"https:\/\/solisinforma.com\/#organization\"},\"image\":{\"@id\":\"https:\/\/solisinforma.com\/?p=58247#primaryimage\"},\"thumbnailUrl\":\"https:\/\/i0.wp.com\/solisinforma.com\/wp-content\/uploads\/2026\/09\/Itla-reconoce-joven-Sanjuanero.jpeg?fit=1600%2C1067&ssl=1\",\"keywords\":[\"Ely Manuel Familia Cabral\",\"Instituto Tecnol\u00f3gico de las Am\u00e9ricas (ITLA)\",\"Labor docente\",\"Reconocimiento\",\"sanjuanero\",\"Solis informa\"],\"articleSection\":[\"Locales\",\"Primera Plana\"],\"inLanguage\":\"es\",\"potentialAction\":[{\"@type\":\"CommentAction\",\"name\":\"Comment\",\"target\":[\"https:\/\/solisinforma.com\/?p=58247#respond\"]}]},{\"@type\":\"WebPage\",\"@id\":\"https:\/\/solisinforma.com\/?p=58247\",\"url\":\"https:\/\/solisinforma.com\/?p=58247\",\"name\":\"ITLA reconoce a joven sanjuanero por su gran labor como docente . - Solis Informa\",\"isPartOf\":{\"@id\":\"https:\/\/solisinforma.com\/#website\"},\"primaryImageOfPage\":{\"@id\":\"https:\/\/solisinforma.com\/?p=58247#primaryimage\"},\"image\":{\"@id\":\"https:\/\/solisinforma.com\/?p=58247#primaryimage\"},\"thumbnailUrl\":\"https:\/\/i0.wp.com\/solisinforma.com\/wp-content\/uploads\/2026\/09\/Itla-reconoce-joven-Sanjuanero.jpeg?fit=1600%2C1067&ssl=1\",\"datePublished\":\"2026-09-01T20:47:53+00:00\",\"dateModified\":\"2026-09-01T21:03:13+00:00\",\"breadcrumb\":{\"@id\":\"https:\/\/solisinforma.com\/?p=58247#breadcrumb\"},\"inLanguage\":\"es\",\"potentialAction\":[{\"@type\":\"ReadAction\",\"target\":[\"https:\/\/solisinforma.com\/?p=58247\"]}]},{\"@type\":\"ImageObject\",\"inLanguage\":\"es\",\"@id\":\"https:\/\/solisinforma.com\/?p=58247#primaryimage\",\"url\":\"https:\/\/i0.wp.com\/solisinforma.com\/wp-content\/uploads\/2026\/09\/Itla-reconoce-joven-Sanjuanero.jpeg?fit=1600%2C1067&ssl=1\",\"contentUrl\":\"https:\/\/i0.wp.com\/solisinforma.com\/wp-content\/uploads\/2026\/09\/Itla-reconoce-joven-Sanjuanero.jpeg?fit=1600%2C1067&ssl=1\",\"width\":1600,\"height\":1067},{\"@type\":\"BreadcrumbList\",\"@id\":\"https:\/\/solisinforma.com\/?p=58247#breadcrumb\",\"itemListElement\":[{\"@type\":\"ListItem\",\"position\":1,\"name\":\"Portada\",\"item\":\"https:\/\/solisinforma.com\/\"},{\"@type\":\"ListItem\",\"position\":2,\"name\":\"ITLA reconoce a joven sanjuanero por su gran labor como docente .\"}]},{\"@type\":\"WebSite\",\"@id\":\"https:\/\/solisinforma.com\/#website\",\"url\":\"https:\/\/solisinforma.com\/\",\"name\":\"Solis Informa\",\"description\":\"El Diario de San Juan\",\"publisher\":{\"@id\":\"https:\/\/solisinforma.com\/#organization\"},\"potentialAction\":[{\"@type\":\"SearchAction\",\"target\":{\"@type\":\"EntryPoint\",\"urlTemplate\":\"https:\/\/solisinforma.com\/?s={search_term_string}\"},\"query-input\":{\"@type\":\"PropertyValueSpecification\",\"valueRequired\":true,\"valueName\":\"search_term_string\"}}],\"inLanguage\":\"es\"},{\"@type\":\"Organization\",\"@id\":\"https:\/\/solisinforma.com\/#organization\",\"name\":\"Solis Informa\",\"url\":\"https:\/\/solisinforma.com\/\",\"logo\":{\"@type\":\"ImageObject\",\"inLanguage\":\"es\",\"@id\":\"https:\/\/solisinforma.com\/#\/schema\/logo\/image\/\",\"url\":\"https:\/\/i0.wp.com\/solisinforma.com\/wp-content\/uploads\/2020\/07\/cropped-solis-4.png?fit=512%2C512&ssl=1\",\"contentUrl\":\"https:\/\/i0.wp.com\/solisinforma.com\/wp-content\/uploads\/2020\/07\/cropped-solis-4.png?fit=512%2C512&ssl=1\",\"width\":512,\"height\":512,\"caption\":\"Solis Informa\"},\"image\":{\"@id\":\"https:\/\/solisinforma.com\/#\/schema\/logo\/image\/\"},\"sameAs\":[\"https:\/\/www.facebook.com\/Solisinforma1\/\"]},{\"@type\":\"Person\",\"@id\":\"https:\/\/solisinforma.com\/#\/schema\/person\/db4967d1c8ed640d46bf21dc55215612\",\"name\":\"Hector Solis\",\"image\":{\"@type\":\"ImageObject\",\"inLanguage\":\"es\",\"@id\":\"https:\/\/solisinforma.com\/#\/schema\/person\/image\/\",\"url\":\"https:\/\/secure.gravatar.com\/avatar\/3e116868529a43555438940611160b9cf01e4fb17f119453a6329d96e10fecf8?s=96&d=mm&r=g\",\"contentUrl\":\"https:\/\/secure.gravatar.com\/avatar\/3e116868529a43555438940611160b9cf01e4fb17f119453a6329d96e10fecf8?s=96&d=mm&r=g\",\"caption\":\"Hector Solis\"},\"sameAs\":[\"http:\/\/Solisinforma.com\",\"https:\/\/www.facebook.com\/Solisinforma\/\",\"https:\/\/www.instagram.com\/solisinforma\/\",\"www.linkedin.com\/in\/hectorsolisinforma\",\"https:\/\/x.com\/solisinforma1\",\"@Solisinformaenvivo\",\"https:\/\/soundcloud.com\/solisinforma\"],\"url\":\"https:\/\/solisinforma.com\/?author=2\"}]}<\/script>\n<!-- \/ Yoast SEO plugin. -->","yoast_head_json":{"title":"ITLA reconoce a joven sanjuanero por su gran labor como docente . - Solis Informa","robots":{"index":"index","follow":"follow","max-snippet":"max-snippet:-1","max-image-preview":"max-image-preview:large","max-video-preview":"max-video-preview:-1"},"canonical":"https:\/\/solisinforma.com\/?p=58247","og_locale":"es_ES","og_type":"article","og_title":"ITLA reconoce a joven sanjuanero por su gran labor como docente . - Solis Informa","og_description":"Santo Domingo, RD. &#8211; El Instituto Tecnol\u00f3gico de las Am\u00e9ricas (ITLA), reconoci\u00f3 al joven oriundo...","og_url":"https:\/\/solisinforma.com\/?p=58247","og_site_name":"Solis Informa","article_publisher":"https:\/\/www.facebook.com\/Solisinforma1\/","article_author":"https:\/\/www.facebook.com\/Solisinforma\/","article_published_time":"2026-09-01T20:47:53+00:00","article_modified_time":"2026-09-01T21:03:13+00:00","og_image":[{"width":1600,"height":1067,"url":"https:\/\/solisinforma.com\/wp-content\/uploads\/2026\/09\/Itla-reconoce-joven-Sanjuanero.jpeg","type":"image\/jpeg"}],"author":"Hector Solis","twitter_card":"summary_large_image","twitter_creator":"@solisinforma1","twitter_misc":{"Escrito por":"Hector Solis","Tiempo de lectura":"2 minutos"},"schema":{"@context":"https:\/\/schema.org","@graph":[{"@type":"Article","@id":"https:\/\/solisinforma.com\/?p=58247#article","isPartOf":{"@id":"https:\/\/solisinforma.com\/?p=58247"},"author":{"name":"Hector Solis","@id":"https:\/\/solisinforma.com\/#\/schema\/person\/db4967d1c8ed640d46bf21dc55215612"},"headline":"ITLA reconoce a joven sanjuanero por su gran labor como docente .","datePublished":"2026-09-01T20:47:53+00:00","dateModified":"2026-09-01T21:03:13+00:00","mainEntityOfPage":{"@id":"https:\/\/solisinforma.com\/?p=58247"},"wordCount":266,"commentCount":0,"publisher":{"@id":"https:\/\/solisinforma.com\/#organization"},"image":{"@id":"https:\/\/solisinforma.com\/?p=58247#primaryimage"},"thumbnailUrl":"https:\/\/i0.wp.com\/solisinforma.com\/wp-content\/uploads\/2026\/09\/Itla-reconoce-joven-Sanjuanero.jpeg?fit=1600%2C1067&ssl=1","keywords":["Ely Manuel Familia Cabral","Instituto Tecnol\u00f3gico de las Am\u00e9ricas (ITLA)","Labor docente","Reconocimiento","sanjuanero","Solis informa"],"articleSection":["Locales","Primera Plana"],"inLanguage":"es","potentialAction":[{"@type":"CommentAction","name":"Comment","target":["https:\/\/solisinforma.com\/?p=58247#respond"]}]},{"@type":"WebPage","@id":"https:\/\/solisinforma.com\/?p=58247","url":"https:\/\/solisinforma.com\/?p=58247","name":"ITLA reconoce a joven sanjuanero por su gran labor como docente . - Solis Informa","isPartOf":{"@id":"https:\/\/solisinforma.com\/#website"},"primaryImageOfPage":{"@id":"https:\/\/solisinforma.com\/?p=58247#primaryimage"},"image":{"@id":"https:\/\/solisinforma.com\/?p=58247#primaryimage"},"thumbnailUrl":"https:\/\/i0.wp.com\/solisinforma.com\/wp-content\/uploads\/2026\/09\/Itla-reconoce-joven-Sanjuanero.jpeg?fit=1600%2C1067&ssl=1","datePublished":"2026-09-01T20:47:53+00:00","dateModified":"2026-09-01T21:03:13+00:00","breadcrumb":{"@id":"https:\/\/solisinforma.com\/?p=58247#breadcrumb"},"inLanguage":"es","potentialAction":[{"@type":"ReadAction","target":["https:\/\/solisinforma.com\/?p=58247"]}]},{"@type":"ImageObject","inLanguage":"es","@id":"https:\/\/solisinforma.com\/?p=58247#primaryimage","url":"https:\/\/i0.wp.com\/solisinforma.com\/wp-content\/uploads\/2026\/09\/Itla-reconoce-joven-Sanjuanero.jpeg?fit=1600%2C1067&ssl=1","contentUrl":"https:\/\/i0.wp.com\/solisinforma.com\/wp-content\/uploads\/2026\/09\/Itla-reconoce-joven-Sanjuanero.jpeg?fit=1600%2C1067&ssl=1","width":1600,"height":1067},{"@type":"BreadcrumbList","@id":"https:\/\/solisinforma.com\/?p=58247#breadcrumb","itemListElement":[{"@type":"ListItem","position":1,"name":"Portada","item":"https:\/\/solisinforma.com\/"},{"@type":"ListItem","position":2,"name":"ITLA reconoce a joven sanjuanero por su gran labor como docente ."}]},{"@type":"WebSite","@id":"https:\/\/solisinforma.com\/#website","url":"https:\/\/solisinforma.com\/","name":"Solis Informa","description":"El Diario de San Juan","publisher":{"@id":"https:\/\/solisinforma.com\/#organization"},"potentialAction":[{"@type":"SearchAction","target":{"@type":"EntryPoint","urlTemplate":"https:\/\/solisinforma.com\/?s={search_term_string}"},"query-input":{"@type":"PropertyValueSpecification","valueRequired":true,"valueName":"search_term_string"}}],"inLanguage":"es"},{"@type":"Organization","@id":"https:\/\/solisinforma.com\/#organization","name":"Solis Informa","url":"https:\/\/solisinforma.com\/","logo":{"@type":"ImageObject","inLanguage":"es","@id":"https:\/\/solisinforma.com\/#\/schema\/logo\/image\/","url":"https:\/\/i0.wp.com\/solisinforma.com\/wp-content\/uploads\/2020\/07\/cropped-solis-4.png?fit=512%2C512&ssl=1","contentUrl":"https:\/\/i0.wp.com\/solisinforma.com\/wp-content\/uploads\/2020\/07\/cropped-solis-4.png?fit=512%2C512&ssl=1","width":512,"height":512,"caption":"Solis Informa"},"image":{"@id":"https:\/\/solisinforma.com\/#\/schema\/logo\/image\/"},"sameAs":["https:\/\/www.facebook.com\/Solisinforma1\/"]},{"@type":"Person","@id":"https:\/\/solisinforma.com\/#\/schema\/person\/db4967d1c8ed640d46bf21dc55215612","name":"Hector Solis","image":{"@type":"ImageObject","inLanguage":"es","@id":"https:\/\/solisinforma.com\/#\/schema\/person\/image\/","url":"https:\/\/secure.gravatar.com\/avatar\/3e116868529a43555438940611160b9cf01e4fb17f119453a6329d96e10fecf8?s=96&d=mm&r=g","contentUrl":"https:\/\/secure.gravatar.com\/avatar\/3e116868529a43555438940611160b9cf01e4fb17f119453a6329d96e10fecf8?s=96&d=mm&r=g","caption":"Hector Solis"},"sameAs":["http:\/\/Solisinforma.com","https:\/\/www.facebook.com\/Solisinforma\/","https:\/\/www.instagram.com\/solisinforma\/","www.linkedin.com\/in\/hectorsolisinforma","https:\/\/x.com\/solisinforma1","@Solisinformaenvivo","https:\/\/soundcloud.com\/solisinforma"],"url":"https:\/\/solisinforma.com\/?author=2"}]}},"jetpack_publicize_connections":[],"jetpack_featured_media_url":"https:\/\/i0.wp.com\/solisinforma.com\/wp-content\/uploads\/2026\/09\/Itla-reconoce-joven-Sanjuanero.jpeg?fit=1600%2C1067&ssl=1","jetpack_sharing_enabled":true,"jetpack_likes_enabled":true,"jetpack-related-posts":[{"id":52926,"url":"https:\/\/solisinforma.com\/?p=52926","url_meta":{"origin":58247,"position":0},"title":"De Juan de Herrera, hijo de Rub\u00e9n Zabala se grad\u00faa con honores del ITLA","author":"Hector Solis","date":"31 de octubre de 2025","format":false,"excerpt":"Santo Domingo. RD. - En una ceremonia llena de emotividad, abrazos cargados de triunfos y satisfacci\u00f3n, el Instituto Tecnol\u00f3gico de Las Am\u00e9ricas (ITLA), celebr\u00f3 su Decimonovena Graduaci\u00f3n Ordinaria, donde 381 profesionales recibieron su t\u00edtulo en diferentes \u00e1reas, y dentro de estos, el de mayor \u00edndice acad\u00e9mico de 4.0 alcanzando la\u2026","rel":"","context":"En \u00abLocales\u00bb","block_context":{"text":"Locales","link":"https:\/\/solisinforma.com\/?cat=34"},"img":{"alt_text":"","src":"https:\/\/i0.wp.com\/solisinforma.com\/wp-content\/uploads\/2025\/10\/Itla-Graduacion-Ruben-Elias-2-scaled.jpg?fit=1200%2C675&ssl=1&resize=350%2C200","width":350,"height":200,"srcset":"https:\/\/i0.wp.com\/solisinforma.com\/wp-content\/uploads\/2025\/10\/Itla-Graduacion-Ruben-Elias-2-scaled.jpg?fit=1200%2C675&ssl=1&resize=350%2C200 1x, https:\/\/i0.wp.com\/solisinforma.com\/wp-content\/uploads\/2025\/10\/Itla-Graduacion-Ruben-Elias-2-scaled.jpg?fit=1200%2C675&ssl=1&resize=525%2C300 1.5x, https:\/\/i0.wp.com\/solisinforma.com\/wp-content\/uploads\/2025\/10\/Itla-Graduacion-Ruben-Elias-2-scaled.jpg?fit=1200%2C675&ssl=1&resize=700%2C400 2x, https:\/\/i0.wp.com\/solisinforma.com\/wp-content\/uploads\/2025\/10\/Itla-Graduacion-Ruben-Elias-2-scaled.jpg?fit=1200%2C675&ssl=1&resize=1050%2C600 3x"},"classes":[]},{"id":54596,"url":"https:\/\/solisinforma.com\/?p=54596","url_meta":{"origin":58247,"position":1},"title":"Presidente Abinader designa nuevo rector del ITLA mediante Decreto 65-26","author":"Hector Solis","date":"1 de febrero de 2026","format":false,"excerpt":"El ingeniero Jimmy Rosario Bernard cuenta con una amplia experiencia en ingenier\u00eda inform\u00e1tica, digitalizaci\u00f3n de servicios p\u00fablicos y educaci\u00f3n STEM. Santo Domingo.\u2013 El presidente de la Rep\u00fablica,\u00a0Luis Abinader, design\u00f3 al ingeniero\u00a0Jimmy Rosario Bernard\u00a0como nuevo rector del Instituto Tecnol\u00f3gico de Las Am\u00e9ricas\u00a0(ITLA), mediante el\u00a0Decreto n\u00fam. 65-26\u00a0emitido el 31 de enero de\u2026","rel":"","context":"En \u00abNacionales\u00bb","block_context":{"text":"Nacionales","link":"https:\/\/solisinforma.com\/?cat=8"},"img":{"alt_text":"","src":"https:\/\/i0.wp.com\/solisinforma.com\/wp-content\/uploads\/2026\/02\/Jimmy-Rosario-Bernard.jpg?fit=1200%2C797&ssl=1&resize=350%2C200","width":350,"height":200,"srcset":"https:\/\/i0.wp.com\/solisinforma.com\/wp-content\/uploads\/2026\/02\/Jimmy-Rosario-Bernard.jpg?fit=1200%2C797&ssl=1&resize=350%2C200 1x, https:\/\/i0.wp.com\/solisinforma.com\/wp-content\/uploads\/2026\/02\/Jimmy-Rosario-Bernard.jpg?fit=1200%2C797&ssl=1&resize=525%2C300 1.5x, https:\/\/i0.wp.com\/solisinforma.com\/wp-content\/uploads\/2026\/02\/Jimmy-Rosario-Bernard.jpg?fit=1200%2C797&ssl=1&resize=700%2C400 2x, https:\/\/i0.wp.com\/solisinforma.com\/wp-content\/uploads\/2026\/02\/Jimmy-Rosario-Bernard.jpg?fit=1200%2C797&ssl=1&resize=1050%2C600 3x"},"classes":[]},{"id":57598,"url":"https:\/\/solisinforma.com\/?p=57598","url_meta":{"origin":58247,"position":2},"title":"Rector Asjana David designa al maestro Gerson D\u00edaz director general de Comunicaciones de la UASD","author":"Hector Solis","date":"22 de julio de 2026","format":false,"excerpt":"Santo Domingo. Como parte del proceso de fortalecimiento institucional de la Universidad Aut\u00f3noma de Santo Domingo (UASD), el rector Jorge Asjana David design\u00f3 al maestro Gerson D\u00edaz como director general de Comunicaciones de la academia estatal. La designaci\u00f3n responde al compromiso de la nueva gesti\u00f3n de consolidar una pol\u00edtica de\u2026","rel":"","context":"En \u00abNacionales\u00bb","block_context":{"text":"Nacionales","link":"https:\/\/solisinforma.com\/?cat=8"},"img":{"alt_text":"","src":"https:\/\/i0.wp.com\/solisinforma.com\/wp-content\/uploads\/2026\/07\/IMG-20260722-WA0009.jpg?fit=1032%2C688&ssl=1&resize=350%2C200","width":350,"height":200,"srcset":"https:\/\/i0.wp.com\/solisinforma.com\/wp-content\/uploads\/2026\/07\/IMG-20260722-WA0009.jpg?fit=1032%2C688&ssl=1&resize=350%2C200 1x, https:\/\/i0.wp.com\/solisinforma.com\/wp-content\/uploads\/2026\/07\/IMG-20260722-WA0009.jpg?fit=1032%2C688&ssl=1&resize=525%2C300 1.5x, https:\/\/i0.wp.com\/solisinforma.com\/wp-content\/uploads\/2026\/07\/IMG-20260722-WA0009.jpg?fit=1032%2C688&ssl=1&resize=700%2C400 2x"},"classes":[]},{"id":54440,"url":"https:\/\/solisinforma.com\/?p=54440","url_meta":{"origin":58247,"position":3},"title":"Abinader destituye al rector del ITLA, Rafael F\u00e9liz Garc\u00eda","author":"Hector Solis","date":"23 de enero de 2026","format":false,"excerpt":"De acuerdo con lo establecido en el art\u00edculo 1 del decreto, queda derogado el art\u00edculo 13 del decreto n\u00fam. 390-24, del 17 de julio de 2024, mediante el cual se design\u00f3 a F\u00e9liz Garc\u00eda como rector de esa instituci\u00f3n de educaci\u00f3n superior. El presidente de la Rep\u00fablica, Luis Abinader, destituy\u00f3\u2026","rel":"","context":"En \u00abNacionales\u00bb","block_context":{"text":"Nacionales","link":"https:\/\/solisinforma.com\/?cat=8"},"img":{"alt_text":"","src":"https:\/\/i0.wp.com\/solisinforma.com\/wp-content\/uploads\/2026\/01\/6430922796700.r_d.381-196.png?fit=800%2C874&ssl=1&resize=350%2C200","width":350,"height":200,"srcset":"https:\/\/i0.wp.com\/solisinforma.com\/wp-content\/uploads\/2026\/01\/6430922796700.r_d.381-196.png?fit=800%2C874&ssl=1&resize=350%2C200 1x, https:\/\/i0.wp.com\/solisinforma.com\/wp-content\/uploads\/2026\/01\/6430922796700.r_d.381-196.png?fit=800%2C874&ssl=1&resize=525%2C300 1.5x, https:\/\/i0.wp.com\/solisinforma.com\/wp-content\/uploads\/2026\/01\/6430922796700.r_d.381-196.png?fit=800%2C874&ssl=1&resize=700%2C400 2x"},"classes":[]},{"id":53293,"url":"https:\/\/solisinforma.com\/?p=53293","url_meta":{"origin":58247,"position":4},"title":"El aporte de Infotep","author":"Hector Solis","date":"21 de noviembre de 2025","format":false,"excerpt":"El Instituto de Formaci\u00f3n T\u00e9cnico Profesional fue, desde sus inicios, una buena idea, y hoy d\u00eda es una opci\u00f3n excepcional al alcance de personas muy j\u00f3venes, o de edad madura, para formarse sin grandes requisitos en campos pr\u00e1cticos escogidos como v\u00eda para la realizaci\u00f3n personal o para la inserci\u00f3n con\u2026","rel":"","context":"En \u00abNacionales\u00bb","block_context":{"text":"Nacionales","link":"https:\/\/solisinforma.com\/?cat=8"},"img":{"alt_text":"","src":"https:\/\/i0.wp.com\/solisinforma.com\/wp-content\/uploads\/2025\/11\/Infotep-aporte.jpg?fit=1200%2C675&ssl=1&resize=350%2C200","width":350,"height":200,"srcset":"https:\/\/i0.wp.com\/solisinforma.com\/wp-content\/uploads\/2025\/11\/Infotep-aporte.jpg?fit=1200%2C675&ssl=1&resize=350%2C200 1x, https:\/\/i0.wp.com\/solisinforma.com\/wp-content\/uploads\/2025\/11\/Infotep-aporte.jpg?fit=1200%2C675&ssl=1&resize=525%2C300 1.5x, https:\/\/i0.wp.com\/solisinforma.com\/wp-content\/uploads\/2025\/11\/Infotep-aporte.jpg?fit=1200%2C675&ssl=1&resize=700%2C400 2x, https:\/\/i0.wp.com\/solisinforma.com\/wp-content\/uploads\/2025\/11\/Infotep-aporte.jpg?fit=1200%2C675&ssl=1&resize=1050%2C600 3x"},"classes":[]},{"id":17338,"url":"https:\/\/solisinforma.com\/?p=17338","url_meta":{"origin":58247,"position":5},"title":"Gobierno reconoce a m\u00e1s de 20 j\u00f3venes en Premio Nacional de la Juventud","author":"Hector Solis","date":"1 de febrero de 2023","format":false,"excerpt":"Katherine Motyka, de Jomp\u00e9ame, recibi\u00f3 el reconocimiento principal Andre\u00edna Mart\u00ednez, Miss RD Universo, recibi\u00f3 un reconocimiento individual Abinader cita proyectos en favor de los j\u00f3venes y el ministro F\u00e9liz Garc\u00eda pas\u00f3 balance a sus ejecuciones El Gobierno dominicano, a trav\u00e9s del Ministerio de la Juventud, reconoci\u00f3 anoche a m\u00e1s de\u00a020\u2026","rel":"","context":"En \u00abNacionales\u00bb","block_context":{"text":"Nacionales","link":"https:\/\/solisinforma.com\/?cat=8"},"img":{"alt_text":"","src":"https:\/\/i0.wp.com\/solisinforma.com\/wp-content\/uploads\/2023\/02\/Premio-juventud-2023.jpeg?fit=1200%2C800&ssl=1&resize=350%2C200","width":350,"height":200,"srcset":"https:\/\/i0.wp.com\/solisinforma.com\/wp-content\/uploads\/2023\/02\/Premio-juventud-2023.jpeg?fit=1200%2C800&ssl=1&resize=350%2C200 1x, https:\/\/i0.wp.com\/solisinforma.com\/wp-content\/uploads\/2023\/02\/Premio-juventud-2023.jpeg?fit=1200%2C800&ssl=1&resize=525%2C300 1.5x, https:\/\/i0.wp.com\/solisinforma.com\/wp-content\/uploads\/2023\/02\/Premio-juventud-2023.jpeg?fit=1200%2C800&ssl=1&resize=700%2C400 2x, https:\/\/i0.wp.com\/solisinforma.com\/wp-content\/uploads\/2023\/02\/Premio-juventud-2023.jpeg?fit=1200%2C800&ssl=1&resize=1050%2C600 3x"},"classes":[]}],"jetpack_shortlink":"https:\/\/wp.me\/pc2Svn-f9t","_links":{"self":[{"href":"https:\/\/solisinforma.com\/index.php?rest_route=\/wp\/v2\/posts\/58247","targetHints":{"allow":["GET"]}}],"collection":[{"href":"https:\/\/solisinforma.com\/index.php?rest_route=\/wp\/v2\/posts"}],"about":[{"href":"https:\/\/solisinforma.com\/index.php?rest_route=\/wp\/v2\/types\/post"}],"author":[{"embeddable":true,"href":"https:\/\/solisinforma.com\/index.php?rest_route=\/wp\/v2\/users\/2"}],"replies":[{"embeddable":true,"href":"https:\/\/solisinforma.com\/index.php?rest_route=%2Fwp%2Fv2%2Fcomments&post=58247"}],"version-history":[{"count":2,"href":"https:\/\/solisinforma.com\/index.php?rest_route=\/wp\/v2\/posts\/58247\/revisions"}],"predecessor-version":[{"id":58250,"href":"https:\/\/solisinforma.com\/index.php?rest_route=\/wp\/v2\/posts\/58247\/revisions\/58250"}],"wp:featuredmedia":[{"embeddable":true,"href":"https:\/\/solisinforma.com\/index.php?rest_route=\/wp\/v2\/media\/58248"}],"wp:attachment":[{"href":"https:\/\/solisinforma.com\/index.php?rest_route=%2Fwp%2Fv2%2Fmedia&parent=58247"}],"wp:term":[{"taxonomy":"category","embeddable":true,"href":"https:\/\/solisinforma.com\/index.php?rest_route=%2Fwp%2Fv2%2Fcategories&post=58247"},{"taxonomy":"post_tag","embeddable":true,"href":"https:\/\/solisinforma.com\/index.php?rest_route=%2Fwp%2Fv2%2Ftags&post=58247"}],"curies":[{"name":"wp","href":"https:\/\/api.w.org\/{rel}","templated":true}]}}