{"id":58251,"date":"2026-09-01T17:20:00","date_gmt":"2026-09-01T21:20:00","guid":{"rendered":"https:\/\/solisinforma.com\/?p=58251"},"modified":"2026-09-01T17:20:00","modified_gmt":"2026-09-01T21:20:00","slug":"gobierno-entrega-50-camiones-compactadores-para-fortalecer-la-recogida-de-basura-cuatro-van-a-san-juan","status":"publish","type":"post","link":"https:\/\/solisinforma.com\/?p=58251","title":{"rendered":"Gobierno entrega 50 camiones compactadores para fortalecer la recogida de basura; cuatro van a San Juan"},"content":{"rendered":"<ul>\n<li data-path-to-node=\"1\"><strong>El Ministerio Administrativo de la Presidencia equip\u00f3 a decenas de alcald\u00edas y juntas distritales de la Rep\u00fablica Dominicana con nuevas unidades de aseo urbano. La iniciativa busca resolver el d\u00e9ficit en el manejo de residuos s\u00f3lidos y elevar los niveles de salubridad en diversas demarcaciones del pa\u00eds, incluyendo cuatro localidades de la provincia San Juan.<\/strong><\/li>\n<\/ul>\n<p data-path-to-node=\"2\"><img data-recalc-dims=\"1\" loading=\"lazy\" decoding=\"async\" class=\"aligncenter wp-image-58252 size-full\" src=\"https:\/\/i0.wp.com\/solisinforma.com\/wp-content\/uploads\/2026\/09\/Camiones-compactadores-basusra.png?resize=640%2C360&#038;ssl=1\" alt=\"\" width=\"640\" height=\"360\" srcset=\"https:\/\/i0.wp.com\/solisinforma.com\/wp-content\/uploads\/2026\/09\/Camiones-compactadores-basusra.png?w=1300&amp;ssl=1 1300w, https:\/\/i0.wp.com\/solisinforma.com\/wp-content\/uploads\/2026\/09\/Camiones-compactadores-basusra.png?resize=1280%2C720&amp;ssl=1 1280w, https:\/\/i0.wp.com\/solisinforma.com\/wp-content\/uploads\/2026\/09\/Camiones-compactadores-basusra.png?resize=768%2C432&amp;ssl=1 768w, https:\/\/i0.wp.com\/solisinforma.com\/wp-content\/uploads\/2026\/09\/Camiones-compactadores-basusra.png?resize=1024%2C576&amp;ssl=1 1024w\" sizes=\"auto, (max-width: 640px) 100vw, 640px\" \/><\/p>\n<p data-path-to-node=\"2\"><b data-path-to-node=\"2\" data-index-in-node=\"0\"><\/p>\n<p>Santo Domingo, R.D. \u2014 1 de septiembre de 2026<\/b> \u2014 En un acto encabezado por el ministro Administrativo de la Presidencia, Andr\u00e9s Bautista Garc\u00eda, el Gobierno dominicano oficializ\u00f3 la entrega de 50 camiones compactadores destinados a fortalecer los servicios de recolecci\u00f3n de desechos en ayuntamientos y juntas de distritos municipales de todo el territorio nacional. La actividad, realizada en la explanada frontal del Palacio Nacional, forma parte de un plan oficial orientado a dotar de log\u00edstica moderna a las municipalidades para optimizar la gesti\u00f3n ambiental comunitaria.<\/p>\n<p data-path-to-node=\"3\">En el caso de la provincia San Juan, la distribuci\u00f3n incluy\u00f3 unidades para los ayuntamientos municipales de Las Matas de Farf\u00e1n y Vallejuelo, as\u00ed como para las juntas distritales de Derrumbadero y Las Maguanas\u2013Hato Nuevo. Las autoridades locales de estas demarcaciones recibieron los veh\u00edculos operativos para integrarlos de inmediato a las rutas de saneamiento urbano en sus respectivas poblaciones.<\/p>\n<p data-path-to-node=\"4\">Durante la ceremonia, Bautista Garc\u00eda enfatiz\u00f3 que la dotaci\u00f3n responde a una disposici\u00f3n directa del presidente Luis Abinader para atender de forma prioritaria la acumulaci\u00f3n de desperdicios en las v\u00edas p\u00fablicas. El funcionario se\u00f1al\u00f3 que el fortalecimiento operativo de los gobiernos locales resulta fundamental para prevenir focos de contaminaci\u00f3n y garantizar condiciones dignas de higiene a los ciudadanos.<\/p>\n<p data-path-to-node=\"5\">Con este equipamiento, los municipios beneficiados prev\u00e9n incrementar la frecuencia de recogida y ampliar la cobertura en sectores vulnerables. Representantes comunitarios del sur del pa\u00eds expresaron su expectativa de que la medida marque el inicio de una serie de asignaciones log\u00edsticas que alcance a otras demarcaciones pendientes de asistencia en las pr\u00f3ximas etapas del programa.<\/p>\n","protected":false},"excerpt":{"rendered":"<p>El Ministerio Administrativo de la Presidencia equip\u00f3 a decenas de alcald\u00edas y juntas distritales de&#8230;<\/p>\n","protected":false},"author":2,"featured_media":58252,"comment_status":"open","ping_status":"open","sticky":false,"template":"","format":"standard","meta":{"_jetpack_newsletter_access":"","_jetpack_dont_email_post_to_subs":false,"_jetpack_newsletter_tier_id":0,"_jetpack_memberships_contains_paywalled_content":false,"_jetpack_memberships_contains_paid_content":false,"_joinchat":[],"footnotes":"","jetpack_publicize_message":"","jetpack_publicize_feature_enabled":true,"jetpack_social_post_already_shared":true,"jetpack_social_options":{"image_generator_settings":{"template":"highway","default_image_id":0,"font":"","enabled":false},"version":2},"jetpack_post_was_ever_published":false},"categories":[8,39],"tags":[22609,22610,2006,29,46],"class_list":["post-58251","post","type-post","status-publish","format-standard","has-post-thumbnail","hentry","category-nacionales","category-primeraplana","tag-camiones-compactadores-dominicano","tag-cuatro-camiones","tag-ministerio-administrativo-de-la-presidencia","tag-sanjuan","tag-solis-informa"],"yoast_head":"<!-- This site is optimized with the Yoast SEO plugin v24.9 - https:\/\/yoast.com\/wordpress\/plugins\/seo\/ -->\n<title>Gobierno entrega 50 camiones compactadores para fortalecer la recogida de basura; cuatro van a San Juan - Solis Informa<\/title>\n<meta name=\"robots\" content=\"index, follow, max-snippet:-1, max-image-preview:large, max-video-preview:-1\" \/>\n<link rel=\"canonical\" href=\"https:\/\/solisinforma.com\/?p=58251\" \/>\n<meta property=\"og:locale\" content=\"es_ES\" \/>\n<meta property=\"og:type\" content=\"article\" \/>\n<meta property=\"og:title\" content=\"Gobierno entrega 50 camiones compactadores para fortalecer la recogida de basura; cuatro van a San Juan - Solis Informa\" \/>\n<meta property=\"og:description\" content=\"El Ministerio Administrativo de la Presidencia equip\u00f3 a decenas de alcald\u00edas y juntas distritales de...\" \/>\n<meta property=\"og:url\" content=\"https:\/\/solisinforma.com\/?p=58251\" \/>\n<meta property=\"og:site_name\" content=\"Solis Informa\" \/>\n<meta property=\"article:publisher\" content=\"https:\/\/www.facebook.com\/Solisinforma1\/\" \/>\n<meta property=\"article:author\" content=\"https:\/\/www.facebook.com\/Solisinforma\/\" \/>\n<meta property=\"article:published_time\" content=\"2026-09-01T21:20:00+00:00\" \/>\n<meta property=\"og:image\" content=\"https:\/\/solisinforma.com\/wp-content\/uploads\/2026\/09\/Camiones-compactadores-basusra.png\" \/>\n\t<meta property=\"og:image:width\" content=\"1300\" \/>\n\t<meta property=\"og:image:height\" content=\"731\" \/>\n\t<meta property=\"og:image:type\" content=\"image\/png\" \/>\n<meta name=\"author\" content=\"Hector Solis\" \/>\n<meta name=\"twitter:card\" content=\"summary_large_image\" \/>\n<meta name=\"twitter:creator\" content=\"@solisinforma1\" \/>\n<meta name=\"twitter:label1\" content=\"Escrito por\" \/>\n\t<meta name=\"twitter:data1\" content=\"Hector Solis\" \/>\n\t<meta name=\"twitter:label2\" content=\"Tiempo de lectura\" \/>\n\t<meta name=\"twitter:data2\" content=\"2 minutos\" \/>\n<script type=\"application\/ld+json\" class=\"yoast-schema-graph\">{\"@context\":\"https:\/\/schema.org\",\"@graph\":[{\"@type\":\"Article\",\"@id\":\"https:\/\/solisinforma.com\/?p=58251#article\",\"isPartOf\":{\"@id\":\"https:\/\/solisinforma.com\/?p=58251\"},\"author\":{\"name\":\"Hector Solis\",\"@id\":\"https:\/\/solisinforma.com\/#\/schema\/person\/db4967d1c8ed640d46bf21dc55215612\"},\"headline\":\"Gobierno entrega 50 camiones compactadores para fortalecer la recogida de basura; cuatro van a San Juan\",\"datePublished\":\"2026-09-01T21:20:00+00:00\",\"mainEntityOfPage\":{\"@id\":\"https:\/\/solisinforma.com\/?p=58251\"},\"wordCount\":350,\"commentCount\":0,\"publisher\":{\"@id\":\"https:\/\/solisinforma.com\/#organization\"},\"image\":{\"@id\":\"https:\/\/solisinforma.com\/?p=58251#primaryimage\"},\"thumbnailUrl\":\"https:\/\/i0.wp.com\/solisinforma.com\/wp-content\/uploads\/2026\/09\/Camiones-compactadores-basusra.png?fit=1300%2C731&ssl=1\",\"keywords\":[\"camiones compactadores Dominicano\",\"Cuatro camiones\",\"Ministerio Administrativo de la Presidencia\",\"San Juan\",\"Solis informa\"],\"articleSection\":[\"Nacionales\",\"Primera Plana\"],\"inLanguage\":\"es\",\"potentialAction\":[{\"@type\":\"CommentAction\",\"name\":\"Comment\",\"target\":[\"https:\/\/solisinforma.com\/?p=58251#respond\"]}]},{\"@type\":\"WebPage\",\"@id\":\"https:\/\/solisinforma.com\/?p=58251\",\"url\":\"https:\/\/solisinforma.com\/?p=58251\",\"name\":\"Gobierno entrega 50 camiones compactadores para fortalecer la recogida de basura; cuatro van a San Juan - Solis Informa\",\"isPartOf\":{\"@id\":\"https:\/\/solisinforma.com\/#website\"},\"primaryImageOfPage\":{\"@id\":\"https:\/\/solisinforma.com\/?p=58251#primaryimage\"},\"image\":{\"@id\":\"https:\/\/solisinforma.com\/?p=58251#primaryimage\"},\"thumbnailUrl\":\"https:\/\/i0.wp.com\/solisinforma.com\/wp-content\/uploads\/2026\/09\/Camiones-compactadores-basusra.png?fit=1300%2C731&ssl=1\",\"datePublished\":\"2026-09-01T21:20:00+00:00\",\"breadcrumb\":{\"@id\":\"https:\/\/solisinforma.com\/?p=58251#breadcrumb\"},\"inLanguage\":\"es\",\"potentialAction\":[{\"@type\":\"ReadAction\",\"target\":[\"https:\/\/solisinforma.com\/?p=58251\"]}]},{\"@type\":\"ImageObject\",\"inLanguage\":\"es\",\"@id\":\"https:\/\/solisinforma.com\/?p=58251#primaryimage\",\"url\":\"https:\/\/i0.wp.com\/solisinforma.com\/wp-content\/uploads\/2026\/09\/Camiones-compactadores-basusra.png?fit=1300%2C731&ssl=1\",\"contentUrl\":\"https:\/\/i0.wp.com\/solisinforma.com\/wp-content\/uploads\/2026\/09\/Camiones-compactadores-basusra.png?fit=1300%2C731&ssl=1\",\"width\":1300,\"height\":731},{\"@type\":\"BreadcrumbList\",\"@id\":\"https:\/\/solisinforma.com\/?p=58251#breadcrumb\",\"itemListElement\":[{\"@type\":\"ListItem\",\"position\":1,\"name\":\"Portada\",\"item\":\"https:\/\/solisinforma.com\/\"},{\"@type\":\"ListItem\",\"position\":2,\"name\":\"Gobierno entrega 50 camiones compactadores para fortalecer la recogida de basura; cuatro van a San Juan\"}]},{\"@type\":\"WebSite\",\"@id\":\"https:\/\/solisinforma.com\/#website\",\"url\":\"https:\/\/solisinforma.com\/\",\"name\":\"Solis Informa\",\"description\":\"El Diario de San Juan\",\"publisher\":{\"@id\":\"https:\/\/solisinforma.com\/#organization\"},\"potentialAction\":[{\"@type\":\"SearchAction\",\"target\":{\"@type\":\"EntryPoint\",\"urlTemplate\":\"https:\/\/solisinforma.com\/?s={search_term_string}\"},\"query-input\":{\"@type\":\"PropertyValueSpecification\",\"valueRequired\":true,\"valueName\":\"search_term_string\"}}],\"inLanguage\":\"es\"},{\"@type\":\"Organization\",\"@id\":\"https:\/\/solisinforma.com\/#organization\",\"name\":\"Solis Informa\",\"url\":\"https:\/\/solisinforma.com\/\",\"logo\":{\"@type\":\"ImageObject\",\"inLanguage\":\"es\",\"@id\":\"https:\/\/solisinforma.com\/#\/schema\/logo\/image\/\",\"url\":\"https:\/\/i0.wp.com\/solisinforma.com\/wp-content\/uploads\/2020\/07\/cropped-solis-4.png?fit=512%2C512&ssl=1\",\"contentUrl\":\"https:\/\/i0.wp.com\/solisinforma.com\/wp-content\/uploads\/2020\/07\/cropped-solis-4.png?fit=512%2C512&ssl=1\",\"width\":512,\"height\":512,\"caption\":\"Solis Informa\"},\"image\":{\"@id\":\"https:\/\/solisinforma.com\/#\/schema\/logo\/image\/\"},\"sameAs\":[\"https:\/\/www.facebook.com\/Solisinforma1\/\"]},{\"@type\":\"Person\",\"@id\":\"https:\/\/solisinforma.com\/#\/schema\/person\/db4967d1c8ed640d46bf21dc55215612\",\"name\":\"Hector Solis\",\"image\":{\"@type\":\"ImageObject\",\"inLanguage\":\"es\",\"@id\":\"https:\/\/solisinforma.com\/#\/schema\/person\/image\/\",\"url\":\"https:\/\/secure.gravatar.com\/avatar\/3e116868529a43555438940611160b9cf01e4fb17f119453a6329d96e10fecf8?s=96&d=mm&r=g\",\"contentUrl\":\"https:\/\/secure.gravatar.com\/avatar\/3e116868529a43555438940611160b9cf01e4fb17f119453a6329d96e10fecf8?s=96&d=mm&r=g\",\"caption\":\"Hector Solis\"},\"sameAs\":[\"http:\/\/Solisinforma.com\",\"https:\/\/www.facebook.com\/Solisinforma\/\",\"https:\/\/www.instagram.com\/solisinforma\/\",\"www.linkedin.com\/in\/hectorsolisinforma\",\"https:\/\/x.com\/solisinforma1\",\"@Solisinformaenvivo\",\"https:\/\/soundcloud.com\/solisinforma\"],\"url\":\"https:\/\/solisinforma.com\/?author=2\"}]}<\/script>\n<!-- \/ Yoast SEO plugin. -->","yoast_head_json":{"title":"Gobierno entrega 50 camiones compactadores para fortalecer la recogida de basura; cuatro van a San Juan - Solis Informa","robots":{"index":"index","follow":"follow","max-snippet":"max-snippet:-1","max-image-preview":"max-image-preview:large","max-video-preview":"max-video-preview:-1"},"canonical":"https:\/\/solisinforma.com\/?p=58251","og_locale":"es_ES","og_type":"article","og_title":"Gobierno entrega 50 camiones compactadores para fortalecer la recogida de basura; cuatro van a San Juan - Solis Informa","og_description":"El Ministerio Administrativo de la Presidencia equip\u00f3 a decenas de alcald\u00edas y juntas distritales de...","og_url":"https:\/\/solisinforma.com\/?p=58251","og_site_name":"Solis Informa","article_publisher":"https:\/\/www.facebook.com\/Solisinforma1\/","article_author":"https:\/\/www.facebook.com\/Solisinforma\/","article_published_time":"2026-09-01T21:20:00+00:00","og_image":[{"width":1300,"height":731,"url":"https:\/\/solisinforma.com\/wp-content\/uploads\/2026\/09\/Camiones-compactadores-basusra.png","type":"image\/png"}],"author":"Hector Solis","twitter_card":"summary_large_image","twitter_creator":"@solisinforma1","twitter_misc":{"Escrito por":"Hector Solis","Tiempo de lectura":"2 minutos"},"schema":{"@context":"https:\/\/schema.org","@graph":[{"@type":"Article","@id":"https:\/\/solisinforma.com\/?p=58251#article","isPartOf":{"@id":"https:\/\/solisinforma.com\/?p=58251"},"author":{"name":"Hector Solis","@id":"https:\/\/solisinforma.com\/#\/schema\/person\/db4967d1c8ed640d46bf21dc55215612"},"headline":"Gobierno entrega 50 camiones compactadores para fortalecer la recogida de basura; cuatro van a San Juan","datePublished":"2026-09-01T21:20:00+00:00","mainEntityOfPage":{"@id":"https:\/\/solisinforma.com\/?p=58251"},"wordCount":350,"commentCount":0,"publisher":{"@id":"https:\/\/solisinforma.com\/#organization"},"image":{"@id":"https:\/\/solisinforma.com\/?p=58251#primaryimage"},"thumbnailUrl":"https:\/\/i0.wp.com\/solisinforma.com\/wp-content\/uploads\/2026\/09\/Camiones-compactadores-basusra.png?fit=1300%2C731&ssl=1","keywords":["camiones compactadores Dominicano","Cuatro camiones","Ministerio Administrativo de la Presidencia","San Juan","Solis informa"],"articleSection":["Nacionales","Primera Plana"],"inLanguage":"es","potentialAction":[{"@type":"CommentAction","name":"Comment","target":["https:\/\/solisinforma.com\/?p=58251#respond"]}]},{"@type":"WebPage","@id":"https:\/\/solisinforma.com\/?p=58251","url":"https:\/\/solisinforma.com\/?p=58251","name":"Gobierno entrega 50 camiones compactadores para fortalecer la recogida de basura; cuatro van a San Juan - Solis Informa","isPartOf":{"@id":"https:\/\/solisinforma.com\/#website"},"primaryImageOfPage":{"@id":"https:\/\/solisinforma.com\/?p=58251#primaryimage"},"image":{"@id":"https:\/\/solisinforma.com\/?p=58251#primaryimage"},"thumbnailUrl":"https:\/\/i0.wp.com\/solisinforma.com\/wp-content\/uploads\/2026\/09\/Camiones-compactadores-basusra.png?fit=1300%2C731&ssl=1","datePublished":"2026-09-01T21:20:00+00:00","breadcrumb":{"@id":"https:\/\/solisinforma.com\/?p=58251#breadcrumb"},"inLanguage":"es","potentialAction":[{"@type":"ReadAction","target":["https:\/\/solisinforma.com\/?p=58251"]}]},{"@type":"ImageObject","inLanguage":"es","@id":"https:\/\/solisinforma.com\/?p=58251#primaryimage","url":"https:\/\/i0.wp.com\/solisinforma.com\/wp-content\/uploads\/2026\/09\/Camiones-compactadores-basusra.png?fit=1300%2C731&ssl=1","contentUrl":"https:\/\/i0.wp.com\/solisinforma.com\/wp-content\/uploads\/2026\/09\/Camiones-compactadores-basusra.png?fit=1300%2C731&ssl=1","width":1300,"height":731},{"@type":"BreadcrumbList","@id":"https:\/\/solisinforma.com\/?p=58251#breadcrumb","itemListElement":[{"@type":"ListItem","position":1,"name":"Portada","item":"https:\/\/solisinforma.com\/"},{"@type":"ListItem","position":2,"name":"Gobierno entrega 50 camiones compactadores para fortalecer la recogida de basura; cuatro van a San Juan"}]},{"@type":"WebSite","@id":"https:\/\/solisinforma.com\/#website","url":"https:\/\/solisinforma.com\/","name":"Solis Informa","description":"El Diario de San Juan","publisher":{"@id":"https:\/\/solisinforma.com\/#organization"},"potentialAction":[{"@type":"SearchAction","target":{"@type":"EntryPoint","urlTemplate":"https:\/\/solisinforma.com\/?s={search_term_string}"},"query-input":{"@type":"PropertyValueSpecification","valueRequired":true,"valueName":"search_term_string"}}],"inLanguage":"es"},{"@type":"Organization","@id":"https:\/\/solisinforma.com\/#organization","name":"Solis Informa","url":"https:\/\/solisinforma.com\/","logo":{"@type":"ImageObject","inLanguage":"es","@id":"https:\/\/solisinforma.com\/#\/schema\/logo\/image\/","url":"https:\/\/i0.wp.com\/solisinforma.com\/wp-content\/uploads\/2020\/07\/cropped-solis-4.png?fit=512%2C512&ssl=1","contentUrl":"https:\/\/i0.wp.com\/solisinforma.com\/wp-content\/uploads\/2020\/07\/cropped-solis-4.png?fit=512%2C512&ssl=1","width":512,"height":512,"caption":"Solis Informa"},"image":{"@id":"https:\/\/solisinforma.com\/#\/schema\/logo\/image\/"},"sameAs":["https:\/\/www.facebook.com\/Solisinforma1\/"]},{"@type":"Person","@id":"https:\/\/solisinforma.com\/#\/schema\/person\/db4967d1c8ed640d46bf21dc55215612","name":"Hector Solis","image":{"@type":"ImageObject","inLanguage":"es","@id":"https:\/\/solisinforma.com\/#\/schema\/person\/image\/","url":"https:\/\/secure.gravatar.com\/avatar\/3e116868529a43555438940611160b9cf01e4fb17f119453a6329d96e10fecf8?s=96&d=mm&r=g","contentUrl":"https:\/\/secure.gravatar.com\/avatar\/3e116868529a43555438940611160b9cf01e4fb17f119453a6329d96e10fecf8?s=96&d=mm&r=g","caption":"Hector Solis"},"sameAs":["http:\/\/Solisinforma.com","https:\/\/www.facebook.com\/Solisinforma\/","https:\/\/www.instagram.com\/solisinforma\/","www.linkedin.com\/in\/hectorsolisinforma","https:\/\/x.com\/solisinforma1","@Solisinformaenvivo","https:\/\/soundcloud.com\/solisinforma"],"url":"https:\/\/solisinforma.com\/?author=2"}]}},"jetpack_publicize_connections":[],"jetpack_featured_media_url":"https:\/\/i0.wp.com\/solisinforma.com\/wp-content\/uploads\/2026\/09\/Camiones-compactadores-basusra.png?fit=1300%2C731&ssl=1","jetpack_sharing_enabled":true,"jetpack_likes_enabled":true,"jetpack-related-posts":[{"id":23264,"url":"https:\/\/solisinforma.com\/?p=23264","url_meta":{"origin":58251,"position":0},"title":"Ayuntamiento presenta nuevos camiones compactadores de basura y puestos en acci\u00f3n de inmediato.","author":"Hector Solis","date":"15 de febrero de 2024","format":false,"excerpt":"\u00a0 El Ayuntamiento Municipal de San Juan de la Maguana anuncia con entusiasmo la adquisici\u00f3n de dos modernos camiones compactadores de basura, completamente nuevos, con 0 km, que ser\u00e1n puestos en funcionamiento de manera inmediata. Esta iniciativa forma parte de la firme decisi\u00f3n de la administraci\u00f3n municipal de optimizar y\u2026","rel":"","context":"En \u00abLocales\u00bb","block_context":{"text":"Locales","link":"https:\/\/solisinforma.com\/?cat=34"},"img":{"alt_text":"","src":"https:\/\/i0.wp.com\/solisinforma.com\/wp-content\/uploads\/2024\/02\/IMG-20240215-WA0056.jpg?fit=1200%2C900&ssl=1&resize=350%2C200","width":350,"height":200,"srcset":"https:\/\/i0.wp.com\/solisinforma.com\/wp-content\/uploads\/2024\/02\/IMG-20240215-WA0056.jpg?fit=1200%2C900&ssl=1&resize=350%2C200 1x, https:\/\/i0.wp.com\/solisinforma.com\/wp-content\/uploads\/2024\/02\/IMG-20240215-WA0056.jpg?fit=1200%2C900&ssl=1&resize=525%2C300 1.5x, https:\/\/i0.wp.com\/solisinforma.com\/wp-content\/uploads\/2024\/02\/IMG-20240215-WA0056.jpg?fit=1200%2C900&ssl=1&resize=700%2C400 2x, https:\/\/i0.wp.com\/solisinforma.com\/wp-content\/uploads\/2024\/02\/IMG-20240215-WA0056.jpg?fit=1200%2C900&ssl=1&resize=1050%2C600 3x"},"classes":[]},{"id":18268,"url":"https:\/\/solisinforma.com\/?p=18268","url_meta":{"origin":58251,"position":1},"title":"Abinader en San Juan entrega RD$ 67 millones, camiones recolectores, remodela polideportivo.","author":"Hector Solis","date":"3 de abril de 2023","format":false,"excerpt":"El municipio de San Juan de la Maguana recibi\u00f3 al presidente Luis Abinader donde entreg\u00f3 un total de 67,254,000 pesos en pr\u00e9stamos a 343 beneficiarios a trav\u00e9s del Consejo Nacional de Promoci\u00f3n y Apoyo a la Micro, Peque\u00f1a y Mediana Empresa, Promipyme. Con esta entrega se crearon 236 empleos y\u2026","rel":"","context":"En \u00abLocales\u00bb","block_context":{"text":"Locales","link":"https:\/\/solisinforma.com\/?cat=34"},"img":{"alt_text":"","src":"https:\/\/i0.wp.com\/solisinforma.com\/wp-content\/uploads\/2023\/04\/Entrega-camiones-Hanoi-Abinader-San-Juan.jpeg?fit=1200%2C675&ssl=1&resize=350%2C200","width":350,"height":200,"srcset":"https:\/\/i0.wp.com\/solisinforma.com\/wp-content\/uploads\/2023\/04\/Entrega-camiones-Hanoi-Abinader-San-Juan.jpeg?fit=1200%2C675&ssl=1&resize=350%2C200 1x, https:\/\/i0.wp.com\/solisinforma.com\/wp-content\/uploads\/2023\/04\/Entrega-camiones-Hanoi-Abinader-San-Juan.jpeg?fit=1200%2C675&ssl=1&resize=525%2C300 1.5x, https:\/\/i0.wp.com\/solisinforma.com\/wp-content\/uploads\/2023\/04\/Entrega-camiones-Hanoi-Abinader-San-Juan.jpeg?fit=1200%2C675&ssl=1&resize=700%2C400 2x, https:\/\/i0.wp.com\/solisinforma.com\/wp-content\/uploads\/2023\/04\/Entrega-camiones-Hanoi-Abinader-San-Juan.jpeg?fit=1200%2C675&ssl=1&resize=1050%2C600 3x"},"classes":[]},{"id":32600,"url":"https:\/\/solisinforma.com\/?p=32600","url_meta":{"origin":58251,"position":2},"title":"Cami\u00f3n del ayuntamiento de Sabaneta abandonado y montado en cuatro blocks","author":"Hector Solis","date":"19 de julio de 2025","format":false,"excerpt":"Sabaneta, San Juan. RD. -\u00a0Gran indignaci\u00f3n ha causado la situaci\u00f3n en que se encuentra un cami\u00f3n propiedad de la\u00a0junta distrital de Sabaneta, abandonado y montado en cuatro blocks Dicho cami\u00f3n no cuenta con gomas, est\u00e1 desarmado en el tren delantero y le faltan otras piezas. A la vista de los\u2026","rel":"","context":"En \u00abLocales\u00bb","block_context":{"text":"Locales","link":"https:\/\/solisinforma.com\/?cat=34"},"img":{"alt_text":"","src":"https:\/\/i0.wp.com\/solisinforma.com\/wp-content\/uploads\/2025\/07\/CAMION-SABANETA.jpg?fit=1200%2C761&ssl=1&resize=350%2C200","width":350,"height":200,"srcset":"https:\/\/i0.wp.com\/solisinforma.com\/wp-content\/uploads\/2025\/07\/CAMION-SABANETA.jpg?fit=1200%2C761&ssl=1&resize=350%2C200 1x, https:\/\/i0.wp.com\/solisinforma.com\/wp-content\/uploads\/2025\/07\/CAMION-SABANETA.jpg?fit=1200%2C761&ssl=1&resize=525%2C300 1.5x, https:\/\/i0.wp.com\/solisinforma.com\/wp-content\/uploads\/2025\/07\/CAMION-SABANETA.jpg?fit=1200%2C761&ssl=1&resize=700%2C400 2x, https:\/\/i0.wp.com\/solisinforma.com\/wp-content\/uploads\/2025\/07\/CAMION-SABANETA.jpg?fit=1200%2C761&ssl=1&resize=1050%2C600 3x"},"classes":[]},{"id":55204,"url":"https:\/\/solisinforma.com\/?p=55204","url_meta":{"origin":58251,"position":3},"title":"Ej\u00e9rcito detiene hombre con 35 pacas de presunta marihuana en cami\u00f3n en San Juan de la Maguana","author":"Hector Solis","date":"4 de marzo de 2026","format":false,"excerpt":"El detenido fue identificado como Pedro P\u00e9rez G\u00f3mez, quien fue interceptado por soldados del ERD, cuando realizaban labores de inspecci\u00f3n en el referido puesto de control. Miembros del\u00a0Ej\u00e9rcito de Rep\u00fablica Dominicana\u00a0(ERD), adscritos al Puesto de Chequeo Guanito, detuvieron a un hombre al que se le ocuparon 35 pacas de un\u2026","rel":"","context":"En \u00abLocales\u00bb","block_context":{"text":"Locales","link":"https:\/\/solisinforma.com\/?cat=34"},"img":{"alt_text":"","src":"https:\/\/i0.wp.com\/solisinforma.com\/wp-content\/uploads\/2026\/03\/Ejercito-detencion-paquetes.jpg?fit=1200%2C891&ssl=1&resize=350%2C200","width":350,"height":200,"srcset":"https:\/\/i0.wp.com\/solisinforma.com\/wp-content\/uploads\/2026\/03\/Ejercito-detencion-paquetes.jpg?fit=1200%2C891&ssl=1&resize=350%2C200 1x, https:\/\/i0.wp.com\/solisinforma.com\/wp-content\/uploads\/2026\/03\/Ejercito-detencion-paquetes.jpg?fit=1200%2C891&ssl=1&resize=525%2C300 1.5x, https:\/\/i0.wp.com\/solisinforma.com\/wp-content\/uploads\/2026\/03\/Ejercito-detencion-paquetes.jpg?fit=1200%2C891&ssl=1&resize=700%2C400 2x, https:\/\/i0.wp.com\/solisinforma.com\/wp-content\/uploads\/2026\/03\/Ejercito-detencion-paquetes.jpg?fit=1200%2C891&ssl=1&resize=1050%2C600 3x"},"classes":[]},{"id":23387,"url":"https:\/\/solisinforma.com\/?p=23387","url_meta":{"origin":58251,"position":4},"title":"Declaran al presidente Luis Abinader hijo distinguido de Bohech\u00edo","author":"Hector Solis","date":"24 de febrero de 2024","format":false,"excerpt":"Bohech\u00edo, San Juan. - El presidente de la Rep\u00fablica, Luis Abinader, encabez\u00f3 este viernes la inauguraci\u00f3n del recinto de la Universidad ISA en el municipio de Bohech\u00edo, de esta provincia de San Juan, construido por la Empresa de Generaci\u00f3n Hidroel\u00e9ctrica Dominicana (EGEHID), como parte de su Programa de Responsabilidad Social\u2026","rel":"","context":"En \u00abLocales\u00bb","block_context":{"text":"Locales","link":"https:\/\/solisinforma.com\/?cat=34"},"img":{"alt_text":"","src":"https:\/\/i0.wp.com\/solisinforma.com\/wp-content\/uploads\/2024\/02\/Hijo-distinguido-Luis-Abinader-Bohechio.jpg?fit=639%2C552&ssl=1&resize=350%2C200","width":350,"height":200,"srcset":"https:\/\/i0.wp.com\/solisinforma.com\/wp-content\/uploads\/2024\/02\/Hijo-distinguido-Luis-Abinader-Bohechio.jpg?fit=639%2C552&ssl=1&resize=350%2C200 1x, https:\/\/i0.wp.com\/solisinforma.com\/wp-content\/uploads\/2024\/02\/Hijo-distinguido-Luis-Abinader-Bohechio.jpg?fit=639%2C552&ssl=1&resize=525%2C300 1.5x"},"classes":[]},{"id":52818,"url":"https:\/\/solisinforma.com\/?p=52818","url_meta":{"origin":58251,"position":5},"title":"Ej\u00e9rcito detiene indocumentados en furg\u00f3n tipo patana en San Juan de la Maguana","author":"Hector Solis","date":"27 de octubre de 2025","format":false,"excerpt":"San Juan. RD \u2013\u00a0Miembros del Ej\u00e9rcito de Rep\u00fablica Dominicana (ERD) detuvieron a un hombre que transportaba a cinco nacionales haitianos en condici\u00f3n migratoria irregular en un cami\u00f3n tipo patana, durante un operativo realizado en el tramo carretero Las Matas de Farf\u00e1n \u2013Pedro Corto. Durante la inspecci\u00f3n, la patrulla del ERD\u2026","rel":"","context":"En \u00abLocales\u00bb","block_context":{"text":"Locales","link":"https:\/\/solisinforma.com\/?cat=34"},"img":{"alt_text":"","src":"https:\/\/i0.wp.com\/solisinforma.com\/wp-content\/uploads\/2025\/10\/Ejercito-indocumentados-furgon.jpeg?fit=1200%2C900&ssl=1&resize=350%2C200","width":350,"height":200,"srcset":"https:\/\/i0.wp.com\/solisinforma.com\/wp-content\/uploads\/2025\/10\/Ejercito-indocumentados-furgon.jpeg?fit=1200%2C900&ssl=1&resize=350%2C200 1x, https:\/\/i0.wp.com\/solisinforma.com\/wp-content\/uploads\/2025\/10\/Ejercito-indocumentados-furgon.jpeg?fit=1200%2C900&ssl=1&resize=525%2C300 1.5x, https:\/\/i0.wp.com\/solisinforma.com\/wp-content\/uploads\/2025\/10\/Ejercito-indocumentados-furgon.jpeg?fit=1200%2C900&ssl=1&resize=700%2C400 2x, https:\/\/i0.wp.com\/solisinforma.com\/wp-content\/uploads\/2025\/10\/Ejercito-indocumentados-furgon.jpeg?fit=1200%2C900&ssl=1&resize=1050%2C600 3x"},"classes":[]}],"jetpack_shortlink":"https:\/\/wp.me\/pc2Svn-f9x","_links":{"self":[{"href":"https:\/\/solisinforma.com\/index.php?rest_route=\/wp\/v2\/posts\/58251","targetHints":{"allow":["GET"]}}],"collection":[{"href":"https:\/\/solisinforma.com\/index.php?rest_route=\/wp\/v2\/posts"}],"about":[{"href":"https:\/\/solisinforma.com\/index.php?rest_route=\/wp\/v2\/types\/post"}],"author":[{"embeddable":true,"href":"https:\/\/solisinforma.com\/index.php?rest_route=\/wp\/v2\/users\/2"}],"replies":[{"embeddable":true,"href":"https:\/\/solisinforma.com\/index.php?rest_route=%2Fwp%2Fv2%2Fcomments&post=58251"}],"version-history":[{"count":1,"href":"https:\/\/solisinforma.com\/index.php?rest_route=\/wp\/v2\/posts\/58251\/revisions"}],"predecessor-version":[{"id":58253,"href":"https:\/\/solisinforma.com\/index.php?rest_route=\/wp\/v2\/posts\/58251\/revisions\/58253"}],"wp:featuredmedia":[{"embeddable":true,"href":"https:\/\/solisinforma.com\/index.php?rest_route=\/wp\/v2\/media\/58252"}],"wp:attachment":[{"href":"https:\/\/solisinforma.com\/index.php?rest_route=%2Fwp%2Fv2%2Fmedia&parent=58251"}],"wp:term":[{"taxonomy":"category","embeddable":true,"href":"https:\/\/solisinforma.com\/index.php?rest_route=%2Fwp%2Fv2%2Fcategories&post=58251"},{"taxonomy":"post_tag","embeddable":true,"href":"https:\/\/solisinforma.com\/index.php?rest_route=%2Fwp%2Fv2%2Ftags&post=58251"}],"curies":[{"name":"wp","href":"https:\/\/api.w.org\/{rel}","templated":true}]}}