{"id":58259,"date":"2026-09-02T06:53:02","date_gmt":"2026-09-02T10:53:02","guid":{"rendered":"https:\/\/solisinforma.com\/?p=58259"},"modified":"2026-09-02T06:53:02","modified_gmt":"2026-09-02T10:53:02","slug":"tc-reafirma-que-fichas-policiales-deben-pasar-a-archivo-muerto-tras-10-anos","status":"publish","type":"post","link":"https:\/\/solisinforma.com\/?p=58259","title":{"rendered":"TC reafirma que fichas policiales deben pasar a archivo muerto tras 10 a\u00f1os"},"content":{"rendered":"<div class=\"subtitle text-xl mb-4\">\n<ul>\n<li class=\"flex mb-2\"><strong>El tribunal aclara que el plazo no supone borrar los registros, sino cambiar su estatus y trasladarlos al archivo hist\u00f3rico, donde deben permanecer bajo reserva.<\/strong><\/li>\n<\/ul>\n<\/div>\n<div class=\"border-b-2 pb-3 byline text-lg\">\n<address class=\"author not-italic inline mr-2 block\" data-mrf-recirculation=\"Autor\"><img data-recalc-dims=\"1\" loading=\"lazy\" decoding=\"async\" class=\"alignnone size-medium wp-image-58260\" src=\"https:\/\/i0.wp.com\/solisinforma.com\/wp-content\/uploads\/2026\/09\/Fichas-policiales.jpg?resize=640%2C360&#038;ssl=1\" alt=\"\" width=\"640\" height=\"360\" srcset=\"https:\/\/i0.wp.com\/solisinforma.com\/wp-content\/uploads\/2026\/09\/Fichas-policiales.jpg?resize=1280%2C720&amp;ssl=1 1280w, https:\/\/i0.wp.com\/solisinforma.com\/wp-content\/uploads\/2026\/09\/Fichas-policiales.jpg?resize=768%2C432&amp;ssl=1 768w, https:\/\/i0.wp.com\/solisinforma.com\/wp-content\/uploads\/2026\/09\/Fichas-policiales.jpg?resize=1536%2C864&amp;ssl=1 1536w, https:\/\/i0.wp.com\/solisinforma.com\/wp-content\/uploads\/2026\/09\/Fichas-policiales.jpg?resize=1024%2C576&amp;ssl=1 1024w, https:\/\/i0.wp.com\/solisinforma.com\/wp-content\/uploads\/2026\/09\/Fichas-policiales.jpg?w=1920&amp;ssl=1 1920w\" sizes=\"auto, (max-width: 640px) 100vw, 640px\" \/><\/p>\n<p>El\u00a0<strong>Tribunal Constitucional<\/strong>\u00a0(TC) reafirm\u00f3 que los datos contenidos en el\u00a0<strong>Registro de Control e Inteligencia Policial<\/strong>\u00a0deben dejar de tener car\u00e1cter clasificado y pasar al\u00a0<strong>archivo hist\u00f3rico<\/strong>\u00a0o muerto de la\u00a0<strong>Polic\u00eda Nacional<\/strong>\u00a0una vez transcurridos\u00a0<strong>diez a\u00f1os<\/strong>\u00a0desde su inclusi\u00f3n.<\/p>\n<p>La precisi\u00f3n fue hecha al acoger una\u00a0<strong>acci\u00f3n de habeas data<\/strong>\u00a0contra la\u00a0<strong>Polic\u00eda Nacional<\/strong>\u00a0y ordenar que un registro que permanec\u00eda activo desde\u00a0<strong>2011<\/strong>\u00a0fuera recategorizado como informaci\u00f3n no clasificada y remitido al\u00a0<strong>archivo de la Polic\u00eda.<\/strong><\/p>\n<p>El\u00a0<strong>Decreto 122-07<\/strong>, emitido en marzo de 2007, establece en el p\u00e1rrafo de su\u00a0<strong>art\u00edculo 9<\/strong>\u00a0que, cumplidos los\u00a0<strong>diez a\u00f1os<\/strong>\u00a0de la inclusi\u00f3n de los datos en el\u00a0<strong>Registro de Control e Inteligencia Policial<\/strong>, estos se convierten en informaci\u00f3n no clasificada.<\/p>\n<p>La misma norma establece que ese registro es de uso exclusivo de la\u00a0<strong>Polic\u00eda Nacional<\/strong>\u00a0y el\u00a0<strong>Ministerio P\u00fablico<\/strong>\u00a0y que\u00a0<strong>no puede ser<\/strong>\u00a0de libre acceso al p\u00fablico.<\/p>\n<p>En la\u00a0<strong>sentencia TC\/0840\/26<\/strong>, el Constitucional precis\u00f3 que el transcurso de los\u00a0<strong>diez a\u00f1os<\/strong>\u00a0no implica por s\u00ed solo la supresi\u00f3n o eliminaci\u00f3n del dato, sino un cambio en la forma en que debe ser tratado: pierde su car\u00e1cter clasificado y debe pasar al\u00a0<strong>archivo hist\u00f3rico.<\/strong><\/p>\n<h2><strong>Registros policiales internos<\/strong><\/h2>\n<p>El tribunal tambi\u00e9n record\u00f3 que la existencia de\u00a0<strong>registros policiales internos<\/strong>\u00a0no est\u00e1 prohibida. Su jurisprudencia permite que los\u00a0<strong>\u00f3rganos de investigaci\u00f3n criminal<\/strong>\u00a0conserven archivos internos y reservados para fines leg\u00edtimos de investigaci\u00f3n e\u00a0<strong>inteligencia policial<\/strong>, siempre que su utilizaci\u00f3n se limite a esos objetivos.<\/p>\n<p>En el caso decidido, el registro policial correspond\u00eda a una investigaci\u00f3n de enero de\u00a0<strong>2011<\/strong>\u00a0y, seg\u00fan una certificaci\u00f3n emitida en julio de 2024 por el\u00a0<strong>Archivo Central de Individualizaci\u00f3n F\u00edsica y Antecedentes<\/strong>\u00a0de la\u00a0<strong>Polic\u00eda Nacional<\/strong>, todav\u00eda figuraba con\u00a0<strong>estatus \u00abactivo\u00bb<\/strong>, pese a que hab\u00eda transcurrido el plazo de\u00a0<strong>diez a\u00f1os<\/strong>\u00a0previsto por el\u00a0<strong>Decreto 122-07<\/strong>.<\/p>\n<p>El TC reproch\u00f3, adem\u00e1s, al\u00a0<strong>Tribunal Superior Administrativo<\/strong>\u00a0haber omitido pronunciarse sobre el planteamiento concreto de la persona que\u00a0<strong>reclamaba<\/strong>\u00a0el cambio de estatus de su ficha, precisamente por haber transcurrido esos\u00a0<strong>diez a\u00f1os<\/strong>. Por esa raz\u00f3n, revoc\u00f3 la decisi\u00f3n que hab\u00eda rechazado el\u00a0<strong>habeas data<\/strong>.<\/p>\n<p>La sentencia establece, sin embargo, que la\u00a0<strong>p\u00e9rdida del car\u00e1cter clasificado<\/strong>\u00a0tampoco autoriza a la\u00a0<strong>Polic\u00eda Nacional<\/strong>\u00a0ni a otras autoridades a divulgar los datos. El TC advirti\u00f3 que hacerlo podr\u00eda vulnerar los\u00a0<strong>derechos a la intimidad<\/strong>\u00a0y al\u00a0<strong>honor<\/strong>\u00a0de la persona registrada.<\/p>\n<p>El propio\u00a0<strong>Decreto 122-07<\/strong>\u00a0distingue entre el\u00a0<strong>Registro de Control e Inteligencia Policial<\/strong>, bajo responsabilidad de la Polic\u00eda, y las\u00a0<strong>fichas temporales<\/strong>\u00a0de investigaci\u00f3n y permanentes, estas \u00faltimas vinculadas a condenas definitivas. Por ello, la regla de los\u00a0<strong>diez a\u00f1os<\/strong>\u00a0que reafirma el TC corresponde espec\u00edficamente a los datos del\u00a0<strong>Registro de Control e Inteligencia Policial<\/strong>.<\/p>\n<\/address>\n<h6><span style=\"color: #808080;\">Por. Balbiery Rosario \/ DL<\/span><\/h6>\n<\/div>\n","protected":false},"excerpt":{"rendered":"<p>El tribunal aclara que el plazo no supone borrar los registros, sino cambiar su estatus&#8230;<\/p>\n","protected":false},"author":2,"featured_media":58260,"comment_status":"open","ping_status":"open","sticky":false,"template":"","format":"standard","meta":{"_jetpack_newsletter_access":"","_jetpack_dont_email_post_to_subs":false,"_jetpack_newsletter_tier_id":0,"_jetpack_memberships_contains_paywalled_content":false,"_jetpack_memberships_contains_paid_content":false,"_joinchat":[],"footnotes":"","jetpack_publicize_message":"","jetpack_publicize_feature_enabled":true,"jetpack_social_post_already_shared":true,"jetpack_social_options":{"image_generator_settings":{"template":"highway","default_image_id":0,"font":"","enabled":false},"version":2},"jetpack_post_was_ever_published":false},"categories":[8,39],"tags":[22618,22617,22616,46,22619,1305],"class_list":["post-58259","post","type-post","status-publish","format-standard","has-post-thumbnail","hentry","category-nacionales","category-primeraplana","tag-archivo-muerto","tag-deben-pasar","tag-fichas-policiales","tag-solis-informa","tag-tras-10-anos","tag-tribunal-constitucional"],"yoast_head":"<!-- This site is optimized with the Yoast SEO plugin v24.9 - https:\/\/yoast.com\/wordpress\/plugins\/seo\/ -->\n<title>TC reafirma que fichas policiales deben pasar a archivo muerto tras 10 a\u00f1os - Solis Informa<\/title>\n<meta name=\"robots\" content=\"index, follow, max-snippet:-1, max-image-preview:large, max-video-preview:-1\" \/>\n<link rel=\"canonical\" href=\"https:\/\/solisinforma.com\/?p=58259\" \/>\n<meta property=\"og:locale\" content=\"es_ES\" \/>\n<meta property=\"og:type\" content=\"article\" \/>\n<meta property=\"og:title\" content=\"TC reafirma que fichas policiales deben pasar a archivo muerto tras 10 a\u00f1os - Solis Informa\" \/>\n<meta property=\"og:description\" content=\"El tribunal aclara que el plazo no supone borrar los registros, sino cambiar su estatus...\" \/>\n<meta property=\"og:url\" content=\"https:\/\/solisinforma.com\/?p=58259\" \/>\n<meta property=\"og:site_name\" content=\"Solis Informa\" \/>\n<meta property=\"article:publisher\" content=\"https:\/\/www.facebook.com\/Solisinforma1\/\" \/>\n<meta property=\"article:author\" content=\"https:\/\/www.facebook.com\/Solisinforma\/\" \/>\n<meta property=\"article:published_time\" content=\"2026-09-02T10:53:02+00:00\" \/>\n<meta property=\"og:image\" content=\"https:\/\/solisinforma.com\/wp-content\/uploads\/2026\/09\/Fichas-policiales.jpg\" \/>\n\t<meta property=\"og:image:width\" content=\"1920\" \/>\n\t<meta property=\"og:image:height\" content=\"1080\" \/>\n\t<meta property=\"og:image:type\" content=\"image\/jpeg\" \/>\n<meta name=\"author\" content=\"Hector Solis\" \/>\n<meta name=\"twitter:card\" content=\"summary_large_image\" \/>\n<meta name=\"twitter:creator\" content=\"@solisinforma1\" \/>\n<meta name=\"twitter:label1\" content=\"Escrito por\" \/>\n\t<meta name=\"twitter:data1\" content=\"Hector Solis\" \/>\n\t<meta name=\"twitter:label2\" content=\"Tiempo de lectura\" \/>\n\t<meta name=\"twitter:data2\" content=\"3 minutos\" \/>\n<script type=\"application\/ld+json\" class=\"yoast-schema-graph\">{\"@context\":\"https:\/\/schema.org\",\"@graph\":[{\"@type\":\"Article\",\"@id\":\"https:\/\/solisinforma.com\/?p=58259#article\",\"isPartOf\":{\"@id\":\"https:\/\/solisinforma.com\/?p=58259\"},\"author\":{\"name\":\"Hector Solis\",\"@id\":\"https:\/\/solisinforma.com\/#\/schema\/person\/db4967d1c8ed640d46bf21dc55215612\"},\"headline\":\"TC reafirma que fichas policiales deben pasar a archivo muerto tras 10 a\u00f1os\",\"datePublished\":\"2026-09-02T10:53:02+00:00\",\"mainEntityOfPage\":{\"@id\":\"https:\/\/solisinforma.com\/?p=58259\"},\"wordCount\":538,\"commentCount\":0,\"publisher\":{\"@id\":\"https:\/\/solisinforma.com\/#organization\"},\"image\":{\"@id\":\"https:\/\/solisinforma.com\/?p=58259#primaryimage\"},\"thumbnailUrl\":\"https:\/\/i0.wp.com\/solisinforma.com\/wp-content\/uploads\/2026\/09\/Fichas-policiales.jpg?fit=1920%2C1080&ssl=1\",\"keywords\":[\"archivo muerto\",\"deben pasar\",\"fichas policiales\",\"Solis informa\",\"Tras 10 a\u00f1os\",\"Tribunal Constitucional:\"],\"articleSection\":[\"Nacionales\",\"Primera Plana\"],\"inLanguage\":\"es\",\"potentialAction\":[{\"@type\":\"CommentAction\",\"name\":\"Comment\",\"target\":[\"https:\/\/solisinforma.com\/?p=58259#respond\"]}]},{\"@type\":\"WebPage\",\"@id\":\"https:\/\/solisinforma.com\/?p=58259\",\"url\":\"https:\/\/solisinforma.com\/?p=58259\",\"name\":\"TC reafirma que fichas policiales deben pasar a archivo muerto tras 10 a\u00f1os - Solis Informa\",\"isPartOf\":{\"@id\":\"https:\/\/solisinforma.com\/#website\"},\"primaryImageOfPage\":{\"@id\":\"https:\/\/solisinforma.com\/?p=58259#primaryimage\"},\"image\":{\"@id\":\"https:\/\/solisinforma.com\/?p=58259#primaryimage\"},\"thumbnailUrl\":\"https:\/\/i0.wp.com\/solisinforma.com\/wp-content\/uploads\/2026\/09\/Fichas-policiales.jpg?fit=1920%2C1080&ssl=1\",\"datePublished\":\"2026-09-02T10:53:02+00:00\",\"breadcrumb\":{\"@id\":\"https:\/\/solisinforma.com\/?p=58259#breadcrumb\"},\"inLanguage\":\"es\",\"potentialAction\":[{\"@type\":\"ReadAction\",\"target\":[\"https:\/\/solisinforma.com\/?p=58259\"]}]},{\"@type\":\"ImageObject\",\"inLanguage\":\"es\",\"@id\":\"https:\/\/solisinforma.com\/?p=58259#primaryimage\",\"url\":\"https:\/\/i0.wp.com\/solisinforma.com\/wp-content\/uploads\/2026\/09\/Fichas-policiales.jpg?fit=1920%2C1080&ssl=1\",\"contentUrl\":\"https:\/\/i0.wp.com\/solisinforma.com\/wp-content\/uploads\/2026\/09\/Fichas-policiales.jpg?fit=1920%2C1080&ssl=1\",\"width\":1920,\"height\":1080},{\"@type\":\"BreadcrumbList\",\"@id\":\"https:\/\/solisinforma.com\/?p=58259#breadcrumb\",\"itemListElement\":[{\"@type\":\"ListItem\",\"position\":1,\"name\":\"Portada\",\"item\":\"https:\/\/solisinforma.com\/\"},{\"@type\":\"ListItem\",\"position\":2,\"name\":\"TC reafirma que fichas policiales deben pasar a archivo muerto tras 10 a\u00f1os\"}]},{\"@type\":\"WebSite\",\"@id\":\"https:\/\/solisinforma.com\/#website\",\"url\":\"https:\/\/solisinforma.com\/\",\"name\":\"Solis Informa\",\"description\":\"El Diario de San Juan\",\"publisher\":{\"@id\":\"https:\/\/solisinforma.com\/#organization\"},\"potentialAction\":[{\"@type\":\"SearchAction\",\"target\":{\"@type\":\"EntryPoint\",\"urlTemplate\":\"https:\/\/solisinforma.com\/?s={search_term_string}\"},\"query-input\":{\"@type\":\"PropertyValueSpecification\",\"valueRequired\":true,\"valueName\":\"search_term_string\"}}],\"inLanguage\":\"es\"},{\"@type\":\"Organization\",\"@id\":\"https:\/\/solisinforma.com\/#organization\",\"name\":\"Solis Informa\",\"url\":\"https:\/\/solisinforma.com\/\",\"logo\":{\"@type\":\"ImageObject\",\"inLanguage\":\"es\",\"@id\":\"https:\/\/solisinforma.com\/#\/schema\/logo\/image\/\",\"url\":\"https:\/\/i0.wp.com\/solisinforma.com\/wp-content\/uploads\/2020\/07\/cropped-solis-4.png?fit=512%2C512&ssl=1\",\"contentUrl\":\"https:\/\/i0.wp.com\/solisinforma.com\/wp-content\/uploads\/2020\/07\/cropped-solis-4.png?fit=512%2C512&ssl=1\",\"width\":512,\"height\":512,\"caption\":\"Solis Informa\"},\"image\":{\"@id\":\"https:\/\/solisinforma.com\/#\/schema\/logo\/image\/\"},\"sameAs\":[\"https:\/\/www.facebook.com\/Solisinforma1\/\"]},{\"@type\":\"Person\",\"@id\":\"https:\/\/solisinforma.com\/#\/schema\/person\/db4967d1c8ed640d46bf21dc55215612\",\"name\":\"Hector Solis\",\"image\":{\"@type\":\"ImageObject\",\"inLanguage\":\"es\",\"@id\":\"https:\/\/solisinforma.com\/#\/schema\/person\/image\/\",\"url\":\"https:\/\/secure.gravatar.com\/avatar\/3e116868529a43555438940611160b9cf01e4fb17f119453a6329d96e10fecf8?s=96&d=mm&r=g\",\"contentUrl\":\"https:\/\/secure.gravatar.com\/avatar\/3e116868529a43555438940611160b9cf01e4fb17f119453a6329d96e10fecf8?s=96&d=mm&r=g\",\"caption\":\"Hector Solis\"},\"sameAs\":[\"http:\/\/Solisinforma.com\",\"https:\/\/www.facebook.com\/Solisinforma\/\",\"https:\/\/www.instagram.com\/solisinforma\/\",\"www.linkedin.com\/in\/hectorsolisinforma\",\"https:\/\/x.com\/solisinforma1\",\"@Solisinformaenvivo\",\"https:\/\/soundcloud.com\/solisinforma\"],\"url\":\"https:\/\/solisinforma.com\/?author=2\"}]}<\/script>\n<!-- \/ Yoast SEO plugin. -->","yoast_head_json":{"title":"TC reafirma que fichas policiales deben pasar a archivo muerto tras 10 a\u00f1os - Solis Informa","robots":{"index":"index","follow":"follow","max-snippet":"max-snippet:-1","max-image-preview":"max-image-preview:large","max-video-preview":"max-video-preview:-1"},"canonical":"https:\/\/solisinforma.com\/?p=58259","og_locale":"es_ES","og_type":"article","og_title":"TC reafirma que fichas policiales deben pasar a archivo muerto tras 10 a\u00f1os - Solis Informa","og_description":"El tribunal aclara que el plazo no supone borrar los registros, sino cambiar su estatus...","og_url":"https:\/\/solisinforma.com\/?p=58259","og_site_name":"Solis Informa","article_publisher":"https:\/\/www.facebook.com\/Solisinforma1\/","article_author":"https:\/\/www.facebook.com\/Solisinforma\/","article_published_time":"2026-09-02T10:53:02+00:00","og_image":[{"width":1920,"height":1080,"url":"https:\/\/solisinforma.com\/wp-content\/uploads\/2026\/09\/Fichas-policiales.jpg","type":"image\/jpeg"}],"author":"Hector Solis","twitter_card":"summary_large_image","twitter_creator":"@solisinforma1","twitter_misc":{"Escrito por":"Hector Solis","Tiempo de lectura":"3 minutos"},"schema":{"@context":"https:\/\/schema.org","@graph":[{"@type":"Article","@id":"https:\/\/solisinforma.com\/?p=58259#article","isPartOf":{"@id":"https:\/\/solisinforma.com\/?p=58259"},"author":{"name":"Hector Solis","@id":"https:\/\/solisinforma.com\/#\/schema\/person\/db4967d1c8ed640d46bf21dc55215612"},"headline":"TC reafirma que fichas policiales deben pasar a archivo muerto tras 10 a\u00f1os","datePublished":"2026-09-02T10:53:02+00:00","mainEntityOfPage":{"@id":"https:\/\/solisinforma.com\/?p=58259"},"wordCount":538,"commentCount":0,"publisher":{"@id":"https:\/\/solisinforma.com\/#organization"},"image":{"@id":"https:\/\/solisinforma.com\/?p=58259#primaryimage"},"thumbnailUrl":"https:\/\/i0.wp.com\/solisinforma.com\/wp-content\/uploads\/2026\/09\/Fichas-policiales.jpg?fit=1920%2C1080&ssl=1","keywords":["archivo muerto","deben pasar","fichas policiales","Solis informa","Tras 10 a\u00f1os","Tribunal Constitucional:"],"articleSection":["Nacionales","Primera Plana"],"inLanguage":"es","potentialAction":[{"@type":"CommentAction","name":"Comment","target":["https:\/\/solisinforma.com\/?p=58259#respond"]}]},{"@type":"WebPage","@id":"https:\/\/solisinforma.com\/?p=58259","url":"https:\/\/solisinforma.com\/?p=58259","name":"TC reafirma que fichas policiales deben pasar a archivo muerto tras 10 a\u00f1os - Solis Informa","isPartOf":{"@id":"https:\/\/solisinforma.com\/#website"},"primaryImageOfPage":{"@id":"https:\/\/solisinforma.com\/?p=58259#primaryimage"},"image":{"@id":"https:\/\/solisinforma.com\/?p=58259#primaryimage"},"thumbnailUrl":"https:\/\/i0.wp.com\/solisinforma.com\/wp-content\/uploads\/2026\/09\/Fichas-policiales.jpg?fit=1920%2C1080&ssl=1","datePublished":"2026-09-02T10:53:02+00:00","breadcrumb":{"@id":"https:\/\/solisinforma.com\/?p=58259#breadcrumb"},"inLanguage":"es","potentialAction":[{"@type":"ReadAction","target":["https:\/\/solisinforma.com\/?p=58259"]}]},{"@type":"ImageObject","inLanguage":"es","@id":"https:\/\/solisinforma.com\/?p=58259#primaryimage","url":"https:\/\/i0.wp.com\/solisinforma.com\/wp-content\/uploads\/2026\/09\/Fichas-policiales.jpg?fit=1920%2C1080&ssl=1","contentUrl":"https:\/\/i0.wp.com\/solisinforma.com\/wp-content\/uploads\/2026\/09\/Fichas-policiales.jpg?fit=1920%2C1080&ssl=1","width":1920,"height":1080},{"@type":"BreadcrumbList","@id":"https:\/\/solisinforma.com\/?p=58259#breadcrumb","itemListElement":[{"@type":"ListItem","position":1,"name":"Portada","item":"https:\/\/solisinforma.com\/"},{"@type":"ListItem","position":2,"name":"TC reafirma que fichas policiales deben pasar a archivo muerto tras 10 a\u00f1os"}]},{"@type":"WebSite","@id":"https:\/\/solisinforma.com\/#website","url":"https:\/\/solisinforma.com\/","name":"Solis Informa","description":"El Diario de San Juan","publisher":{"@id":"https:\/\/solisinforma.com\/#organization"},"potentialAction":[{"@type":"SearchAction","target":{"@type":"EntryPoint","urlTemplate":"https:\/\/solisinforma.com\/?s={search_term_string}"},"query-input":{"@type":"PropertyValueSpecification","valueRequired":true,"valueName":"search_term_string"}}],"inLanguage":"es"},{"@type":"Organization","@id":"https:\/\/solisinforma.com\/#organization","name":"Solis Informa","url":"https:\/\/solisinforma.com\/","logo":{"@type":"ImageObject","inLanguage":"es","@id":"https:\/\/solisinforma.com\/#\/schema\/logo\/image\/","url":"https:\/\/i0.wp.com\/solisinforma.com\/wp-content\/uploads\/2020\/07\/cropped-solis-4.png?fit=512%2C512&ssl=1","contentUrl":"https:\/\/i0.wp.com\/solisinforma.com\/wp-content\/uploads\/2020\/07\/cropped-solis-4.png?fit=512%2C512&ssl=1","width":512,"height":512,"caption":"Solis Informa"},"image":{"@id":"https:\/\/solisinforma.com\/#\/schema\/logo\/image\/"},"sameAs":["https:\/\/www.facebook.com\/Solisinforma1\/"]},{"@type":"Person","@id":"https:\/\/solisinforma.com\/#\/schema\/person\/db4967d1c8ed640d46bf21dc55215612","name":"Hector Solis","image":{"@type":"ImageObject","inLanguage":"es","@id":"https:\/\/solisinforma.com\/#\/schema\/person\/image\/","url":"https:\/\/secure.gravatar.com\/avatar\/3e116868529a43555438940611160b9cf01e4fb17f119453a6329d96e10fecf8?s=96&d=mm&r=g","contentUrl":"https:\/\/secure.gravatar.com\/avatar\/3e116868529a43555438940611160b9cf01e4fb17f119453a6329d96e10fecf8?s=96&d=mm&r=g","caption":"Hector Solis"},"sameAs":["http:\/\/Solisinforma.com","https:\/\/www.facebook.com\/Solisinforma\/","https:\/\/www.instagram.com\/solisinforma\/","www.linkedin.com\/in\/hectorsolisinforma","https:\/\/x.com\/solisinforma1","@Solisinformaenvivo","https:\/\/soundcloud.com\/solisinforma"],"url":"https:\/\/solisinforma.com\/?author=2"}]}},"jetpack_publicize_connections":[],"jetpack_featured_media_url":"https:\/\/i0.wp.com\/solisinforma.com\/wp-content\/uploads\/2026\/09\/Fichas-policiales.jpg?fit=1920%2C1080&ssl=1","jetpack_sharing_enabled":true,"jetpack_likes_enabled":true,"jetpack-related-posts":[{"id":30464,"url":"https:\/\/solisinforma.com\/?p=30464","url_meta":{"origin":58259,"position":0},"title":"Polic\u00eda y Fuerzas Armadas: instituciones del orden que se reh\u00fasan a cumplir sentencias del TC","author":"Hector Solis","date":"12 de marzo de 2025","format":false,"excerpt":"Favorecidos esperan d\u00e9cadas para que les cumplan con lo dictaminado por la alta corte El presidente Luis Abinader acompa\u00f1ado del director de la Polic\u00eda, Ram\u00f3n Antonio, Guzm\u00e1n Peralta (derecha), y el ministro de Defensa, Carlos Antonio Fern\u00e1ndez Onofre (izquierda), en una reuni\u00f3n el lunes en el Palacio de la Polic\u00eda\u2026","rel":"","context":"En \u00abNacionales\u00bb","block_context":{"text":"Nacionales","link":"https:\/\/solisinforma.com\/?cat=8"},"img":{"alt_text":"","src":"https:\/\/i0.wp.com\/solisinforma.com\/wp-content\/uploads\/2025\/03\/Reunion-de-seguridad-Luis-Abinader.jpeg?fit=1200%2C675&ssl=1&resize=350%2C200","width":350,"height":200,"srcset":"https:\/\/i0.wp.com\/solisinforma.com\/wp-content\/uploads\/2025\/03\/Reunion-de-seguridad-Luis-Abinader.jpeg?fit=1200%2C675&ssl=1&resize=350%2C200 1x, https:\/\/i0.wp.com\/solisinforma.com\/wp-content\/uploads\/2025\/03\/Reunion-de-seguridad-Luis-Abinader.jpeg?fit=1200%2C675&ssl=1&resize=525%2C300 1.5x, https:\/\/i0.wp.com\/solisinforma.com\/wp-content\/uploads\/2025\/03\/Reunion-de-seguridad-Luis-Abinader.jpeg?fit=1200%2C675&ssl=1&resize=700%2C400 2x, https:\/\/i0.wp.com\/solisinforma.com\/wp-content\/uploads\/2025\/03\/Reunion-de-seguridad-Luis-Abinader.jpeg?fit=1200%2C675&ssl=1&resize=1050%2C600 3x"},"classes":[]},{"id":57650,"url":"https:\/\/solisinforma.com\/?p=57650","url_meta":{"origin":58259,"position":1},"title":"TC declara inconstitucional el decreto que limita el horario de venta de bebidas alcoh\u00f3licas","author":"Hector Solis","date":"29 de julio de 2026","format":false,"excerpt":"La sentencia se\u00f1ala que la regulaci\u00f3n de horarios para el expendio de bebidas alcoh\u00f3licas debe ser establecida por el Congreso y no por un decreto presidencial. El decreto continuar\u00e1 vigente por dos a\u00f1os. La sentencia se\u00f1ala que la regulaci\u00f3n de horarios para el expendio de bebidas alcoh\u00f3licas debe ser establecida\u2026","rel":"","context":"En \u00abNacionales\u00bb","block_context":{"text":"Nacionales","link":"https:\/\/solisinforma.com\/?cat=8"},"img":{"alt_text":"","src":"https:\/\/i0.wp.com\/solisinforma.com\/wp-content\/uploads\/2024\/12\/Bebida-Colmadon.jpg?fit=1200%2C741&ssl=1&resize=350%2C200","width":350,"height":200,"srcset":"https:\/\/i0.wp.com\/solisinforma.com\/wp-content\/uploads\/2024\/12\/Bebida-Colmadon.jpg?fit=1200%2C741&ssl=1&resize=350%2C200 1x, https:\/\/i0.wp.com\/solisinforma.com\/wp-content\/uploads\/2024\/12\/Bebida-Colmadon.jpg?fit=1200%2C741&ssl=1&resize=525%2C300 1.5x, https:\/\/i0.wp.com\/solisinforma.com\/wp-content\/uploads\/2024\/12\/Bebida-Colmadon.jpg?fit=1200%2C741&ssl=1&resize=700%2C400 2x, https:\/\/i0.wp.com\/solisinforma.com\/wp-content\/uploads\/2024\/12\/Bebida-Colmadon.jpg?fit=1200%2C741&ssl=1&resize=1050%2C600 3x"},"classes":[]},{"id":57758,"url":"https:\/\/solisinforma.com\/?p=57758","url_meta":{"origin":58259,"position":2},"title":"La PN es la m\u00e1s reacia en acatar sentencias del Tribunal Constitucional","author":"Hector Solis","date":"10 de agosto de 2026","format":false,"excerpt":"El m\u00e1s reciente fallo condena a la instituci\u00f3n a pagar m\u00e1s de RD$2.8 millones a la viuda de un general por incumplimiento de sentencia. \u00a0 La Direcci\u00f3n General de la Polic\u00eda Nacional se ha convertido en la entidad estatal m\u00e1s reacia en acatar las decisiones del\u00a0Tribunal Constitucional\u00a0(TC), seg\u00fan revela el\u2026","rel":"","context":"En \u00abNacionales\u00bb","block_context":{"text":"Nacionales","link":"https:\/\/solisinforma.com\/?cat=8"},"img":{"alt_text":"","src":"https:\/\/i0.wp.com\/solisinforma.com\/wp-content\/uploads\/2026\/07\/Policia-Nacional-uniforme.jpg?fit=1200%2C900&ssl=1&resize=350%2C200","width":350,"height":200,"srcset":"https:\/\/i0.wp.com\/solisinforma.com\/wp-content\/uploads\/2026\/07\/Policia-Nacional-uniforme.jpg?fit=1200%2C900&ssl=1&resize=350%2C200 1x, https:\/\/i0.wp.com\/solisinforma.com\/wp-content\/uploads\/2026\/07\/Policia-Nacional-uniforme.jpg?fit=1200%2C900&ssl=1&resize=525%2C300 1.5x, https:\/\/i0.wp.com\/solisinforma.com\/wp-content\/uploads\/2026\/07\/Policia-Nacional-uniforme.jpg?fit=1200%2C900&ssl=1&resize=700%2C400 2x, https:\/\/i0.wp.com\/solisinforma.com\/wp-content\/uploads\/2026\/07\/Policia-Nacional-uniforme.jpg?fit=1200%2C900&ssl=1&resize=1050%2C600 3x"},"classes":[]},{"id":28525,"url":"https:\/\/solisinforma.com\/?p=28525","url_meta":{"origin":58259,"position":3},"title":"TC vuelve a cuestionar al Congreso, pero avala la reforma constitucional","author":"Hector Solis","date":"9 de diciembre de 2024","format":false,"excerpt":"Declar\u00f3 inconstitucional Ley 10-15 que reforma C\u00f3digo Procesal Penal y la Ley 1-24, que crea la DNI por \"vicios\" en la elaboraci\u00f3n de esas normas. El\u00a0Tribunal\u00a0Constitucional\u00a0(TC) emiti\u00f3 recientemente tres sentencias fundamentales que marcan un punto de inflexi\u00f3n en la\u00a0interpretaci\u00f3n\u00a0constitucional\u00a0dominicana. En estas resoluciones, el alto\u00a0tribunal\u00a0declar\u00f3 inconstitucionales dos leyes importantes: la\u00a0Ley\u00a01-24\u00a0que crea\u2026","rel":"","context":"En \u00abNacionales\u00bb","block_context":{"text":"Nacionales","link":"https:\/\/solisinforma.com\/?cat=8"},"img":{"alt_text":"","src":"https:\/\/i0.wp.com\/solisinforma.com\/wp-content\/uploads\/2024\/12\/TRIBUNAL-CONSTITUCIONAL-sentencia-scaled.jpg?fit=1200%2C639&ssl=1&resize=350%2C200","width":350,"height":200,"srcset":"https:\/\/i0.wp.com\/solisinforma.com\/wp-content\/uploads\/2024\/12\/TRIBUNAL-CONSTITUCIONAL-sentencia-scaled.jpg?fit=1200%2C639&ssl=1&resize=350%2C200 1x, https:\/\/i0.wp.com\/solisinforma.com\/wp-content\/uploads\/2024\/12\/TRIBUNAL-CONSTITUCIONAL-sentencia-scaled.jpg?fit=1200%2C639&ssl=1&resize=525%2C300 1.5x, https:\/\/i0.wp.com\/solisinforma.com\/wp-content\/uploads\/2024\/12\/TRIBUNAL-CONSTITUCIONAL-sentencia-scaled.jpg?fit=1200%2C639&ssl=1&resize=700%2C400 2x, https:\/\/i0.wp.com\/solisinforma.com\/wp-content\/uploads\/2024\/12\/TRIBUNAL-CONSTITUCIONAL-sentencia-scaled.jpg?fit=1200%2C639&ssl=1&resize=1050%2C600 3x"},"classes":[]},{"id":53232,"url":"https:\/\/solisinforma.com\/?p=53232","url_meta":{"origin":58259,"position":4},"title":"El TC reafirma precedente que elimina la prisi\u00f3n por delitos de difamaci\u00f3n","author":"Hector Solis","date":"18 de noviembre de 2025","format":false,"excerpt":"La sentencia recalca que ning\u00fan tribunal puede imponer prisi\u00f3n por injuria desde 2016 El\u00a0Tribunal Constitucional\u00a0(TC) anul\u00f3 la sentencia n\u00famero 2339, dictada por la Segunda Sala de la\u00a0Suprema Corte\u00a0de Justicia (SCJ) el 19 de diciembre de 2018, tras establecer que ese tribunal ignor\u00f3 el\u00a0precedente constitucional\u00a0que declar\u00f3 la nulidad de varios art\u00edculos\u2026","rel":"","context":"En \u00abNacionales\u00bb","block_context":{"text":"Nacionales","link":"https:\/\/solisinforma.com\/?cat=8"},"img":{"alt_text":"","src":"https:\/\/i0.wp.com\/solisinforma.com\/wp-content\/uploads\/2025\/11\/TC-tribunal-constitucional-rRD-scaled.jpg?fit=1200%2C800&ssl=1&resize=350%2C200","width":350,"height":200,"srcset":"https:\/\/i0.wp.com\/solisinforma.com\/wp-content\/uploads\/2025\/11\/TC-tribunal-constitucional-rRD-scaled.jpg?fit=1200%2C800&ssl=1&resize=350%2C200 1x, https:\/\/i0.wp.com\/solisinforma.com\/wp-content\/uploads\/2025\/11\/TC-tribunal-constitucional-rRD-scaled.jpg?fit=1200%2C800&ssl=1&resize=525%2C300 1.5x, https:\/\/i0.wp.com\/solisinforma.com\/wp-content\/uploads\/2025\/11\/TC-tribunal-constitucional-rRD-scaled.jpg?fit=1200%2C800&ssl=1&resize=700%2C400 2x, https:\/\/i0.wp.com\/solisinforma.com\/wp-content\/uploads\/2025\/11\/TC-tribunal-constitucional-rRD-scaled.jpg?fit=1200%2C800&ssl=1&resize=1050%2C600 3x"},"classes":[]},{"id":20098,"url":"https:\/\/solisinforma.com\/?p=20098","url_meta":{"origin":58259,"position":5},"title":"Matan a siete en refriegas con los polic\u00edas en un mes","author":"Hector Solis","date":"24 de julio de 2023","format":false,"excerpt":"Las personas muertas fueron calificadas por la Polic\u00eda como desaprensivos que cayeron en enfrentamientos con los agentes. El presidente Luis Abinader inform\u00f3 el pasado 19 de junio que estar\u00e1 realizando reuniones continuas con la direcci\u00f3n de la Polic\u00eda Nacional para analizar el trayecto de la criminalidad y el impacto de\u2026","rel":"","context":"En \u00abNacionales\u00bb","block_context":{"text":"Nacionales","link":"https:\/\/solisinforma.com\/?cat=8"},"img":{"alt_text":"","src":"https:\/\/i0.wp.com\/solisinforma.com\/wp-content\/uploads\/2022\/12\/Abatico-Caido-disparo-escena.jpg?resize=350%2C200&ssl=1","width":350,"height":200,"srcset":"https:\/\/i0.wp.com\/solisinforma.com\/wp-content\/uploads\/2022\/12\/Abatico-Caido-disparo-escena.jpg?resize=350%2C200&ssl=1 1x, https:\/\/i0.wp.com\/solisinforma.com\/wp-content\/uploads\/2022\/12\/Abatico-Caido-disparo-escena.jpg?resize=525%2C300&ssl=1 1.5x, https:\/\/i0.wp.com\/solisinforma.com\/wp-content\/uploads\/2022\/12\/Abatico-Caido-disparo-escena.jpg?resize=700%2C400&ssl=1 2x, https:\/\/i0.wp.com\/solisinforma.com\/wp-content\/uploads\/2022\/12\/Abatico-Caido-disparo-escena.jpg?resize=1050%2C600&ssl=1 3x, https:\/\/i0.wp.com\/solisinforma.com\/wp-content\/uploads\/2022\/12\/Abatico-Caido-disparo-escena.jpg?resize=1400%2C800&ssl=1 4x"},"classes":[]}],"jetpack_shortlink":"https:\/\/wp.me\/pc2Svn-f9F","_links":{"self":[{"href":"https:\/\/solisinforma.com\/index.php?rest_route=\/wp\/v2\/posts\/58259","targetHints":{"allow":["GET"]}}],"collection":[{"href":"https:\/\/solisinforma.com\/index.php?rest_route=\/wp\/v2\/posts"}],"about":[{"href":"https:\/\/solisinforma.com\/index.php?rest_route=\/wp\/v2\/types\/post"}],"author":[{"embeddable":true,"href":"https:\/\/solisinforma.com\/index.php?rest_route=\/wp\/v2\/users\/2"}],"replies":[{"embeddable":true,"href":"https:\/\/solisinforma.com\/index.php?rest_route=%2Fwp%2Fv2%2Fcomments&post=58259"}],"version-history":[{"count":1,"href":"https:\/\/solisinforma.com\/index.php?rest_route=\/wp\/v2\/posts\/58259\/revisions"}],"predecessor-version":[{"id":58261,"href":"https:\/\/solisinforma.com\/index.php?rest_route=\/wp\/v2\/posts\/58259\/revisions\/58261"}],"wp:featuredmedia":[{"embeddable":true,"href":"https:\/\/solisinforma.com\/index.php?rest_route=\/wp\/v2\/media\/58260"}],"wp:attachment":[{"href":"https:\/\/solisinforma.com\/index.php?rest_route=%2Fwp%2Fv2%2Fmedia&parent=58259"}],"wp:term":[{"taxonomy":"category","embeddable":true,"href":"https:\/\/solisinforma.com\/index.php?rest_route=%2Fwp%2Fv2%2Fcategories&post=58259"},{"taxonomy":"post_tag","embeddable":true,"href":"https:\/\/solisinforma.com\/index.php?rest_route=%2Fwp%2Fv2%2Ftags&post=58259"}],"curies":[{"name":"wp","href":"https:\/\/api.w.org\/{rel}","templated":true}]}}