{"id":58263,"date":"2026-09-02T07:16:31","date_gmt":"2026-09-02T11:16:31","guid":{"rendered":"https:\/\/solisinforma.com\/?p=58263"},"modified":"2026-09-02T07:16:31","modified_gmt":"2026-09-02T11:16:31","slug":"una-semana-despues-del-ano-escolar-clases-debajo-de-arboles-y-escuelas-en-reparacion","status":"publish","type":"post","link":"https:\/\/solisinforma.com\/?p=58263","title":{"rendered":"Una semana despu\u00e9s del a\u00f1o escolar: clases debajo de \u00e1rboles y escuelas en reparaci\u00f3n"},"content":{"rendered":"<div class=\"c-article__free c-detail__body\">\n<p><img data-recalc-dims=\"1\" loading=\"lazy\" decoding=\"async\" class=\"alignnone size-medium wp-image-58264\" src=\"https:\/\/i0.wp.com\/solisinforma.com\/wp-content\/uploads\/2026\/09\/Escuela-bajo-arbol.jpg?resize=640%2C357&#038;ssl=1\" alt=\"\" width=\"640\" height=\"357\" srcset=\"https:\/\/i0.wp.com\/solisinforma.com\/wp-content\/uploads\/2026\/09\/Escuela-bajo-arbol-scaled.jpg?resize=1280%2C714&amp;ssl=1 1280w, https:\/\/i0.wp.com\/solisinforma.com\/wp-content\/uploads\/2026\/09\/Escuela-bajo-arbol-scaled.jpg?resize=768%2C429&amp;ssl=1 768w, https:\/\/i0.wp.com\/solisinforma.com\/wp-content\/uploads\/2026\/09\/Escuela-bajo-arbol-scaled.jpg?resize=1536%2C857&amp;ssl=1 1536w, https:\/\/i0.wp.com\/solisinforma.com\/wp-content\/uploads\/2026\/09\/Escuela-bajo-arbol-scaled.jpg?resize=2048%2C1143&amp;ssl=1 2048w, https:\/\/i0.wp.com\/solisinforma.com\/wp-content\/uploads\/2026\/09\/Escuela-bajo-arbol-scaled.jpg?resize=1024%2C572&amp;ssl=1 1024w, https:\/\/i0.wp.com\/solisinforma.com\/wp-content\/uploads\/2026\/09\/Escuela-bajo-arbol-scaled.jpg?w=1920&amp;ssl=1 1920w\" sizes=\"auto, (max-width: 640px) 100vw, 640px\" \/><\/p>\n<p id=\"m86269-86268-86270\">Una semana ha transcurrido del inicio del nuevo a\u00f1o escolar 2026-2027, donde el llamado que hizo el Ministerio de Educaci\u00f3n, \u201cM\u00e1s listos que nunca,\u201d no se ha evidenciado en muchas partes de la Rep\u00fablica Dominicana, pues mucho antes de iniciar la docencia, los tropiezos ya se ven\u00edan anunciando.<\/p>\n<p id=\"m86274-86273-86275\">El panorama que se refleja en diferentes provincias evidencia un nuevo a\u00f1o escolar acompa\u00f1ado de d\u00e9ficit de aulas y maestros, estudiantes obligados a recibir clases debajo de \u00e1rboles, escuelas que empezaron a ser intervenidas recientemente y decenas de ni\u00f1os fuera de las aulas.<\/p>\n<p id=\"m86279-86278-86280\">En Guayub\u00edn, municipio de la provincia Monte Cristi, siete centros educativos no empezaron la docencia que se ten\u00eda prevista el pasado 24 de agosto. Yvan Vlad\u00edmir Rodr\u00edguez, representante de la Asociaci\u00f3n Dominicana de Profesores (ADP) detall\u00f3 que de estos centros, algunos empezaron a ser intervenidos la semana pasada, misma semana cuando empez\u00f3 el periodo escolar.<\/p>\n<p id=\"m86284-86283-86285\">En el caso del Liceo Cana Chapet\u00f3n, los estudiantes est\u00e1n recibiendo docencia bajo \u00e1rboles debido a la falta de aulas que hay en el plantel. Mientras que la Escuela Do\u00f1a Antonia, el Liceo Juliana Esperanza Ram\u00edrez, la Escuela El Papayo, la Villa Lobos Abajo, la Primaria Agua de Luis, Centro Educativo La Divisoria y la Rosa Emilia Rodr\u00edguez se mantienen paralizadas por remozamientos y falta de maestros.<\/p>\n<p id=\"m86289-86288-86290\">Rodr\u00edguez mencion\u00f3 que en otros centros, se realiz\u00f3 un cambio en el distribuidor encargado de proporcionar el almuerzo escolar, calific\u00e1ndolo como de mala calidad. En el caso del desayuno escolar, el representante dijo que con el cambio que se hizo en la leche, se necesitan espacios refrigerados para almacenarlas y al igual que energ\u00eda el\u00e9ctrica, que en muchas escuelas, agreg\u00f3, no hay, \u201cMuchos centros no tienen ni luz ni freezer, pero el d\u00eda que se empiecen a intoxicar los ni\u00f1os, el Ministerio es responsable de eso\u201d.<\/p>\n<p id=\"m86294-86293-86295\">En la seccional este de San Francisco de Macor\u00eds, 14 centros en el distrito educativo 07-05 no pudieron iniciar las clases debido a las condiciones de infraestructura y por falta de personal docente y administrativo.<\/p>\n<p id=\"m86299-86298-86300\">Al igual que en otras zonas, en los centros educativos de este distrito los remozamientos iniciaron hace pocos d\u00edas, \u201cempezaron a hacer las intervenciones de infraestructura, los mantenimientos correctivos ya en muchas el jueves, en otras el viernes, en otras el jueves de la semana anterior a la semana que preced\u00eda el inicio del a\u00f1o escolar, se paralizaron los trabajos por falta de materiales y el mismo lunes todav\u00eda estaban paralizados los trabajos con los trabajadores ah\u00ed por falta de materiales\u201d, explic\u00f3 el representante de la ADP en el este de San Francisco de Macor\u00eds, Wady Paredes.<\/p>\n<p id=\"m86304-86303-86305\">Paredes dijo que el inicio del a\u00f1o escolar no fue como el Ministerio de Educaci\u00f3n promocion\u00f3 de \u201cM\u00e1s listos que nunca\u201d, destacando que la Escuela de Educaci\u00f3n Especial LARPE tiene alrededor de 80 estudiantes que por falta de cupo que no pudieron inscribirse, por lo que decidieron paralizar la docencia, ya que es la \u00fanica escuela de educaci\u00f3n especial de la zona.<\/p>\n<p id=\"m86309-86308-86310\">\u201cNosotros realmente como sindicato lamentamos de manera categ\u00f3rica que el Ministerio de Educaci\u00f3n y la Direcci\u00f3n de Infraestructura Escolar no puedan dar respuesta a tiempo como nosotros se lo venimos sugiriendo para que estos entuertos no atropellen la calidad educativa y que todos los estudiantes puedan acceder a lo que es la educaci\u00f3n\u201d, dijo<\/p>\n<p id=\"m86314-86313-86315\">Agreg\u00f3 tambi\u00e9n que los padres, las madres y los estudiantes no somos responsables de que la Direcci\u00f3n de Infraestructura Escolar no cumpla con el rol con el que se ha comprometido con el sindicato.<\/p>\n<p id=\"m86319-86318-86320\">Mencion\u00f3 centros como la Escuela Eusebio Manzueta y la Mar\u00eda Alajara, que tienen un a\u00f1o siendo intervenidas, pero tampoco pudieron arrancar la clase porque los trabajos no han avanzado. Dijo que durante el tiempo de vacaciones escolares, un equipo de Infraestructura Escolar visit\u00f3 algunos centros realizando un levantamiento de las condiciones, pero \u201cno avanz\u00f3, no pas\u00f3 de ah\u00ed de esa fiscalizaci\u00f3n como ellos le llamaron\u201d.<\/p>\n<p id=\"m86324-86323-86325\">El representante de la ADP dijo que debido a estas situaciones dieron un plazo de 15 d\u00edas, partiendo del jueves pasado, a las autoridades de que, si no resuelven las demandas del sindicato en cuanto a lo que es la infraestructura escolar, se movilizar\u00e1n a un paro por 48 horas de docencia en reclamo de que sean responsables y que vayan en auxilio de los centros educativos y de los estudiantes que se est\u00e1n quedando fuera, tanto por los cupos de las escuelas como por la infraestructura escolar de la misma.<\/p>\n<p id=\"m86329-86328-86330\">Por otro lado, en el municipio de Tenares, el inicio del a\u00f1o escolar fue calificado como un poco traum\u00e1tico. Enmanuel Hern\u00e1ndez, presidente de la seccional de la ADP, dijo que el Liceo Isidro Antonio Est\u00e9vez de Blanco no se ha completado al 100%, \u201cya los ni\u00f1os est\u00e1n dentro, pero al ingeniero se le han depositado 18.5 millones y no ha entregado, no ha terminado, alrededor de un 10% le falta al Liceo\u201d.<\/p>\n<p id=\"m86334-86333-86335\">El Centro Educativo Jos\u00e9 Polanco contin\u00faa siendo intervenido, pero los trabajos se han retrasado y no se iniciaron las clases. A esta se le suma, la escuela de Sonador, la escuela de Blanco Abajo, la escuela Ram\u00f3n Vargas D\u00edaz, ubicada en Los Cacaos, la escuela F\u00e9lix Javier Reinoso, la escuela Ram\u00f3n de la Cruz Fern\u00e1ndez, la escuela La Esperanza, la del Placer y la Salutio Morillo.<\/p>\n<p id=\"m86339-86338-86340\">\u201cTenemos alrededor de 10 centros que hay que intervenirlos y no hacen nada y en ese sentido ha sido ca\u00f3tico\u201d, agreg\u00f3 Hern\u00e1ndez.<\/p>\n<\/div>\n<div>\n<div class=\"c-detail__bio\">\n<div class=\"c-detail__bio__container\">\n<div class=\"c-detail__bio__txt\">\n<h6 class=\"c-detail__bio__name\"><span style=\"color: #808080;\">Nicole Collado \/ LD<\/span><\/h6>\n<\/div>\n<\/div>\n<\/div>\n<\/div>\n","protected":false},"excerpt":{"rendered":"<p>Una semana ha transcurrido del inicio del nuevo a\u00f1o escolar 2026-2027, donde el llamado que&#8230;<\/p>\n","protected":false},"author":2,"featured_media":58264,"comment_status":"open","ping_status":"open","sticky":false,"template":"","format":"standard","meta":{"_jetpack_newsletter_access":"","_jetpack_dont_email_post_to_subs":false,"_jetpack_newsletter_tier_id":0,"_jetpack_memberships_contains_paywalled_content":false,"_jetpack_memberships_contains_paid_content":false,"_joinchat":[],"footnotes":"","jetpack_publicize_message":"","jetpack_publicize_feature_enabled":true,"jetpack_social_post_already_shared":true,"jetpack_social_options":{"image_generator_settings":{"template":"highway","default_image_id":0,"font":"","enabled":false},"version":2},"jetpack_post_was_ever_published":false},"categories":[8,39],"tags":[839,741,1981,801,1431,1187,1773],"class_list":["post-58263","post","type-post","status-publish","format-standard","has-post-thumbnail","hentry","category-nacionales","category-primeraplana","tag-adp","tag-ano-escolar","tag-clases","tag-escuelas","tag-ministerio-de-educacion","tag-provincias","tag-reparacion"],"yoast_head":"<!-- This site is optimized with the Yoast SEO plugin v24.9 - https:\/\/yoast.com\/wordpress\/plugins\/seo\/ -->\n<title>Una semana despu\u00e9s del a\u00f1o escolar: clases debajo de \u00e1rboles y escuelas en reparaci\u00f3n - Solis Informa<\/title>\n<meta name=\"robots\" content=\"index, follow, max-snippet:-1, max-image-preview:large, max-video-preview:-1\" \/>\n<link rel=\"canonical\" href=\"https:\/\/solisinforma.com\/?p=58263\" \/>\n<meta property=\"og:locale\" content=\"es_ES\" \/>\n<meta property=\"og:type\" content=\"article\" \/>\n<meta property=\"og:title\" content=\"Una semana despu\u00e9s del a\u00f1o escolar: clases debajo de \u00e1rboles y escuelas en reparaci\u00f3n - Solis Informa\" \/>\n<meta property=\"og:description\" content=\"Una semana ha transcurrido del inicio del nuevo a\u00f1o escolar 2026-2027, donde el llamado que...\" \/>\n<meta property=\"og:url\" content=\"https:\/\/solisinforma.com\/?p=58263\" \/>\n<meta property=\"og:site_name\" content=\"Solis Informa\" \/>\n<meta property=\"article:publisher\" content=\"https:\/\/www.facebook.com\/Solisinforma1\/\" \/>\n<meta property=\"article:author\" content=\"https:\/\/www.facebook.com\/Solisinforma\/\" \/>\n<meta property=\"article:published_time\" content=\"2026-09-02T11:16:31+00:00\" \/>\n<meta property=\"og:image\" content=\"https:\/\/solisinforma.com\/wp-content\/uploads\/2026\/09\/Escuela-bajo-arbol-scaled.jpg\" \/>\n\t<meta property=\"og:image:width\" content=\"2560\" \/>\n\t<meta property=\"og:image:height\" content=\"1429\" \/>\n\t<meta property=\"og:image:type\" content=\"image\/jpeg\" \/>\n<meta name=\"author\" content=\"Hector Solis\" \/>\n<meta name=\"twitter:card\" content=\"summary_large_image\" \/>\n<meta name=\"twitter:creator\" content=\"@solisinforma1\" \/>\n<meta name=\"twitter:label1\" content=\"Escrito por\" \/>\n\t<meta name=\"twitter:data1\" content=\"Hector Solis\" \/>\n\t<meta name=\"twitter:label2\" content=\"Tiempo de lectura\" \/>\n\t<meta name=\"twitter:data2\" content=\"5 minutos\" \/>\n<script type=\"application\/ld+json\" class=\"yoast-schema-graph\">{\"@context\":\"https:\/\/schema.org\",\"@graph\":[{\"@type\":\"Article\",\"@id\":\"https:\/\/solisinforma.com\/?p=58263#article\",\"isPartOf\":{\"@id\":\"https:\/\/solisinforma.com\/?p=58263\"},\"author\":{\"name\":\"Hector Solis\",\"@id\":\"https:\/\/solisinforma.com\/#\/schema\/person\/db4967d1c8ed640d46bf21dc55215612\"},\"headline\":\"Una semana despu\u00e9s del a\u00f1o escolar: clases debajo de \u00e1rboles y escuelas en reparaci\u00f3n\",\"datePublished\":\"2026-09-02T11:16:31+00:00\",\"mainEntityOfPage\":{\"@id\":\"https:\/\/solisinforma.com\/?p=58263\"},\"wordCount\":970,\"commentCount\":0,\"publisher\":{\"@id\":\"https:\/\/solisinforma.com\/#organization\"},\"image\":{\"@id\":\"https:\/\/solisinforma.com\/?p=58263#primaryimage\"},\"thumbnailUrl\":\"https:\/\/i0.wp.com\/solisinforma.com\/wp-content\/uploads\/2026\/09\/Escuela-bajo-arbol-scaled.jpg?fit=2560%2C1429&ssl=1\",\"keywords\":[\"ADP\",\"A\u00f1o escolar\",\"Clases\",\"Escuelas\",\"Ministerio de Educaci\u00f3n\",\"provincias.\",\"Reparacion\"],\"articleSection\":[\"Nacionales\",\"Primera Plana\"],\"inLanguage\":\"es\",\"potentialAction\":[{\"@type\":\"CommentAction\",\"name\":\"Comment\",\"target\":[\"https:\/\/solisinforma.com\/?p=58263#respond\"]}]},{\"@type\":\"WebPage\",\"@id\":\"https:\/\/solisinforma.com\/?p=58263\",\"url\":\"https:\/\/solisinforma.com\/?p=58263\",\"name\":\"Una semana despu\u00e9s del a\u00f1o escolar: clases debajo de \u00e1rboles y escuelas en reparaci\u00f3n - Solis Informa\",\"isPartOf\":{\"@id\":\"https:\/\/solisinforma.com\/#website\"},\"primaryImageOfPage\":{\"@id\":\"https:\/\/solisinforma.com\/?p=58263#primaryimage\"},\"image\":{\"@id\":\"https:\/\/solisinforma.com\/?p=58263#primaryimage\"},\"thumbnailUrl\":\"https:\/\/i0.wp.com\/solisinforma.com\/wp-content\/uploads\/2026\/09\/Escuela-bajo-arbol-scaled.jpg?fit=2560%2C1429&ssl=1\",\"datePublished\":\"2026-09-02T11:16:31+00:00\",\"breadcrumb\":{\"@id\":\"https:\/\/solisinforma.com\/?p=58263#breadcrumb\"},\"inLanguage\":\"es\",\"potentialAction\":[{\"@type\":\"ReadAction\",\"target\":[\"https:\/\/solisinforma.com\/?p=58263\"]}]},{\"@type\":\"ImageObject\",\"inLanguage\":\"es\",\"@id\":\"https:\/\/solisinforma.com\/?p=58263#primaryimage\",\"url\":\"https:\/\/i0.wp.com\/solisinforma.com\/wp-content\/uploads\/2026\/09\/Escuela-bajo-arbol-scaled.jpg?fit=2560%2C1429&ssl=1\",\"contentUrl\":\"https:\/\/i0.wp.com\/solisinforma.com\/wp-content\/uploads\/2026\/09\/Escuela-bajo-arbol-scaled.jpg?fit=2560%2C1429&ssl=1\",\"width\":2560,\"height\":1429},{\"@type\":\"BreadcrumbList\",\"@id\":\"https:\/\/solisinforma.com\/?p=58263#breadcrumb\",\"itemListElement\":[{\"@type\":\"ListItem\",\"position\":1,\"name\":\"Portada\",\"item\":\"https:\/\/solisinforma.com\/\"},{\"@type\":\"ListItem\",\"position\":2,\"name\":\"Una semana despu\u00e9s del a\u00f1o escolar: clases debajo de \u00e1rboles y escuelas en reparaci\u00f3n\"}]},{\"@type\":\"WebSite\",\"@id\":\"https:\/\/solisinforma.com\/#website\",\"url\":\"https:\/\/solisinforma.com\/\",\"name\":\"Solis Informa\",\"description\":\"El Diario de San Juan\",\"publisher\":{\"@id\":\"https:\/\/solisinforma.com\/#organization\"},\"potentialAction\":[{\"@type\":\"SearchAction\",\"target\":{\"@type\":\"EntryPoint\",\"urlTemplate\":\"https:\/\/solisinforma.com\/?s={search_term_string}\"},\"query-input\":{\"@type\":\"PropertyValueSpecification\",\"valueRequired\":true,\"valueName\":\"search_term_string\"}}],\"inLanguage\":\"es\"},{\"@type\":\"Organization\",\"@id\":\"https:\/\/solisinforma.com\/#organization\",\"name\":\"Solis Informa\",\"url\":\"https:\/\/solisinforma.com\/\",\"logo\":{\"@type\":\"ImageObject\",\"inLanguage\":\"es\",\"@id\":\"https:\/\/solisinforma.com\/#\/schema\/logo\/image\/\",\"url\":\"https:\/\/i0.wp.com\/solisinforma.com\/wp-content\/uploads\/2020\/07\/cropped-solis-4.png?fit=512%2C512&ssl=1\",\"contentUrl\":\"https:\/\/i0.wp.com\/solisinforma.com\/wp-content\/uploads\/2020\/07\/cropped-solis-4.png?fit=512%2C512&ssl=1\",\"width\":512,\"height\":512,\"caption\":\"Solis Informa\"},\"image\":{\"@id\":\"https:\/\/solisinforma.com\/#\/schema\/logo\/image\/\"},\"sameAs\":[\"https:\/\/www.facebook.com\/Solisinforma1\/\"]},{\"@type\":\"Person\",\"@id\":\"https:\/\/solisinforma.com\/#\/schema\/person\/db4967d1c8ed640d46bf21dc55215612\",\"name\":\"Hector Solis\",\"image\":{\"@type\":\"ImageObject\",\"inLanguage\":\"es\",\"@id\":\"https:\/\/solisinforma.com\/#\/schema\/person\/image\/\",\"url\":\"https:\/\/secure.gravatar.com\/avatar\/3e116868529a43555438940611160b9cf01e4fb17f119453a6329d96e10fecf8?s=96&d=mm&r=g\",\"contentUrl\":\"https:\/\/secure.gravatar.com\/avatar\/3e116868529a43555438940611160b9cf01e4fb17f119453a6329d96e10fecf8?s=96&d=mm&r=g\",\"caption\":\"Hector Solis\"},\"sameAs\":[\"http:\/\/Solisinforma.com\",\"https:\/\/www.facebook.com\/Solisinforma\/\",\"https:\/\/www.instagram.com\/solisinforma\/\",\"www.linkedin.com\/in\/hectorsolisinforma\",\"https:\/\/x.com\/solisinforma1\",\"@Solisinformaenvivo\",\"https:\/\/soundcloud.com\/solisinforma\"],\"url\":\"https:\/\/solisinforma.com\/?author=2\"}]}<\/script>\n<!-- \/ Yoast SEO plugin. -->","yoast_head_json":{"title":"Una semana despu\u00e9s del a\u00f1o escolar: clases debajo de \u00e1rboles y escuelas en reparaci\u00f3n - Solis Informa","robots":{"index":"index","follow":"follow","max-snippet":"max-snippet:-1","max-image-preview":"max-image-preview:large","max-video-preview":"max-video-preview:-1"},"canonical":"https:\/\/solisinforma.com\/?p=58263","og_locale":"es_ES","og_type":"article","og_title":"Una semana despu\u00e9s del a\u00f1o escolar: clases debajo de \u00e1rboles y escuelas en reparaci\u00f3n - Solis Informa","og_description":"Una semana ha transcurrido del inicio del nuevo a\u00f1o escolar 2026-2027, donde el llamado que...","og_url":"https:\/\/solisinforma.com\/?p=58263","og_site_name":"Solis Informa","article_publisher":"https:\/\/www.facebook.com\/Solisinforma1\/","article_author":"https:\/\/www.facebook.com\/Solisinforma\/","article_published_time":"2026-09-02T11:16:31+00:00","og_image":[{"width":2560,"height":1429,"url":"https:\/\/solisinforma.com\/wp-content\/uploads\/2026\/09\/Escuela-bajo-arbol-scaled.jpg","type":"image\/jpeg"}],"author":"Hector Solis","twitter_card":"summary_large_image","twitter_creator":"@solisinforma1","twitter_misc":{"Escrito por":"Hector Solis","Tiempo de lectura":"5 minutos"},"schema":{"@context":"https:\/\/schema.org","@graph":[{"@type":"Article","@id":"https:\/\/solisinforma.com\/?p=58263#article","isPartOf":{"@id":"https:\/\/solisinforma.com\/?p=58263"},"author":{"name":"Hector Solis","@id":"https:\/\/solisinforma.com\/#\/schema\/person\/db4967d1c8ed640d46bf21dc55215612"},"headline":"Una semana despu\u00e9s del a\u00f1o escolar: clases debajo de \u00e1rboles y escuelas en reparaci\u00f3n","datePublished":"2026-09-02T11:16:31+00:00","mainEntityOfPage":{"@id":"https:\/\/solisinforma.com\/?p=58263"},"wordCount":970,"commentCount":0,"publisher":{"@id":"https:\/\/solisinforma.com\/#organization"},"image":{"@id":"https:\/\/solisinforma.com\/?p=58263#primaryimage"},"thumbnailUrl":"https:\/\/i0.wp.com\/solisinforma.com\/wp-content\/uploads\/2026\/09\/Escuela-bajo-arbol-scaled.jpg?fit=2560%2C1429&ssl=1","keywords":["ADP","A\u00f1o escolar","Clases","Escuelas","Ministerio de Educaci\u00f3n","provincias.","Reparacion"],"articleSection":["Nacionales","Primera Plana"],"inLanguage":"es","potentialAction":[{"@type":"CommentAction","name":"Comment","target":["https:\/\/solisinforma.com\/?p=58263#respond"]}]},{"@type":"WebPage","@id":"https:\/\/solisinforma.com\/?p=58263","url":"https:\/\/solisinforma.com\/?p=58263","name":"Una semana despu\u00e9s del a\u00f1o escolar: clases debajo de \u00e1rboles y escuelas en reparaci\u00f3n - Solis Informa","isPartOf":{"@id":"https:\/\/solisinforma.com\/#website"},"primaryImageOfPage":{"@id":"https:\/\/solisinforma.com\/?p=58263#primaryimage"},"image":{"@id":"https:\/\/solisinforma.com\/?p=58263#primaryimage"},"thumbnailUrl":"https:\/\/i0.wp.com\/solisinforma.com\/wp-content\/uploads\/2026\/09\/Escuela-bajo-arbol-scaled.jpg?fit=2560%2C1429&ssl=1","datePublished":"2026-09-02T11:16:31+00:00","breadcrumb":{"@id":"https:\/\/solisinforma.com\/?p=58263#breadcrumb"},"inLanguage":"es","potentialAction":[{"@type":"ReadAction","target":["https:\/\/solisinforma.com\/?p=58263"]}]},{"@type":"ImageObject","inLanguage":"es","@id":"https:\/\/solisinforma.com\/?p=58263#primaryimage","url":"https:\/\/i0.wp.com\/solisinforma.com\/wp-content\/uploads\/2026\/09\/Escuela-bajo-arbol-scaled.jpg?fit=2560%2C1429&ssl=1","contentUrl":"https:\/\/i0.wp.com\/solisinforma.com\/wp-content\/uploads\/2026\/09\/Escuela-bajo-arbol-scaled.jpg?fit=2560%2C1429&ssl=1","width":2560,"height":1429},{"@type":"BreadcrumbList","@id":"https:\/\/solisinforma.com\/?p=58263#breadcrumb","itemListElement":[{"@type":"ListItem","position":1,"name":"Portada","item":"https:\/\/solisinforma.com\/"},{"@type":"ListItem","position":2,"name":"Una semana despu\u00e9s del a\u00f1o escolar: clases debajo de \u00e1rboles y escuelas en reparaci\u00f3n"}]},{"@type":"WebSite","@id":"https:\/\/solisinforma.com\/#website","url":"https:\/\/solisinforma.com\/","name":"Solis Informa","description":"El Diario de San Juan","publisher":{"@id":"https:\/\/solisinforma.com\/#organization"},"potentialAction":[{"@type":"SearchAction","target":{"@type":"EntryPoint","urlTemplate":"https:\/\/solisinforma.com\/?s={search_term_string}"},"query-input":{"@type":"PropertyValueSpecification","valueRequired":true,"valueName":"search_term_string"}}],"inLanguage":"es"},{"@type":"Organization","@id":"https:\/\/solisinforma.com\/#organization","name":"Solis Informa","url":"https:\/\/solisinforma.com\/","logo":{"@type":"ImageObject","inLanguage":"es","@id":"https:\/\/solisinforma.com\/#\/schema\/logo\/image\/","url":"https:\/\/i0.wp.com\/solisinforma.com\/wp-content\/uploads\/2020\/07\/cropped-solis-4.png?fit=512%2C512&ssl=1","contentUrl":"https:\/\/i0.wp.com\/solisinforma.com\/wp-content\/uploads\/2020\/07\/cropped-solis-4.png?fit=512%2C512&ssl=1","width":512,"height":512,"caption":"Solis Informa"},"image":{"@id":"https:\/\/solisinforma.com\/#\/schema\/logo\/image\/"},"sameAs":["https:\/\/www.facebook.com\/Solisinforma1\/"]},{"@type":"Person","@id":"https:\/\/solisinforma.com\/#\/schema\/person\/db4967d1c8ed640d46bf21dc55215612","name":"Hector Solis","image":{"@type":"ImageObject","inLanguage":"es","@id":"https:\/\/solisinforma.com\/#\/schema\/person\/image\/","url":"https:\/\/secure.gravatar.com\/avatar\/3e116868529a43555438940611160b9cf01e4fb17f119453a6329d96e10fecf8?s=96&d=mm&r=g","contentUrl":"https:\/\/secure.gravatar.com\/avatar\/3e116868529a43555438940611160b9cf01e4fb17f119453a6329d96e10fecf8?s=96&d=mm&r=g","caption":"Hector Solis"},"sameAs":["http:\/\/Solisinforma.com","https:\/\/www.facebook.com\/Solisinforma\/","https:\/\/www.instagram.com\/solisinforma\/","www.linkedin.com\/in\/hectorsolisinforma","https:\/\/x.com\/solisinforma1","@Solisinformaenvivo","https:\/\/soundcloud.com\/solisinforma"],"url":"https:\/\/solisinforma.com\/?author=2"}]}},"jetpack_publicize_connections":[],"jetpack_featured_media_url":"https:\/\/i0.wp.com\/solisinforma.com\/wp-content\/uploads\/2026\/09\/Escuela-bajo-arbol-scaled.jpg?fit=2560%2C1429&ssl=1","jetpack_sharing_enabled":true,"jetpack_likes_enabled":true,"jetpack-related-posts":[{"id":58089,"url":"https:\/\/solisinforma.com\/?p=58089","url_meta":{"origin":58263,"position":0},"title":"Casi 50% en asistencia marca el inicio del a\u00f1o escolar","author":"Hector Solis","date":"25 de agosto de 2026","format":false,"excerpt":"En una apreciable cantidad de centros educativos, la docencia no pudo iniciar este lunes debido a problemas de infraestructuras, sobrepoblaci\u00f3n estudiantil, conflictos y falta de personal. Con una asistencia desigual inici\u00f3 este lunes el a\u00f1o escolar 2026-2027 en algunos centros educativos consultados, donde cientos de estudiantes acudieron a las aulas\u2026","rel":"","context":"En \u00abNacionales\u00bb","block_context":{"text":"Nacionales","link":"https:\/\/solisinforma.com\/?cat=8"},"img":{"alt_text":"","src":"https:\/\/i0.wp.com\/solisinforma.com\/wp-content\/uploads\/2026\/08\/inicio-ano-escoalr-presidente-26-27.jpg?fit=1200%2C675&ssl=1&resize=350%2C200","width":350,"height":200,"srcset":"https:\/\/i0.wp.com\/solisinforma.com\/wp-content\/uploads\/2026\/08\/inicio-ano-escoalr-presidente-26-27.jpg?fit=1200%2C675&ssl=1&resize=350%2C200 1x, https:\/\/i0.wp.com\/solisinforma.com\/wp-content\/uploads\/2026\/08\/inicio-ano-escoalr-presidente-26-27.jpg?fit=1200%2C675&ssl=1&resize=525%2C300 1.5x, https:\/\/i0.wp.com\/solisinforma.com\/wp-content\/uploads\/2026\/08\/inicio-ano-escoalr-presidente-26-27.jpg?fit=1200%2C675&ssl=1&resize=700%2C400 2x, https:\/\/i0.wp.com\/solisinforma.com\/wp-content\/uploads\/2026\/08\/inicio-ano-escoalr-presidente-26-27.jpg?fit=1200%2C675&ssl=1&resize=1050%2C600 3x"},"classes":[]},{"id":51920,"url":"https:\/\/solisinforma.com\/?p=51920","url_meta":{"origin":58263,"position":1},"title":"Situaciones que impidieron un buen inicio del a\u00f1o escolar 2025-2026","author":"Hector Solis","date":"7 de septiembre de 2025","format":false,"excerpt":"La ADP tambi\u00e9n explic\u00f3 que el 31% de estos planteles inici\u00f3 el a\u00f1o escolar en malas condiciones infraestructurales La\u00a0Asociaci\u00f3n Dominicana de Profesores\u00a0(ADP) realiz\u00f3 un estudio en 388\u00a0centros educativos\u00a0de las 18 regionales educativas de Rep\u00fablica Dominicana\u00a0 en el que evidenci\u00f3 las razones por las que algunas de estas escuelas no iniciaron\u2026","rel":"","context":"En \u00abNacionales\u00bb","block_context":{"text":"Nacionales","link":"https:\/\/solisinforma.com\/?cat=8"},"img":{"alt_text":"","src":"https:\/\/i0.wp.com\/solisinforma.com\/wp-content\/uploads\/2024\/12\/Escuela-Anacaona-Vallejuelo-estudiantes.jpg?fit=1200%2C900&ssl=1&resize=350%2C200","width":350,"height":200,"srcset":"https:\/\/i0.wp.com\/solisinforma.com\/wp-content\/uploads\/2024\/12\/Escuela-Anacaona-Vallejuelo-estudiantes.jpg?fit=1200%2C900&ssl=1&resize=350%2C200 1x, https:\/\/i0.wp.com\/solisinforma.com\/wp-content\/uploads\/2024\/12\/Escuela-Anacaona-Vallejuelo-estudiantes.jpg?fit=1200%2C900&ssl=1&resize=525%2C300 1.5x, https:\/\/i0.wp.com\/solisinforma.com\/wp-content\/uploads\/2024\/12\/Escuela-Anacaona-Vallejuelo-estudiantes.jpg?fit=1200%2C900&ssl=1&resize=700%2C400 2x, https:\/\/i0.wp.com\/solisinforma.com\/wp-content\/uploads\/2024\/12\/Escuela-Anacaona-Vallejuelo-estudiantes.jpg?fit=1200%2C900&ssl=1&resize=1050%2C600 3x"},"classes":[]},{"id":56632,"url":"https:\/\/solisinforma.com\/?p=56632","url_meta":{"origin":58263,"position":2},"title":"ADP denuncia estudiantes reciben clases bajo \u00e1rboles en polit\u00e9cnico de Las Matas de Farf\u00e1n","author":"Hector Solis","date":"2 de junio de 2026","format":false,"excerpt":"\u00a0 Las Matas de Farfan, San Juan. La Asociaci\u00f3n Dominicana de Profesores (ADP), Seccional Las Matas de Farf\u00e1n, denunci\u00f3 las precarias condiciones en las que reciben docencia los estudiantes del Polit\u00e9cnico Mercedes Mar\u00eda Mateo, perteneciente al Distrito Educativo 02-03, debido a la falta de espacios adecuados para impartir clases. Seg\u00fan\u2026","rel":"","context":"En \u00abLocales\u00bb","block_context":{"text":"Locales","link":"https:\/\/solisinforma.com\/?cat=34"},"img":{"alt_text":"","src":"https:\/\/i0.wp.com\/solisinforma.com\/wp-content\/uploads\/2026\/06\/Picsart_26-06-02_19-20-13-264.png?fit=1200%2C730&ssl=1&resize=350%2C200","width":350,"height":200,"srcset":"https:\/\/i0.wp.com\/solisinforma.com\/wp-content\/uploads\/2026\/06\/Picsart_26-06-02_19-20-13-264.png?fit=1200%2C730&ssl=1&resize=350%2C200 1x, https:\/\/i0.wp.com\/solisinforma.com\/wp-content\/uploads\/2026\/06\/Picsart_26-06-02_19-20-13-264.png?fit=1200%2C730&ssl=1&resize=525%2C300 1.5x, https:\/\/i0.wp.com\/solisinforma.com\/wp-content\/uploads\/2026\/06\/Picsart_26-06-02_19-20-13-264.png?fit=1200%2C730&ssl=1&resize=700%2C400 2x, https:\/\/i0.wp.com\/solisinforma.com\/wp-content\/uploads\/2026\/06\/Picsart_26-06-02_19-20-13-264.png?fit=1200%2C730&ssl=1&resize=1050%2C600 3x"},"classes":[]},{"id":57572,"url":"https:\/\/solisinforma.com\/?p=57572","url_meta":{"origin":58263,"position":3},"title":"Nuevo a\u00f1o escolar iniciar\u00e1 el 24 de agosto en todo el pa\u00eds, anuncia Educaci\u00f3n","author":"Hector Solis","date":"18 de julio de 2026","format":false,"excerpt":"El ministro afirm\u00f3 que el sistema educativo trabaja para que los estudiantes encuentren las escuelas abiertas y preparadas desde el primer d\u00eda de clases. Santo Domingo.- El\u00a0ministro de Educaci\u00f3n,\u00a0Luis Miguel de Camps, inform\u00f3 este s\u00e1bado que el\u00a0a\u00f1o escolar 2026-2027\u00a0iniciar\u00e1 el pr\u00f3ximo 24 de agosto en todo el territorio nacional, al\u2026","rel":"","context":"En \u00abNacionales\u00bb","block_context":{"text":"Nacionales","link":"https:\/\/solisinforma.com\/?cat=8"},"img":{"alt_text":"","src":"https:\/\/i0.wp.com\/solisinforma.com\/wp-content\/uploads\/2025\/01\/Regreso-a-clases-Escuelas-estudiantes.png?fit=1200%2C797&ssl=1&resize=350%2C200","width":350,"height":200,"srcset":"https:\/\/i0.wp.com\/solisinforma.com\/wp-content\/uploads\/2025\/01\/Regreso-a-clases-Escuelas-estudiantes.png?fit=1200%2C797&ssl=1&resize=350%2C200 1x, https:\/\/i0.wp.com\/solisinforma.com\/wp-content\/uploads\/2025\/01\/Regreso-a-clases-Escuelas-estudiantes.png?fit=1200%2C797&ssl=1&resize=525%2C300 1.5x, https:\/\/i0.wp.com\/solisinforma.com\/wp-content\/uploads\/2025\/01\/Regreso-a-clases-Escuelas-estudiantes.png?fit=1200%2C797&ssl=1&resize=700%2C400 2x, https:\/\/i0.wp.com\/solisinforma.com\/wp-content\/uploads\/2025\/01\/Regreso-a-clases-Escuelas-estudiantes.png?fit=1200%2C797&ssl=1&resize=1050%2C600 3x"},"classes":[]},{"id":17003,"url":"https:\/\/solisinforma.com\/?p=17003","url_meta":{"origin":58263,"position":4},"title":"Se reinician las clases este martes luego de las vacaciones de Navidad","author":"Hector Solis","date":"9 de enero de 2023","format":false,"excerpt":"Una seccional de la ADP en Bonao tomar\u00e1 el d\u00eda para realizar una asamblea \u00a0 Tambi\u00e9n reinician la docencia los estudiantes de las instituciones educativas privadas. El\u00a0calendario escolar\u00a0aprobado por el Consejo Nacional de Educaci\u00f3n (CNE), estableci\u00f3 que las\u00a0vacaciones de Navidad\u00a0comenzaban el 23 de diciembre hasta el 10 de enero, cuando\u2026","rel":"","context":"En \u00abNacionales\u00bb","block_context":{"text":"Nacionales","link":"https:\/\/solisinforma.com\/?cat=8"},"img":{"alt_text":"","src":"https:\/\/i0.wp.com\/solisinforma.com\/wp-content\/uploads\/2022\/10\/Estudiantes-docencia-profesor.jpg?fit=1200%2C797&ssl=1&resize=350%2C200","width":350,"height":200,"srcset":"https:\/\/i0.wp.com\/solisinforma.com\/wp-content\/uploads\/2022\/10\/Estudiantes-docencia-profesor.jpg?fit=1200%2C797&ssl=1&resize=350%2C200 1x, https:\/\/i0.wp.com\/solisinforma.com\/wp-content\/uploads\/2022\/10\/Estudiantes-docencia-profesor.jpg?fit=1200%2C797&ssl=1&resize=525%2C300 1.5x, https:\/\/i0.wp.com\/solisinforma.com\/wp-content\/uploads\/2022\/10\/Estudiantes-docencia-profesor.jpg?fit=1200%2C797&ssl=1&resize=700%2C400 2x, https:\/\/i0.wp.com\/solisinforma.com\/wp-content\/uploads\/2022\/10\/Estudiantes-docencia-profesor.jpg?fit=1200%2C797&ssl=1&resize=1050%2C600 3x"},"classes":[]},{"id":16658,"url":"https:\/\/solisinforma.com\/?p=16658","url_meta":{"origin":58263,"position":5},"title":"La ADP reta al Minerd y adelanta vacaciones de Navidad","author":"Hector Solis","date":"9 de diciembre de 2022","format":false,"excerpt":"El gremio entra de nuevo en contradicci\u00f3n con lo aprobado en el Consejo de Educaci\u00f3n La ADP es miembro del Consejo, pero no acata algunas decisiones De nuevo la\u00a0Asociaci\u00f3n Dominicana de Profesores\u00a0(ADP) reta a las autoridades del\u00a0Ministerio de Educaci\u00f3n\u00a0al fijar una fecha diferente para el inicio de las\u00a0vacaciones de Navidad.\u2026","rel":"","context":"En \u00abNacionales\u00bb","block_context":{"text":"Nacionales","link":"https:\/\/solisinforma.com\/?cat=8"},"img":{"alt_text":"","src":"https:\/\/i0.wp.com\/solisinforma.com\/wp-content\/uploads\/2022\/12\/Pulso-ADP-MINERD-vacaciones.jpg?fit=1200%2C597&ssl=1&resize=350%2C200","width":350,"height":200,"srcset":"https:\/\/i0.wp.com\/solisinforma.com\/wp-content\/uploads\/2022\/12\/Pulso-ADP-MINERD-vacaciones.jpg?fit=1200%2C597&ssl=1&resize=350%2C200 1x, https:\/\/i0.wp.com\/solisinforma.com\/wp-content\/uploads\/2022\/12\/Pulso-ADP-MINERD-vacaciones.jpg?fit=1200%2C597&ssl=1&resize=525%2C300 1.5x, https:\/\/i0.wp.com\/solisinforma.com\/wp-content\/uploads\/2022\/12\/Pulso-ADP-MINERD-vacaciones.jpg?fit=1200%2C597&ssl=1&resize=700%2C400 2x, https:\/\/i0.wp.com\/solisinforma.com\/wp-content\/uploads\/2022\/12\/Pulso-ADP-MINERD-vacaciones.jpg?fit=1200%2C597&ssl=1&resize=1050%2C600 3x"},"classes":[]}],"jetpack_shortlink":"https:\/\/wp.me\/pc2Svn-f9J","_links":{"self":[{"href":"https:\/\/solisinforma.com\/index.php?rest_route=\/wp\/v2\/posts\/58263","targetHints":{"allow":["GET"]}}],"collection":[{"href":"https:\/\/solisinforma.com\/index.php?rest_route=\/wp\/v2\/posts"}],"about":[{"href":"https:\/\/solisinforma.com\/index.php?rest_route=\/wp\/v2\/types\/post"}],"author":[{"embeddable":true,"href":"https:\/\/solisinforma.com\/index.php?rest_route=\/wp\/v2\/users\/2"}],"replies":[{"embeddable":true,"href":"https:\/\/solisinforma.com\/index.php?rest_route=%2Fwp%2Fv2%2Fcomments&post=58263"}],"version-history":[{"count":1,"href":"https:\/\/solisinforma.com\/index.php?rest_route=\/wp\/v2\/posts\/58263\/revisions"}],"predecessor-version":[{"id":58265,"href":"https:\/\/solisinforma.com\/index.php?rest_route=\/wp\/v2\/posts\/58263\/revisions\/58265"}],"wp:featuredmedia":[{"embeddable":true,"href":"https:\/\/solisinforma.com\/index.php?rest_route=\/wp\/v2\/media\/58264"}],"wp:attachment":[{"href":"https:\/\/solisinforma.com\/index.php?rest_route=%2Fwp%2Fv2%2Fmedia&parent=58263"}],"wp:term":[{"taxonomy":"category","embeddable":true,"href":"https:\/\/solisinforma.com\/index.php?rest_route=%2Fwp%2Fv2%2Fcategories&post=58263"},{"taxonomy":"post_tag","embeddable":true,"href":"https:\/\/solisinforma.com\/index.php?rest_route=%2Fwp%2Fv2%2Ftags&post=58263"}],"curies":[{"name":"wp","href":"https:\/\/api.w.org\/{rel}","templated":true}]}}