{"id":58268,"date":"2026-09-02T19:24:23","date_gmt":"2026-09-02T23:24:23","guid":{"rendered":"https:\/\/solisinforma.com\/?p=58268"},"modified":"2026-09-02T19:24:23","modified_gmt":"2026-09-02T23:24:23","slug":"san-juan-coloca-a-la-justicia-del-sur-en-alto-sus-33-tribunales-operan-sin-mora-judicial","status":"publish","type":"post","link":"https:\/\/solisinforma.com\/?p=58268","title":{"rendered":"San Juan coloca a la justicia del Sur en alto: sus 33 tribunales operan sin mora judicial"},"content":{"rendered":"<ul>\n<li><strong>La jurisdicci\u00f3n, que abarca San Juan de la Maguana, Las Matas de Farf\u00e1n y El\u00edas Pi\u00f1a, mantiene al d\u00eda sus \u00f3rganos judiciales tras haber sido certificada sin mora en octubre de 2025. El desaf\u00edo ahora es evitar que los expedientes vuelvan a acumularse.\n<p><img data-recalc-dims=\"1\" loading=\"lazy\" decoding=\"async\" class=\"aligncenter wp-image-58269 size-full\" src=\"https:\/\/i0.wp.com\/solisinforma.com\/wp-content\/uploads\/2026\/09\/Palacio-de-Justicia-SJM-e1788391395311.jpg?resize=640%2C360&#038;ssl=1\" alt=\"\" width=\"640\" height=\"360\" srcset=\"https:\/\/i0.wp.com\/solisinforma.com\/wp-content\/uploads\/2026\/09\/Palacio-de-Justicia-SJM-e1788391395311.jpg?w=1600&amp;ssl=1 1600w, https:\/\/i0.wp.com\/solisinforma.com\/wp-content\/uploads\/2026\/09\/Palacio-de-Justicia-SJM-e1788391395311.jpg?w=1280&amp;ssl=1 1280w\" sizes=\"auto, (max-width: 640px) 100vw, 640px\" \/><br \/>\n<\/strong><\/li>\n<\/ul>\n<p><strong>San Juan de la Maguana. RD<\/strong>\u2014 Los 33 tribunales que integran el Departamento Judicial de San Juan de la Maguana funcionan actualmente sin expedientes en condici\u00f3n de mora, un resultado que coloca a esta jurisdicci\u00f3n entre las de mejor desempe\u00f1o en gesti\u00f3n judicial y respuesta a los usuarios.<\/p>\n<p>El logro comprende los distritos judiciales de <strong>San Juan de la Maguana, Las Matas de Farf\u00e1n y El\u00edas Pi\u00f1a<\/strong>, donde jueces, juezas y servidores judiciales enfrentan de manera permanente una carga de procesos civiles, penales, laborales, comerciales, familiares y administrativos.<\/p>\n<p>La jurisdicci\u00f3n fue certificada sin mora judicial en <strong>octubre de 2025<\/strong> y posteriormente ha mantenido ese desempe\u00f1o mediante mecanismos de seguimiento y recertificaci\u00f3n. El resultado, por tanto, no se limita a eliminar expedientes atrasados: el reto ha sido evitar que vuelvan a acumularse.<\/p>\n<p>El juez coordinador departamental, <strong>Manuel A. Ram\u00edrez Suza\u00f1a<\/strong>, atribuye el desempe\u00f1o al trabajo coordinado de jueces y servidores judiciales, acompa\u00f1ado de nuevas herramientas de gesti\u00f3n, planificaci\u00f3n y supervisi\u00f3n de los procesos.<\/p>\n<p>Uno de los indicadores que respalda el desempe\u00f1o se\u00f1ala que <strong>ocho de cada diez casos son resueltos en menos de un a\u00f1o<\/strong>. En materia penal, adem\u00e1s, se registra una proporci\u00f3n significativa de salidas tempranas, lo que contribuye a descongestionar los tribunales y permite concentrar recursos en los procesos de mayor complejidad.<\/p>\n<p>El resultado adquiere relevancia dentro de una regi\u00f3n donde el Poder Judicial reporta que <strong>el 97 % de los tribunales del Sur se encontraba al d\u00eda<\/strong>, mientras el Departamento Judicial de San Juan alcanzaba el 100 % de sus \u00f3rganos jurisdiccionales sin mora.<\/p>\n<h3>M\u00e1s que una cifra<\/h3>\n<p>La eliminaci\u00f3n de la mora judicial tiene una consecuencia que trasciende las estad\u00edsticas administrativas: reduce el tiempo que una persona debe esperar para obtener una respuesta de los tribunales.<\/p>\n<p>Para quienes acuden a la justicia en busca del reconocimiento de un derecho, una sentencia o la soluci\u00f3n de un conflicto, la oportunidad de la decisi\u00f3n constituye una parte esencial del acceso efectivo a la justicia.<\/p>\n<p>El Poder Judicial tambi\u00e9n ha incorporado herramientas tecnol\u00f3gicas y mecanismos destinados a agilizar tr\u00e1mites, comunicaciones y servicios, dentro de un proceso de transformaci\u00f3n orientado a reducir los tiempos de respuesta y acercar la instituci\u00f3n a los ciudadanos.<\/p>\n<p>En San Juan, ese desaf\u00edo adquiere una dimensi\u00f3n particular. La jurisdicci\u00f3n atiende una extensa zona del Suroeste dominicano e incluye a <strong>El\u00edas Pi\u00f1a<\/strong>, provincia fronteriza donde las dificultades de acceso a servicios p\u00fablicos pueden a\u00f1adir complejidad a la relaci\u00f3n de los ciudadanos con las instituciones.<\/p>\n<h3>El desaf\u00edo empieza ahora.<\/h3>\n<p>Eliminar la mora es solo una parte del problema. Mantener los tribunales al d\u00eda exige responder de manera constante al flujo de nuevos expedientes y evitar que cualquier deficiencia de gesti\u00f3n vuelva a generar acumulaciones.<\/p>\n<p>Ese ser\u00e1 el principal examen para la jurisdicci\u00f3n sanjuanera: convertir un resultado positivo en una pr\u00e1ctica permanente.<\/p>\n<p>La experiencia tambi\u00e9n puede ofrecer una referencia para otras jurisdicciones del pa\u00eds. Si 33 tribunales pueden mantenerse sin mora, el indicador deja de ser \u00fanicamente un logro institucional y se convierte en una pregunta para el sistema judicial: <strong>\u00bfpuede la eficiencia sostenida convertirse en la norma y no en la excepci\u00f3n?<\/strong><\/p>\n<p>San Juan, Las Matas de Farf\u00e1n y El\u00edas Pi\u00f1a tienen ahora una tarea tan importante como la que permiti\u00f3 eliminar el atraso: conservarlo. Porque una justicia verdaderamente accesible no solo debe ser independiente y transparente; tambi\u00e9n debe ofrecer respuestas oportunas y de calidad.<\/p>\n<p><strong>Mantener 33 tribunales al d\u00eda es el logro. Conseguir que sigan as\u00ed, el verdadero desaf\u00edo.<\/strong><\/p>\n","protected":false},"excerpt":{"rendered":"<p>La jurisdicci\u00f3n, que abarca San Juan de la Maguana, Las Matas de Farf\u00e1n y El\u00edas&#8230;<\/p>\n","protected":false},"author":2,"featured_media":58269,"comment_status":"open","ping_status":"open","sticky":false,"template":"","format":"standard","meta":{"_jetpack_newsletter_access":"","_jetpack_dont_email_post_to_subs":false,"_jetpack_newsletter_tier_id":0,"_jetpack_memberships_contains_paywalled_content":false,"_jetpack_memberships_contains_paid_content":false,"_joinchat":[],"footnotes":"","jetpack_publicize_message":"","jetpack_publicize_feature_enabled":true,"jetpack_social_post_already_shared":true,"jetpack_social_options":{"image_generator_settings":{"template":"highway","default_image_id":0,"font":"","enabled":false},"version":2},"jetpack_post_was_ever_published":false},"categories":[34,39],"tags":[22621,22622,22620,21991,29,46],"class_list":["post-58268","post","type-post","status-publish","format-standard","has-post-thumbnail","hentry","category-locales","category-primeraplana","tag-cero","tag-en-lo-alto","tag-justicia-del-sur","tag-mora-judicial","tag-sanjuan","tag-solis-informa"],"yoast_head":"<!-- This site is optimized with the Yoast SEO plugin v24.9 - https:\/\/yoast.com\/wordpress\/plugins\/seo\/ -->\n<title>San Juan coloca a la justicia del Sur en alto: sus 33 tribunales operan sin mora judicial - Solis Informa<\/title>\n<meta name=\"robots\" content=\"index, follow, max-snippet:-1, max-image-preview:large, max-video-preview:-1\" \/>\n<link rel=\"canonical\" href=\"https:\/\/solisinforma.com\/?p=58268\" \/>\n<meta property=\"og:locale\" content=\"es_ES\" \/>\n<meta property=\"og:type\" content=\"article\" \/>\n<meta property=\"og:title\" content=\"San Juan coloca a la justicia del Sur en alto: sus 33 tribunales operan sin mora judicial - Solis Informa\" \/>\n<meta property=\"og:description\" content=\"La jurisdicci\u00f3n, que abarca San Juan de la Maguana, Las Matas de Farf\u00e1n y El\u00edas...\" \/>\n<meta property=\"og:url\" content=\"https:\/\/solisinforma.com\/?p=58268\" \/>\n<meta property=\"og:site_name\" content=\"Solis Informa\" \/>\n<meta property=\"article:publisher\" content=\"https:\/\/www.facebook.com\/Solisinforma1\/\" \/>\n<meta property=\"article:author\" content=\"https:\/\/www.facebook.com\/Solisinforma\/\" \/>\n<meta property=\"article:published_time\" content=\"2026-09-02T23:24:23+00:00\" \/>\n<meta property=\"og:image\" content=\"https:\/\/solisinforma.com\/wp-content\/uploads\/2026\/09\/Palacio-de-Justicia-SJM-e1788391395311.jpg\" \/>\n\t<meta property=\"og:image:width\" content=\"1600\" \/>\n\t<meta property=\"og:image:height\" content=\"901\" \/>\n\t<meta property=\"og:image:type\" content=\"image\/jpeg\" \/>\n<meta name=\"author\" content=\"Hector Solis\" \/>\n<meta name=\"twitter:card\" content=\"summary_large_image\" \/>\n<meta name=\"twitter:creator\" content=\"@solisinforma1\" \/>\n<meta name=\"twitter:label1\" content=\"Escrito por\" \/>\n\t<meta name=\"twitter:data1\" content=\"Hector Solis\" \/>\n\t<meta name=\"twitter:label2\" content=\"Tiempo de lectura\" \/>\n\t<meta name=\"twitter:data2\" content=\"4 minutos\" \/>\n<script type=\"application\/ld+json\" class=\"yoast-schema-graph\">{\"@context\":\"https:\/\/schema.org\",\"@graph\":[{\"@type\":\"Article\",\"@id\":\"https:\/\/solisinforma.com\/?p=58268#article\",\"isPartOf\":{\"@id\":\"https:\/\/solisinforma.com\/?p=58268\"},\"author\":{\"name\":\"Hector Solis\",\"@id\":\"https:\/\/solisinforma.com\/#\/schema\/person\/db4967d1c8ed640d46bf21dc55215612\"},\"headline\":\"San Juan coloca a la justicia del Sur en alto: sus 33 tribunales operan sin mora judicial\",\"datePublished\":\"2026-09-02T23:24:23+00:00\",\"mainEntityOfPage\":{\"@id\":\"https:\/\/solisinforma.com\/?p=58268\"},\"wordCount\":684,\"commentCount\":0,\"publisher\":{\"@id\":\"https:\/\/solisinforma.com\/#organization\"},\"image\":{\"@id\":\"https:\/\/solisinforma.com\/?p=58268#primaryimage\"},\"thumbnailUrl\":\"https:\/\/i0.wp.com\/solisinforma.com\/wp-content\/uploads\/2026\/09\/Palacio-de-Justicia-SJM-e1788391395311.jpg?fit=1600%2C901&ssl=1\",\"keywords\":[\"Cero\",\"en lo alto\",\"justicia del Sur\",\"Mora judicial\",\"San Juan\",\"Solis informa\"],\"articleSection\":[\"Locales\",\"Primera Plana\"],\"inLanguage\":\"es\",\"potentialAction\":[{\"@type\":\"CommentAction\",\"name\":\"Comment\",\"target\":[\"https:\/\/solisinforma.com\/?p=58268#respond\"]}]},{\"@type\":\"WebPage\",\"@id\":\"https:\/\/solisinforma.com\/?p=58268\",\"url\":\"https:\/\/solisinforma.com\/?p=58268\",\"name\":\"San Juan coloca a la justicia del Sur en alto: sus 33 tribunales operan sin mora judicial - Solis Informa\",\"isPartOf\":{\"@id\":\"https:\/\/solisinforma.com\/#website\"},\"primaryImageOfPage\":{\"@id\":\"https:\/\/solisinforma.com\/?p=58268#primaryimage\"},\"image\":{\"@id\":\"https:\/\/solisinforma.com\/?p=58268#primaryimage\"},\"thumbnailUrl\":\"https:\/\/i0.wp.com\/solisinforma.com\/wp-content\/uploads\/2026\/09\/Palacio-de-Justicia-SJM-e1788391395311.jpg?fit=1600%2C901&ssl=1\",\"datePublished\":\"2026-09-02T23:24:23+00:00\",\"breadcrumb\":{\"@id\":\"https:\/\/solisinforma.com\/?p=58268#breadcrumb\"},\"inLanguage\":\"es\",\"potentialAction\":[{\"@type\":\"ReadAction\",\"target\":[\"https:\/\/solisinforma.com\/?p=58268\"]}]},{\"@type\":\"ImageObject\",\"inLanguage\":\"es\",\"@id\":\"https:\/\/solisinforma.com\/?p=58268#primaryimage\",\"url\":\"https:\/\/i0.wp.com\/solisinforma.com\/wp-content\/uploads\/2026\/09\/Palacio-de-Justicia-SJM-e1788391395311.jpg?fit=1600%2C901&ssl=1\",\"contentUrl\":\"https:\/\/i0.wp.com\/solisinforma.com\/wp-content\/uploads\/2026\/09\/Palacio-de-Justicia-SJM-e1788391395311.jpg?fit=1600%2C901&ssl=1\",\"width\":1600,\"height\":901},{\"@type\":\"BreadcrumbList\",\"@id\":\"https:\/\/solisinforma.com\/?p=58268#breadcrumb\",\"itemListElement\":[{\"@type\":\"ListItem\",\"position\":1,\"name\":\"Portada\",\"item\":\"https:\/\/solisinforma.com\/\"},{\"@type\":\"ListItem\",\"position\":2,\"name\":\"San Juan coloca a la justicia del Sur en alto: sus 33 tribunales operan sin mora judicial\"}]},{\"@type\":\"WebSite\",\"@id\":\"https:\/\/solisinforma.com\/#website\",\"url\":\"https:\/\/solisinforma.com\/\",\"name\":\"Solis Informa\",\"description\":\"El Diario de San Juan\",\"publisher\":{\"@id\":\"https:\/\/solisinforma.com\/#organization\"},\"potentialAction\":[{\"@type\":\"SearchAction\",\"target\":{\"@type\":\"EntryPoint\",\"urlTemplate\":\"https:\/\/solisinforma.com\/?s={search_term_string}\"},\"query-input\":{\"@type\":\"PropertyValueSpecification\",\"valueRequired\":true,\"valueName\":\"search_term_string\"}}],\"inLanguage\":\"es\"},{\"@type\":\"Organization\",\"@id\":\"https:\/\/solisinforma.com\/#organization\",\"name\":\"Solis Informa\",\"url\":\"https:\/\/solisinforma.com\/\",\"logo\":{\"@type\":\"ImageObject\",\"inLanguage\":\"es\",\"@id\":\"https:\/\/solisinforma.com\/#\/schema\/logo\/image\/\",\"url\":\"https:\/\/i0.wp.com\/solisinforma.com\/wp-content\/uploads\/2020\/07\/cropped-solis-4.png?fit=512%2C512&ssl=1\",\"contentUrl\":\"https:\/\/i0.wp.com\/solisinforma.com\/wp-content\/uploads\/2020\/07\/cropped-solis-4.png?fit=512%2C512&ssl=1\",\"width\":512,\"height\":512,\"caption\":\"Solis Informa\"},\"image\":{\"@id\":\"https:\/\/solisinforma.com\/#\/schema\/logo\/image\/\"},\"sameAs\":[\"https:\/\/www.facebook.com\/Solisinforma1\/\"]},{\"@type\":\"Person\",\"@id\":\"https:\/\/solisinforma.com\/#\/schema\/person\/db4967d1c8ed640d46bf21dc55215612\",\"name\":\"Hector Solis\",\"image\":{\"@type\":\"ImageObject\",\"inLanguage\":\"es\",\"@id\":\"https:\/\/solisinforma.com\/#\/schema\/person\/image\/\",\"url\":\"https:\/\/secure.gravatar.com\/avatar\/3e116868529a43555438940611160b9cf01e4fb17f119453a6329d96e10fecf8?s=96&d=mm&r=g\",\"contentUrl\":\"https:\/\/secure.gravatar.com\/avatar\/3e116868529a43555438940611160b9cf01e4fb17f119453a6329d96e10fecf8?s=96&d=mm&r=g\",\"caption\":\"Hector Solis\"},\"sameAs\":[\"http:\/\/Solisinforma.com\",\"https:\/\/www.facebook.com\/Solisinforma\/\",\"https:\/\/www.instagram.com\/solisinforma\/\",\"www.linkedin.com\/in\/hectorsolisinforma\",\"https:\/\/x.com\/solisinforma1\",\"@Solisinformaenvivo\",\"https:\/\/soundcloud.com\/solisinforma\"],\"url\":\"https:\/\/solisinforma.com\/?author=2\"}]}<\/script>\n<!-- \/ Yoast SEO plugin. -->","yoast_head_json":{"title":"San Juan coloca a la justicia del Sur en alto: sus 33 tribunales operan sin mora judicial - Solis Informa","robots":{"index":"index","follow":"follow","max-snippet":"max-snippet:-1","max-image-preview":"max-image-preview:large","max-video-preview":"max-video-preview:-1"},"canonical":"https:\/\/solisinforma.com\/?p=58268","og_locale":"es_ES","og_type":"article","og_title":"San Juan coloca a la justicia del Sur en alto: sus 33 tribunales operan sin mora judicial - Solis Informa","og_description":"La jurisdicci\u00f3n, que abarca San Juan de la Maguana, Las Matas de Farf\u00e1n y El\u00edas...","og_url":"https:\/\/solisinforma.com\/?p=58268","og_site_name":"Solis Informa","article_publisher":"https:\/\/www.facebook.com\/Solisinforma1\/","article_author":"https:\/\/www.facebook.com\/Solisinforma\/","article_published_time":"2026-09-02T23:24:23+00:00","og_image":[{"width":1600,"height":901,"url":"https:\/\/solisinforma.com\/wp-content\/uploads\/2026\/09\/Palacio-de-Justicia-SJM-e1788391395311.jpg","type":"image\/jpeg"}],"author":"Hector Solis","twitter_card":"summary_large_image","twitter_creator":"@solisinforma1","twitter_misc":{"Escrito por":"Hector Solis","Tiempo de lectura":"4 minutos"},"schema":{"@context":"https:\/\/schema.org","@graph":[{"@type":"Article","@id":"https:\/\/solisinforma.com\/?p=58268#article","isPartOf":{"@id":"https:\/\/solisinforma.com\/?p=58268"},"author":{"name":"Hector Solis","@id":"https:\/\/solisinforma.com\/#\/schema\/person\/db4967d1c8ed640d46bf21dc55215612"},"headline":"San Juan coloca a la justicia del Sur en alto: sus 33 tribunales operan sin mora judicial","datePublished":"2026-09-02T23:24:23+00:00","mainEntityOfPage":{"@id":"https:\/\/solisinforma.com\/?p=58268"},"wordCount":684,"commentCount":0,"publisher":{"@id":"https:\/\/solisinforma.com\/#organization"},"image":{"@id":"https:\/\/solisinforma.com\/?p=58268#primaryimage"},"thumbnailUrl":"https:\/\/i0.wp.com\/solisinforma.com\/wp-content\/uploads\/2026\/09\/Palacio-de-Justicia-SJM-e1788391395311.jpg?fit=1600%2C901&ssl=1","keywords":["Cero","en lo alto","justicia del Sur","Mora judicial","San Juan","Solis informa"],"articleSection":["Locales","Primera Plana"],"inLanguage":"es","potentialAction":[{"@type":"CommentAction","name":"Comment","target":["https:\/\/solisinforma.com\/?p=58268#respond"]}]},{"@type":"WebPage","@id":"https:\/\/solisinforma.com\/?p=58268","url":"https:\/\/solisinforma.com\/?p=58268","name":"San Juan coloca a la justicia del Sur en alto: sus 33 tribunales operan sin mora judicial - Solis Informa","isPartOf":{"@id":"https:\/\/solisinforma.com\/#website"},"primaryImageOfPage":{"@id":"https:\/\/solisinforma.com\/?p=58268#primaryimage"},"image":{"@id":"https:\/\/solisinforma.com\/?p=58268#primaryimage"},"thumbnailUrl":"https:\/\/i0.wp.com\/solisinforma.com\/wp-content\/uploads\/2026\/09\/Palacio-de-Justicia-SJM-e1788391395311.jpg?fit=1600%2C901&ssl=1","datePublished":"2026-09-02T23:24:23+00:00","breadcrumb":{"@id":"https:\/\/solisinforma.com\/?p=58268#breadcrumb"},"inLanguage":"es","potentialAction":[{"@type":"ReadAction","target":["https:\/\/solisinforma.com\/?p=58268"]}]},{"@type":"ImageObject","inLanguage":"es","@id":"https:\/\/solisinforma.com\/?p=58268#primaryimage","url":"https:\/\/i0.wp.com\/solisinforma.com\/wp-content\/uploads\/2026\/09\/Palacio-de-Justicia-SJM-e1788391395311.jpg?fit=1600%2C901&ssl=1","contentUrl":"https:\/\/i0.wp.com\/solisinforma.com\/wp-content\/uploads\/2026\/09\/Palacio-de-Justicia-SJM-e1788391395311.jpg?fit=1600%2C901&ssl=1","width":1600,"height":901},{"@type":"BreadcrumbList","@id":"https:\/\/solisinforma.com\/?p=58268#breadcrumb","itemListElement":[{"@type":"ListItem","position":1,"name":"Portada","item":"https:\/\/solisinforma.com\/"},{"@type":"ListItem","position":2,"name":"San Juan coloca a la justicia del Sur en alto: sus 33 tribunales operan sin mora judicial"}]},{"@type":"WebSite","@id":"https:\/\/solisinforma.com\/#website","url":"https:\/\/solisinforma.com\/","name":"Solis Informa","description":"El Diario de San Juan","publisher":{"@id":"https:\/\/solisinforma.com\/#organization"},"potentialAction":[{"@type":"SearchAction","target":{"@type":"EntryPoint","urlTemplate":"https:\/\/solisinforma.com\/?s={search_term_string}"},"query-input":{"@type":"PropertyValueSpecification","valueRequired":true,"valueName":"search_term_string"}}],"inLanguage":"es"},{"@type":"Organization","@id":"https:\/\/solisinforma.com\/#organization","name":"Solis Informa","url":"https:\/\/solisinforma.com\/","logo":{"@type":"ImageObject","inLanguage":"es","@id":"https:\/\/solisinforma.com\/#\/schema\/logo\/image\/","url":"https:\/\/i0.wp.com\/solisinforma.com\/wp-content\/uploads\/2020\/07\/cropped-solis-4.png?fit=512%2C512&ssl=1","contentUrl":"https:\/\/i0.wp.com\/solisinforma.com\/wp-content\/uploads\/2020\/07\/cropped-solis-4.png?fit=512%2C512&ssl=1","width":512,"height":512,"caption":"Solis Informa"},"image":{"@id":"https:\/\/solisinforma.com\/#\/schema\/logo\/image\/"},"sameAs":["https:\/\/www.facebook.com\/Solisinforma1\/"]},{"@type":"Person","@id":"https:\/\/solisinforma.com\/#\/schema\/person\/db4967d1c8ed640d46bf21dc55215612","name":"Hector Solis","image":{"@type":"ImageObject","inLanguage":"es","@id":"https:\/\/solisinforma.com\/#\/schema\/person\/image\/","url":"https:\/\/secure.gravatar.com\/avatar\/3e116868529a43555438940611160b9cf01e4fb17f119453a6329d96e10fecf8?s=96&d=mm&r=g","contentUrl":"https:\/\/secure.gravatar.com\/avatar\/3e116868529a43555438940611160b9cf01e4fb17f119453a6329d96e10fecf8?s=96&d=mm&r=g","caption":"Hector Solis"},"sameAs":["http:\/\/Solisinforma.com","https:\/\/www.facebook.com\/Solisinforma\/","https:\/\/www.instagram.com\/solisinforma\/","www.linkedin.com\/in\/hectorsolisinforma","https:\/\/x.com\/solisinforma1","@Solisinformaenvivo","https:\/\/soundcloud.com\/solisinforma"],"url":"https:\/\/solisinforma.com\/?author=2"}]}},"jetpack_publicize_connections":[],"jetpack_featured_media_url":"https:\/\/i0.wp.com\/solisinforma.com\/wp-content\/uploads\/2026\/09\/Palacio-de-Justicia-SJM-e1788391395311.jpg?fit=1600%2C901&ssl=1","jetpack_sharing_enabled":true,"jetpack_likes_enabled":true,"jetpack-related-posts":[{"id":30757,"url":"https:\/\/solisinforma.com\/?p=30757","url_meta":{"origin":58268,"position":0},"title":"Tribunal de Tierras de San Juan mantiene cero mora judicial y fortalece seguridad jur\u00eddica","author":"Hector Solis","date":"29 de marzo de 2025","format":false,"excerpt":"San Juan de la Maguana.-\u00a0El Tribunal de Tierras de la provincia de San Juan, bajo la direcci\u00f3n del magistrado Ernesto Casilla Reyes, mantiene un r\u00e9cord de cero mora judicial, consolid\u00e1ndose como un modelo de eficiencia en la administraci\u00f3n de justicia y garantizando la protecci\u00f3n del derecho constitucional de propiedad. Un\u2026","rel":"","context":"En \u00abLocales\u00bb","block_context":{"text":"Locales","link":"https:\/\/solisinforma.com\/?cat=34"},"img":{"alt_text":"","src":"https:\/\/i0.wp.com\/solisinforma.com\/wp-content\/uploads\/2021\/12\/Palacio-de-Justicia-SJM.jpg?resize=350%2C200&ssl=1","width":350,"height":200,"srcset":"https:\/\/i0.wp.com\/solisinforma.com\/wp-content\/uploads\/2021\/12\/Palacio-de-Justicia-SJM.jpg?resize=350%2C200&ssl=1 1x, https:\/\/i0.wp.com\/solisinforma.com\/wp-content\/uploads\/2021\/12\/Palacio-de-Justicia-SJM.jpg?resize=525%2C300&ssl=1 1.5x, https:\/\/i0.wp.com\/solisinforma.com\/wp-content\/uploads\/2021\/12\/Palacio-de-Justicia-SJM.jpg?resize=700%2C400&ssl=1 2x, https:\/\/i0.wp.com\/solisinforma.com\/wp-content\/uploads\/2021\/12\/Palacio-de-Justicia-SJM.jpg?resize=1050%2C600&ssl=1 3x"},"classes":[]},{"id":57969,"url":"https:\/\/solisinforma.com\/?p=57969","url_meta":{"origin":58268,"position":1},"title":"Reconocen al Departamento Judicial de SJM por mantener sus tribunales 100% al d\u00eda","author":"Hector Solis","date":"18 de agosto de 2026","format":false,"excerpt":"El Poder Judicial dominicano realiz\u00f3 un reconocimiento al Departamento Judicial de San Juan de la Maguana, por ser el primero en eliminar el retardo judicial y por mantener sus tribunales al d\u00eda en todos sus asuntos. El reconocimiento lo entregaron las magistradas consejeras Karen Josefina Mej\u00eda P\u00e9rez, Keila Elizabeth Gonz\u00e1lez\u2026","rel":"","context":"En \u00abLocales\u00bb","block_context":{"text":"Locales","link":"https:\/\/solisinforma.com\/?cat=34"},"img":{"alt_text":"","src":"https:\/\/i0.wp.com\/solisinforma.com\/wp-content\/uploads\/2026\/08\/Reconocen-al-Departamento-Judicial-de-SJM.jpeg?fit=1200%2C800&ssl=1&resize=350%2C200","width":350,"height":200,"srcset":"https:\/\/i0.wp.com\/solisinforma.com\/wp-content\/uploads\/2026\/08\/Reconocen-al-Departamento-Judicial-de-SJM.jpeg?fit=1200%2C800&ssl=1&resize=350%2C200 1x, https:\/\/i0.wp.com\/solisinforma.com\/wp-content\/uploads\/2026\/08\/Reconocen-al-Departamento-Judicial-de-SJM.jpeg?fit=1200%2C800&ssl=1&resize=525%2C300 1.5x, https:\/\/i0.wp.com\/solisinforma.com\/wp-content\/uploads\/2026\/08\/Reconocen-al-Departamento-Judicial-de-SJM.jpeg?fit=1200%2C800&ssl=1&resize=700%2C400 2x, https:\/\/i0.wp.com\/solisinforma.com\/wp-content\/uploads\/2026\/08\/Reconocen-al-Departamento-Judicial-de-SJM.jpeg?fit=1200%2C800&ssl=1&resize=1050%2C600 3x"},"classes":[]},{"id":56186,"url":"https:\/\/solisinforma.com\/?p=56186","url_meta":{"origin":58268,"position":2},"title":"San Juan mantiene cero mora judicial y 100 % de tribunales al d\u00eda","author":"Hector Solis","date":"12 de mayo de 2026","format":false,"excerpt":"Santo Domingo \u2013 El Departamento Judicial de San Juan de la Maguana mantiene el 100 % de sus tribunales al d\u00eda y con cero mora judicial, seg\u00fan inform\u00f3 este lunes el magistrado Juan Manuel Ram\u00edrez Suza\u00f1a durante el encuentro Justicia y Medios Regional, realizado en Santo Domingo. El coordinador del\u2026","rel":"","context":"En \u00abLocales\u00bb","block_context":{"text":"Locales","link":"https:\/\/solisinforma.com\/?cat=34"},"img":{"alt_text":"","src":"https:\/\/i0.wp.com\/solisinforma.com\/wp-content\/uploads\/2026\/05\/Mora-Judicial.jpeg?fit=1080%2C720&ssl=1&resize=350%2C200","width":350,"height":200,"srcset":"https:\/\/i0.wp.com\/solisinforma.com\/wp-content\/uploads\/2026\/05\/Mora-Judicial.jpeg?fit=1080%2C720&ssl=1&resize=350%2C200 1x, https:\/\/i0.wp.com\/solisinforma.com\/wp-content\/uploads\/2026\/05\/Mora-Judicial.jpeg?fit=1080%2C720&ssl=1&resize=525%2C300 1.5x, https:\/\/i0.wp.com\/solisinforma.com\/wp-content\/uploads\/2026\/05\/Mora-Judicial.jpeg?fit=1080%2C720&ssl=1&resize=700%2C400 2x, https:\/\/i0.wp.com\/solisinforma.com\/wp-content\/uploads\/2026\/05\/Mora-Judicial.jpeg?fit=1080%2C720&ssl=1&resize=1050%2C600 3x"},"classes":[]},{"id":29045,"url":"https:\/\/solisinforma.com\/?p=29045","url_meta":{"origin":58268,"position":3},"title":"En San Juan. El Poder Judicial celebra avances hist\u00f3ricos en su d\u00eda conmemorativo","author":"Hector Solis","date":"7 de enero de 2025","format":false,"excerpt":"San Juan de la Maguana. En el marco de la celebraci\u00f3n del D\u00eda del Poder Judicial, el sistema de justicia dominicano resalt\u00f3 los logros obtenidos en su proceso de transformaci\u00f3n y modernizaci\u00f3n, marcados por una notable reducci\u00f3n de la mora judicial, la implementaci\u00f3n de tecnolog\u00edas digitales y el fortalecimiento del\u2026","rel":"","context":"En \u00abLocales\u00bb","block_context":{"text":"Locales","link":"https:\/\/solisinforma.com\/?cat=34"},"img":{"alt_text":"","src":"https:\/\/i0.wp.com\/solisinforma.com\/wp-content\/uploads\/2025\/01\/Poder-Judicial-San-Juan2-scaled.jpg?resize=350%2C200","width":350,"height":200,"srcset":"https:\/\/i0.wp.com\/solisinforma.com\/wp-content\/uploads\/2025\/01\/Poder-Judicial-San-Juan2-scaled.jpg?resize=350%2C200 1x, https:\/\/i0.wp.com\/solisinforma.com\/wp-content\/uploads\/2025\/01\/Poder-Judicial-San-Juan2-scaled.jpg?resize=525%2C300 1.5x, https:\/\/i0.wp.com\/solisinforma.com\/wp-content\/uploads\/2025\/01\/Poder-Judicial-San-Juan2-scaled.jpg?resize=700%2C400 2x, https:\/\/i0.wp.com\/solisinforma.com\/wp-content\/uploads\/2025\/01\/Poder-Judicial-San-Juan2-scaled.jpg?resize=1050%2C600 3x, https:\/\/i0.wp.com\/solisinforma.com\/wp-content\/uploads\/2025\/01\/Poder-Judicial-San-Juan2-scaled.jpg?resize=1400%2C800 4x"},"classes":[]},{"id":23842,"url":"https:\/\/solisinforma.com\/?p=23842","url_meta":{"origin":58268,"position":4},"title":"Indignaci\u00f3n en San Juan. Condenan a hombre embaraz\u00f3 y viol\u00f3 sobrina de 14.","author":"Hector Solis","date":"25 de marzo de 2024","format":false,"excerpt":"San Juan, Rep. Dom. -\u00a0El Ministerio P\u00fablico del distrito judicial de Las Matas de Farf\u00e1n logr\u00f3 una condena de 15 a\u00f1os de prisi\u00f3n en contra de un hombre que viol\u00f3 sexualmente y embaraz\u00f3 a una sobrina de 14 a\u00f1os de edad, en hechos ocurridos en el a\u00f1o 2022. El Tribunal\u2026","rel":"","context":"En \u00abLocales\u00bb","block_context":{"text":"Locales","link":"https:\/\/solisinforma.com\/?cat=34"},"img":{"alt_text":"","src":"https:\/\/i0.wp.com\/solisinforma.com\/wp-content\/uploads\/2024\/03\/Menor-embarazada.jpg?fit=1200%2C675&ssl=1&resize=350%2C200","width":350,"height":200,"srcset":"https:\/\/i0.wp.com\/solisinforma.com\/wp-content\/uploads\/2024\/03\/Menor-embarazada.jpg?fit=1200%2C675&ssl=1&resize=350%2C200 1x, https:\/\/i0.wp.com\/solisinforma.com\/wp-content\/uploads\/2024\/03\/Menor-embarazada.jpg?fit=1200%2C675&ssl=1&resize=525%2C300 1.5x, https:\/\/i0.wp.com\/solisinforma.com\/wp-content\/uploads\/2024\/03\/Menor-embarazada.jpg?fit=1200%2C675&ssl=1&resize=700%2C400 2x, https:\/\/i0.wp.com\/solisinforma.com\/wp-content\/uploads\/2024\/03\/Menor-embarazada.jpg?fit=1200%2C675&ssl=1&resize=1050%2C600 3x"},"classes":[]},{"id":53283,"url":"https:\/\/solisinforma.com\/?p=53283","url_meta":{"origin":58268,"position":5},"title":"Magistrado Manuel Ram\u00edrez Suza\u00f1a expone credenciales ante el CNM para integrar la SCJ","author":"Hector Solis","date":"21 de noviembre de 2025","format":false,"excerpt":"San Juan de la Maguana. RD. El magistrado Manuel Antonio Ram\u00edrez Suza\u00f1a, actual presidente de la Corte de Apelaci\u00f3n del Departamento Judicial de San Juan de la Maguana, sostuvo hoy su entrevista ante el Consejo Nacional de la Magistratura (CNM) como parte del proceso de selecci\u00f3n para integrar la Suprema\u2026","rel":"","context":"En \u00abLocales\u00bb","block_context":{"text":"Locales","link":"https:\/\/solisinforma.com\/?cat=34"},"img":{"alt_text":"","src":"https:\/\/i0.wp.com\/solisinforma.com\/wp-content\/uploads\/2025\/11\/Magistrado-Manuel-Ramirez-Suzana.png?fit=1200%2C675&ssl=1&resize=350%2C200","width":350,"height":200,"srcset":"https:\/\/i0.wp.com\/solisinforma.com\/wp-content\/uploads\/2025\/11\/Magistrado-Manuel-Ramirez-Suzana.png?fit=1200%2C675&ssl=1&resize=350%2C200 1x, https:\/\/i0.wp.com\/solisinforma.com\/wp-content\/uploads\/2025\/11\/Magistrado-Manuel-Ramirez-Suzana.png?fit=1200%2C675&ssl=1&resize=525%2C300 1.5x, https:\/\/i0.wp.com\/solisinforma.com\/wp-content\/uploads\/2025\/11\/Magistrado-Manuel-Ramirez-Suzana.png?fit=1200%2C675&ssl=1&resize=700%2C400 2x, https:\/\/i0.wp.com\/solisinforma.com\/wp-content\/uploads\/2025\/11\/Magistrado-Manuel-Ramirez-Suzana.png?fit=1200%2C675&ssl=1&resize=1050%2C600 3x"},"classes":[]}],"jetpack_shortlink":"https:\/\/wp.me\/pc2Svn-f9O","_links":{"self":[{"href":"https:\/\/solisinforma.com\/index.php?rest_route=\/wp\/v2\/posts\/58268","targetHints":{"allow":["GET"]}}],"collection":[{"href":"https:\/\/solisinforma.com\/index.php?rest_route=\/wp\/v2\/posts"}],"about":[{"href":"https:\/\/solisinforma.com\/index.php?rest_route=\/wp\/v2\/types\/post"}],"author":[{"embeddable":true,"href":"https:\/\/solisinforma.com\/index.php?rest_route=\/wp\/v2\/users\/2"}],"replies":[{"embeddable":true,"href":"https:\/\/solisinforma.com\/index.php?rest_route=%2Fwp%2Fv2%2Fcomments&post=58268"}],"version-history":[{"count":1,"href":"https:\/\/solisinforma.com\/index.php?rest_route=\/wp\/v2\/posts\/58268\/revisions"}],"predecessor-version":[{"id":58270,"href":"https:\/\/solisinforma.com\/index.php?rest_route=\/wp\/v2\/posts\/58268\/revisions\/58270"}],"wp:featuredmedia":[{"embeddable":true,"href":"https:\/\/solisinforma.com\/index.php?rest_route=\/wp\/v2\/media\/58269"}],"wp:attachment":[{"href":"https:\/\/solisinforma.com\/index.php?rest_route=%2Fwp%2Fv2%2Fmedia&parent=58268"}],"wp:term":[{"taxonomy":"category","embeddable":true,"href":"https:\/\/solisinforma.com\/index.php?rest_route=%2Fwp%2Fv2%2Fcategories&post=58268"},{"taxonomy":"post_tag","embeddable":true,"href":"https:\/\/solisinforma.com\/index.php?rest_route=%2Fwp%2Fv2%2Ftags&post=58268"}],"curies":[{"name":"wp","href":"https:\/\/api.w.org\/{rel}","templated":true}]}}