{"id":58274,"date":"2026-09-03T06:48:45","date_gmt":"2026-09-03T10:48:45","guid":{"rendered":"https:\/\/solisinforma.com\/?p=58274"},"modified":"2026-09-03T06:48:45","modified_gmt":"2026-09-03T10:48:45","slug":"caso-de-supuesto-maltrato-infantil-en-fundacion-de-haina-quien-es-quien-y-de-que-se-les-acusa","status":"publish","type":"post","link":"https:\/\/solisinforma.com\/?p=58274","title":{"rendered":"Caso de supuesto maltrato infantil en fundaci\u00f3n de Haina: qui\u00e9n es qui\u00e9n y de qu\u00e9 se les acusa"},"content":{"rendered":"<ul>\n<li class=\"flex mb-2\"><strong>La fundaci\u00f3n no posee autorizaci\u00f3n para funcionar como hogar de acogida para menores de edad, conforme el Ministerio P\u00fablico<\/strong><\/li>\n<li class=\"flex mb-2\"><strong><strong>Hab\u00eda recibido dos advertencias de Conani.\n<p><img data-recalc-dims=\"1\" loading=\"lazy\" decoding=\"async\" class=\"alignnone size-full wp-image-58277\" src=\"https:\/\/i0.wp.com\/solisinforma.com\/wp-content\/uploads\/2026\/09\/maltrato-infantil-en-fundacion-de-Haina.png?resize=640%2C360&#038;ssl=1\" alt=\"\" width=\"640\" height=\"360\" srcset=\"https:\/\/i0.wp.com\/solisinforma.com\/wp-content\/uploads\/2026\/09\/maltrato-infantil-en-fundacion-de-Haina.png?w=1200&amp;ssl=1 1200w, https:\/\/i0.wp.com\/solisinforma.com\/wp-content\/uploads\/2026\/09\/maltrato-infantil-en-fundacion-de-Haina.png?resize=768%2C432&amp;ssl=1 768w, https:\/\/i0.wp.com\/solisinforma.com\/wp-content\/uploads\/2026\/09\/maltrato-infantil-en-fundacion-de-Haina.png?resize=1024%2C576&amp;ssl=1 1024w\" sizes=\"auto, (max-width: 640px) 100vw, 640px\" \/><br \/>\n<\/strong><\/strong>Un caso de posible\u00a0<strong>maltrato infantil<\/strong>\u00a0en una fundaci\u00f3n, ubicada en el\u00a0<strong>municipio Bajos de Haina<\/strong>, San Crist\u00f3bal, fue descubierto el pasado lunes a ra\u00edz de la\u00a0<strong>fuga de uno de los menores<\/strong>\u00a0retenidos en el recinto que se present\u00f3 a un destacamento y realiz\u00f3 una denuncia.<\/p>\n<p>El aviso desencaden\u00f3 un operativo con dos\u00a0<strong>allanamientos<\/strong>, donde fueron rescatados de la \u00ab<strong>Fundaci\u00f3n Restaurando Vida<\/strong>. Un Muerto que Revive\u00bb\u00a0<strong>13 menores<\/strong>\u00a0con edades comprendidas entre los 3 meses y 13 a\u00f1os. La entidad operaba en el interior de una finca, perteneciente a una fundaci\u00f3n y un espacio religioso.<\/p>\n<p>Por el caso fueron arrestados dos hombres, identificados como\u00a0<strong>\u00c1ngel Gabriel Capell\u00e1n<\/strong>\u00a0alias \u00abel Pastor\u00bb o \u00abCapell\u00e1n\u00bb, de 69 a\u00f1os, e\u00a0<strong>Isa\u00edas Ram\u00f3n Mu\u00f1oz Rodr\u00edguez<\/strong>, acusados por el\u00a0<strong>Ministerio P\u00fablico<\/strong>\u00a0de\u00a0<strong>maltrato f\u00edsico<\/strong>\u00a0y psicol\u00f3gico, as\u00ed como de\u00a0<strong>trabajo o servicio forzado<\/strong>.<\/p>\n<p>Conforme a la solicitud de medida de coerci\u00f3n del\u00a0<strong>Ministerio P\u00fablico<\/strong>, los infantes presentaban\u00a0<strong>signos de maltrato<\/strong>\u00a0f\u00edsico y psicol\u00f3gico.<\/p>\n<div class=\"my-12 component web-insert relative border bg-component\">\n<p>La audiencia de conocimiento de medida de coerci\u00f3n est\u00e1 fijada para este jueves a las 9:00 de la ma\u00f1ana.<\/p>\n<\/div>\n<p>En el expediente,\u00a0<strong>\u00c1ngel Gabriel Capell\u00e1n<\/strong>\u00a0figura como\u00a0<strong>pastor de la instituci\u00f3n<\/strong>\u00a0y quien manten\u00eda bajo su control a los ni\u00f1os. Tambi\u00e9n es se\u00f1alado por el\u00a0<strong>menor de 12 a\u00f1os<\/strong>\u00a0que se fug\u00f3 como la persona que propinaba el \u00abmaltrato constante\u00bb.<\/p>\n<p>\u00abEntre ellos\u00a0<strong>golpes<\/strong>,\u00a0<strong>quemaduras en las manos<\/strong>,\u00a0<strong>privaci\u00f3n de alimentos<\/strong>\u00a0durante varios d\u00edas y la imposici\u00f3n de permanecer de rodillas durante largas horas, en ocasiones sosteniendo un objeto pesado sobre la cabeza, encierro en solitario de forma prolongada, era hincado en guayo,\u00a0<strong>golpes<\/strong>\u00a0con correas\u00bb, precisa el documento.<\/p>\n<h2><strong>Supuesta complicidad<\/strong><\/h2>\n<p>La solicitud de medida de coerci\u00f3n plantea que el imputado\u00a0<strong>Isa\u00edas Ram\u00f3n Mu\u00f1oz Rodr\u00edguez<\/strong>, al enterarse de la detenci\u00f3n de Capell\u00e1n, moviliz\u00f3 varios menores desde la fundaci\u00f3n hasta una vivienda, ubicada en\u00a0<strong>El Carril<\/strong>, en\u00a0<strong>Los Solares<\/strong>, de ese municipio.<\/p>\n<p>El\u00a0<strong>Ministerio P\u00fablico<\/strong>\u00a0lo acusa como c\u00f3mplice de Capell\u00e1n en delitos de\u00a0<strong>maltrato f\u00edsico<\/strong>\u00a0y psicol\u00f3gico, as\u00ed como de\u00a0<strong>trabajo o servicio forzado<\/strong>.<\/p>\n<h2><strong>Advertencias de Conani<\/strong><\/h2>\n<p>Seg\u00fan revela el expediente, la fundaci\u00f3n hab\u00eda recibido una comunicaci\u00f3n del Consejo Nacional para la Ni\u00f1ez y la Adolescencia\u00a0(<strong>Conani<\/strong>), para que suspenda su funcionamiento en\u00a0<strong>octubre de 2026<\/strong>.<\/p>\n<p>En uno de los\u00a0<strong>allanamientos<\/strong>\u00a0fue encontrada \u00abuna\u00a0<strong>comunicaci\u00f3n de Conani<\/strong>, a la\u00a0<strong>Fundaci\u00f3n Restaurando vida<\/strong>. Un Muerto que Revive, asunto:\u00a0<strong>Suspensi\u00f3n Funcionamiento<\/strong>\u00a0de fecha\u00a0<strong>30 de octubre 2020<\/strong>\u00ab, precisa el informe.<\/p>\n<ul class=\"list-text\">\n<li>En la misiva, el\u00a0<strong>Conani<\/strong>\u00a0<strong>proh\u00edbe el ingreso<\/strong>\u00a0de ni\u00f1os, ni\u00f1as y adolescentes a la fundaci\u00f3n y solicita iniciar la\u00a0<strong>reinserci\u00f3n familiar<\/strong>\u00a0de los menores de edad que se encontraban acogidos en ese momento.<\/li>\n<\/ul>\n<p>El 13 de noviembre del mismo a\u00f1o,\u00a0<strong>Conani<\/strong>\u00a0envi\u00f3 un\u00a0<strong>memor\u00e1ndum<\/strong>\u00a0al hoy imputado\u00a0<strong>\u00c1ngel Capell\u00e1n<\/strong>\u00a0bajo el asunto: \u00ab<strong>Exclusi\u00f3n de personas<\/strong>\u00a0con vicios y mal ejemplo para los ni\u00f1os\u00bb, conforme indica el documento.<\/p>\n<p>La entidad no posee autorizaci\u00f3n para funcionar como\u00a0<strong>hogar de acogida para menores de edad<\/strong>, conforme establece el expediente.<\/p>\n<h2><strong>Otros hallazgos<\/strong><\/h2>\n<p>Dentro de la fundaci\u00f3n se encontraron pertenencias vinculadas a los menores, tales como\u00a0<strong>vestimentas<\/strong>, cuadernos, uniformes, mochilas, juguetes y medicamentos; as\u00ed como\u00a0<strong>actas de nacimiento<\/strong>,\u00a0<strong>documentos<\/strong>\u00a0de personas que no se encontraban en el lugar.<\/p>\n<p>Entre los\u00a0<strong>documentos<\/strong>\u00a0encontrados, el\u00a0<strong>Ministerio P\u00fablico<\/strong>\u00a0hizo menci\u00f3n de una\u00a0<strong>carta de la fundaci\u00f3n<\/strong>, fechada el\u00a0<strong>22 de junio de 2021<\/strong>, que dice: \u00abSomos una instituci\u00f3n\u00a0<strong>sin fines de lucros<\/strong>, la cuales por quince (15) largos a\u00f1os, venimos brindando servicio al Pueblo Dominicano, en las cuales rescatamos ni\u00f1os y ni\u00f1as de las calles, hu\u00e9rfanos, con malas conductas&#8230; \u00ab.<\/p>\n<p>La carta invitaba a un\u00a0<strong>misionero evangelista<\/strong>\u00a0internacional, identificado como\u00a0<strong>Gleiner Batista Altamiranda<\/strong>, de\u00a0<strong>Barranquilla, Colombia<\/strong>, a impartir clases b\u00edblicas, del 23 de junio al 26 de julio de 2021.<\/p>\n<p>En el local tambi\u00e9n hab\u00edan\u00a0<strong>envejecientes<\/strong>\u00a0en condiciones de extrema vulnerabilidad, personas con\u00a0<strong>discapacidad visual<\/strong>\u00a0o motora y miembros de la iglesia que no ten\u00eda v\u00ednculos familiares con los menores, \u00abtodos encontr\u00e1ndose bajo la supuesta gu\u00eda del imputado\u00a0<strong>\u00c1ngel Gabriel Capell\u00e1n<\/strong>\u00a0(A) el Pastor y\/o Capell\u00e1n\u00bb, seg\u00fan la solicitud.<\/p>\n<p>As\u00ed como un veh\u00edculo marca\u00a0<strong>Toyota\/Corolla CE<\/strong>\u00a0de color Beige,\u00a0<strong>placa A272601<\/strong>, a\u00f1o 1994; estacionado al frente de la propiedad, medio que, horas antes del allanamiento, habr\u00eda sido utilizado para movilizar a\u00a0<strong>nueve menores de edad<\/strong>, que fueron encontrados acompa\u00f1ados de dos adultas, una de ellas madre de una beb\u00e9 de tres meses y un ni\u00f1o de cuatro a\u00f1os.<\/p>\n<h2><strong>Acusaci\u00f3n<\/strong><\/h2>\n<p>Seg\u00fan la solicitud de medida de coerci\u00f3n, conformada por 20 p\u00e1ginas, \u00abel Pastor\u00bb y Mu\u00f1oz son acusados de violar los art\u00edculos 3 p\u00e1rrafo II, de la\u00a0<strong>Ley 63-24<\/strong>\u00a0que modifica la\u00a0<strong>Ley 137-03<\/strong>\u00a0sobre Tr\u00e1fico Il\u00edcito de Migrantes y Trata de Personas; la Ley 46-27 que modifica la\u00a0<strong>Ley 137-03<\/strong>\u00a0en el art\u00edculo 7 bis literales F, G y L. P\u00e1rrafo II del art\u00edculo 7 bis de la Ley 46-25, art\u00edculos 396 literal A y B, 456 y 458 de la Ley 136-03.<\/p>\n<div class=\"my-12 component web-insert relative border bg-component\">\n<p>El Ministerio P\u00fablico solicita al tribunal que se imponga prisi\u00f3n preventiva como medida de coerci\u00f3n a los imputados, en el Centro de Correcci\u00f3n y Rehabilitaci\u00f3n de Najayo Hombres, en San Crist\u00f3bal.<\/p>\n<h6><span style=\"color: #808080;\">Por. <strong class=\"mr-3\">Ana Carolina Cueva Valenzuela<\/strong> \/ DL<\/span><\/h6>\n<\/div>\n<\/li>\n<\/ul>\n","protected":false},"excerpt":{"rendered":"<p>La fundaci\u00f3n no posee autorizaci\u00f3n para funcionar como hogar de acogida para menores de edad,&#8230;<\/p>\n","protected":false},"author":2,"featured_media":58277,"comment_status":"open","ping_status":"open","sticky":false,"template":"","format":"standard","meta":{"_jetpack_newsletter_access":"","_jetpack_dont_email_post_to_subs":false,"_jetpack_newsletter_tier_id":0,"_jetpack_memberships_contains_paywalled_content":false,"_jetpack_memberships_contains_paid_content":false,"_joinchat":[],"footnotes":"","jetpack_publicize_message":"","jetpack_publicize_feature_enabled":true,"jetpack_social_post_already_shared":true,"jetpack_social_options":{"image_generator_settings":{"template":"highway","default_image_id":0,"font":"","enabled":false},"version":2},"jetpack_post_was_ever_published":false},"categories":[8,39],"tags":[22625,22624,22623,862,46],"class_list":["post-58274","post","type-post","status-publish","format-standard","has-post-thumbnail","hentry","category-nacionales","category-primeraplana","tag-fuga-de-uno-de-los-menores","tag-fundacion-de-haina","tag-maltrato-infantil","tag-ministerio-publico","tag-solis-informa"],"yoast_head":"<!-- This site is optimized with the Yoast SEO plugin v24.9 - https:\/\/yoast.com\/wordpress\/plugins\/seo\/ -->\n<title>Caso de supuesto maltrato infantil en fundaci\u00f3n de Haina: qui\u00e9n es qui\u00e9n y de qu\u00e9 se les acusa - Solis Informa<\/title>\n<meta name=\"robots\" content=\"index, follow, max-snippet:-1, max-image-preview:large, max-video-preview:-1\" \/>\n<link rel=\"canonical\" href=\"https:\/\/solisinforma.com\/?p=58274\" \/>\n<meta property=\"og:locale\" content=\"es_ES\" \/>\n<meta property=\"og:type\" content=\"article\" \/>\n<meta property=\"og:title\" content=\"Caso de supuesto maltrato infantil en fundaci\u00f3n de Haina: qui\u00e9n es qui\u00e9n y de qu\u00e9 se les acusa - Solis Informa\" \/>\n<meta property=\"og:description\" content=\"La fundaci\u00f3n no posee autorizaci\u00f3n para funcionar como hogar de acogida para menores de edad,...\" \/>\n<meta property=\"og:url\" content=\"https:\/\/solisinforma.com\/?p=58274\" \/>\n<meta property=\"og:site_name\" content=\"Solis Informa\" \/>\n<meta property=\"article:publisher\" content=\"https:\/\/www.facebook.com\/Solisinforma1\/\" \/>\n<meta property=\"article:author\" content=\"https:\/\/www.facebook.com\/Solisinforma\/\" \/>\n<meta property=\"article:published_time\" content=\"2026-09-03T10:48:45+00:00\" \/>\n<meta property=\"og:image\" content=\"https:\/\/solisinforma.com\/wp-content\/uploads\/2026\/09\/maltrato-infantil-en-fundacion-de-Haina.png\" \/>\n\t<meta property=\"og:image:width\" content=\"1200\" \/>\n\t<meta property=\"og:image:height\" content=\"675\" \/>\n\t<meta property=\"og:image:type\" content=\"image\/png\" \/>\n<meta name=\"author\" content=\"Hector Solis\" \/>\n<meta name=\"twitter:card\" content=\"summary_large_image\" \/>\n<meta name=\"twitter:creator\" content=\"@solisinforma1\" \/>\n<meta name=\"twitter:label1\" content=\"Escrito por\" \/>\n\t<meta name=\"twitter:data1\" content=\"Hector Solis\" \/>\n\t<meta name=\"twitter:label2\" content=\"Tiempo de lectura\" \/>\n\t<meta name=\"twitter:data2\" content=\"5 minutos\" \/>\n<script type=\"application\/ld+json\" class=\"yoast-schema-graph\">{\"@context\":\"https:\/\/schema.org\",\"@graph\":[{\"@type\":\"Article\",\"@id\":\"https:\/\/solisinforma.com\/?p=58274#article\",\"isPartOf\":{\"@id\":\"https:\/\/solisinforma.com\/?p=58274\"},\"author\":{\"name\":\"Hector Solis\",\"@id\":\"https:\/\/solisinforma.com\/#\/schema\/person\/db4967d1c8ed640d46bf21dc55215612\"},\"headline\":\"Caso de supuesto maltrato infantil en fundaci\u00f3n de Haina: qui\u00e9n es qui\u00e9n y de qu\u00e9 se les acusa\",\"datePublished\":\"2026-09-03T10:48:45+00:00\",\"mainEntityOfPage\":{\"@id\":\"https:\/\/solisinforma.com\/?p=58274\"},\"wordCount\":972,\"commentCount\":0,\"publisher\":{\"@id\":\"https:\/\/solisinforma.com\/#organization\"},\"image\":{\"@id\":\"https:\/\/solisinforma.com\/?p=58274#primaryimage\"},\"thumbnailUrl\":\"https:\/\/i0.wp.com\/solisinforma.com\/wp-content\/uploads\/2026\/09\/maltrato-infantil-en-fundacion-de-Haina.png?fit=1200%2C675&ssl=1\",\"keywords\":[\"fuga de uno de los menores\",\"fundaci\u00f3n de Haina:\",\"maltrato infantil\",\"Ministerio P\u00fablico\",\"Solis informa\"],\"articleSection\":[\"Nacionales\",\"Primera Plana\"],\"inLanguage\":\"es\",\"potentialAction\":[{\"@type\":\"CommentAction\",\"name\":\"Comment\",\"target\":[\"https:\/\/solisinforma.com\/?p=58274#respond\"]}]},{\"@type\":\"WebPage\",\"@id\":\"https:\/\/solisinforma.com\/?p=58274\",\"url\":\"https:\/\/solisinforma.com\/?p=58274\",\"name\":\"Caso de supuesto maltrato infantil en fundaci\u00f3n de Haina: qui\u00e9n es qui\u00e9n y de qu\u00e9 se les acusa - Solis Informa\",\"isPartOf\":{\"@id\":\"https:\/\/solisinforma.com\/#website\"},\"primaryImageOfPage\":{\"@id\":\"https:\/\/solisinforma.com\/?p=58274#primaryimage\"},\"image\":{\"@id\":\"https:\/\/solisinforma.com\/?p=58274#primaryimage\"},\"thumbnailUrl\":\"https:\/\/i0.wp.com\/solisinforma.com\/wp-content\/uploads\/2026\/09\/maltrato-infantil-en-fundacion-de-Haina.png?fit=1200%2C675&ssl=1\",\"datePublished\":\"2026-09-03T10:48:45+00:00\",\"breadcrumb\":{\"@id\":\"https:\/\/solisinforma.com\/?p=58274#breadcrumb\"},\"inLanguage\":\"es\",\"potentialAction\":[{\"@type\":\"ReadAction\",\"target\":[\"https:\/\/solisinforma.com\/?p=58274\"]}]},{\"@type\":\"ImageObject\",\"inLanguage\":\"es\",\"@id\":\"https:\/\/solisinforma.com\/?p=58274#primaryimage\",\"url\":\"https:\/\/i0.wp.com\/solisinforma.com\/wp-content\/uploads\/2026\/09\/maltrato-infantil-en-fundacion-de-Haina.png?fit=1200%2C675&ssl=1\",\"contentUrl\":\"https:\/\/i0.wp.com\/solisinforma.com\/wp-content\/uploads\/2026\/09\/maltrato-infantil-en-fundacion-de-Haina.png?fit=1200%2C675&ssl=1\",\"width\":1200,\"height\":675},{\"@type\":\"BreadcrumbList\",\"@id\":\"https:\/\/solisinforma.com\/?p=58274#breadcrumb\",\"itemListElement\":[{\"@type\":\"ListItem\",\"position\":1,\"name\":\"Portada\",\"item\":\"https:\/\/solisinforma.com\/\"},{\"@type\":\"ListItem\",\"position\":2,\"name\":\"Caso de supuesto maltrato infantil en fundaci\u00f3n de Haina: qui\u00e9n es qui\u00e9n y de qu\u00e9 se les acusa\"}]},{\"@type\":\"WebSite\",\"@id\":\"https:\/\/solisinforma.com\/#website\",\"url\":\"https:\/\/solisinforma.com\/\",\"name\":\"Solis Informa\",\"description\":\"El Diario de San Juan\",\"publisher\":{\"@id\":\"https:\/\/solisinforma.com\/#organization\"},\"potentialAction\":[{\"@type\":\"SearchAction\",\"target\":{\"@type\":\"EntryPoint\",\"urlTemplate\":\"https:\/\/solisinforma.com\/?s={search_term_string}\"},\"query-input\":{\"@type\":\"PropertyValueSpecification\",\"valueRequired\":true,\"valueName\":\"search_term_string\"}}],\"inLanguage\":\"es\"},{\"@type\":\"Organization\",\"@id\":\"https:\/\/solisinforma.com\/#organization\",\"name\":\"Solis Informa\",\"url\":\"https:\/\/solisinforma.com\/\",\"logo\":{\"@type\":\"ImageObject\",\"inLanguage\":\"es\",\"@id\":\"https:\/\/solisinforma.com\/#\/schema\/logo\/image\/\",\"url\":\"https:\/\/i0.wp.com\/solisinforma.com\/wp-content\/uploads\/2020\/07\/cropped-solis-4.png?fit=512%2C512&ssl=1\",\"contentUrl\":\"https:\/\/i0.wp.com\/solisinforma.com\/wp-content\/uploads\/2020\/07\/cropped-solis-4.png?fit=512%2C512&ssl=1\",\"width\":512,\"height\":512,\"caption\":\"Solis Informa\"},\"image\":{\"@id\":\"https:\/\/solisinforma.com\/#\/schema\/logo\/image\/\"},\"sameAs\":[\"https:\/\/www.facebook.com\/Solisinforma1\/\"]},{\"@type\":\"Person\",\"@id\":\"https:\/\/solisinforma.com\/#\/schema\/person\/db4967d1c8ed640d46bf21dc55215612\",\"name\":\"Hector Solis\",\"image\":{\"@type\":\"ImageObject\",\"inLanguage\":\"es\",\"@id\":\"https:\/\/solisinforma.com\/#\/schema\/person\/image\/\",\"url\":\"https:\/\/secure.gravatar.com\/avatar\/3e116868529a43555438940611160b9cf01e4fb17f119453a6329d96e10fecf8?s=96&d=mm&r=g\",\"contentUrl\":\"https:\/\/secure.gravatar.com\/avatar\/3e116868529a43555438940611160b9cf01e4fb17f119453a6329d96e10fecf8?s=96&d=mm&r=g\",\"caption\":\"Hector Solis\"},\"sameAs\":[\"http:\/\/Solisinforma.com\",\"https:\/\/www.facebook.com\/Solisinforma\/\",\"https:\/\/www.instagram.com\/solisinforma\/\",\"www.linkedin.com\/in\/hectorsolisinforma\",\"https:\/\/x.com\/solisinforma1\",\"@Solisinformaenvivo\",\"https:\/\/soundcloud.com\/solisinforma\"],\"url\":\"https:\/\/solisinforma.com\/?author=2\"}]}<\/script>\n<!-- \/ Yoast SEO plugin. -->","yoast_head_json":{"title":"Caso de supuesto maltrato infantil en fundaci\u00f3n de Haina: qui\u00e9n es qui\u00e9n y de qu\u00e9 se les acusa - Solis Informa","robots":{"index":"index","follow":"follow","max-snippet":"max-snippet:-1","max-image-preview":"max-image-preview:large","max-video-preview":"max-video-preview:-1"},"canonical":"https:\/\/solisinforma.com\/?p=58274","og_locale":"es_ES","og_type":"article","og_title":"Caso de supuesto maltrato infantil en fundaci\u00f3n de Haina: qui\u00e9n es qui\u00e9n y de qu\u00e9 se les acusa - Solis Informa","og_description":"La fundaci\u00f3n no posee autorizaci\u00f3n para funcionar como hogar de acogida para menores de edad,...","og_url":"https:\/\/solisinforma.com\/?p=58274","og_site_name":"Solis Informa","article_publisher":"https:\/\/www.facebook.com\/Solisinforma1\/","article_author":"https:\/\/www.facebook.com\/Solisinforma\/","article_published_time":"2026-09-03T10:48:45+00:00","og_image":[{"width":1200,"height":675,"url":"https:\/\/solisinforma.com\/wp-content\/uploads\/2026\/09\/maltrato-infantil-en-fundacion-de-Haina.png","type":"image\/png"}],"author":"Hector Solis","twitter_card":"summary_large_image","twitter_creator":"@solisinforma1","twitter_misc":{"Escrito por":"Hector Solis","Tiempo de lectura":"5 minutos"},"schema":{"@context":"https:\/\/schema.org","@graph":[{"@type":"Article","@id":"https:\/\/solisinforma.com\/?p=58274#article","isPartOf":{"@id":"https:\/\/solisinforma.com\/?p=58274"},"author":{"name":"Hector Solis","@id":"https:\/\/solisinforma.com\/#\/schema\/person\/db4967d1c8ed640d46bf21dc55215612"},"headline":"Caso de supuesto maltrato infantil en fundaci\u00f3n de Haina: qui\u00e9n es qui\u00e9n y de qu\u00e9 se les acusa","datePublished":"2026-09-03T10:48:45+00:00","mainEntityOfPage":{"@id":"https:\/\/solisinforma.com\/?p=58274"},"wordCount":972,"commentCount":0,"publisher":{"@id":"https:\/\/solisinforma.com\/#organization"},"image":{"@id":"https:\/\/solisinforma.com\/?p=58274#primaryimage"},"thumbnailUrl":"https:\/\/i0.wp.com\/solisinforma.com\/wp-content\/uploads\/2026\/09\/maltrato-infantil-en-fundacion-de-Haina.png?fit=1200%2C675&ssl=1","keywords":["fuga de uno de los menores","fundaci\u00f3n de Haina:","maltrato infantil","Ministerio P\u00fablico","Solis informa"],"articleSection":["Nacionales","Primera Plana"],"inLanguage":"es","potentialAction":[{"@type":"CommentAction","name":"Comment","target":["https:\/\/solisinforma.com\/?p=58274#respond"]}]},{"@type":"WebPage","@id":"https:\/\/solisinforma.com\/?p=58274","url":"https:\/\/solisinforma.com\/?p=58274","name":"Caso de supuesto maltrato infantil en fundaci\u00f3n de Haina: qui\u00e9n es qui\u00e9n y de qu\u00e9 se les acusa - Solis Informa","isPartOf":{"@id":"https:\/\/solisinforma.com\/#website"},"primaryImageOfPage":{"@id":"https:\/\/solisinforma.com\/?p=58274#primaryimage"},"image":{"@id":"https:\/\/solisinforma.com\/?p=58274#primaryimage"},"thumbnailUrl":"https:\/\/i0.wp.com\/solisinforma.com\/wp-content\/uploads\/2026\/09\/maltrato-infantil-en-fundacion-de-Haina.png?fit=1200%2C675&ssl=1","datePublished":"2026-09-03T10:48:45+00:00","breadcrumb":{"@id":"https:\/\/solisinforma.com\/?p=58274#breadcrumb"},"inLanguage":"es","potentialAction":[{"@type":"ReadAction","target":["https:\/\/solisinforma.com\/?p=58274"]}]},{"@type":"ImageObject","inLanguage":"es","@id":"https:\/\/solisinforma.com\/?p=58274#primaryimage","url":"https:\/\/i0.wp.com\/solisinforma.com\/wp-content\/uploads\/2026\/09\/maltrato-infantil-en-fundacion-de-Haina.png?fit=1200%2C675&ssl=1","contentUrl":"https:\/\/i0.wp.com\/solisinforma.com\/wp-content\/uploads\/2026\/09\/maltrato-infantil-en-fundacion-de-Haina.png?fit=1200%2C675&ssl=1","width":1200,"height":675},{"@type":"BreadcrumbList","@id":"https:\/\/solisinforma.com\/?p=58274#breadcrumb","itemListElement":[{"@type":"ListItem","position":1,"name":"Portada","item":"https:\/\/solisinforma.com\/"},{"@type":"ListItem","position":2,"name":"Caso de supuesto maltrato infantil en fundaci\u00f3n de Haina: qui\u00e9n es qui\u00e9n y de qu\u00e9 se les acusa"}]},{"@type":"WebSite","@id":"https:\/\/solisinforma.com\/#website","url":"https:\/\/solisinforma.com\/","name":"Solis Informa","description":"El Diario de San Juan","publisher":{"@id":"https:\/\/solisinforma.com\/#organization"},"potentialAction":[{"@type":"SearchAction","target":{"@type":"EntryPoint","urlTemplate":"https:\/\/solisinforma.com\/?s={search_term_string}"},"query-input":{"@type":"PropertyValueSpecification","valueRequired":true,"valueName":"search_term_string"}}],"inLanguage":"es"},{"@type":"Organization","@id":"https:\/\/solisinforma.com\/#organization","name":"Solis Informa","url":"https:\/\/solisinforma.com\/","logo":{"@type":"ImageObject","inLanguage":"es","@id":"https:\/\/solisinforma.com\/#\/schema\/logo\/image\/","url":"https:\/\/i0.wp.com\/solisinforma.com\/wp-content\/uploads\/2020\/07\/cropped-solis-4.png?fit=512%2C512&ssl=1","contentUrl":"https:\/\/i0.wp.com\/solisinforma.com\/wp-content\/uploads\/2020\/07\/cropped-solis-4.png?fit=512%2C512&ssl=1","width":512,"height":512,"caption":"Solis Informa"},"image":{"@id":"https:\/\/solisinforma.com\/#\/schema\/logo\/image\/"},"sameAs":["https:\/\/www.facebook.com\/Solisinforma1\/"]},{"@type":"Person","@id":"https:\/\/solisinforma.com\/#\/schema\/person\/db4967d1c8ed640d46bf21dc55215612","name":"Hector Solis","image":{"@type":"ImageObject","inLanguage":"es","@id":"https:\/\/solisinforma.com\/#\/schema\/person\/image\/","url":"https:\/\/secure.gravatar.com\/avatar\/3e116868529a43555438940611160b9cf01e4fb17f119453a6329d96e10fecf8?s=96&d=mm&r=g","contentUrl":"https:\/\/secure.gravatar.com\/avatar\/3e116868529a43555438940611160b9cf01e4fb17f119453a6329d96e10fecf8?s=96&d=mm&r=g","caption":"Hector Solis"},"sameAs":["http:\/\/Solisinforma.com","https:\/\/www.facebook.com\/Solisinforma\/","https:\/\/www.instagram.com\/solisinforma\/","www.linkedin.com\/in\/hectorsolisinforma","https:\/\/x.com\/solisinforma1","@Solisinformaenvivo","https:\/\/soundcloud.com\/solisinforma"],"url":"https:\/\/solisinforma.com\/?author=2"}]}},"jetpack_publicize_connections":[],"jetpack_featured_media_url":"https:\/\/i0.wp.com\/solisinforma.com\/wp-content\/uploads\/2026\/09\/maltrato-infantil-en-fundacion-de-Haina.png?fit=1200%2C675&ssl=1","jetpack_sharing_enabled":true,"jetpack_likes_enabled":true,"jetpack-related-posts":[{"id":56741,"url":"https:\/\/solisinforma.com\/?p=56741","url_meta":{"origin":58274,"position":0},"title":"Asesinatos, fugas y maltrato: las fechor\u00edas que sacuden la protecci\u00f3n infantil en Conani","author":"Hector Solis","date":"9 de junio de 2026","format":false,"excerpt":"A finales de mayo, una adolescente de 14 a\u00f1os muri\u00f3 a manos de tres compa\u00f1eras en el pabell\u00f3n en donde dorm\u00edan. La occisa hab\u00eda ingresado al Sistema de Protecci\u00f3n el 15 de mayo de 2026. De ser un hogar para la protecci\u00f3n de los menores en Rep\u00fablica Dominicana, se ha\u2026","rel":"","context":"En \u00abNacionales\u00bb","block_context":{"text":"Nacionales","link":"https:\/\/solisinforma.com\/?cat=8"},"img":{"alt_text":"","src":"https:\/\/i0.wp.com\/solisinforma.com\/wp-content\/uploads\/2026\/06\/Conani-muerte.jpg?fit=1200%2C750&ssl=1&resize=350%2C200","width":350,"height":200,"srcset":"https:\/\/i0.wp.com\/solisinforma.com\/wp-content\/uploads\/2026\/06\/Conani-muerte.jpg?fit=1200%2C750&ssl=1&resize=350%2C200 1x, https:\/\/i0.wp.com\/solisinforma.com\/wp-content\/uploads\/2026\/06\/Conani-muerte.jpg?fit=1200%2C750&ssl=1&resize=525%2C300 1.5x, https:\/\/i0.wp.com\/solisinforma.com\/wp-content\/uploads\/2026\/06\/Conani-muerte.jpg?fit=1200%2C750&ssl=1&resize=700%2C400 2x, https:\/\/i0.wp.com\/solisinforma.com\/wp-content\/uploads\/2026\/06\/Conani-muerte.jpg?fit=1200%2C750&ssl=1&resize=1050%2C600 3x"},"classes":[]},{"id":55414,"url":"https:\/\/solisinforma.com\/?p=55414","url_meta":{"origin":58274,"position":1},"title":"Los feminicidios se triplican en lo que va de a\u00f1o","author":"Hector Solis","date":"16 de marzo de 2026","format":false,"excerpt":"La directora de la Fundaci\u00f3n Vida sin Violencia, Yanira Fondeur, asegur\u00f3 que cada caso es alarmante y conjuga dos familias heridas y menores de edad que quedan sin padres a causa de la violencia. Lo que va del 2026 se ha manchado por el dolor a ni\u00f1os y ni\u00f1as que\u2026","rel":"","context":"En \u00abNacionales\u00bb","block_context":{"text":"Nacionales","link":"https:\/\/solisinforma.com\/?cat=8"},"img":{"alt_text":"","src":"https:\/\/i0.wp.com\/solisinforma.com\/wp-content\/uploads\/2026\/03\/stop-feminicidios.jpg?fit=1024%2C768&ssl=1&resize=350%2C200","width":350,"height":200,"srcset":"https:\/\/i0.wp.com\/solisinforma.com\/wp-content\/uploads\/2026\/03\/stop-feminicidios.jpg?fit=1024%2C768&ssl=1&resize=350%2C200 1x, https:\/\/i0.wp.com\/solisinforma.com\/wp-content\/uploads\/2026\/03\/stop-feminicidios.jpg?fit=1024%2C768&ssl=1&resize=525%2C300 1.5x, https:\/\/i0.wp.com\/solisinforma.com\/wp-content\/uploads\/2026\/03\/stop-feminicidios.jpg?fit=1024%2C768&ssl=1&resize=700%2C400 2x"},"classes":[]},{"id":53931,"url":"https:\/\/solisinforma.com\/?p=53931","url_meta":{"origin":58274,"position":2},"title":"Reportan 1,764 muertes infantiles durante 2025","author":"Hector Solis","date":"29 de diciembre de 2025","format":false,"excerpt":"Respecto a la mortalidad materna, se notificaron 163 casos en total: 94 corresponden a dominicanas (58%) y 64 a ciudadanas haitianas (42%). Al cierre del a\u00f1o 2025, el Ministerio de Salud P\u00fablica inform\u00f3, a trav\u00e9s de su bolet\u00edn epidemiol\u00f3gico, que entre el 7 y el 13 de diciembre se registraron\u2026","rel":"","context":"En \u00abNacionales\u00bb","block_context":{"text":"Nacionales","link":"https:\/\/solisinforma.com\/?cat=8"},"img":{"alt_text":"","src":"https:\/\/i0.wp.com\/solisinforma.com\/wp-content\/uploads\/2025\/12\/Muertes-bebe-neonatal.jpg?fit=1200%2C800&ssl=1&resize=350%2C200","width":350,"height":200,"srcset":"https:\/\/i0.wp.com\/solisinforma.com\/wp-content\/uploads\/2025\/12\/Muertes-bebe-neonatal.jpg?fit=1200%2C800&ssl=1&resize=350%2C200 1x, https:\/\/i0.wp.com\/solisinforma.com\/wp-content\/uploads\/2025\/12\/Muertes-bebe-neonatal.jpg?fit=1200%2C800&ssl=1&resize=525%2C300 1.5x, https:\/\/i0.wp.com\/solisinforma.com\/wp-content\/uploads\/2025\/12\/Muertes-bebe-neonatal.jpg?fit=1200%2C800&ssl=1&resize=700%2C400 2x, https:\/\/i0.wp.com\/solisinforma.com\/wp-content\/uploads\/2025\/12\/Muertes-bebe-neonatal.jpg?fit=1200%2C800&ssl=1&resize=1050%2C600 3x"},"classes":[]},{"id":16218,"url":"https:\/\/solisinforma.com\/?p=16218","url_meta":{"origin":58274,"position":3},"title":"Fundaci\u00f3n Mujeres Virtuosas visita a Hanoi y dedicar\u00e1 Gran Parada del Bronx a San Juan","author":"Hector Solis","date":"7 de noviembre de 2022","format":false,"excerpt":"San Juan de la Maguana, R.D.- La Fundaci\u00f3n Mujeres Virtuosas y todo su equipo desarroll\u00f3 una visita a la alcaldesa Hanoi S\u00e1nchez en busca de crear y armonizar relaciones para resaltar la imagen de la provincia San Juan, e incentivar el desarrollar el turismo, as\u00ed como dar apoyo a las\u2026","rel":"","context":"En \u00abLocales\u00bb","block_context":{"text":"Locales","link":"https:\/\/solisinforma.com\/?cat=34"},"img":{"alt_text":"","src":"https:\/\/i0.wp.com\/solisinforma.com\/wp-content\/uploads\/2022\/11\/Mujeres-Virtuosas.jpg?fit=1200%2C675&ssl=1&resize=350%2C200","width":350,"height":200,"srcset":"https:\/\/i0.wp.com\/solisinforma.com\/wp-content\/uploads\/2022\/11\/Mujeres-Virtuosas.jpg?fit=1200%2C675&ssl=1&resize=350%2C200 1x, https:\/\/i0.wp.com\/solisinforma.com\/wp-content\/uploads\/2022\/11\/Mujeres-Virtuosas.jpg?fit=1200%2C675&ssl=1&resize=525%2C300 1.5x, https:\/\/i0.wp.com\/solisinforma.com\/wp-content\/uploads\/2022\/11\/Mujeres-Virtuosas.jpg?fit=1200%2C675&ssl=1&resize=700%2C400 2x, https:\/\/i0.wp.com\/solisinforma.com\/wp-content\/uploads\/2022\/11\/Mujeres-Virtuosas.jpg?fit=1200%2C675&ssl=1&resize=1050%2C600 3x"},"classes":[]},{"id":54763,"url":"https:\/\/solisinforma.com\/?p=54763","url_meta":{"origin":58274,"position":4},"title":"Tres meses de prisi\u00f3n preventiva para pareja acusada de quemarle una mano a ni\u00f1a de 10 a\u00f1os","author":"Hector Solis","date":"10 de febrero de 2026","format":false,"excerpt":"La madrastra habr\u00eda quemado a la menor, mientras que el padre la golpe\u00f3 con un palo en un hecho ocurrido en Los Alcarrizos La Oficina Judicial de Servicios de Atenci\u00f3n Permanente de Santo Domingo Oeste dict\u00f3\u00a0tres meses de prisi\u00f3n preventiva\u00a0contra una pareja imputada por\u00a0maltrato infantil\u00a0contra una ni\u00f1a de 10 a\u00f1os.\u2026","rel":"","context":"En \u00abNacionales\u00bb","block_context":{"text":"Nacionales","link":"https:\/\/solisinforma.com\/?cat=8"},"img":{"alt_text":"","src":"https:\/\/i0.wp.com\/solisinforma.com\/wp-content\/uploads\/2024\/09\/Prision-candado-preso-celda.jpeg?fit=1200%2C750&ssl=1&resize=350%2C200","width":350,"height":200,"srcset":"https:\/\/i0.wp.com\/solisinforma.com\/wp-content\/uploads\/2024\/09\/Prision-candado-preso-celda.jpeg?fit=1200%2C750&ssl=1&resize=350%2C200 1x, https:\/\/i0.wp.com\/solisinforma.com\/wp-content\/uploads\/2024\/09\/Prision-candado-preso-celda.jpeg?fit=1200%2C750&ssl=1&resize=525%2C300 1.5x, https:\/\/i0.wp.com\/solisinforma.com\/wp-content\/uploads\/2024\/09\/Prision-candado-preso-celda.jpeg?fit=1200%2C750&ssl=1&resize=700%2C400 2x, https:\/\/i0.wp.com\/solisinforma.com\/wp-content\/uploads\/2024\/09\/Prision-candado-preso-celda.jpeg?fit=1200%2C750&ssl=1&resize=1050%2C600 3x"},"classes":[]},{"id":54118,"url":"https:\/\/solisinforma.com\/?p=54118","url_meta":{"origin":58274,"position":5},"title":"En 2025 ocurrieron 59 asesinatos de mujeres de entre 15 a 82 a\u00f1os en RD","author":"Hector Solis","date":"8 de enero de 2026","format":false,"excerpt":"Dejaron 93 ni\u00f1os, ni\u00f1as y adolescentes hu\u00e9rfanos Casi el 19 % de los responsables fueron polic\u00edas y militares Los\u00a059 feminicidios\u00a0perpetrados por parejas o exparejas en la Rep\u00fablica Dominicana durante el a\u00f1o 2025, representan una disminuci\u00f3n de un 17 % en las estad\u00edsticas con relaci\u00f3n a los 71 casos del a\u00f1o\u2026","rel":"","context":"En \u00abNacionales\u00bb","block_context":{"text":"Nacionales","link":"https:\/\/solisinforma.com\/?cat=8"},"img":{"alt_text":"","src":"https:\/\/i0.wp.com\/solisinforma.com\/wp-content\/uploads\/2024\/08\/Femenicidio-crimenes-homicidios.jpeg?fit=1024%2C770&ssl=1&resize=350%2C200","width":350,"height":200,"srcset":"https:\/\/i0.wp.com\/solisinforma.com\/wp-content\/uploads\/2024\/08\/Femenicidio-crimenes-homicidios.jpeg?fit=1024%2C770&ssl=1&resize=350%2C200 1x, https:\/\/i0.wp.com\/solisinforma.com\/wp-content\/uploads\/2024\/08\/Femenicidio-crimenes-homicidios.jpeg?fit=1024%2C770&ssl=1&resize=525%2C300 1.5x, https:\/\/i0.wp.com\/solisinforma.com\/wp-content\/uploads\/2024\/08\/Femenicidio-crimenes-homicidios.jpeg?fit=1024%2C770&ssl=1&resize=700%2C400 2x"},"classes":[]}],"jetpack_shortlink":"https:\/\/wp.me\/pc2Svn-f9U","_links":{"self":[{"href":"https:\/\/solisinforma.com\/index.php?rest_route=\/wp\/v2\/posts\/58274","targetHints":{"allow":["GET"]}}],"collection":[{"href":"https:\/\/solisinforma.com\/index.php?rest_route=\/wp\/v2\/posts"}],"about":[{"href":"https:\/\/solisinforma.com\/index.php?rest_route=\/wp\/v2\/types\/post"}],"author":[{"embeddable":true,"href":"https:\/\/solisinforma.com\/index.php?rest_route=\/wp\/v2\/users\/2"}],"replies":[{"embeddable":true,"href":"https:\/\/solisinforma.com\/index.php?rest_route=%2Fwp%2Fv2%2Fcomments&post=58274"}],"version-history":[{"count":1,"href":"https:\/\/solisinforma.com\/index.php?rest_route=\/wp\/v2\/posts\/58274\/revisions"}],"predecessor-version":[{"id":58278,"href":"https:\/\/solisinforma.com\/index.php?rest_route=\/wp\/v2\/posts\/58274\/revisions\/58278"}],"wp:featuredmedia":[{"embeddable":true,"href":"https:\/\/solisinforma.com\/index.php?rest_route=\/wp\/v2\/media\/58277"}],"wp:attachment":[{"href":"https:\/\/solisinforma.com\/index.php?rest_route=%2Fwp%2Fv2%2Fmedia&parent=58274"}],"wp:term":[{"taxonomy":"category","embeddable":true,"href":"https:\/\/solisinforma.com\/index.php?rest_route=%2Fwp%2Fv2%2Fcategories&post=58274"},{"taxonomy":"post_tag","embeddable":true,"href":"https:\/\/solisinforma.com\/index.php?rest_route=%2Fwp%2Fv2%2Ftags&post=58274"}],"curies":[{"name":"wp","href":"https:\/\/api.w.org\/{rel}","templated":true}]}}