{"id":58276,"date":"2026-09-03T06:59:02","date_gmt":"2026-09-03T10:59:02","guid":{"rendered":"https:\/\/solisinforma.com\/?p=58276"},"modified":"2026-09-03T06:59:02","modified_gmt":"2026-09-03T10:59:02","slug":"accion-letal-de-la-policia-deja-unos-156-muertos-en-ocho-meses-de-este-2026","status":"publish","type":"post","link":"https:\/\/solisinforma.com\/?p=58276","title":{"rendered":"Acci\u00f3n letal de la Polic\u00eda deja unos 156 muertos en ocho meses de este 2026"},"content":{"rendered":"<div class=\"subtitle text-xl mb-4\">\n<ul>\n<li class=\"flex mb-2\"><strong>El mayor n\u00famero de fallecimientos se registr\u00f3 en mayo.<\/strong><\/li>\n<\/ul>\n<\/div>\n<div class=\"border-b-2 pb-3 byline text-lg\">\n<address class=\"author not-italic inline mr-2 block\" data-mrf-recirculation=\"Autor\"><img data-recalc-dims=\"1\" loading=\"lazy\" decoding=\"async\" class=\"aligncenter wp-image-58279 size-full\" src=\"https:\/\/i0.wp.com\/solisinforma.com\/wp-content\/uploads\/2026\/09\/Policia-intercambio-disparos.png?resize=640%2C360&#038;ssl=1\" alt=\"\" width=\"640\" height=\"360\" srcset=\"https:\/\/i0.wp.com\/solisinforma.com\/wp-content\/uploads\/2026\/09\/Policia-intercambio-disparos.png?w=896&amp;ssl=1 896w, https:\/\/i0.wp.com\/solisinforma.com\/wp-content\/uploads\/2026\/09\/Policia-intercambio-disparos.png?resize=768%2C432&amp;ssl=1 768w\" sizes=\"auto, (max-width: 640px) 100vw, 640px\" \/><\/p>\n<p>Con el reporte de\u00a0<strong>siete personas muertas<\/strong>\u00a0a manos de\u00a0<strong>agentes<\/strong>\u00a0policiales hasta el 21 de agosto, el n\u00famero de fallecidos en intervenciones de la\u00a0<strong>Polic\u00eda Nacional<\/strong>\u00a0ascendi\u00f3 a 156 durante los primeros ocho meses de este 2026, un promedio de casi cinco muertes por semana.<\/p>\n<p>La cifra representa una\u00a0<strong>disminuci\u00f3n<\/strong>\u00a0de\u00a0<strong>13 casos<\/strong>\u00a0respecto al mismo per\u00edodo del a\u00f1o anterior, cuando los decesos llegaron a 169, seg\u00fan los datos del\u00a0<strong>informe de criminalidad<\/strong>.<\/p>\n<p>En lo que va de a\u00f1o,\u00a0<strong>mayo<\/strong>\u00a0concentra la mayor cantidad de muertes, con\u00a0<strong>35<\/strong>, seguido de\u00a0<strong>abril<\/strong>, con 25, y junio, con 24. Enero registr\u00f3 19; febrero, 17;\u00a0<strong>marzo<\/strong>, 21, y julio cerr\u00f3 con ocho.<\/p>\n<p>La tendencia de estos casos, atribuidos por la Polic\u00eda a supuestos\u00a0<strong>intercambios de disparos<\/strong>, refleja un aumento en\u00a0<strong>marzo<\/strong>\u00a0hasta alcanzar su punto m\u00e1s alto en\u00a0<strong>mayo<\/strong>, \u00a0para luego descender durante los dos meses siguientes.<\/p>\n<p>No obstante, los datos deben analizarse con cautela debido a un\u00a0<strong>cambio en la clasificaci\u00f3n<\/strong>\u00a0del\u00a0<strong>informe de criminalidad<\/strong>. Para julio, los casos de \u00ab<strong>Acci\u00f3n legal<\/strong>\u00ab, categor\u00eda utilizada para registrar las personas abatidas, fueron agrupados junto a los que est\u00e1n en\u00a0<strong>proceso de investigaci\u00f3n<\/strong>.<\/p>\n<p>Esta forma de presentar la informaci\u00f3n impide determinar cu\u00e1ntos corresponden espec\u00edficamente a\u00a0<strong>intervenciones policiales\u00a0<\/strong>y cu\u00e1ntos permanecen bajo investigaci\u00f3n en dicho mes.<\/p>\n<h2>Muertes bajo\u00a0<strong>nueva jefatura<\/strong><\/h2>\n<p>En agosto, entretanto, dos de los casos registrados ocurrieron bajo la\u00a0<strong>nueva jefatura<\/strong>\u00a0de la\u00a0<strong>Polic\u00eda Nacional<\/strong>, encabezada por\u00a0<strong>Ernesto Rafael Rodr\u00edguez Garc\u00eda<\/strong>, quien fue juramentado el d\u00eda 17 de ese mes por el presidente Luis Abinader, en sustituci\u00f3n de Modesto Cruz Cruz, quien permaneci\u00f3 seis meses al frente de la instituci\u00f3n.<\/p>\n<p>Entre los abatidos figura\u00a0<strong>Yoel Antonio Rodr\u00edguez Rodr\u00edguez<\/strong>, de 29 a\u00f1os, quien muri\u00f3 tras recibir heridas de bala durante un\u00a0<strong>operativo<\/strong>\u00a0realizado en el sector La Jagua, en\u00a0<strong>J\u00e1nico<\/strong>, Santiago.<\/p>\n<p><strong>Rodr\u00edguez<\/strong>\u00a0era buscado para fines de investigaci\u00f3n por su\u00a0<strong>presunta vinculaci\u00f3n<\/strong>\u00a0con la\u00a0<strong>muerte<\/strong>\u00a0de\u00a0<strong>Lleny Altagracia Rodr\u00edguez<\/strong>, ocurrida el 30 de agosto. Seg\u00fan el reporte preliminar de la Polic\u00eda, cuando los\u00a0<strong>agentes<\/strong>\u00a0acudieron a buscarlo, el hombre sali\u00f3 de la vivienda con un\u00a0<strong>machete tipo col\u00edn<\/strong>\u00a0y se\u00a0<strong>abalanz\u00f3<\/strong>\u00a0contra ellos.<\/p>\n<p>Los\u00a0<strong>agentes<\/strong>\u00a0utilizaron sus\u00a0<strong>armas de reglamento<\/strong>\u00a0y\u00a0<strong>Rodr\u00edguez<\/strong>\u00a0result\u00f3\u00a0<strong>herido<\/strong>. Posteriormente, muri\u00f3 mientras recib\u00eda atenciones m\u00e9dicas.<\/p>\n<p>En la escena fueron ocupados\u00a0<strong>dos casquillos<\/strong>\u00a0<strong>calibre 9 mil\u00edmetros<\/strong>\u00a0y el\u00a0<strong>machete<\/strong>\u00a0que, seg\u00fan la Polic\u00eda, habr\u00eda utilizado para enfrentar a los\u00a0<strong>agentes<\/strong>.<\/p>\n<p>Otro de los fallecidos fue\u00a0<strong>Nathanael Elena Matos<\/strong>, quien muri\u00f3 mientras recib\u00eda atenciones m\u00e9dicas en el\u00a0<strong>hospital Dar\u00edo Contreras<\/strong>, en Santo Domingo Este, luego de resultar\u00a0<strong>herido<\/strong>\u00a0durante un supuesto\u00a0<strong>intercambio de disparos<\/strong>\u00a0con miembros de la Direcci\u00f3n Central de Investigaci\u00f3n (<strong>Dicrim<\/strong>).<\/p>\n<p>La Polic\u00eda inform\u00f3 que Nathanael era buscado por varias denuncias y ten\u00eda una\u00a0<strong>orden de arresto<\/strong>\u00a0en su contra. En el lugar fueron ocupados una\u00a0<strong>pistola Glock<\/strong>\u00a0<strong>calibre 9 mil\u00edmetros<\/strong>, tres casquillos y una\u00a0<strong>motocicleta<\/strong>\u00a0que, seg\u00fan las autoridades, habr\u00eda sido reportada como sustra\u00edda.<\/p>\n<p><span style=\"color: #808080;\">Por. <strong class=\"mr-3\">Ana Aybar<\/strong> \/ DL<\/span><\/p>\n<\/address>\n<\/div>\n","protected":false},"excerpt":{"rendered":"<p>El mayor n\u00famero de fallecimientos se registr\u00f3 en mayo. Con el reporte de\u00a0siete personas muertas\u00a0a&#8230;<\/p>\n","protected":false},"author":2,"featured_media":58279,"comment_status":"open","ping_status":"open","sticky":false,"template":"","format":"standard","meta":{"_jetpack_newsletter_access":"","_jetpack_dont_email_post_to_subs":false,"_jetpack_newsletter_tier_id":0,"_jetpack_memberships_contains_paywalled_content":false,"_jetpack_memberships_contains_paid_content":false,"_joinchat":[],"footnotes":"","jetpack_publicize_message":"","jetpack_publicize_feature_enabled":true,"jetpack_social_post_already_shared":true,"jetpack_social_options":{"image_generator_settings":{"template":"highway","default_image_id":0,"font":"","enabled":false},"version":2},"jetpack_post_was_ever_published":false},"categories":[8,39],"tags":[13989,22627,22626,2609,46],"class_list":["post-58276","post","type-post","status-publish","format-standard","has-post-thumbnail","hentry","category-nacionales","category-primeraplana","tag-intercambio-de-disparos","tag-ernesto-rafael-rodriguez-garcia","tag-muertos-por-la-policia","tag-policia-nacional-2","tag-solis-informa"],"yoast_head":"<!-- This site is optimized with the Yoast SEO plugin v24.9 - https:\/\/yoast.com\/wordpress\/plugins\/seo\/ -->\n<title>Acci\u00f3n letal de la Polic\u00eda deja unos 156 muertos en ocho meses de este 2026 - Solis Informa<\/title>\n<meta name=\"robots\" content=\"index, follow, max-snippet:-1, max-image-preview:large, max-video-preview:-1\" \/>\n<link rel=\"canonical\" href=\"https:\/\/solisinforma.com\/?p=58276\" \/>\n<meta property=\"og:locale\" content=\"es_ES\" \/>\n<meta property=\"og:type\" content=\"article\" \/>\n<meta property=\"og:title\" content=\"Acci\u00f3n letal de la Polic\u00eda deja unos 156 muertos en ocho meses de este 2026 - Solis Informa\" \/>\n<meta property=\"og:description\" content=\"El mayor n\u00famero de fallecimientos se registr\u00f3 en mayo. Con el reporte de\u00a0siete personas muertas\u00a0a...\" \/>\n<meta property=\"og:url\" content=\"https:\/\/solisinforma.com\/?p=58276\" \/>\n<meta property=\"og:site_name\" content=\"Solis Informa\" \/>\n<meta property=\"article:publisher\" content=\"https:\/\/www.facebook.com\/Solisinforma1\/\" \/>\n<meta property=\"article:author\" content=\"https:\/\/www.facebook.com\/Solisinforma\/\" \/>\n<meta property=\"article:published_time\" content=\"2026-09-03T10:59:02+00:00\" \/>\n<meta property=\"og:image\" content=\"https:\/\/solisinforma.com\/wp-content\/uploads\/2026\/09\/Policia-intercambio-disparos.png\" \/>\n\t<meta property=\"og:image:width\" content=\"896\" \/>\n\t<meta property=\"og:image:height\" content=\"504\" \/>\n\t<meta property=\"og:image:type\" content=\"image\/png\" \/>\n<meta name=\"author\" content=\"Hector Solis\" \/>\n<meta name=\"twitter:card\" content=\"summary_large_image\" \/>\n<meta name=\"twitter:creator\" content=\"@solisinforma1\" \/>\n<meta name=\"twitter:label1\" content=\"Escrito por\" \/>\n\t<meta name=\"twitter:data1\" content=\"Hector Solis\" \/>\n\t<meta name=\"twitter:label2\" content=\"Tiempo de lectura\" \/>\n\t<meta name=\"twitter:data2\" content=\"3 minutos\" \/>\n<script type=\"application\/ld+json\" class=\"yoast-schema-graph\">{\"@context\":\"https:\/\/schema.org\",\"@graph\":[{\"@type\":\"Article\",\"@id\":\"https:\/\/solisinforma.com\/?p=58276#article\",\"isPartOf\":{\"@id\":\"https:\/\/solisinforma.com\/?p=58276\"},\"author\":{\"name\":\"Hector Solis\",\"@id\":\"https:\/\/solisinforma.com\/#\/schema\/person\/db4967d1c8ed640d46bf21dc55215612\"},\"headline\":\"Acci\u00f3n letal de la Polic\u00eda deja unos 156 muertos en ocho meses de este 2026\",\"datePublished\":\"2026-09-03T10:59:02+00:00\",\"mainEntityOfPage\":{\"@id\":\"https:\/\/solisinforma.com\/?p=58276\"},\"wordCount\":543,\"commentCount\":0,\"publisher\":{\"@id\":\"https:\/\/solisinforma.com\/#organization\"},\"image\":{\"@id\":\"https:\/\/solisinforma.com\/?p=58276#primaryimage\"},\"thumbnailUrl\":\"https:\/\/i0.wp.com\/solisinforma.com\/wp-content\/uploads\/2026\/09\/Policia-intercambio-disparos.png?fit=896%2C504&ssl=1\",\"keywords\":[\"\\\"intercambio de disparos\\\"\",\"Ernesto Rafael Rodr\u00edguez Garc\u00eda\",\"Muertos por la polic\u00eda\",\"Policia Nacional\",\"Solis informa\"],\"articleSection\":[\"Nacionales\",\"Primera Plana\"],\"inLanguage\":\"es\",\"potentialAction\":[{\"@type\":\"CommentAction\",\"name\":\"Comment\",\"target\":[\"https:\/\/solisinforma.com\/?p=58276#respond\"]}]},{\"@type\":\"WebPage\",\"@id\":\"https:\/\/solisinforma.com\/?p=58276\",\"url\":\"https:\/\/solisinforma.com\/?p=58276\",\"name\":\"Acci\u00f3n letal de la Polic\u00eda deja unos 156 muertos en ocho meses de este 2026 - Solis Informa\",\"isPartOf\":{\"@id\":\"https:\/\/solisinforma.com\/#website\"},\"primaryImageOfPage\":{\"@id\":\"https:\/\/solisinforma.com\/?p=58276#primaryimage\"},\"image\":{\"@id\":\"https:\/\/solisinforma.com\/?p=58276#primaryimage\"},\"thumbnailUrl\":\"https:\/\/i0.wp.com\/solisinforma.com\/wp-content\/uploads\/2026\/09\/Policia-intercambio-disparos.png?fit=896%2C504&ssl=1\",\"datePublished\":\"2026-09-03T10:59:02+00:00\",\"breadcrumb\":{\"@id\":\"https:\/\/solisinforma.com\/?p=58276#breadcrumb\"},\"inLanguage\":\"es\",\"potentialAction\":[{\"@type\":\"ReadAction\",\"target\":[\"https:\/\/solisinforma.com\/?p=58276\"]}]},{\"@type\":\"ImageObject\",\"inLanguage\":\"es\",\"@id\":\"https:\/\/solisinforma.com\/?p=58276#primaryimage\",\"url\":\"https:\/\/i0.wp.com\/solisinforma.com\/wp-content\/uploads\/2026\/09\/Policia-intercambio-disparos.png?fit=896%2C504&ssl=1\",\"contentUrl\":\"https:\/\/i0.wp.com\/solisinforma.com\/wp-content\/uploads\/2026\/09\/Policia-intercambio-disparos.png?fit=896%2C504&ssl=1\",\"width\":896,\"height\":504},{\"@type\":\"BreadcrumbList\",\"@id\":\"https:\/\/solisinforma.com\/?p=58276#breadcrumb\",\"itemListElement\":[{\"@type\":\"ListItem\",\"position\":1,\"name\":\"Portada\",\"item\":\"https:\/\/solisinforma.com\/\"},{\"@type\":\"ListItem\",\"position\":2,\"name\":\"Acci\u00f3n letal de la Polic\u00eda deja unos 156 muertos en ocho meses de este 2026\"}]},{\"@type\":\"WebSite\",\"@id\":\"https:\/\/solisinforma.com\/#website\",\"url\":\"https:\/\/solisinforma.com\/\",\"name\":\"Solis Informa\",\"description\":\"El Diario de San Juan\",\"publisher\":{\"@id\":\"https:\/\/solisinforma.com\/#organization\"},\"potentialAction\":[{\"@type\":\"SearchAction\",\"target\":{\"@type\":\"EntryPoint\",\"urlTemplate\":\"https:\/\/solisinforma.com\/?s={search_term_string}\"},\"query-input\":{\"@type\":\"PropertyValueSpecification\",\"valueRequired\":true,\"valueName\":\"search_term_string\"}}],\"inLanguage\":\"es\"},{\"@type\":\"Organization\",\"@id\":\"https:\/\/solisinforma.com\/#organization\",\"name\":\"Solis Informa\",\"url\":\"https:\/\/solisinforma.com\/\",\"logo\":{\"@type\":\"ImageObject\",\"inLanguage\":\"es\",\"@id\":\"https:\/\/solisinforma.com\/#\/schema\/logo\/image\/\",\"url\":\"https:\/\/i0.wp.com\/solisinforma.com\/wp-content\/uploads\/2020\/07\/cropped-solis-4.png?fit=512%2C512&ssl=1\",\"contentUrl\":\"https:\/\/i0.wp.com\/solisinforma.com\/wp-content\/uploads\/2020\/07\/cropped-solis-4.png?fit=512%2C512&ssl=1\",\"width\":512,\"height\":512,\"caption\":\"Solis Informa\"},\"image\":{\"@id\":\"https:\/\/solisinforma.com\/#\/schema\/logo\/image\/\"},\"sameAs\":[\"https:\/\/www.facebook.com\/Solisinforma1\/\"]},{\"@type\":\"Person\",\"@id\":\"https:\/\/solisinforma.com\/#\/schema\/person\/db4967d1c8ed640d46bf21dc55215612\",\"name\":\"Hector Solis\",\"image\":{\"@type\":\"ImageObject\",\"inLanguage\":\"es\",\"@id\":\"https:\/\/solisinforma.com\/#\/schema\/person\/image\/\",\"url\":\"https:\/\/secure.gravatar.com\/avatar\/3e116868529a43555438940611160b9cf01e4fb17f119453a6329d96e10fecf8?s=96&d=mm&r=g\",\"contentUrl\":\"https:\/\/secure.gravatar.com\/avatar\/3e116868529a43555438940611160b9cf01e4fb17f119453a6329d96e10fecf8?s=96&d=mm&r=g\",\"caption\":\"Hector Solis\"},\"sameAs\":[\"http:\/\/Solisinforma.com\",\"https:\/\/www.facebook.com\/Solisinforma\/\",\"https:\/\/www.instagram.com\/solisinforma\/\",\"www.linkedin.com\/in\/hectorsolisinforma\",\"https:\/\/x.com\/solisinforma1\",\"@Solisinformaenvivo\",\"https:\/\/soundcloud.com\/solisinforma\"],\"url\":\"https:\/\/solisinforma.com\/?author=2\"}]}<\/script>\n<!-- \/ Yoast SEO plugin. -->","yoast_head_json":{"title":"Acci\u00f3n letal de la Polic\u00eda deja unos 156 muertos en ocho meses de este 2026 - Solis Informa","robots":{"index":"index","follow":"follow","max-snippet":"max-snippet:-1","max-image-preview":"max-image-preview:large","max-video-preview":"max-video-preview:-1"},"canonical":"https:\/\/solisinforma.com\/?p=58276","og_locale":"es_ES","og_type":"article","og_title":"Acci\u00f3n letal de la Polic\u00eda deja unos 156 muertos en ocho meses de este 2026 - Solis Informa","og_description":"El mayor n\u00famero de fallecimientos se registr\u00f3 en mayo. Con el reporte de\u00a0siete personas muertas\u00a0a...","og_url":"https:\/\/solisinforma.com\/?p=58276","og_site_name":"Solis Informa","article_publisher":"https:\/\/www.facebook.com\/Solisinforma1\/","article_author":"https:\/\/www.facebook.com\/Solisinforma\/","article_published_time":"2026-09-03T10:59:02+00:00","og_image":[{"width":896,"height":504,"url":"https:\/\/solisinforma.com\/wp-content\/uploads\/2026\/09\/Policia-intercambio-disparos.png","type":"image\/png"}],"author":"Hector Solis","twitter_card":"summary_large_image","twitter_creator":"@solisinforma1","twitter_misc":{"Escrito por":"Hector Solis","Tiempo de lectura":"3 minutos"},"schema":{"@context":"https:\/\/schema.org","@graph":[{"@type":"Article","@id":"https:\/\/solisinforma.com\/?p=58276#article","isPartOf":{"@id":"https:\/\/solisinforma.com\/?p=58276"},"author":{"name":"Hector Solis","@id":"https:\/\/solisinforma.com\/#\/schema\/person\/db4967d1c8ed640d46bf21dc55215612"},"headline":"Acci\u00f3n letal de la Polic\u00eda deja unos 156 muertos en ocho meses de este 2026","datePublished":"2026-09-03T10:59:02+00:00","mainEntityOfPage":{"@id":"https:\/\/solisinforma.com\/?p=58276"},"wordCount":543,"commentCount":0,"publisher":{"@id":"https:\/\/solisinforma.com\/#organization"},"image":{"@id":"https:\/\/solisinforma.com\/?p=58276#primaryimage"},"thumbnailUrl":"https:\/\/i0.wp.com\/solisinforma.com\/wp-content\/uploads\/2026\/09\/Policia-intercambio-disparos.png?fit=896%2C504&ssl=1","keywords":["\"intercambio de disparos\"","Ernesto Rafael Rodr\u00edguez Garc\u00eda","Muertos por la polic\u00eda","Policia Nacional","Solis informa"],"articleSection":["Nacionales","Primera Plana"],"inLanguage":"es","potentialAction":[{"@type":"CommentAction","name":"Comment","target":["https:\/\/solisinforma.com\/?p=58276#respond"]}]},{"@type":"WebPage","@id":"https:\/\/solisinforma.com\/?p=58276","url":"https:\/\/solisinforma.com\/?p=58276","name":"Acci\u00f3n letal de la Polic\u00eda deja unos 156 muertos en ocho meses de este 2026 - Solis Informa","isPartOf":{"@id":"https:\/\/solisinforma.com\/#website"},"primaryImageOfPage":{"@id":"https:\/\/solisinforma.com\/?p=58276#primaryimage"},"image":{"@id":"https:\/\/solisinforma.com\/?p=58276#primaryimage"},"thumbnailUrl":"https:\/\/i0.wp.com\/solisinforma.com\/wp-content\/uploads\/2026\/09\/Policia-intercambio-disparos.png?fit=896%2C504&ssl=1","datePublished":"2026-09-03T10:59:02+00:00","breadcrumb":{"@id":"https:\/\/solisinforma.com\/?p=58276#breadcrumb"},"inLanguage":"es","potentialAction":[{"@type":"ReadAction","target":["https:\/\/solisinforma.com\/?p=58276"]}]},{"@type":"ImageObject","inLanguage":"es","@id":"https:\/\/solisinforma.com\/?p=58276#primaryimage","url":"https:\/\/i0.wp.com\/solisinforma.com\/wp-content\/uploads\/2026\/09\/Policia-intercambio-disparos.png?fit=896%2C504&ssl=1","contentUrl":"https:\/\/i0.wp.com\/solisinforma.com\/wp-content\/uploads\/2026\/09\/Policia-intercambio-disparos.png?fit=896%2C504&ssl=1","width":896,"height":504},{"@type":"BreadcrumbList","@id":"https:\/\/solisinforma.com\/?p=58276#breadcrumb","itemListElement":[{"@type":"ListItem","position":1,"name":"Portada","item":"https:\/\/solisinforma.com\/"},{"@type":"ListItem","position":2,"name":"Acci\u00f3n letal de la Polic\u00eda deja unos 156 muertos en ocho meses de este 2026"}]},{"@type":"WebSite","@id":"https:\/\/solisinforma.com\/#website","url":"https:\/\/solisinforma.com\/","name":"Solis Informa","description":"El Diario de San Juan","publisher":{"@id":"https:\/\/solisinforma.com\/#organization"},"potentialAction":[{"@type":"SearchAction","target":{"@type":"EntryPoint","urlTemplate":"https:\/\/solisinforma.com\/?s={search_term_string}"},"query-input":{"@type":"PropertyValueSpecification","valueRequired":true,"valueName":"search_term_string"}}],"inLanguage":"es"},{"@type":"Organization","@id":"https:\/\/solisinforma.com\/#organization","name":"Solis Informa","url":"https:\/\/solisinforma.com\/","logo":{"@type":"ImageObject","inLanguage":"es","@id":"https:\/\/solisinforma.com\/#\/schema\/logo\/image\/","url":"https:\/\/i0.wp.com\/solisinforma.com\/wp-content\/uploads\/2020\/07\/cropped-solis-4.png?fit=512%2C512&ssl=1","contentUrl":"https:\/\/i0.wp.com\/solisinforma.com\/wp-content\/uploads\/2020\/07\/cropped-solis-4.png?fit=512%2C512&ssl=1","width":512,"height":512,"caption":"Solis Informa"},"image":{"@id":"https:\/\/solisinforma.com\/#\/schema\/logo\/image\/"},"sameAs":["https:\/\/www.facebook.com\/Solisinforma1\/"]},{"@type":"Person","@id":"https:\/\/solisinforma.com\/#\/schema\/person\/db4967d1c8ed640d46bf21dc55215612","name":"Hector Solis","image":{"@type":"ImageObject","inLanguage":"es","@id":"https:\/\/solisinforma.com\/#\/schema\/person\/image\/","url":"https:\/\/secure.gravatar.com\/avatar\/3e116868529a43555438940611160b9cf01e4fb17f119453a6329d96e10fecf8?s=96&d=mm&r=g","contentUrl":"https:\/\/secure.gravatar.com\/avatar\/3e116868529a43555438940611160b9cf01e4fb17f119453a6329d96e10fecf8?s=96&d=mm&r=g","caption":"Hector Solis"},"sameAs":["http:\/\/Solisinforma.com","https:\/\/www.facebook.com\/Solisinforma\/","https:\/\/www.instagram.com\/solisinforma\/","www.linkedin.com\/in\/hectorsolisinforma","https:\/\/x.com\/solisinforma1","@Solisinformaenvivo","https:\/\/soundcloud.com\/solisinforma"],"url":"https:\/\/solisinforma.com\/?author=2"}]}},"jetpack_publicize_connections":[],"jetpack_featured_media_url":"https:\/\/i0.wp.com\/solisinforma.com\/wp-content\/uploads\/2026\/09\/Policia-intercambio-disparos.png?fit=896%2C504&ssl=1","jetpack_sharing_enabled":true,"jetpack_likes_enabled":true,"jetpack-related-posts":[{"id":51986,"url":"https:\/\/solisinforma.com\/?p=51986","url_meta":{"origin":58276,"position":0},"title":"Polic\u00eda ha matado 170 personas este a\u00f1o, 18 m\u00e1s que en 2024","author":"Hector Solis","date":"12 de septiembre de 2025","format":false,"excerpt":"Crece preocupaci\u00f3n en los distintos sectores sobre los protocolos policiales aplicados. Las denominadas \"acciones legales\" de la\u00a0Polic\u00eda Nacional\u00a0han dejado un saldo de\u00a0170 muertos\u00a0al 5 de septiembre de 2025, cifra que supera en 18 los casos reportados en igual per\u00edodo del a\u00f1o pasado, seg\u00fan revelan las estad\u00edsticas de la propia instituci\u00f3n.\u2026","rel":"","context":"En \u00abNacionales\u00bb","block_context":{"text":"Nacionales","link":"https:\/\/solisinforma.com\/?cat=8"},"img":{"alt_text":"","src":"https:\/\/i0.wp.com\/solisinforma.com\/wp-content\/uploads\/2022\/12\/Intercambios-de-disparos-Policia-Nacional.jpg?fit=1200%2C595&ssl=1&resize=350%2C200","width":350,"height":200,"srcset":"https:\/\/i0.wp.com\/solisinforma.com\/wp-content\/uploads\/2022\/12\/Intercambios-de-disparos-Policia-Nacional.jpg?fit=1200%2C595&ssl=1&resize=350%2C200 1x, https:\/\/i0.wp.com\/solisinforma.com\/wp-content\/uploads\/2022\/12\/Intercambios-de-disparos-Policia-Nacional.jpg?fit=1200%2C595&ssl=1&resize=525%2C300 1.5x, https:\/\/i0.wp.com\/solisinforma.com\/wp-content\/uploads\/2022\/12\/Intercambios-de-disparos-Policia-Nacional.jpg?fit=1200%2C595&ssl=1&resize=700%2C400 2x, https:\/\/i0.wp.com\/solisinforma.com\/wp-content\/uploads\/2022\/12\/Intercambios-de-disparos-Policia-Nacional.jpg?fit=1200%2C595&ssl=1&resize=1050%2C600 3x"},"classes":[]},{"id":31773,"url":"https:\/\/solisinforma.com\/?p=31773","url_meta":{"origin":58276,"position":1},"title":"65 muertos en cinco meses por intercambio de disparos","author":"Hector Solis","date":"2 de junio de 2025","format":false,"excerpt":"Mayo cerr\u00f3 con 15 fallecidos tras enfrentamientos con la Polic\u00eda El\u00a0tiroteo\u00a0del pasado\u00a027 de mayo\u00a0en el sector de Buenos Aires de Herrera, del municipio de Santo Domingo Oeste, que termin\u00f3 con la\u00a0muerte\u00a0de Waly Daniel Adames y Jes\u00fas Enmanuel B\u00e1ez, elev\u00f3 a 65 la cifra de los muertos por enfrentamientos con la\u00a0Polic\u00eda\u00a0Nacional\u2026","rel":"","context":"En \u00abNacionales\u00bb","block_context":{"text":"Nacionales","link":"https:\/\/solisinforma.com\/?cat=8"},"img":{"alt_text":"","src":"https:\/\/i0.wp.com\/solisinforma.com\/wp-content\/uploads\/2025\/03\/escena-del-crimen-intercambios-disparos.jpg?fit=1200%2C775&ssl=1&resize=350%2C200","width":350,"height":200,"srcset":"https:\/\/i0.wp.com\/solisinforma.com\/wp-content\/uploads\/2025\/03\/escena-del-crimen-intercambios-disparos.jpg?fit=1200%2C775&ssl=1&resize=350%2C200 1x, https:\/\/i0.wp.com\/solisinforma.com\/wp-content\/uploads\/2025\/03\/escena-del-crimen-intercambios-disparos.jpg?fit=1200%2C775&ssl=1&resize=525%2C300 1.5x, https:\/\/i0.wp.com\/solisinforma.com\/wp-content\/uploads\/2025\/03\/escena-del-crimen-intercambios-disparos.jpg?fit=1200%2C775&ssl=1&resize=700%2C400 2x, https:\/\/i0.wp.com\/solisinforma.com\/wp-content\/uploads\/2025\/03\/escena-del-crimen-intercambios-disparos.jpg?fit=1200%2C775&ssl=1&resize=1050%2C600 3x"},"classes":[]},{"id":53810,"url":"https:\/\/solisinforma.com\/?p=53810","url_meta":{"origin":58276,"position":2},"title":"Muertes en intervenciones policiales se elevan a 189 a pocos d\u00edas de cerrar el a\u00f1o","author":"Hector Solis","date":"23 de diciembre de 2025","format":false,"excerpt":"Mayo, abril y agosto fueron los meses con m\u00e1s fallecidos en intercambios de disparos En octubre solo hubo una v\u00edctima La muerte de tres j\u00f3venes el pasado fin de semana se suma a la lista de\u00a0v\u00edctimas\u00a0de las \"intervenciones policiales\", que ya alcanz\u00f3\u00a0189 fallecidos\u00a0en lo que va del a\u00f1o. Uno de\u2026","rel":"","context":"En \u00abNacionales\u00bb","block_context":{"text":"Nacionales","link":"https:\/\/solisinforma.com\/?cat=8"},"img":{"alt_text":"","src":"https:\/\/i0.wp.com\/solisinforma.com\/wp-content\/uploads\/2025\/03\/escena-del-crimen-intercambios-disparos.jpg?fit=1200%2C775&ssl=1&resize=350%2C200","width":350,"height":200,"srcset":"https:\/\/i0.wp.com\/solisinforma.com\/wp-content\/uploads\/2025\/03\/escena-del-crimen-intercambios-disparos.jpg?fit=1200%2C775&ssl=1&resize=350%2C200 1x, https:\/\/i0.wp.com\/solisinforma.com\/wp-content\/uploads\/2025\/03\/escena-del-crimen-intercambios-disparos.jpg?fit=1200%2C775&ssl=1&resize=525%2C300 1.5x, https:\/\/i0.wp.com\/solisinforma.com\/wp-content\/uploads\/2025\/03\/escena-del-crimen-intercambios-disparos.jpg?fit=1200%2C775&ssl=1&resize=700%2C400 2x, https:\/\/i0.wp.com\/solisinforma.com\/wp-content\/uploads\/2025\/03\/escena-del-crimen-intercambios-disparos.jpg?fit=1200%2C775&ssl=1&resize=1050%2C600 3x"},"classes":[]},{"id":57294,"url":"https:\/\/solisinforma.com\/?p=57294","url_meta":{"origin":58276,"position":3},"title":"Abatidos por la Polic\u00eda superan los 142 muertos en primer semestre de 2026","author":"Hector Solis","date":"1 de julio de 2026","format":false,"excerpt":"Las cifras oficiales equivalen a un aumento de 16.4% respecto al mismo periodo de 2025, que se situ\u00f3 en 122 fallecidos. Los alegados \"intercambios de disparos\" entre agentes\u00a0policiales y presuntos delincuentes dejaron un saldo de al menos\u00a0146 muertos\u00a0durante los\u00a0primeros seis meses\u00a0de este 2026. Las\u00a0estad\u00edsticas oficiales, con corte al\u00a026 de junio,\u2026","rel":"","context":"En \u00abNacionales\u00bb","block_context":{"text":"Nacionales","link":"https:\/\/solisinforma.com\/?cat=8"},"img":{"alt_text":"","src":"https:\/\/i0.wp.com\/solisinforma.com\/wp-content\/uploads\/2026\/07\/La-vega-abatido-policia.jpg?fit=1200%2C675&ssl=1&resize=350%2C200","width":350,"height":200,"srcset":"https:\/\/i0.wp.com\/solisinforma.com\/wp-content\/uploads\/2026\/07\/La-vega-abatido-policia.jpg?fit=1200%2C675&ssl=1&resize=350%2C200 1x, https:\/\/i0.wp.com\/solisinforma.com\/wp-content\/uploads\/2026\/07\/La-vega-abatido-policia.jpg?fit=1200%2C675&ssl=1&resize=525%2C300 1.5x, https:\/\/i0.wp.com\/solisinforma.com\/wp-content\/uploads\/2026\/07\/La-vega-abatido-policia.jpg?fit=1200%2C675&ssl=1&resize=700%2C400 2x, https:\/\/i0.wp.com\/solisinforma.com\/wp-content\/uploads\/2026\/07\/La-vega-abatido-policia.jpg?fit=1200%2C675&ssl=1&resize=1050%2C600 3x"},"classes":[]},{"id":55684,"url":"https:\/\/solisinforma.com\/?p=55684","url_meta":{"origin":58276,"position":4},"title":"La polic\u00eda mata a 51 personas en el primer trimestre del a\u00f1o","author":"Hector Solis","date":"1 de abril de 2026","format":false,"excerpt":"16 de esas muertes han sido en la gesti\u00f3n del nuevo director Estos fallecimientos bajo la categor\u00eda de \"acci\u00f3n legal\", aumentan su peso dentro de los homicidios. El primer trimestre de 2026 cierra con un alarmante balance de\u00a051 personas muertas\u00a0en\u00a0operativos policiales, en hechos que la instituci\u00f3n registra bajo \"acci\u00f3n legal\"\u2026","rel":"","context":"En \u00abNacionales\u00bb","block_context":{"text":"Nacionales","link":"https:\/\/solisinforma.com\/?cat=8"},"img":{"alt_text":"","src":"https:\/\/i0.wp.com\/solisinforma.com\/wp-content\/uploads\/2024\/06\/intercambio-de-disparos.jpg?fit=1200%2C675&ssl=1&resize=350%2C200","width":350,"height":200,"srcset":"https:\/\/i0.wp.com\/solisinforma.com\/wp-content\/uploads\/2024\/06\/intercambio-de-disparos.jpg?fit=1200%2C675&ssl=1&resize=350%2C200 1x, https:\/\/i0.wp.com\/solisinforma.com\/wp-content\/uploads\/2024\/06\/intercambio-de-disparos.jpg?fit=1200%2C675&ssl=1&resize=525%2C300 1.5x, https:\/\/i0.wp.com\/solisinforma.com\/wp-content\/uploads\/2024\/06\/intercambio-de-disparos.jpg?fit=1200%2C675&ssl=1&resize=700%2C400 2x, https:\/\/i0.wp.com\/solisinforma.com\/wp-content\/uploads\/2024\/06\/intercambio-de-disparos.jpg?fit=1200%2C675&ssl=1&resize=1050%2C600 3x"},"classes":[]},{"id":51785,"url":"https:\/\/solisinforma.com\/?p=51785","url_meta":{"origin":58276,"position":5},"title":"RD registra una reducci\u00f3n del 45 % en muertes por accidentes de tr\u00e1nsito en siete meses","author":"Hector Solis","date":"31 de agosto de 2025","format":false,"excerpt":"Opsevi reporta 901 fallecimientos menos por siniestros viales La Rep\u00fablica Dominicana experiment\u00f3 una reducci\u00f3n del 45 % en las\u00a0muertes por accidentes de tr\u00e1nsito\u00a0durante los primeros siete meses de este 2025, en comparaci\u00f3n con el mismo per\u00edodo de 2024. De acuerdo con los\u00a0datos preliminares\u00a0del Observatorio Permanente de Seguridad Vial\u00a0(Opsevi),\u00a0entre enero y\u2026","rel":"","context":"En \u00abNacionales\u00bb","block_context":{"text":"Nacionales","link":"https:\/\/solisinforma.com\/?cat=8"},"img":{"alt_text":"","src":"https:\/\/i0.wp.com\/solisinforma.com\/wp-content\/uploads\/2025\/08\/Motor-accidente-ambulancia-scaled.jpg?fit=1200%2C798&ssl=1&resize=350%2C200","width":350,"height":200,"srcset":"https:\/\/i0.wp.com\/solisinforma.com\/wp-content\/uploads\/2025\/08\/Motor-accidente-ambulancia-scaled.jpg?fit=1200%2C798&ssl=1&resize=350%2C200 1x, https:\/\/i0.wp.com\/solisinforma.com\/wp-content\/uploads\/2025\/08\/Motor-accidente-ambulancia-scaled.jpg?fit=1200%2C798&ssl=1&resize=525%2C300 1.5x, https:\/\/i0.wp.com\/solisinforma.com\/wp-content\/uploads\/2025\/08\/Motor-accidente-ambulancia-scaled.jpg?fit=1200%2C798&ssl=1&resize=700%2C400 2x, https:\/\/i0.wp.com\/solisinforma.com\/wp-content\/uploads\/2025\/08\/Motor-accidente-ambulancia-scaled.jpg?fit=1200%2C798&ssl=1&resize=1050%2C600 3x"},"classes":[]}],"jetpack_shortlink":"https:\/\/wp.me\/pc2Svn-f9W","_links":{"self":[{"href":"https:\/\/solisinforma.com\/index.php?rest_route=\/wp\/v2\/posts\/58276","targetHints":{"allow":["GET"]}}],"collection":[{"href":"https:\/\/solisinforma.com\/index.php?rest_route=\/wp\/v2\/posts"}],"about":[{"href":"https:\/\/solisinforma.com\/index.php?rest_route=\/wp\/v2\/types\/post"}],"author":[{"embeddable":true,"href":"https:\/\/solisinforma.com\/index.php?rest_route=\/wp\/v2\/users\/2"}],"replies":[{"embeddable":true,"href":"https:\/\/solisinforma.com\/index.php?rest_route=%2Fwp%2Fv2%2Fcomments&post=58276"}],"version-history":[{"count":1,"href":"https:\/\/solisinforma.com\/index.php?rest_route=\/wp\/v2\/posts\/58276\/revisions"}],"predecessor-version":[{"id":58280,"href":"https:\/\/solisinforma.com\/index.php?rest_route=\/wp\/v2\/posts\/58276\/revisions\/58280"}],"wp:featuredmedia":[{"embeddable":true,"href":"https:\/\/solisinforma.com\/index.php?rest_route=\/wp\/v2\/media\/58279"}],"wp:attachment":[{"href":"https:\/\/solisinforma.com\/index.php?rest_route=%2Fwp%2Fv2%2Fmedia&parent=58276"}],"wp:term":[{"taxonomy":"category","embeddable":true,"href":"https:\/\/solisinforma.com\/index.php?rest_route=%2Fwp%2Fv2%2Fcategories&post=58276"},{"taxonomy":"post_tag","embeddable":true,"href":"https:\/\/solisinforma.com\/index.php?rest_route=%2Fwp%2Fv2%2Ftags&post=58276"}],"curies":[{"name":"wp","href":"https:\/\/api.w.org\/{rel}","templated":true}]}}