{"id":58287,"date":"2026-09-03T08:43:50","date_gmt":"2026-09-03T12:43:50","guid":{"rendered":"https:\/\/solisinforma.com\/?p=58287"},"modified":"2026-09-03T08:43:50","modified_gmt":"2026-09-03T12:43:50","slug":"san-juan-apresan-haitiano-con-mas-de-9-mil-cigarrillos-ilegales-en-las-matas-de-farfan","status":"publish","type":"post","link":"https:\/\/solisinforma.com\/?p=58287","title":{"rendered":"San Juan \/ Apresan haitiano con m\u00e1s de 9 mil cigarrillos ilegales en Las Matas de Farf\u00e1n"},"content":{"rendered":"<div dir=\"auto\" data-olk-copy-source=\"MessageBody\"><img data-recalc-dims=\"1\" loading=\"lazy\" decoding=\"async\" class=\"aligncenter wp-image-58288 size-full\" src=\"https:\/\/i0.wp.com\/solisinforma.com\/wp-content\/uploads\/2026\/09\/Haitiano-con-cigarrillos-arrestado.jpg?resize=640%2C480&#038;ssl=1\" alt=\"\" width=\"640\" height=\"480\" srcset=\"https:\/\/i0.wp.com\/solisinforma.com\/wp-content\/uploads\/2026\/09\/Haitiano-con-cigarrillos-arrestado.jpg?w=1600&amp;ssl=1 1600w, https:\/\/i0.wp.com\/solisinforma.com\/wp-content\/uploads\/2026\/09\/Haitiano-con-cigarrillos-arrestado.jpg?resize=960%2C720&amp;ssl=1 960w, https:\/\/i0.wp.com\/solisinforma.com\/wp-content\/uploads\/2026\/09\/Haitiano-con-cigarrillos-arrestado.jpg?resize=768%2C576&amp;ssl=1 768w, https:\/\/i0.wp.com\/solisinforma.com\/wp-content\/uploads\/2026\/09\/Haitiano-con-cigarrillos-arrestado.jpg?resize=1536%2C1152&amp;ssl=1 1536w, https:\/\/i0.wp.com\/solisinforma.com\/wp-content\/uploads\/2026\/09\/Haitiano-con-cigarrillos-arrestado.jpg?resize=1024%2C768&amp;ssl=1 1024w, https:\/\/i0.wp.com\/solisinforma.com\/wp-content\/uploads\/2026\/09\/Haitiano-con-cigarrillos-arrestado.jpg?w=1280&amp;ssl=1 1280w\" sizes=\"auto, (max-width: 640px) 100vw, 640px\" \/><\/div>\n<div dir=\"auto\"><\/div>\n<div dir=\"auto\"><strong>Las Matas de Farf\u00e1n, San Juan, R.D. \u2014<\/strong>Agentes de la Polic\u00eda Nacional apresaron en flagrante delito a un ciudadano de nacionalidad haitiana, quien presuntamente transportaba 9,380 unidades de cigarrillos de distintas marcas, introducidos de manera ilegal al pa\u00eds por la frontera dominico-haitiana.<\/div>\n<div dir=\"auto\"><\/div>\n<div dir=\"auto\">El apresamiento se produjo durante un recorrido preventivo, identificando al detenido como Jos\u00e9 Luis Yimi, de nacionalidad haitiana, residente en el sector Tumba Coco, de Las Matas de Farf\u00e1n.<\/div>\n<div dir=\"auto\"><\/div>\n<div dir=\"auto\">De acuerdo con el informe policial, al notar la presencia de los agentes, el hombre emprendi\u00f3 la huida, pero fue alcanzado y detenido.<\/div>\n<div dir=\"auto\"><\/div>\n<div dir=\"auto\">Durante la requisa le fue ocupado un saco de color amarillo que conten\u00eda una caja con 25 paquetes de cigarrillos marca Point, color rojo, para un total de 5,000 unidades.<\/div>\n<div dir=\"auto\"><\/div>\n<div dir=\"auto\">Asimismo, se le ocup\u00f3 una mochila de color rojo y negro que conten\u00eda 18 paquetes de cigarrillos Point, color verde, equivalentes a 3,580 unidades, adem\u00e1s de ocho paquetes de cigarrillos Comme Il Faut, color blanco, con un total de 800 unidades.<\/div>\n<div dir=\"auto\"><\/div>\n<div dir=\"auto\">En total, las autoridades ocuparon 9,380 unidades de cigarrillos, presuntamente introducidos al territorio nacional de manera ilegal para su posterior comercializaci\u00f3n.<\/div>\n<div dir=\"auto\"><\/div>\n<div dir=\"auto\">El detenido y las mercanc\u00edas ocupadas se encuentran bajo control de las autoridades correspondientes para ser puestos a disposici\u00f3n del Ministerio P\u00fablico, para los fines legales procedentes.<\/div>\n","protected":false},"excerpt":{"rendered":"<p>Las Matas de Farf\u00e1n, San Juan, R.D. \u2014Agentes de la Polic\u00eda Nacional apresaron en flagrante&#8230;<\/p>\n","protected":false},"author":2,"featured_media":58288,"comment_status":"open","ping_status":"open","sticky":false,"template":"","format":"standard","meta":{"_jetpack_newsletter_access":"","_jetpack_dont_email_post_to_subs":false,"_jetpack_newsletter_tier_id":0,"_jetpack_memberships_contains_paywalled_content":false,"_jetpack_memberships_contains_paid_content":false,"_joinchat":[],"footnotes":"","jetpack_publicize_message":"","jetpack_publicize_feature_enabled":true,"jetpack_social_post_already_shared":true,"jetpack_social_options":{"image_generator_settings":{"template":"highway","default_image_id":0,"font":"","enabled":false},"version":2},"jetpack_post_was_ever_published":false},"categories":[34,39],"tags":[22630,22629,22631,769,2609,29,46],"class_list":["post-58287","post","type-post","status-publish","format-standard","has-post-thumbnail","hentry","category-locales","category-primeraplana","tag-9-mil-cigarrillos-ilegales","tag-apresan-haitiano","tag-jose-luis-yimi","tag-las-matas-de-farfan","tag-policia-nacional-2","tag-sanjuan","tag-solis-informa"],"yoast_head":"<!-- This site is optimized with the Yoast SEO plugin v24.9 - https:\/\/yoast.com\/wordpress\/plugins\/seo\/ -->\n<title>San Juan \/ Apresan haitiano con m\u00e1s de 9 mil cigarrillos ilegales en Las Matas de Farf\u00e1n - Solis Informa<\/title>\n<meta name=\"robots\" content=\"index, follow, max-snippet:-1, max-image-preview:large, max-video-preview:-1\" \/>\n<link rel=\"canonical\" href=\"https:\/\/solisinforma.com\/?p=58287\" \/>\n<meta property=\"og:locale\" content=\"es_ES\" \/>\n<meta property=\"og:type\" content=\"article\" \/>\n<meta property=\"og:title\" content=\"San Juan \/ Apresan haitiano con m\u00e1s de 9 mil cigarrillos ilegales en Las Matas de Farf\u00e1n - Solis Informa\" \/>\n<meta property=\"og:description\" content=\"Las Matas de Farf\u00e1n, San Juan, R.D. \u2014Agentes de la Polic\u00eda Nacional apresaron en flagrante...\" \/>\n<meta property=\"og:url\" content=\"https:\/\/solisinforma.com\/?p=58287\" \/>\n<meta property=\"og:site_name\" content=\"Solis Informa\" \/>\n<meta property=\"article:publisher\" content=\"https:\/\/www.facebook.com\/Solisinforma1\/\" \/>\n<meta property=\"article:author\" content=\"https:\/\/www.facebook.com\/Solisinforma\/\" \/>\n<meta property=\"article:published_time\" content=\"2026-09-03T12:43:50+00:00\" \/>\n<meta property=\"og:image\" content=\"https:\/\/solisinforma.com\/wp-content\/uploads\/2026\/09\/Haitiano-con-cigarrillos-arrestado.jpg\" \/>\n\t<meta property=\"og:image:width\" content=\"1600\" \/>\n\t<meta property=\"og:image:height\" content=\"1200\" \/>\n\t<meta property=\"og:image:type\" content=\"image\/jpeg\" \/>\n<meta name=\"author\" content=\"Hector Solis\" \/>\n<meta name=\"twitter:card\" content=\"summary_large_image\" \/>\n<meta name=\"twitter:creator\" content=\"@solisinforma1\" \/>\n<meta name=\"twitter:label1\" content=\"Escrito por\" \/>\n\t<meta name=\"twitter:data1\" content=\"Hector Solis\" \/>\n\t<meta name=\"twitter:label2\" content=\"Tiempo de lectura\" \/>\n\t<meta name=\"twitter:data2\" content=\"2 minutos\" \/>\n<script type=\"application\/ld+json\" class=\"yoast-schema-graph\">{\"@context\":\"https:\/\/schema.org\",\"@graph\":[{\"@type\":\"Article\",\"@id\":\"https:\/\/solisinforma.com\/?p=58287#article\",\"isPartOf\":{\"@id\":\"https:\/\/solisinforma.com\/?p=58287\"},\"author\":{\"name\":\"Hector Solis\",\"@id\":\"https:\/\/solisinforma.com\/#\/schema\/person\/db4967d1c8ed640d46bf21dc55215612\"},\"headline\":\"San Juan \/ Apresan haitiano con m\u00e1s de 9 mil cigarrillos ilegales en Las Matas de Farf\u00e1n\",\"datePublished\":\"2026-09-03T12:43:50+00:00\",\"mainEntityOfPage\":{\"@id\":\"https:\/\/solisinforma.com\/?p=58287\"},\"wordCount\":235,\"commentCount\":0,\"publisher\":{\"@id\":\"https:\/\/solisinforma.com\/#organization\"},\"image\":{\"@id\":\"https:\/\/solisinforma.com\/?p=58287#primaryimage\"},\"thumbnailUrl\":\"https:\/\/i0.wp.com\/solisinforma.com\/wp-content\/uploads\/2026\/09\/Haitiano-con-cigarrillos-arrestado.jpg?fit=1600%2C1200&ssl=1\",\"keywords\":[\"9 mil cigarrillos ilegales\",\"Apresan haitiano\",\"Jos\u00e9 Luis Yimi\",\"Las Matas de Farfan\",\"Policia Nacional\",\"San Juan\",\"Solis informa\"],\"articleSection\":[\"Locales\",\"Primera Plana\"],\"inLanguage\":\"es\",\"potentialAction\":[{\"@type\":\"CommentAction\",\"name\":\"Comment\",\"target\":[\"https:\/\/solisinforma.com\/?p=58287#respond\"]}]},{\"@type\":\"WebPage\",\"@id\":\"https:\/\/solisinforma.com\/?p=58287\",\"url\":\"https:\/\/solisinforma.com\/?p=58287\",\"name\":\"San Juan \/ Apresan haitiano con m\u00e1s de 9 mil cigarrillos ilegales en Las Matas de Farf\u00e1n - Solis Informa\",\"isPartOf\":{\"@id\":\"https:\/\/solisinforma.com\/#website\"},\"primaryImageOfPage\":{\"@id\":\"https:\/\/solisinforma.com\/?p=58287#primaryimage\"},\"image\":{\"@id\":\"https:\/\/solisinforma.com\/?p=58287#primaryimage\"},\"thumbnailUrl\":\"https:\/\/i0.wp.com\/solisinforma.com\/wp-content\/uploads\/2026\/09\/Haitiano-con-cigarrillos-arrestado.jpg?fit=1600%2C1200&ssl=1\",\"datePublished\":\"2026-09-03T12:43:50+00:00\",\"breadcrumb\":{\"@id\":\"https:\/\/solisinforma.com\/?p=58287#breadcrumb\"},\"inLanguage\":\"es\",\"potentialAction\":[{\"@type\":\"ReadAction\",\"target\":[\"https:\/\/solisinforma.com\/?p=58287\"]}]},{\"@type\":\"ImageObject\",\"inLanguage\":\"es\",\"@id\":\"https:\/\/solisinforma.com\/?p=58287#primaryimage\",\"url\":\"https:\/\/i0.wp.com\/solisinforma.com\/wp-content\/uploads\/2026\/09\/Haitiano-con-cigarrillos-arrestado.jpg?fit=1600%2C1200&ssl=1\",\"contentUrl\":\"https:\/\/i0.wp.com\/solisinforma.com\/wp-content\/uploads\/2026\/09\/Haitiano-con-cigarrillos-arrestado.jpg?fit=1600%2C1200&ssl=1\",\"width\":1600,\"height\":1200},{\"@type\":\"BreadcrumbList\",\"@id\":\"https:\/\/solisinforma.com\/?p=58287#breadcrumb\",\"itemListElement\":[{\"@type\":\"ListItem\",\"position\":1,\"name\":\"Portada\",\"item\":\"https:\/\/solisinforma.com\/\"},{\"@type\":\"ListItem\",\"position\":2,\"name\":\"San Juan \/ Apresan haitiano con m\u00e1s de 9 mil cigarrillos ilegales en Las Matas de Farf\u00e1n\"}]},{\"@type\":\"WebSite\",\"@id\":\"https:\/\/solisinforma.com\/#website\",\"url\":\"https:\/\/solisinforma.com\/\",\"name\":\"Solis Informa\",\"description\":\"El Diario de San Juan\",\"publisher\":{\"@id\":\"https:\/\/solisinforma.com\/#organization\"},\"potentialAction\":[{\"@type\":\"SearchAction\",\"target\":{\"@type\":\"EntryPoint\",\"urlTemplate\":\"https:\/\/solisinforma.com\/?s={search_term_string}\"},\"query-input\":{\"@type\":\"PropertyValueSpecification\",\"valueRequired\":true,\"valueName\":\"search_term_string\"}}],\"inLanguage\":\"es\"},{\"@type\":\"Organization\",\"@id\":\"https:\/\/solisinforma.com\/#organization\",\"name\":\"Solis Informa\",\"url\":\"https:\/\/solisinforma.com\/\",\"logo\":{\"@type\":\"ImageObject\",\"inLanguage\":\"es\",\"@id\":\"https:\/\/solisinforma.com\/#\/schema\/logo\/image\/\",\"url\":\"https:\/\/i0.wp.com\/solisinforma.com\/wp-content\/uploads\/2020\/07\/cropped-solis-4.png?fit=512%2C512&ssl=1\",\"contentUrl\":\"https:\/\/i0.wp.com\/solisinforma.com\/wp-content\/uploads\/2020\/07\/cropped-solis-4.png?fit=512%2C512&ssl=1\",\"width\":512,\"height\":512,\"caption\":\"Solis Informa\"},\"image\":{\"@id\":\"https:\/\/solisinforma.com\/#\/schema\/logo\/image\/\"},\"sameAs\":[\"https:\/\/www.facebook.com\/Solisinforma1\/\"]},{\"@type\":\"Person\",\"@id\":\"https:\/\/solisinforma.com\/#\/schema\/person\/db4967d1c8ed640d46bf21dc55215612\",\"name\":\"Hector Solis\",\"image\":{\"@type\":\"ImageObject\",\"inLanguage\":\"es\",\"@id\":\"https:\/\/solisinforma.com\/#\/schema\/person\/image\/\",\"url\":\"https:\/\/secure.gravatar.com\/avatar\/3e116868529a43555438940611160b9cf01e4fb17f119453a6329d96e10fecf8?s=96&d=mm&r=g\",\"contentUrl\":\"https:\/\/secure.gravatar.com\/avatar\/3e116868529a43555438940611160b9cf01e4fb17f119453a6329d96e10fecf8?s=96&d=mm&r=g\",\"caption\":\"Hector Solis\"},\"sameAs\":[\"http:\/\/Solisinforma.com\",\"https:\/\/www.facebook.com\/Solisinforma\/\",\"https:\/\/www.instagram.com\/solisinforma\/\",\"www.linkedin.com\/in\/hectorsolisinforma\",\"https:\/\/x.com\/solisinforma1\",\"@Solisinformaenvivo\",\"https:\/\/soundcloud.com\/solisinforma\"],\"url\":\"https:\/\/solisinforma.com\/?author=2\"}]}<\/script>\n<!-- \/ Yoast SEO plugin. -->","yoast_head_json":{"title":"San Juan \/ Apresan haitiano con m\u00e1s de 9 mil cigarrillos ilegales en Las Matas de Farf\u00e1n - Solis Informa","robots":{"index":"index","follow":"follow","max-snippet":"max-snippet:-1","max-image-preview":"max-image-preview:large","max-video-preview":"max-video-preview:-1"},"canonical":"https:\/\/solisinforma.com\/?p=58287","og_locale":"es_ES","og_type":"article","og_title":"San Juan \/ Apresan haitiano con m\u00e1s de 9 mil cigarrillos ilegales en Las Matas de Farf\u00e1n - Solis Informa","og_description":"Las Matas de Farf\u00e1n, San Juan, R.D. \u2014Agentes de la Polic\u00eda Nacional apresaron en flagrante...","og_url":"https:\/\/solisinforma.com\/?p=58287","og_site_name":"Solis Informa","article_publisher":"https:\/\/www.facebook.com\/Solisinforma1\/","article_author":"https:\/\/www.facebook.com\/Solisinforma\/","article_published_time":"2026-09-03T12:43:50+00:00","og_image":[{"width":1600,"height":1200,"url":"https:\/\/solisinforma.com\/wp-content\/uploads\/2026\/09\/Haitiano-con-cigarrillos-arrestado.jpg","type":"image\/jpeg"}],"author":"Hector Solis","twitter_card":"summary_large_image","twitter_creator":"@solisinforma1","twitter_misc":{"Escrito por":"Hector Solis","Tiempo de lectura":"2 minutos"},"schema":{"@context":"https:\/\/schema.org","@graph":[{"@type":"Article","@id":"https:\/\/solisinforma.com\/?p=58287#article","isPartOf":{"@id":"https:\/\/solisinforma.com\/?p=58287"},"author":{"name":"Hector Solis","@id":"https:\/\/solisinforma.com\/#\/schema\/person\/db4967d1c8ed640d46bf21dc55215612"},"headline":"San Juan \/ Apresan haitiano con m\u00e1s de 9 mil cigarrillos ilegales en Las Matas de Farf\u00e1n","datePublished":"2026-09-03T12:43:50+00:00","mainEntityOfPage":{"@id":"https:\/\/solisinforma.com\/?p=58287"},"wordCount":235,"commentCount":0,"publisher":{"@id":"https:\/\/solisinforma.com\/#organization"},"image":{"@id":"https:\/\/solisinforma.com\/?p=58287#primaryimage"},"thumbnailUrl":"https:\/\/i0.wp.com\/solisinforma.com\/wp-content\/uploads\/2026\/09\/Haitiano-con-cigarrillos-arrestado.jpg?fit=1600%2C1200&ssl=1","keywords":["9 mil cigarrillos ilegales","Apresan haitiano","Jos\u00e9 Luis Yimi","Las Matas de Farfan","Policia Nacional","San Juan","Solis informa"],"articleSection":["Locales","Primera Plana"],"inLanguage":"es","potentialAction":[{"@type":"CommentAction","name":"Comment","target":["https:\/\/solisinforma.com\/?p=58287#respond"]}]},{"@type":"WebPage","@id":"https:\/\/solisinforma.com\/?p=58287","url":"https:\/\/solisinforma.com\/?p=58287","name":"San Juan \/ Apresan haitiano con m\u00e1s de 9 mil cigarrillos ilegales en Las Matas de Farf\u00e1n - Solis Informa","isPartOf":{"@id":"https:\/\/solisinforma.com\/#website"},"primaryImageOfPage":{"@id":"https:\/\/solisinforma.com\/?p=58287#primaryimage"},"image":{"@id":"https:\/\/solisinforma.com\/?p=58287#primaryimage"},"thumbnailUrl":"https:\/\/i0.wp.com\/solisinforma.com\/wp-content\/uploads\/2026\/09\/Haitiano-con-cigarrillos-arrestado.jpg?fit=1600%2C1200&ssl=1","datePublished":"2026-09-03T12:43:50+00:00","breadcrumb":{"@id":"https:\/\/solisinforma.com\/?p=58287#breadcrumb"},"inLanguage":"es","potentialAction":[{"@type":"ReadAction","target":["https:\/\/solisinforma.com\/?p=58287"]}]},{"@type":"ImageObject","inLanguage":"es","@id":"https:\/\/solisinforma.com\/?p=58287#primaryimage","url":"https:\/\/i0.wp.com\/solisinforma.com\/wp-content\/uploads\/2026\/09\/Haitiano-con-cigarrillos-arrestado.jpg?fit=1600%2C1200&ssl=1","contentUrl":"https:\/\/i0.wp.com\/solisinforma.com\/wp-content\/uploads\/2026\/09\/Haitiano-con-cigarrillos-arrestado.jpg?fit=1600%2C1200&ssl=1","width":1600,"height":1200},{"@type":"BreadcrumbList","@id":"https:\/\/solisinforma.com\/?p=58287#breadcrumb","itemListElement":[{"@type":"ListItem","position":1,"name":"Portada","item":"https:\/\/solisinforma.com\/"},{"@type":"ListItem","position":2,"name":"San Juan \/ Apresan haitiano con m\u00e1s de 9 mil cigarrillos ilegales en Las Matas de Farf\u00e1n"}]},{"@type":"WebSite","@id":"https:\/\/solisinforma.com\/#website","url":"https:\/\/solisinforma.com\/","name":"Solis Informa","description":"El Diario de San Juan","publisher":{"@id":"https:\/\/solisinforma.com\/#organization"},"potentialAction":[{"@type":"SearchAction","target":{"@type":"EntryPoint","urlTemplate":"https:\/\/solisinforma.com\/?s={search_term_string}"},"query-input":{"@type":"PropertyValueSpecification","valueRequired":true,"valueName":"search_term_string"}}],"inLanguage":"es"},{"@type":"Organization","@id":"https:\/\/solisinforma.com\/#organization","name":"Solis Informa","url":"https:\/\/solisinforma.com\/","logo":{"@type":"ImageObject","inLanguage":"es","@id":"https:\/\/solisinforma.com\/#\/schema\/logo\/image\/","url":"https:\/\/i0.wp.com\/solisinforma.com\/wp-content\/uploads\/2020\/07\/cropped-solis-4.png?fit=512%2C512&ssl=1","contentUrl":"https:\/\/i0.wp.com\/solisinforma.com\/wp-content\/uploads\/2020\/07\/cropped-solis-4.png?fit=512%2C512&ssl=1","width":512,"height":512,"caption":"Solis Informa"},"image":{"@id":"https:\/\/solisinforma.com\/#\/schema\/logo\/image\/"},"sameAs":["https:\/\/www.facebook.com\/Solisinforma1\/"]},{"@type":"Person","@id":"https:\/\/solisinforma.com\/#\/schema\/person\/db4967d1c8ed640d46bf21dc55215612","name":"Hector Solis","image":{"@type":"ImageObject","inLanguage":"es","@id":"https:\/\/solisinforma.com\/#\/schema\/person\/image\/","url":"https:\/\/secure.gravatar.com\/avatar\/3e116868529a43555438940611160b9cf01e4fb17f119453a6329d96e10fecf8?s=96&d=mm&r=g","contentUrl":"https:\/\/secure.gravatar.com\/avatar\/3e116868529a43555438940611160b9cf01e4fb17f119453a6329d96e10fecf8?s=96&d=mm&r=g","caption":"Hector Solis"},"sameAs":["http:\/\/Solisinforma.com","https:\/\/www.facebook.com\/Solisinforma\/","https:\/\/www.instagram.com\/solisinforma\/","www.linkedin.com\/in\/hectorsolisinforma","https:\/\/x.com\/solisinforma1","@Solisinformaenvivo","https:\/\/soundcloud.com\/solisinforma"],"url":"https:\/\/solisinforma.com\/?author=2"}]}},"jetpack_publicize_connections":[],"jetpack_featured_media_url":"https:\/\/i0.wp.com\/solisinforma.com\/wp-content\/uploads\/2026\/09\/Haitiano-con-cigarrillos-arrestado.jpg?fit=1600%2C1200&ssl=1","jetpack_sharing_enabled":true,"jetpack_likes_enabled":true,"jetpack-related-posts":[{"id":53511,"url":"https:\/\/solisinforma.com\/?p=53511","url_meta":{"origin":58287,"position":0},"title":"Apresan en Las Matas de Farf\u00e1n a hombre con pistola de balines e indumentarias policiales durante labor de inteligencia","author":"Hector Solis","date":"3 de diciembre de 2025","format":false,"excerpt":"Las Matas de Farf\u00e1n, San Juan. \u2014 Miembros de la Polic\u00eda Nacional, adscritos a la Subdirecci\u00f3n Regional Oeste de Inteligencia (DINTEL) y a la Polic\u00eda Preventiva, apresaron en flagrante delito a un hombre al que le fueron ocupadas una pistola de balines, indumentarias policiales y otros objetos vinculados a posibles\u2026","rel":"","context":"En \u00abLocales\u00bb","block_context":{"text":"Locales","link":"https:\/\/solisinforma.com\/?cat=34"},"img":{"alt_text":"","src":"https:\/\/i0.wp.com\/solisinforma.com\/wp-content\/uploads\/2025\/12\/LMF-apresado-con-arma-balines.jpg?fit=1200%2C793&ssl=1&resize=350%2C200","width":350,"height":200,"srcset":"https:\/\/i0.wp.com\/solisinforma.com\/wp-content\/uploads\/2025\/12\/LMF-apresado-con-arma-balines.jpg?fit=1200%2C793&ssl=1&resize=350%2C200 1x, https:\/\/i0.wp.com\/solisinforma.com\/wp-content\/uploads\/2025\/12\/LMF-apresado-con-arma-balines.jpg?fit=1200%2C793&ssl=1&resize=525%2C300 1.5x, https:\/\/i0.wp.com\/solisinforma.com\/wp-content\/uploads\/2025\/12\/LMF-apresado-con-arma-balines.jpg?fit=1200%2C793&ssl=1&resize=700%2C400 2x, https:\/\/i0.wp.com\/solisinforma.com\/wp-content\/uploads\/2025\/12\/LMF-apresado-con-arma-balines.jpg?fit=1200%2C793&ssl=1&resize=1050%2C600 3x"},"classes":[]},{"id":54457,"url":"https:\/\/solisinforma.com\/?p=54457","url_meta":{"origin":58287,"position":1},"title":"San Juan \/ Agentes policiales detienen dos veh\u00edculos con haitianos en condici\u00f3n migratoria irregular","author":"Hector Solis","date":"24 de enero de 2026","format":false,"excerpt":"El Cercado, San Juan,RD.-\u00a0\u00a0Miembros de la Subdirecci\u00f3n Regional Oeste de Inteligencia (DINTEL), en coordinaci\u00f3n con agentes de la Polic\u00eda Preventiva, interceptaron dos veh\u00edculos que transportaban un total de 24 nacionales haitianos en condici\u00f3n migratoria irregular, durante un operativo realizado en la carretera principal del municipio de El Cercado. La intervenci\u00f3n\u2026","rel":"","context":"En \u00abLocales\u00bb","block_context":{"text":"Locales","link":"https:\/\/solisinforma.com\/?cat=34"},"img":{"alt_text":"","src":"https:\/\/i0.wp.com\/solisinforma.com\/wp-content\/uploads\/2026\/01\/Haitianos-ilegales-sjm.jpg?fit=1200%2C679&ssl=1&resize=350%2C200","width":350,"height":200,"srcset":"https:\/\/i0.wp.com\/solisinforma.com\/wp-content\/uploads\/2026\/01\/Haitianos-ilegales-sjm.jpg?fit=1200%2C679&ssl=1&resize=350%2C200 1x, https:\/\/i0.wp.com\/solisinforma.com\/wp-content\/uploads\/2026\/01\/Haitianos-ilegales-sjm.jpg?fit=1200%2C679&ssl=1&resize=525%2C300 1.5x, https:\/\/i0.wp.com\/solisinforma.com\/wp-content\/uploads\/2026\/01\/Haitianos-ilegales-sjm.jpg?fit=1200%2C679&ssl=1&resize=700%2C400 2x, https:\/\/i0.wp.com\/solisinforma.com\/wp-content\/uploads\/2026\/01\/Haitianos-ilegales-sjm.jpg?fit=1200%2C679&ssl=1&resize=1050%2C600 3x"},"classes":[]},{"id":57719,"url":"https:\/\/solisinforma.com\/?p=57719","url_meta":{"origin":58287,"position":2},"title":"P.N, apresa a adolescente de nacionalidad haitiana por sustraer presuntamente RD$30,000 de un negocio de puertas y ventanas en Las Matas de Farf\u00e1n","author":"Hector Solis","date":"5 de agosto de 2026","format":false,"excerpt":"Las Matas de Farf\u00e1n, San Juan. - Agentes de la Polic\u00eda Nacional, adscritos al Departamento de Las Matas de Farf\u00e1n, apresaron en flagrante delito a un adolescente de nacionalidad haitiana, de 12 a\u00f1os de edad, se\u00f1alado como el presunto autor de un robo mediante rotura en un establecimiento dedicado a\u2026","rel":"","context":"En \u00abLocales\u00bb","block_context":{"text":"Locales","link":"https:\/\/solisinforma.com\/?cat=34"},"img":{"alt_text":"","src":"https:\/\/i0.wp.com\/solisinforma.com\/wp-content\/uploads\/2026\/08\/robo-300-mil.jpg?fit=1200%2C856&ssl=1&resize=350%2C200","width":350,"height":200,"srcset":"https:\/\/i0.wp.com\/solisinforma.com\/wp-content\/uploads\/2026\/08\/robo-300-mil.jpg?fit=1200%2C856&ssl=1&resize=350%2C200 1x, https:\/\/i0.wp.com\/solisinforma.com\/wp-content\/uploads\/2026\/08\/robo-300-mil.jpg?fit=1200%2C856&ssl=1&resize=525%2C300 1.5x, https:\/\/i0.wp.com\/solisinforma.com\/wp-content\/uploads\/2026\/08\/robo-300-mil.jpg?fit=1200%2C856&ssl=1&resize=700%2C400 2x, https:\/\/i0.wp.com\/solisinforma.com\/wp-content\/uploads\/2026\/08\/robo-300-mil.jpg?fit=1200%2C856&ssl=1&resize=1050%2C600 3x"},"classes":[]},{"id":17223,"url":"https:\/\/solisinforma.com\/?p=17223","url_meta":{"origin":58287,"position":3},"title":"PN apresa a m\u00e1s de 50 personas en San Juan y El\u00edas Pi\u00f1a","author":"Hector Solis","date":"23 de enero de 2023","format":false,"excerpt":"Agentes policiales preventivos, adscritos a la Direcci\u00f3n Regional Oeste con sede en San Juan, apresaron en las pasadas 24 horas a m\u00e1s de 50 personas para fines de investigaci\u00f3n, de las cuales figuran implicadas en distintos hechos delictivos, incluyendo robo, tr\u00e1fico de personas y de sustancias controladas, entre otros il\u00edcitos.\u2026","rel":"","context":"En \u00abLocales\u00bb","block_context":{"text":"Locales","link":"https:\/\/solisinforma.com\/?cat=34"},"img":{"alt_text":"","src":"https:\/\/i0.wp.com\/solisinforma.com\/wp-content\/uploads\/2023\/01\/Policia-San-Juan-apresado.jpg?fit=1200%2C677&ssl=1&resize=350%2C200","width":350,"height":200,"srcset":"https:\/\/i0.wp.com\/solisinforma.com\/wp-content\/uploads\/2023\/01\/Policia-San-Juan-apresado.jpg?fit=1200%2C677&ssl=1&resize=350%2C200 1x, https:\/\/i0.wp.com\/solisinforma.com\/wp-content\/uploads\/2023\/01\/Policia-San-Juan-apresado.jpg?fit=1200%2C677&ssl=1&resize=525%2C300 1.5x, https:\/\/i0.wp.com\/solisinforma.com\/wp-content\/uploads\/2023\/01\/Policia-San-Juan-apresado.jpg?fit=1200%2C677&ssl=1&resize=700%2C400 2x, https:\/\/i0.wp.com\/solisinforma.com\/wp-content\/uploads\/2023\/01\/Policia-San-Juan-apresado.jpg?fit=1200%2C677&ssl=1&resize=1050%2C600 3x"},"classes":[]},{"id":31099,"url":"https:\/\/solisinforma.com\/?p=31099","url_meta":{"origin":58287,"position":4},"title":"San Juan \/ P,N, manda a dos hombres a justicia apresados con pistola ilegal y otro con arma blanca","author":"Hector Solis","date":"17 de abril de 2025","format":false,"excerpt":"San Juan, RD. - Con el objetivo de que le sea conocida medida de coerci\u00f3n, la Polic\u00eda Nacional pondr\u00e1 a disposici\u00f3n del Ministerio P\u00fablico a dos hombres, apresados portando armas de fuego y blanca y una motocicleta sin documentaci\u00f3n La Direcci\u00f3n Regional Oeste de la Polic\u00eda Nacional, inform\u00f3 fueron detenidos\u2026","rel":"","context":"En \u00abLocales\u00bb","block_context":{"text":"Locales","link":"https:\/\/solisinforma.com\/?cat=34"},"img":{"alt_text":"","src":"https:\/\/i0.wp.com\/solisinforma.com\/wp-content\/uploads\/2023\/01\/Policia-San-Juan-apresado.jpg?fit=1200%2C677&ssl=1&resize=350%2C200","width":350,"height":200,"srcset":"https:\/\/i0.wp.com\/solisinforma.com\/wp-content\/uploads\/2023\/01\/Policia-San-Juan-apresado.jpg?fit=1200%2C677&ssl=1&resize=350%2C200 1x, https:\/\/i0.wp.com\/solisinforma.com\/wp-content\/uploads\/2023\/01\/Policia-San-Juan-apresado.jpg?fit=1200%2C677&ssl=1&resize=525%2C300 1.5x, https:\/\/i0.wp.com\/solisinforma.com\/wp-content\/uploads\/2023\/01\/Policia-San-Juan-apresado.jpg?fit=1200%2C677&ssl=1&resize=700%2C400 2x, https:\/\/i0.wp.com\/solisinforma.com\/wp-content\/uploads\/2023\/01\/Policia-San-Juan-apresado.jpg?fit=1200%2C677&ssl=1&resize=1050%2C600 3x"},"classes":[]},{"id":18885,"url":"https:\/\/solisinforma.com\/?p=18885","url_meta":{"origin":58287,"position":5},"title":"Apresados. cuatro hombres acusados de darle muerte a un haitiano tras atracarlo","author":"Hector Solis","date":"12 de mayo de 2023","format":false,"excerpt":"San Juan de la Maguana, RD. Cuatro hombres acusados de darle muerte a un haitiano, tras atracarlo, fueron arrestados la noche de ayer jueves, en San Juan de la Maguana, a una hora de cometer el hecho de sangre. Androbel Ram\u00f3n de la Rosa \"Juron\", Luciano Montero Montero \"Pupo de\u2026","rel":"","context":"En \u00abLocales\u00bb","block_context":{"text":"Locales","link":"https:\/\/solisinforma.com\/?cat=34"},"img":{"alt_text":"","src":"https:\/\/i0.wp.com\/solisinforma.com\/wp-content\/uploads\/2022\/08\/Apresados-policia-esposas.jpg?resize=350%2C200&ssl=1","width":350,"height":200,"srcset":"https:\/\/i0.wp.com\/solisinforma.com\/wp-content\/uploads\/2022\/08\/Apresados-policia-esposas.jpg?resize=350%2C200&ssl=1 1x, https:\/\/i0.wp.com\/solisinforma.com\/wp-content\/uploads\/2022\/08\/Apresados-policia-esposas.jpg?resize=525%2C300&ssl=1 1.5x, https:\/\/i0.wp.com\/solisinforma.com\/wp-content\/uploads\/2022\/08\/Apresados-policia-esposas.jpg?resize=700%2C400&ssl=1 2x, https:\/\/i0.wp.com\/solisinforma.com\/wp-content\/uploads\/2022\/08\/Apresados-policia-esposas.jpg?resize=1050%2C600&ssl=1 3x"},"classes":[]}],"jetpack_shortlink":"https:\/\/wp.me\/pc2Svn-fa7","_links":{"self":[{"href":"https:\/\/solisinforma.com\/index.php?rest_route=\/wp\/v2\/posts\/58287","targetHints":{"allow":["GET"]}}],"collection":[{"href":"https:\/\/solisinforma.com\/index.php?rest_route=\/wp\/v2\/posts"}],"about":[{"href":"https:\/\/solisinforma.com\/index.php?rest_route=\/wp\/v2\/types\/post"}],"author":[{"embeddable":true,"href":"https:\/\/solisinforma.com\/index.php?rest_route=\/wp\/v2\/users\/2"}],"replies":[{"embeddable":true,"href":"https:\/\/solisinforma.com\/index.php?rest_route=%2Fwp%2Fv2%2Fcomments&post=58287"}],"version-history":[{"count":1,"href":"https:\/\/solisinforma.com\/index.php?rest_route=\/wp\/v2\/posts\/58287\/revisions"}],"predecessor-version":[{"id":58289,"href":"https:\/\/solisinforma.com\/index.php?rest_route=\/wp\/v2\/posts\/58287\/revisions\/58289"}],"wp:featuredmedia":[{"embeddable":true,"href":"https:\/\/solisinforma.com\/index.php?rest_route=\/wp\/v2\/media\/58288"}],"wp:attachment":[{"href":"https:\/\/solisinforma.com\/index.php?rest_route=%2Fwp%2Fv2%2Fmedia&parent=58287"}],"wp:term":[{"taxonomy":"category","embeddable":true,"href":"https:\/\/solisinforma.com\/index.php?rest_route=%2Fwp%2Fv2%2Fcategories&post=58287"},{"taxonomy":"post_tag","embeddable":true,"href":"https:\/\/solisinforma.com\/index.php?rest_route=%2Fwp%2Fv2%2Ftags&post=58287"}],"curies":[{"name":"wp","href":"https:\/\/api.w.org\/{rel}","templated":true}]}}