{"id":58294,"date":"2026-09-04T06:57:38","date_gmt":"2026-09-04T10:57:38","guid":{"rendered":"https:\/\/solisinforma.com\/?p=58294"},"modified":"2026-09-04T07:20:21","modified_gmt":"2026-09-04T11:20:21","slug":"es-posible-que-la-oposicion-se-unifique-en-el-2028","status":"publish","type":"post","link":"https:\/\/solisinforma.com\/?p=58294","title":{"rendered":"\u00bfEs posible que la oposici\u00f3n se unifique en el 2028?"},"content":{"rendered":"<p><img data-recalc-dims=\"1\" loading=\"lazy\" decoding=\"async\" class=\"alignnone size-medium wp-image-58295\" src=\"https:\/\/i0.wp.com\/solisinforma.com\/wp-content\/uploads\/2026\/09\/Candidatos-alianza-politica.png?resize=640%2C358&#038;ssl=1\" alt=\"\" width=\"640\" height=\"358\" \/><\/p>\n<p id=\"m80881-80880-80882\">La semana pasada, mediante una nota de prensa, el Partido Revolucionario Dominicano (PRD) comunic\u00f3 que su presidente, Miguel Vargas Maldonado, se mantiene impulsando una \u201cgran coalici\u00f3n de partidos de oposici\u00f3n de cara a las elecciones de 2028\u201d.<\/p>\n<p id=\"m80886-80885-80887\">Seg\u00fan lo plasmado en ese documento enviado a los medios de comunicaci\u00f3n, Vargas Maldonado ya ha sostenido conversaciones con los expresidentes Leonel Fern\u00e1ndez y Danilo Medina, as\u00ed como con representantes de otras organizaciones pol\u00edticas, en torno al planteamiento de construir una coalici\u00f3n opositora para las pr\u00f3ximas elecciones presidenciales.<\/p>\n<p id=\"m80891-80890-80892\">Vargas Maldonado ha sido uno de los principales propulsores de que tanto la Fuerza del Pueblo y el Partido de la Liberaci\u00f3n Dominicana (PLD), junto con el PRD y otros partidos opositores a la gesti\u00f3n del Partido Revolucionario Moderno (PRM) formen una coalici\u00f3n en el pr\u00f3ximo proceso electoral.<\/p>\n<p id=\"m80896-80895-80897\">Ya a inicios de este a\u00f1o, el excanciller hab\u00eda indicado que su apuesta para el 2028 es una uni\u00f3n opositora; antes de ese comentario de Vargas Maldonado, ya el dirigente pol\u00edtico y secretario general del Foro Permanente de Partidos Pol\u00edticos (Fopppredom), Jos\u00e9 Francisco Pe\u00f1a Guaba, hab\u00eda incluso propuesto que la boleta unificada deber\u00eda ser encabezada por Leonel y Gonzalo Castillo.<\/p>\n<h3 class=\"c-detail__destacado\">Ni t\u00fa ni yo<\/h3>\n<p id=\"m80901-80900-80902\">Para lograr esa coalici\u00f3n, tanto las c\u00fapulas del PLD como la de Fuerza del Pueblo deben de acordar cu\u00e1l de las dos organizaciones pol\u00edticas ceder\u00eda su casilla, para que sea ocupada por el candidato del otro partido.<\/p>\n<p id=\"m80906-80905-80907\">Ese es el principal obst\u00e1culo para concretizar esa idea; por un lado, la alta dirigencia del partido morado ha indicado en m\u00faltiples ocasiones que no estar\u00edan entrando en una alianza donde el PLD no sea que encabece la misma; con Medina indicando textualmente que esa organizaci\u00f3n no ceder\u00e1 su fuerza pol\u00edtica a otras agrupaciones.<\/p>\n<p id=\"m80911-80910-80912\">\u201cAqu\u00ed hemos dicho claramente muchas veces que todo el que quiera apoyar al Partido de la Liberaci\u00f3n Dominicana de cara a la elecci\u00f3n del 2028, las puertas est\u00e1n abiertas. Pero que nadie espere que el PLD le va a endosar su fuerza a ning\u00fan partido\u201d, fue lo acotado por Medina a finales del mes de abril.<\/p>\n<p id=\"m80916-80915-80917\">Las declaraciones completamente indican que los peledeistas, hasta el momento, no le ceder\u00edan la casilla presidencial a Leonel, siendo este \u00faltimo la persona propuesta para encabezar la coalici\u00f3n en cada momento que la idea ha sido expresada de manera p\u00fablica.<\/p>\n<p id=\"m80921-80920-80922\">Del lado de la Fuerza del Pueblo, tampoco tienen como posibilidad pasar su candidatura presidencial para que sea ocupada por otro partido; Roberto Rosario, miembro de la direcci\u00f3n pol\u00edtica de esa organizaci\u00f3n, manifest\u00f3 en una entrevista que actualmente cuentan con las \u201cmediciones\u201d para ganar en primera vuelta, por lo que no tendr\u00eda sentido se\u00f1alar que se necesita apoyo de otra entidad partidaria.<\/p>\n<p id=\"m80926-80925-80927\">\u201cSi la Fuerza del Pueblo comienza a hablar de que para ganar necesita el apoyo de otro partido, est\u00e1 diciendo que es un partido d\u00e9bil. Nosotros, que estamos fuertes, no podemos estar hablando con un discurso de debilidad, cuando vamos a ganar en primera vuelta\u201d, fue lo puntualizado por el expresidente de la Junta Central Electoral (JCE).<\/p>\n<p><img data-recalc-dims=\"1\" loading=\"lazy\" decoding=\"async\" class=\"alignnone size-medium wp-image-58306\" src=\"https:\/\/i0.wp.com\/solisinforma.com\/wp-content\/uploads\/2026\/09\/candidatos-alianza-politica-1.jpg?resize=640%2C357&#038;ssl=1\" alt=\"\" width=\"640\" height=\"357\" srcset=\"https:\/\/i0.wp.com\/solisinforma.com\/wp-content\/uploads\/2026\/09\/candidatos-alianza-politica-1-scaled.jpg?resize=1280%2C714&amp;ssl=1 1280w, https:\/\/i0.wp.com\/solisinforma.com\/wp-content\/uploads\/2026\/09\/candidatos-alianza-politica-1-scaled.jpg?resize=768%2C429&amp;ssl=1 768w, https:\/\/i0.wp.com\/solisinforma.com\/wp-content\/uploads\/2026\/09\/candidatos-alianza-politica-1-scaled.jpg?resize=1536%2C857&amp;ssl=1 1536w, https:\/\/i0.wp.com\/solisinforma.com\/wp-content\/uploads\/2026\/09\/candidatos-alianza-politica-1-scaled.jpg?resize=2048%2C1143&amp;ssl=1 2048w, https:\/\/i0.wp.com\/solisinforma.com\/wp-content\/uploads\/2026\/09\/candidatos-alianza-politica-1-scaled.jpg?resize=1024%2C572&amp;ssl=1 1024w, https:\/\/i0.wp.com\/solisinforma.com\/wp-content\/uploads\/2026\/09\/candidatos-alianza-politica-1-scaled.jpg?w=1920&amp;ssl=1 1920w\" sizes=\"auto, (max-width: 640px) 100vw, 640px\" \/><\/p>\n<h3 class=\"c-detail__destacado\">Los enfrentamientos<\/h3>\n<p id=\"m80931-80930-80932\">Otro obst\u00e1culo es el constante enfrentamiento entre los miembros de esas dos organizaciones pol\u00edticas, con ambas bases partidarias acus\u00e1ndose de sonsacar dirigentes para que se cambien de mando.<\/p>\n<h3 class=\"c-detail__destacado\">El fallido intento del 2024<\/h3>\n<p id=\"m80948-80947-80949\">Los rumores de una posible alianza y una sola candidatura iniciaron desde el momento en que culmin\u00f3 el proceso electoral de 2024; para esas elecciones, las tres organizaciones comenzaron a coquetearse de cara a completar una gran coalici\u00f3n.<\/p>\n<p id=\"m80953-80952-80954\">Sin embargo, la misma nunca fue materializada a su totalidad. A pesar de varios encuentros, caravanas conjuntas, eventos masivos y la coordinaci\u00f3n del presidente del PRD, el acuerdo no pas\u00f3 de los niveles medios de esos partidos, aunque s\u00ed se logr\u00f3 a pactar apoyar varias candidaturas conjuntas, incluyendo la senadur\u00eda de Omar Fern\u00e1ndez en el Distrito Nacional.<\/p>\n<p id=\"m80958-80957-80959\">Al mantenerse cada uno con sus respectivas candidaturas presidenciales, lo \u00fanico que lograron pactar en ese sentido fue que, en caso de una segunda vuelta, la cual en ese momento ve\u00edan \u00abmuy probable\u00bb, apoyar\u00e1n al candidato que califique para ese torneo.<\/p>\n<p id=\"m80963-80962-80964\">El resultado fue una victoria aplastante de Luis Abinader.<\/p>\n<h3 class=\"c-detail__destacado\">La insistencia de Vargas Maldonado<\/h3>\n<p id=\"m80968-80967-80969\">D\u00edas despu\u00e9s de las elecciones, Rosario revel\u00f3 en una entrevista que Vargas Maldonado hab\u00eda insistido en que se presente un \u00fanico candidato presidencial en los partidos que compon\u00edan la denominada \u201cAlianza Rescate RD\u201d, pero Fern\u00e1ndez y Medina no lograron ponerse de acuerdo.<\/p>\n<p id=\"m80973-80972-80974\">Dos a\u00f1os despu\u00e9s, el exfuncionario se ve otra vez en el centro de las negociaciones en b\u00fasqueda de concretar lo que en 2024 no se pudo.<\/p>\n<h3 class=\"c-detail__destacado\">\u00bfPasos de avance?<\/h3>\n<p id=\"m80978-80977-80979\">Ese mismo comunicado de prensa enviado por el PRD se se\u00f1ala que las conversaciones no se limitan al liderazgo nacional, pues el tema tambi\u00e9n ha sido abordado con las estructuras y bases partidarias durante el proceso de reorganizaci\u00f3n del PRD, donde, seg\u00fan explic\u00f3, existe una fuerte disposici\u00f3n hacia la concertaci\u00f3n electoral, particularmente en el \u00e1mbito municipal.<\/p>\n<p id=\"m80983-80982-80984\">No ser\u00e1 hasta noviembre del pr\u00f3ximo a\u00f1o que los tratos de alianzas y coaliciones entre las organizaciones pol\u00edticas que vayan a participar en las pr\u00f3ximas elecciones generales ser\u00e1n oficializados, y dados a conocer, por la JCE.<\/p>\n<h6><span style=\"color: #808080;\">Por. Javier Flores \/ LD<\/span><\/h6>\n","protected":false},"excerpt":{"rendered":"<p>La semana pasada, mediante una nota de prensa, el Partido Revolucionario Dominicano (PRD) comunic\u00f3 que&#8230;<\/p>\n","protected":false},"author":2,"featured_media":58295,"comment_status":"open","ping_status":"open","sticky":false,"template":"","format":"standard","meta":{"_jetpack_newsletter_access":"","_jetpack_dont_email_post_to_subs":false,"_jetpack_newsletter_tier_id":0,"_jetpack_memberships_contains_paywalled_content":false,"_jetpack_memberships_contains_paid_content":false,"_joinchat":[],"footnotes":"","jetpack_publicize_message":"","jetpack_publicize_feature_enabled":true,"jetpack_social_post_already_shared":true,"jetpack_social_options":{"image_generator_settings":{"template":"highway","default_image_id":0,"font":"","enabled":false},"version":2},"jetpack_post_was_ever_published":false},"categories":[8,39],"tags":[22633,22632,12252,14014,46],"class_list":["post-58294","post","type-post","status-publish","format-standard","has-post-thumbnail","hentry","category-nacionales","category-primeraplana","tag-alianza-2028","tag-alianza-politica","tag-candidatos","tag-prd-pld-fp","tag-solis-informa"],"yoast_head":"<!-- This site is optimized with the Yoast SEO plugin v24.9 - https:\/\/yoast.com\/wordpress\/plugins\/seo\/ -->\n<title>\u00bfEs posible que la oposici\u00f3n se unifique en el 2028? - Solis Informa<\/title>\n<meta name=\"robots\" content=\"index, follow, max-snippet:-1, max-image-preview:large, max-video-preview:-1\" \/>\n<link rel=\"canonical\" href=\"https:\/\/solisinforma.com\/?p=58294\" \/>\n<meta property=\"og:locale\" content=\"es_ES\" \/>\n<meta property=\"og:type\" content=\"article\" \/>\n<meta property=\"og:title\" content=\"\u00bfEs posible que la oposici\u00f3n se unifique en el 2028? - Solis Informa\" \/>\n<meta property=\"og:description\" content=\"La semana pasada, mediante una nota de prensa, el Partido Revolucionario Dominicano (PRD) comunic\u00f3 que...\" \/>\n<meta property=\"og:url\" content=\"https:\/\/solisinforma.com\/?p=58294\" \/>\n<meta property=\"og:site_name\" content=\"Solis Informa\" \/>\n<meta property=\"article:publisher\" content=\"https:\/\/www.facebook.com\/Solisinforma1\/\" \/>\n<meta property=\"article:author\" content=\"https:\/\/www.facebook.com\/Solisinforma\/\" \/>\n<meta property=\"article:published_time\" content=\"2026-09-04T10:57:38+00:00\" \/>\n<meta property=\"article:modified_time\" content=\"2026-09-04T11:20:21+00:00\" \/>\n<meta property=\"og:image\" content=\"https:\/\/solisinforma.com\/wp-content\/uploads\/2026\/09\/Candidatos-alianza-politica-e1788519394331.png\" \/>\n\t<meta property=\"og:image:width\" content=\"1820\" \/>\n\t<meta property=\"og:image:height\" content=\"1017\" \/>\n\t<meta property=\"og:image:type\" content=\"image\/png\" \/>\n<meta name=\"author\" content=\"Hector Solis\" \/>\n<meta name=\"twitter:card\" content=\"summary_large_image\" \/>\n<meta name=\"twitter:creator\" content=\"@solisinforma1\" \/>\n<meta name=\"twitter:label1\" content=\"Escrito por\" \/>\n\t<meta name=\"twitter:data1\" content=\"Hector Solis\" \/>\n\t<meta name=\"twitter:label2\" content=\"Tiempo de lectura\" \/>\n\t<meta name=\"twitter:data2\" content=\"5 minutos\" \/>\n<script type=\"application\/ld+json\" class=\"yoast-schema-graph\">{\"@context\":\"https:\/\/schema.org\",\"@graph\":[{\"@type\":\"Article\",\"@id\":\"https:\/\/solisinforma.com\/?p=58294#article\",\"isPartOf\":{\"@id\":\"https:\/\/solisinforma.com\/?p=58294\"},\"author\":{\"name\":\"Hector Solis\",\"@id\":\"https:\/\/solisinforma.com\/#\/schema\/person\/db4967d1c8ed640d46bf21dc55215612\"},\"headline\":\"\u00bfEs posible que la oposici\u00f3n se unifique en el 2028?\",\"datePublished\":\"2026-09-04T10:57:38+00:00\",\"dateModified\":\"2026-09-04T11:20:21+00:00\",\"mainEntityOfPage\":{\"@id\":\"https:\/\/solisinforma.com\/?p=58294\"},\"wordCount\":930,\"commentCount\":0,\"publisher\":{\"@id\":\"https:\/\/solisinforma.com\/#organization\"},\"image\":{\"@id\":\"https:\/\/solisinforma.com\/?p=58294#primaryimage\"},\"thumbnailUrl\":\"https:\/\/i0.wp.com\/solisinforma.com\/wp-content\/uploads\/2026\/09\/Candidatos-alianza-politica-e1788519394331.png?fit=1820%2C1017&ssl=1\",\"keywords\":[\"alianza 2028\",\"Alianza politica\",\"Candidatos\",\"PRD-PLD-FP\",\"Solis informa\"],\"articleSection\":[\"Nacionales\",\"Primera Plana\"],\"inLanguage\":\"es\",\"potentialAction\":[{\"@type\":\"CommentAction\",\"name\":\"Comment\",\"target\":[\"https:\/\/solisinforma.com\/?p=58294#respond\"]}]},{\"@type\":\"WebPage\",\"@id\":\"https:\/\/solisinforma.com\/?p=58294\",\"url\":\"https:\/\/solisinforma.com\/?p=58294\",\"name\":\"\u00bfEs posible que la oposici\u00f3n se unifique en el 2028? - Solis Informa\",\"isPartOf\":{\"@id\":\"https:\/\/solisinforma.com\/#website\"},\"primaryImageOfPage\":{\"@id\":\"https:\/\/solisinforma.com\/?p=58294#primaryimage\"},\"image\":{\"@id\":\"https:\/\/solisinforma.com\/?p=58294#primaryimage\"},\"thumbnailUrl\":\"https:\/\/i0.wp.com\/solisinforma.com\/wp-content\/uploads\/2026\/09\/Candidatos-alianza-politica-e1788519394331.png?fit=1820%2C1017&ssl=1\",\"datePublished\":\"2026-09-04T10:57:38+00:00\",\"dateModified\":\"2026-09-04T11:20:21+00:00\",\"breadcrumb\":{\"@id\":\"https:\/\/solisinforma.com\/?p=58294#breadcrumb\"},\"inLanguage\":\"es\",\"potentialAction\":[{\"@type\":\"ReadAction\",\"target\":[\"https:\/\/solisinforma.com\/?p=58294\"]}]},{\"@type\":\"ImageObject\",\"inLanguage\":\"es\",\"@id\":\"https:\/\/solisinforma.com\/?p=58294#primaryimage\",\"url\":\"https:\/\/i0.wp.com\/solisinforma.com\/wp-content\/uploads\/2026\/09\/Candidatos-alianza-politica-e1788519394331.png?fit=1820%2C1017&ssl=1\",\"contentUrl\":\"https:\/\/i0.wp.com\/solisinforma.com\/wp-content\/uploads\/2026\/09\/Candidatos-alianza-politica-e1788519394331.png?fit=1820%2C1017&ssl=1\",\"width\":1820,\"height\":1017},{\"@type\":\"BreadcrumbList\",\"@id\":\"https:\/\/solisinforma.com\/?p=58294#breadcrumb\",\"itemListElement\":[{\"@type\":\"ListItem\",\"position\":1,\"name\":\"Portada\",\"item\":\"https:\/\/solisinforma.com\/\"},{\"@type\":\"ListItem\",\"position\":2,\"name\":\"\u00bfEs posible que la oposici\u00f3n se unifique en el 2028?\"}]},{\"@type\":\"WebSite\",\"@id\":\"https:\/\/solisinforma.com\/#website\",\"url\":\"https:\/\/solisinforma.com\/\",\"name\":\"Solis Informa\",\"description\":\"El Diario de San Juan\",\"publisher\":{\"@id\":\"https:\/\/solisinforma.com\/#organization\"},\"potentialAction\":[{\"@type\":\"SearchAction\",\"target\":{\"@type\":\"EntryPoint\",\"urlTemplate\":\"https:\/\/solisinforma.com\/?s={search_term_string}\"},\"query-input\":{\"@type\":\"PropertyValueSpecification\",\"valueRequired\":true,\"valueName\":\"search_term_string\"}}],\"inLanguage\":\"es\"},{\"@type\":\"Organization\",\"@id\":\"https:\/\/solisinforma.com\/#organization\",\"name\":\"Solis Informa\",\"url\":\"https:\/\/solisinforma.com\/\",\"logo\":{\"@type\":\"ImageObject\",\"inLanguage\":\"es\",\"@id\":\"https:\/\/solisinforma.com\/#\/schema\/logo\/image\/\",\"url\":\"https:\/\/i0.wp.com\/solisinforma.com\/wp-content\/uploads\/2020\/07\/cropped-solis-4.png?fit=512%2C512&ssl=1\",\"contentUrl\":\"https:\/\/i0.wp.com\/solisinforma.com\/wp-content\/uploads\/2020\/07\/cropped-solis-4.png?fit=512%2C512&ssl=1\",\"width\":512,\"height\":512,\"caption\":\"Solis Informa\"},\"image\":{\"@id\":\"https:\/\/solisinforma.com\/#\/schema\/logo\/image\/\"},\"sameAs\":[\"https:\/\/www.facebook.com\/Solisinforma1\/\"]},{\"@type\":\"Person\",\"@id\":\"https:\/\/solisinforma.com\/#\/schema\/person\/db4967d1c8ed640d46bf21dc55215612\",\"name\":\"Hector Solis\",\"image\":{\"@type\":\"ImageObject\",\"inLanguage\":\"es\",\"@id\":\"https:\/\/solisinforma.com\/#\/schema\/person\/image\/\",\"url\":\"https:\/\/secure.gravatar.com\/avatar\/3e116868529a43555438940611160b9cf01e4fb17f119453a6329d96e10fecf8?s=96&d=mm&r=g\",\"contentUrl\":\"https:\/\/secure.gravatar.com\/avatar\/3e116868529a43555438940611160b9cf01e4fb17f119453a6329d96e10fecf8?s=96&d=mm&r=g\",\"caption\":\"Hector Solis\"},\"sameAs\":[\"http:\/\/Solisinforma.com\",\"https:\/\/www.facebook.com\/Solisinforma\/\",\"https:\/\/www.instagram.com\/solisinforma\/\",\"www.linkedin.com\/in\/hectorsolisinforma\",\"https:\/\/x.com\/solisinforma1\",\"@Solisinformaenvivo\",\"https:\/\/soundcloud.com\/solisinforma\"],\"url\":\"https:\/\/solisinforma.com\/?author=2\"}]}<\/script>\n<!-- \/ Yoast SEO plugin. -->","yoast_head_json":{"title":"\u00bfEs posible que la oposici\u00f3n se unifique en el 2028? - Solis Informa","robots":{"index":"index","follow":"follow","max-snippet":"max-snippet:-1","max-image-preview":"max-image-preview:large","max-video-preview":"max-video-preview:-1"},"canonical":"https:\/\/solisinforma.com\/?p=58294","og_locale":"es_ES","og_type":"article","og_title":"\u00bfEs posible que la oposici\u00f3n se unifique en el 2028? - Solis Informa","og_description":"La semana pasada, mediante una nota de prensa, el Partido Revolucionario Dominicano (PRD) comunic\u00f3 que...","og_url":"https:\/\/solisinforma.com\/?p=58294","og_site_name":"Solis Informa","article_publisher":"https:\/\/www.facebook.com\/Solisinforma1\/","article_author":"https:\/\/www.facebook.com\/Solisinforma\/","article_published_time":"2026-09-04T10:57:38+00:00","article_modified_time":"2026-09-04T11:20:21+00:00","og_image":[{"width":1820,"height":1017,"url":"https:\/\/solisinforma.com\/wp-content\/uploads\/2026\/09\/Candidatos-alianza-politica-e1788519394331.png","type":"image\/png"}],"author":"Hector Solis","twitter_card":"summary_large_image","twitter_creator":"@solisinforma1","twitter_misc":{"Escrito por":"Hector Solis","Tiempo de lectura":"5 minutos"},"schema":{"@context":"https:\/\/schema.org","@graph":[{"@type":"Article","@id":"https:\/\/solisinforma.com\/?p=58294#article","isPartOf":{"@id":"https:\/\/solisinforma.com\/?p=58294"},"author":{"name":"Hector Solis","@id":"https:\/\/solisinforma.com\/#\/schema\/person\/db4967d1c8ed640d46bf21dc55215612"},"headline":"\u00bfEs posible que la oposici\u00f3n se unifique en el 2028?","datePublished":"2026-09-04T10:57:38+00:00","dateModified":"2026-09-04T11:20:21+00:00","mainEntityOfPage":{"@id":"https:\/\/solisinforma.com\/?p=58294"},"wordCount":930,"commentCount":0,"publisher":{"@id":"https:\/\/solisinforma.com\/#organization"},"image":{"@id":"https:\/\/solisinforma.com\/?p=58294#primaryimage"},"thumbnailUrl":"https:\/\/i0.wp.com\/solisinforma.com\/wp-content\/uploads\/2026\/09\/Candidatos-alianza-politica-e1788519394331.png?fit=1820%2C1017&ssl=1","keywords":["alianza 2028","Alianza politica","Candidatos","PRD-PLD-FP","Solis informa"],"articleSection":["Nacionales","Primera Plana"],"inLanguage":"es","potentialAction":[{"@type":"CommentAction","name":"Comment","target":["https:\/\/solisinforma.com\/?p=58294#respond"]}]},{"@type":"WebPage","@id":"https:\/\/solisinforma.com\/?p=58294","url":"https:\/\/solisinforma.com\/?p=58294","name":"\u00bfEs posible que la oposici\u00f3n se unifique en el 2028? - Solis Informa","isPartOf":{"@id":"https:\/\/solisinforma.com\/#website"},"primaryImageOfPage":{"@id":"https:\/\/solisinforma.com\/?p=58294#primaryimage"},"image":{"@id":"https:\/\/solisinforma.com\/?p=58294#primaryimage"},"thumbnailUrl":"https:\/\/i0.wp.com\/solisinforma.com\/wp-content\/uploads\/2026\/09\/Candidatos-alianza-politica-e1788519394331.png?fit=1820%2C1017&ssl=1","datePublished":"2026-09-04T10:57:38+00:00","dateModified":"2026-09-04T11:20:21+00:00","breadcrumb":{"@id":"https:\/\/solisinforma.com\/?p=58294#breadcrumb"},"inLanguage":"es","potentialAction":[{"@type":"ReadAction","target":["https:\/\/solisinforma.com\/?p=58294"]}]},{"@type":"ImageObject","inLanguage":"es","@id":"https:\/\/solisinforma.com\/?p=58294#primaryimage","url":"https:\/\/i0.wp.com\/solisinforma.com\/wp-content\/uploads\/2026\/09\/Candidatos-alianza-politica-e1788519394331.png?fit=1820%2C1017&ssl=1","contentUrl":"https:\/\/i0.wp.com\/solisinforma.com\/wp-content\/uploads\/2026\/09\/Candidatos-alianza-politica-e1788519394331.png?fit=1820%2C1017&ssl=1","width":1820,"height":1017},{"@type":"BreadcrumbList","@id":"https:\/\/solisinforma.com\/?p=58294#breadcrumb","itemListElement":[{"@type":"ListItem","position":1,"name":"Portada","item":"https:\/\/solisinforma.com\/"},{"@type":"ListItem","position":2,"name":"\u00bfEs posible que la oposici\u00f3n se unifique en el 2028?"}]},{"@type":"WebSite","@id":"https:\/\/solisinforma.com\/#website","url":"https:\/\/solisinforma.com\/","name":"Solis Informa","description":"El Diario de San Juan","publisher":{"@id":"https:\/\/solisinforma.com\/#organization"},"potentialAction":[{"@type":"SearchAction","target":{"@type":"EntryPoint","urlTemplate":"https:\/\/solisinforma.com\/?s={search_term_string}"},"query-input":{"@type":"PropertyValueSpecification","valueRequired":true,"valueName":"search_term_string"}}],"inLanguage":"es"},{"@type":"Organization","@id":"https:\/\/solisinforma.com\/#organization","name":"Solis Informa","url":"https:\/\/solisinforma.com\/","logo":{"@type":"ImageObject","inLanguage":"es","@id":"https:\/\/solisinforma.com\/#\/schema\/logo\/image\/","url":"https:\/\/i0.wp.com\/solisinforma.com\/wp-content\/uploads\/2020\/07\/cropped-solis-4.png?fit=512%2C512&ssl=1","contentUrl":"https:\/\/i0.wp.com\/solisinforma.com\/wp-content\/uploads\/2020\/07\/cropped-solis-4.png?fit=512%2C512&ssl=1","width":512,"height":512,"caption":"Solis Informa"},"image":{"@id":"https:\/\/solisinforma.com\/#\/schema\/logo\/image\/"},"sameAs":["https:\/\/www.facebook.com\/Solisinforma1\/"]},{"@type":"Person","@id":"https:\/\/solisinforma.com\/#\/schema\/person\/db4967d1c8ed640d46bf21dc55215612","name":"Hector Solis","image":{"@type":"ImageObject","inLanguage":"es","@id":"https:\/\/solisinforma.com\/#\/schema\/person\/image\/","url":"https:\/\/secure.gravatar.com\/avatar\/3e116868529a43555438940611160b9cf01e4fb17f119453a6329d96e10fecf8?s=96&d=mm&r=g","contentUrl":"https:\/\/secure.gravatar.com\/avatar\/3e116868529a43555438940611160b9cf01e4fb17f119453a6329d96e10fecf8?s=96&d=mm&r=g","caption":"Hector Solis"},"sameAs":["http:\/\/Solisinforma.com","https:\/\/www.facebook.com\/Solisinforma\/","https:\/\/www.instagram.com\/solisinforma\/","www.linkedin.com\/in\/hectorsolisinforma","https:\/\/x.com\/solisinforma1","@Solisinformaenvivo","https:\/\/soundcloud.com\/solisinforma"],"url":"https:\/\/solisinforma.com\/?author=2"}]}},"jetpack_publicize_connections":[],"jetpack_featured_media_url":"https:\/\/i0.wp.com\/solisinforma.com\/wp-content\/uploads\/2026\/09\/Candidatos-alianza-politica-e1788519394331.png?fit=1820%2C1017&ssl=1","jetpack_sharing_enabled":true,"jetpack_likes_enabled":true,"jetpack-related-posts":[{"id":20586,"url":"https:\/\/solisinforma.com\/?p=20586","url_meta":{"origin":58294,"position":0},"title":"La oposici\u00f3n anunciar\u00eda hoy un pacto para las elecciones del 2024","author":"Hector Solis","date":"21 de agosto de 2023","format":false,"excerpt":"El Partido Revolucionario Dominicano convoca a rueda de prensa Un grupo de\u00a0partidos de la oposici\u00f3n\u00a0anunciar\u00eda este lunes una\u00a0alianza\u00a0con miras a las elecciones del 2024, revelaron fuentes a este Diario. Las personas con conocimiento de las negociaciones, pero que pidieron mantenerse en el anonimato, informaron que las alianzas a anunciar ser\u00edan\u2026","rel":"","context":"En \u00abNacionales\u00bb","block_context":{"text":"Nacionales","link":"https:\/\/solisinforma.com\/?cat=8"},"img":{"alt_text":"","src":"https:\/\/i0.wp.com\/solisinforma.com\/wp-content\/uploads\/2023\/08\/Miguel-alianza-municipal.jpg?fit=1200%2C675&ssl=1&resize=350%2C200","width":350,"height":200,"srcset":"https:\/\/i0.wp.com\/solisinforma.com\/wp-content\/uploads\/2023\/08\/Miguel-alianza-municipal.jpg?fit=1200%2C675&ssl=1&resize=350%2C200 1x, https:\/\/i0.wp.com\/solisinforma.com\/wp-content\/uploads\/2023\/08\/Miguel-alianza-municipal.jpg?fit=1200%2C675&ssl=1&resize=525%2C300 1.5x, https:\/\/i0.wp.com\/solisinforma.com\/wp-content\/uploads\/2023\/08\/Miguel-alianza-municipal.jpg?fit=1200%2C675&ssl=1&resize=700%2C400 2x, https:\/\/i0.wp.com\/solisinforma.com\/wp-content\/uploads\/2023\/08\/Miguel-alianza-municipal.jpg?fit=1200%2C675&ssl=1&resize=1050%2C600 3x"},"classes":[]},{"id":20604,"url":"https:\/\/solisinforma.com\/?p=20604","url_meta":{"origin":58294,"position":1},"title":"PRD, PLD y Fuerza del Pueblo conforman alianza opositora para las elecciones 2024","author":"Hector Solis","date":"21 de agosto de 2023","format":false,"excerpt":"Miguel Vargas hizo el anuncio El presidente del Partido Revolucionario Dominicano, Miguel Vargas, anunci\u00f3 la tarde de este lunes la conformaci\u00f3n de la\u00a0Alianza\u00a0opositora para el rescate de la Rep\u00fablica Dominicana, en la concurrir\u00e1n unidos junto al Partido de la Liberaci\u00f3n Dominicana (PLD) y\u00a0Fuerza del Pueblo\u00a0en los tres niveles de elecci\u00f3n.\u2026","rel":"","context":"En \u00abNacionales\u00bb","block_context":{"text":"Nacionales","link":"https:\/\/solisinforma.com\/?cat=8"},"img":{"alt_text":"","src":"https:\/\/i0.wp.com\/solisinforma.com\/wp-content\/uploads\/2023\/08\/%C2%B4Miguel-Vargas-alianza-partidos.jpg?fit=1200%2C674&ssl=1&resize=350%2C200","width":350,"height":200,"srcset":"https:\/\/i0.wp.com\/solisinforma.com\/wp-content\/uploads\/2023\/08\/%C2%B4Miguel-Vargas-alianza-partidos.jpg?fit=1200%2C674&ssl=1&resize=350%2C200 1x, https:\/\/i0.wp.com\/solisinforma.com\/wp-content\/uploads\/2023\/08\/%C2%B4Miguel-Vargas-alianza-partidos.jpg?fit=1200%2C674&ssl=1&resize=525%2C300 1.5x, https:\/\/i0.wp.com\/solisinforma.com\/wp-content\/uploads\/2023\/08\/%C2%B4Miguel-Vargas-alianza-partidos.jpg?fit=1200%2C674&ssl=1&resize=700%2C400 2x, https:\/\/i0.wp.com\/solisinforma.com\/wp-content\/uploads\/2023\/08\/%C2%B4Miguel-Vargas-alianza-partidos.jpg?fit=1200%2C674&ssl=1&resize=1050%2C600 3x"},"classes":[]},{"id":21351,"url":"https:\/\/solisinforma.com\/?p=21351","url_meta":{"origin":58294,"position":2},"title":"Oficialismo y oposici\u00f3n ajustan las negociaciones de alianzas del 2024","author":"Hector Solis","date":"19 de octubre de 2023","format":false,"excerpt":"Est\u00e1n apurados pues deben cumplir este mes de octubre y en noviembre con una serie de plazos conforme al calendario electoral. A 23 d\u00edas de vencer el plazo para formalizar las alianzas, los oficialistas y opositores han conformado dos grandes frentes de negociaciones destinadas a pactar acuerdos a nivel municipal,\u2026","rel":"","context":"En \u00abNacionales\u00bb","block_context":{"text":"Nacionales","link":"https:\/\/solisinforma.com\/?cat=8"},"img":{"alt_text":"","src":"https:\/\/i0.wp.com\/solisinforma.com\/wp-content\/uploads\/2023\/10\/Partidos-politicos-lideres-alianzas-prm-prd-pld-prsc-scaled.jpg?fit=1200%2C662&ssl=1&resize=350%2C200","width":350,"height":200,"srcset":"https:\/\/i0.wp.com\/solisinforma.com\/wp-content\/uploads\/2023\/10\/Partidos-politicos-lideres-alianzas-prm-prd-pld-prsc-scaled.jpg?fit=1200%2C662&ssl=1&resize=350%2C200 1x, https:\/\/i0.wp.com\/solisinforma.com\/wp-content\/uploads\/2023\/10\/Partidos-politicos-lideres-alianzas-prm-prd-pld-prsc-scaled.jpg?fit=1200%2C662&ssl=1&resize=525%2C300 1.5x, https:\/\/i0.wp.com\/solisinforma.com\/wp-content\/uploads\/2023\/10\/Partidos-politicos-lideres-alianzas-prm-prd-pld-prsc-scaled.jpg?fit=1200%2C662&ssl=1&resize=700%2C400 2x, https:\/\/i0.wp.com\/solisinforma.com\/wp-content\/uploads\/2023\/10\/Partidos-politicos-lideres-alianzas-prm-prd-pld-prsc-scaled.jpg?fit=1200%2C662&ssl=1&resize=1050%2C600 3x"},"classes":[]},{"id":21651,"url":"https:\/\/solisinforma.com\/?p=21651","url_meta":{"origin":58294,"position":3},"title":"PLD, Fuerza del Pueblo y PRD ultiman detalles de la Alianza Rescate RD","author":"Hector Solis","date":"9 de noviembre de 2023","format":false,"excerpt":"Roberto Rosario expres\u00f3 que antes del 10 de noviembre se conocer\u00e1n todos los detalles Las\u00a0comisiones\u00a0de los\u00a0partidos\u00a0de la Liberaci\u00f3n Dominicana (PLD), Fuerza del Pueblo (FP) y Revolucionario Dominicano (PRD) ultiman los detalles de la\u00a0Alianza Rescate RD\u00a0que conforman esas tres\u00a0organizaciones. El coordinador de\u00a0Alianzas de la Fuerza del Pueblo, Roberto Rosario, explic\u00f3 que\u2026","rel":"","context":"En \u00abNacionales\u00bb","block_context":{"text":"Nacionales","link":"https:\/\/solisinforma.com\/?cat=8"},"img":{"alt_text":"","src":"https:\/\/i0.wp.com\/solisinforma.com\/wp-content\/uploads\/2023\/08\/Miguel-alianza-municipal.jpg?fit=1200%2C675&ssl=1&resize=350%2C200","width":350,"height":200,"srcset":"https:\/\/i0.wp.com\/solisinforma.com\/wp-content\/uploads\/2023\/08\/Miguel-alianza-municipal.jpg?fit=1200%2C675&ssl=1&resize=350%2C200 1x, https:\/\/i0.wp.com\/solisinforma.com\/wp-content\/uploads\/2023\/08\/Miguel-alianza-municipal.jpg?fit=1200%2C675&ssl=1&resize=525%2C300 1.5x, https:\/\/i0.wp.com\/solisinforma.com\/wp-content\/uploads\/2023\/08\/Miguel-alianza-municipal.jpg?fit=1200%2C675&ssl=1&resize=700%2C400 2x, https:\/\/i0.wp.com\/solisinforma.com\/wp-content\/uploads\/2023\/08\/Miguel-alianza-municipal.jpg?fit=1200%2C675&ssl=1&resize=1050%2C600 3x"},"classes":[]},{"id":24653,"url":"https:\/\/solisinforma.com\/?p=24653","url_meta":{"origin":58294,"position":4},"title":"Miguel Vargas de haber tenido un 40% a pasar por un p\u00edrrico 0.45.","author":"Hector Solis","date":"20 de mayo de 2024","format":false,"excerpt":"Ha sido el fin del partido Revolucionario Dominicano (PRD), en estas elecciones del 2024, obteniendo un p\u00edrrico 0.45% de los votos en una contienda general, donde la poblaci\u00f3n ha elegido por segunda vez consecutiva al Partido Revolucionario Moderno (PRM). Quien fuera el hombre de mayor popularidad dentro del PRD a\u2026","rel":"","context":"En \u00abNacionales\u00bb","block_context":{"text":"Nacionales","link":"https:\/\/solisinforma.com\/?cat=8"},"img":{"alt_text":"","src":"https:\/\/i0.wp.com\/solisinforma.com\/wp-content\/uploads\/2024\/05\/Miguel-Vargas-MVP-declive.jpeg?fit=1200%2C839&ssl=1&resize=350%2C200","width":350,"height":200,"srcset":"https:\/\/i0.wp.com\/solisinforma.com\/wp-content\/uploads\/2024\/05\/Miguel-Vargas-MVP-declive.jpeg?fit=1200%2C839&ssl=1&resize=350%2C200 1x, https:\/\/i0.wp.com\/solisinforma.com\/wp-content\/uploads\/2024\/05\/Miguel-Vargas-MVP-declive.jpeg?fit=1200%2C839&ssl=1&resize=525%2C300 1.5x, https:\/\/i0.wp.com\/solisinforma.com\/wp-content\/uploads\/2024\/05\/Miguel-Vargas-MVP-declive.jpeg?fit=1200%2C839&ssl=1&resize=700%2C400 2x, https:\/\/i0.wp.com\/solisinforma.com\/wp-content\/uploads\/2024\/05\/Miguel-Vargas-MVP-declive.jpeg?fit=1200%2C839&ssl=1&resize=1050%2C600 3x"},"classes":[]},{"id":16197,"url":"https:\/\/solisinforma.com\/?p=16197","url_meta":{"origin":58294,"position":5},"title":"Miguel Vargas por el PRD; dice el pa\u00eds necesita un presidente como \u00e9l.","author":"Hector Solis","date":"7 de noviembre de 2022","format":false,"excerpt":"El excandidato presidencial volver\u00e1 a ser la cara del PRD en las pr\u00f3ximas elecciones. El presidente del Partido Revolucionario Dominicano (PRD), Miguel Vargas Maldonado, anunci\u00f3 su decisi\u00f3n de asumir la precandidatura presidencial de esa organizaci\u00f3n pol\u00edtica con miras a las elecciones de 2024. Vargas Maldonado hizo el anuncio sobre su\u2026","rel":"","context":"En \u00abNacionales\u00bb","block_context":{"text":"Nacionales","link":"https:\/\/solisinforma.com\/?cat=8"},"img":{"alt_text":"","src":"https:\/\/i0.wp.com\/solisinforma.com\/wp-content\/uploads\/2022\/11\/miguel-vargas-1.jpg?fit=1150%2C710&ssl=1&resize=350%2C200","width":350,"height":200,"srcset":"https:\/\/i0.wp.com\/solisinforma.com\/wp-content\/uploads\/2022\/11\/miguel-vargas-1.jpg?fit=1150%2C710&ssl=1&resize=350%2C200 1x, https:\/\/i0.wp.com\/solisinforma.com\/wp-content\/uploads\/2022\/11\/miguel-vargas-1.jpg?fit=1150%2C710&ssl=1&resize=525%2C300 1.5x, https:\/\/i0.wp.com\/solisinforma.com\/wp-content\/uploads\/2022\/11\/miguel-vargas-1.jpg?fit=1150%2C710&ssl=1&resize=700%2C400 2x, https:\/\/i0.wp.com\/solisinforma.com\/wp-content\/uploads\/2022\/11\/miguel-vargas-1.jpg?fit=1150%2C710&ssl=1&resize=1050%2C600 3x"},"classes":[]}],"jetpack_shortlink":"https:\/\/wp.me\/pc2Svn-fae","_links":{"self":[{"href":"https:\/\/solisinforma.com\/index.php?rest_route=\/wp\/v2\/posts\/58294","targetHints":{"allow":["GET"]}}],"collection":[{"href":"https:\/\/solisinforma.com\/index.php?rest_route=\/wp\/v2\/posts"}],"about":[{"href":"https:\/\/solisinforma.com\/index.php?rest_route=\/wp\/v2\/types\/post"}],"author":[{"embeddable":true,"href":"https:\/\/solisinforma.com\/index.php?rest_route=\/wp\/v2\/users\/2"}],"replies":[{"embeddable":true,"href":"https:\/\/solisinforma.com\/index.php?rest_route=%2Fwp%2Fv2%2Fcomments&post=58294"}],"version-history":[{"count":3,"href":"https:\/\/solisinforma.com\/index.php?rest_route=\/wp\/v2\/posts\/58294\/revisions"}],"predecessor-version":[{"id":58308,"href":"https:\/\/solisinforma.com\/index.php?rest_route=\/wp\/v2\/posts\/58294\/revisions\/58308"}],"wp:featuredmedia":[{"embeddable":true,"href":"https:\/\/solisinforma.com\/index.php?rest_route=\/wp\/v2\/media\/58295"}],"wp:attachment":[{"href":"https:\/\/solisinforma.com\/index.php?rest_route=%2Fwp%2Fv2%2Fmedia&parent=58294"}],"wp:term":[{"taxonomy":"category","embeddable":true,"href":"https:\/\/solisinforma.com\/index.php?rest_route=%2Fwp%2Fv2%2Fcategories&post=58294"},{"taxonomy":"post_tag","embeddable":true,"href":"https:\/\/solisinforma.com\/index.php?rest_route=%2Fwp%2Fv2%2Ftags&post=58294"}],"curies":[{"name":"wp","href":"https:\/\/api.w.org\/{rel}","templated":true}]}}