{"id":58302,"date":"2026-09-04T07:18:45","date_gmt":"2026-09-04T11:18:45","guid":{"rendered":"https:\/\/solisinforma.com\/?p=58302"},"modified":"2026-09-04T07:18:45","modified_gmt":"2026-09-04T11:18:45","slug":"corte-confirma-embargo-por-rd500-millones-contra-hermanos-espaillat-por-caso-jet-set","status":"publish","type":"post","link":"https:\/\/solisinforma.com\/?p=58302","title":{"rendered":"Corte confirma embargo por RD$500 millones contra hermanos Espaillat por caso Jet Set"},"content":{"rendered":"<div class=\"c-detail-header\">\n<div class=\"c-detail__subtitle\">\n<div>\n<ul>\n<li><strong>La Corte consider\u00f3 que las medidas de coerci\u00f3n real tienen un car\u00e1cter cautelar, instrumental y provisional, por lo que no constituyen una condena civil anticipada, sino que tienen como finalidad preservar bienes suficientes para garantizar una eventual reparaci\u00f3n de los da\u00f1os ocasionados a las v\u00edctimas.<br \/>\n<\/strong>\u00a0<img data-recalc-dims=\"1\" loading=\"lazy\" decoding=\"async\" class=\"alignnone size-medium wp-image-58304\" src=\"https:\/\/i0.wp.com\/solisinforma.com\/wp-content\/uploads\/2026\/09\/Hermanos-Espaillat.jpg?resize=640%2C360&#038;ssl=1\" alt=\"\" width=\"640\" height=\"360\" srcset=\"https:\/\/i0.wp.com\/solisinforma.com\/wp-content\/uploads\/2026\/09\/Hermanos-Espaillat.jpg?w=1200&amp;ssl=1 1200w, https:\/\/i0.wp.com\/solisinforma.com\/wp-content\/uploads\/2026\/09\/Hermanos-Espaillat.jpg?resize=768%2C432&amp;ssl=1 768w, https:\/\/i0.wp.com\/solisinforma.com\/wp-content\/uploads\/2026\/09\/Hermanos-Espaillat.jpg?resize=1024%2C576&amp;ssl=1 1024w\" sizes=\"auto, (max-width: 640px) 100vw, 640px\" \/><\/li>\n<\/ul>\n<\/div>\n<\/div>\n<\/div>\n<p id=\"m26473-26472-26474\">\nLa Primera Sala Penal de la Corte de Apelaci\u00f3n del Distrito Nacional confirm\u00f3 las medidas de embargo conservatorio, embargo retentivo e hipoteca judicial provisional por RD$500 millones contra los bienes de los empresarios Antonio y Maribel Espaillat, imputados por el colapso del techo de la discoteca Jet Set, tragedia que dej\u00f3 236 personas fallecidas y m\u00e1s de 80 heridas.<\/p>\n<p id=\"m26478-26477-26479\">El tribunal, reunido en c\u00e1mara de consejo y presidido por la magistrada Doris Josefina Pujols Ortiz, e integrado adem\u00e1s por Daisy Indhira Mont\u00e1s Pimentel, rechaz\u00f3 el recurso de apelaci\u00f3n presentado por los hermanos Espaillat a trav\u00e9s de sus abogados Miguel Valerio, Ram\u00f3n Emilio N\u00fa\u00f1ez N\u00fa\u00f1ez y Carlos Alberto Polanco Rodr\u00edguez, Bernardo El\u00edas Almonte Checo y Francisco Moita Pacheco.<\/p>\n<p id=\"m26483-26482-26484\">El magistrado Rafael B\u00e1ez Garc\u00eda, quien particip\u00f3 en la deliberaci\u00f3n, no pudo suscribir la decisi\u00f3n debido a que se encontraba de vacaciones al momento de la firma.<\/p>\n<p id=\"m26488-26487-26489\">La Corte consider\u00f3 que las medidas de coerci\u00f3n real tienen un car\u00e1cter cautelar, instrumental y provisional, por lo que no constituyen una condena civil anticipada, sino que tienen como finalidad preservar bienes suficientes para garantizar una eventual reparaci\u00f3n de los da\u00f1os ocasionados a las v\u00edctimas.<\/p>\n<p id=\"m26493-26492-26494\">Los jueces tambi\u00e9n se\u00f1alaron que el juez del Primer Juzgado de la Instrucci\u00f3n del Distrito Nacional, Raymundo Mej\u00eda, estableci\u00f3 un l\u00edmite econ\u00f3mico preciso de RD$500 millones, por lo que ninguna actuaci\u00f3n de ejecuci\u00f3n de las medidas puede superar esa cantidad.<\/p>\n<h3 class=\"c-detail__destacado\">Corte rechaza argumento sobre multiplicaci\u00f3n de embargos<\/h3>\n<p id=\"m26498-26497-26499\">Uno de los principales argumentos planteados por los recurrentes fue que la pluralidad de v\u00edctimas podr\u00eda provocar una afectaci\u00f3n patrimonial superior al monto establecido por el tribunal de primer grado.<\/p>\n<p id=\"m26503-26502-26504\">Sin embargo, la Corte estableci\u00f3 que la existencia de m\u00faltiples v\u00edctimas es una circunstancia propia de la estructura del proceso y que, por s\u00ed sola, no constituye una raz\u00f3n v\u00e1lida para privarlas del mecanismo cautelar previsto por la legislaci\u00f3n.<\/p>\n<p id=\"m26508-26507-26509\">El tribunal explic\u00f3 que cualquier exceso que pudiera producirse durante la fase de ejecuci\u00f3n cuenta con mecanismos de correcci\u00f3n contemplados en el art\u00edculo 50 del C\u00f3digo de Procedimiento Civil, entre ellos la reducci\u00f3n, limitaci\u00f3n o cancelaci\u00f3n del embargo cuando existan motivos serios y leg\u00edtimos.<\/p>\n<p id=\"m26513-26512-26514\">En ese sentido, los jueces concluyeron que los recurrentes no demostraron que las medidas autorizadas hubieran perdido su finalidad ni que se hubiese producido una afectaci\u00f3n patrimonial superior a los RD$500 millones fijados como l\u00edmite.<\/p>\n<p id=\"m26518-26517-26519\">Por tanto, la Corte determin\u00f3 que no proced\u00eda revocar las medidas ni sustituirlas por una fianza.<\/p>\n<p><img data-recalc-dims=\"1\" loading=\"lazy\" decoding=\"async\" class=\"alignnone size-full wp-image-58303\" src=\"https:\/\/i0.wp.com\/solisinforma.com\/wp-content\/uploads\/2026\/09\/Hermanos-Espaillat-2.jpg?resize=640%2C360&#038;ssl=1\" alt=\"\" width=\"640\" height=\"360\" srcset=\"https:\/\/i0.wp.com\/solisinforma.com\/wp-content\/uploads\/2026\/09\/Hermanos-Espaillat-2.jpg?w=1200&amp;ssl=1 1200w, https:\/\/i0.wp.com\/solisinforma.com\/wp-content\/uploads\/2026\/09\/Hermanos-Espaillat-2.jpg?resize=768%2C432&amp;ssl=1 768w, https:\/\/i0.wp.com\/solisinforma.com\/wp-content\/uploads\/2026\/09\/Hermanos-Espaillat-2.jpg?resize=1024%2C576&amp;ssl=1 1024w\" sizes=\"auto, (max-width: 640px) 100vw, 640px\" \/><\/p>\n<h3 class=\"c-detail__destacado\">\u00bfQui\u00e9nes recurrieron la decisi\u00f3n?<\/h3>\n<p id=\"m26523-26522-26524\">El recurso de apelaci\u00f3n tambi\u00e9n fue interpuesto por Ana Grecia L\u00f3pez y Evelyn Espaillat, as\u00ed como por las sociedades comerciales Inversiones EyL, S.R.L.; Radio Cadena Comercial, S.R.L.; Difusora Hemisferio, S.R.L., e Inversiones CCEP-2, S.A.<\/p>\n<p id=\"m26528-26527-26529\">La impugnaci\u00f3n estuvo dirigida contra el ordinal s\u00e9ptimo de la resoluci\u00f3n n\u00fam. 057-2026-SACO-00101, dictada el 15 de junio de 2026 por el juez Raymundo Mej\u00eda.<\/p>\n<p id=\"m26533-26532-26534\">Mediante esa decisi\u00f3n fue ordenado el auto de apertura a juicio contra Antonio y Maribel Espaillat, por la presunta violaci\u00f3n de los art\u00edculos 319 y 320 del C\u00f3digo Penal, en el proceso derivado del colapso del techo de la discoteca Jet Set.<\/p>\n<p id=\"m26538-26537-26539\">Los recurrentes alegaron que la forma en que fue autorizada la medida conservatoria, como una garant\u00eda global de RD$500 millones, pod\u00eda generar en la pr\u00e1ctica una afectaci\u00f3n patrimonial multiplicada, debido a que las v\u00edctimas constituidas en el proceso podr\u00edan trabar embargos de manera individual e independiente.<\/p>\n<p id=\"m26543-26542-26544\">Seg\u00fan su planteamiento, esa situaci\u00f3n podr\u00eda provocar que las medidas de ejecuci\u00f3n terminaran excediendo ampliamente el monto establecido por el tribunal de primer grado.<\/p>\n<p id=\"m26548-26547-26549\">Por esa raz\u00f3n, solicitaron a la Corte revocar el ordinal s\u00e9ptimo de la resoluci\u00f3n y sustituir las medidas conservatorias por una fianza equivalente otorgada por una compa\u00f1\u00eda aseguradora, adem\u00e1s de que fueran individualizados los nombres de los beneficiarios de dicha garant\u00eda.<\/p>\n<p id=\"m26553-26552-26554\">Con la decisi\u00f3n de la Primera Sala Penal de la Corte de Apelaci\u00f3n, las medidas conservatorias por RD$500 millones permanecen vigentes, sujetas al l\u00edmite econ\u00f3mico establecido por el tribunal de instrucci\u00f3n.<\/p>\n<h6><span style=\"color: #999999;\">Por. Ram\u00f3n Cruz Benzan \/ LD<\/span><\/h6>\n","protected":false},"excerpt":{"rendered":"<p>La Corte consider\u00f3 que las medidas de coerci\u00f3n real tienen un car\u00e1cter cautelar, instrumental y&#8230;<\/p>\n","protected":false},"author":2,"featured_media":58304,"comment_status":"open","ping_status":"open","sticky":false,"template":"","format":"standard","meta":{"_jetpack_newsletter_access":"","_jetpack_dont_email_post_to_subs":false,"_jetpack_newsletter_tier_id":0,"_jetpack_memberships_contains_paywalled_content":false,"_jetpack_memberships_contains_paid_content":false,"_joinchat":[],"footnotes":"","jetpack_publicize_message":"","jetpack_publicize_feature_enabled":true,"jetpack_social_post_already_shared":true,"jetpack_social_options":{"image_generator_settings":{"template":"highway","default_image_id":0,"font":"","enabled":false},"version":2},"jetpack_post_was_ever_published":false},"categories":[8,39],"tags":[22637,18286,13779,18235,2056,22636,46,18209],"class_list":["post-58302","post","type-post","status-publish","format-standard","has-post-thumbnail","hentry","category-nacionales","category-primeraplana","tag-500-millones","tag-antonio-espaillat","tag-embargo","tag-jet-set","tag-justicia","tag-maribel-espaillat","tag-solis-informa","tag-tragedia-jet-set"],"yoast_head":"<!-- This site is optimized with the Yoast SEO plugin v24.9 - https:\/\/yoast.com\/wordpress\/plugins\/seo\/ -->\n<title>Corte confirma embargo por RD$500 millones contra hermanos Espaillat por caso Jet Set - Solis Informa<\/title>\n<meta name=\"robots\" content=\"index, follow, max-snippet:-1, max-image-preview:large, max-video-preview:-1\" \/>\n<link rel=\"canonical\" href=\"https:\/\/solisinforma.com\/?p=58302\" \/>\n<meta property=\"og:locale\" content=\"es_ES\" \/>\n<meta property=\"og:type\" content=\"article\" \/>\n<meta property=\"og:title\" content=\"Corte confirma embargo por RD$500 millones contra hermanos Espaillat por caso Jet Set - Solis Informa\" \/>\n<meta property=\"og:description\" content=\"La Corte consider\u00f3 que las medidas de coerci\u00f3n real tienen un car\u00e1cter cautelar, instrumental y...\" \/>\n<meta property=\"og:url\" content=\"https:\/\/solisinforma.com\/?p=58302\" \/>\n<meta property=\"og:site_name\" content=\"Solis Informa\" \/>\n<meta property=\"article:publisher\" content=\"https:\/\/www.facebook.com\/Solisinforma1\/\" \/>\n<meta property=\"article:author\" content=\"https:\/\/www.facebook.com\/Solisinforma\/\" \/>\n<meta property=\"article:published_time\" content=\"2026-09-04T11:18:45+00:00\" \/>\n<meta property=\"og:image\" content=\"https:\/\/solisinforma.com\/wp-content\/uploads\/2026\/09\/Hermanos-Espaillat.jpg\" \/>\n\t<meta property=\"og:image:width\" content=\"1200\" \/>\n\t<meta property=\"og:image:height\" content=\"675\" \/>\n\t<meta property=\"og:image:type\" content=\"image\/jpeg\" \/>\n<meta name=\"author\" content=\"Hector Solis\" \/>\n<meta name=\"twitter:card\" content=\"summary_large_image\" \/>\n<meta name=\"twitter:creator\" content=\"@solisinforma1\" \/>\n<meta name=\"twitter:label1\" content=\"Escrito por\" \/>\n\t<meta name=\"twitter:data1\" content=\"Hector Solis\" \/>\n\t<meta name=\"twitter:label2\" content=\"Tiempo de lectura\" \/>\n\t<meta name=\"twitter:data2\" content=\"4 minutos\" \/>\n<script type=\"application\/ld+json\" class=\"yoast-schema-graph\">{\"@context\":\"https:\/\/schema.org\",\"@graph\":[{\"@type\":\"Article\",\"@id\":\"https:\/\/solisinforma.com\/?p=58302#article\",\"isPartOf\":{\"@id\":\"https:\/\/solisinforma.com\/?p=58302\"},\"author\":{\"name\":\"Hector Solis\",\"@id\":\"https:\/\/solisinforma.com\/#\/schema\/person\/db4967d1c8ed640d46bf21dc55215612\"},\"headline\":\"Corte confirma embargo por RD$500 millones contra hermanos Espaillat por caso Jet Set\",\"datePublished\":\"2026-09-04T11:18:45+00:00\",\"mainEntityOfPage\":{\"@id\":\"https:\/\/solisinforma.com\/?p=58302\"},\"wordCount\":801,\"commentCount\":0,\"publisher\":{\"@id\":\"https:\/\/solisinforma.com\/#organization\"},\"image\":{\"@id\":\"https:\/\/solisinforma.com\/?p=58302#primaryimage\"},\"thumbnailUrl\":\"https:\/\/i0.wp.com\/solisinforma.com\/wp-content\/uploads\/2026\/09\/Hermanos-Espaillat.jpg?fit=1200%2C675&ssl=1\",\"keywords\":[\"500 millones\",\"Antonio Espaillat\",\"Embargo\",\"Jet Set\",\"Justicia\",\"Maribel Espaillat\",\"Solis informa\",\"Tragedia Jet Set\"],\"articleSection\":[\"Nacionales\",\"Primera Plana\"],\"inLanguage\":\"es\",\"potentialAction\":[{\"@type\":\"CommentAction\",\"name\":\"Comment\",\"target\":[\"https:\/\/solisinforma.com\/?p=58302#respond\"]}]},{\"@type\":\"WebPage\",\"@id\":\"https:\/\/solisinforma.com\/?p=58302\",\"url\":\"https:\/\/solisinforma.com\/?p=58302\",\"name\":\"Corte confirma embargo por RD$500 millones contra hermanos Espaillat por caso Jet Set - Solis Informa\",\"isPartOf\":{\"@id\":\"https:\/\/solisinforma.com\/#website\"},\"primaryImageOfPage\":{\"@id\":\"https:\/\/solisinforma.com\/?p=58302#primaryimage\"},\"image\":{\"@id\":\"https:\/\/solisinforma.com\/?p=58302#primaryimage\"},\"thumbnailUrl\":\"https:\/\/i0.wp.com\/solisinforma.com\/wp-content\/uploads\/2026\/09\/Hermanos-Espaillat.jpg?fit=1200%2C675&ssl=1\",\"datePublished\":\"2026-09-04T11:18:45+00:00\",\"breadcrumb\":{\"@id\":\"https:\/\/solisinforma.com\/?p=58302#breadcrumb\"},\"inLanguage\":\"es\",\"potentialAction\":[{\"@type\":\"ReadAction\",\"target\":[\"https:\/\/solisinforma.com\/?p=58302\"]}]},{\"@type\":\"ImageObject\",\"inLanguage\":\"es\",\"@id\":\"https:\/\/solisinforma.com\/?p=58302#primaryimage\",\"url\":\"https:\/\/i0.wp.com\/solisinforma.com\/wp-content\/uploads\/2026\/09\/Hermanos-Espaillat.jpg?fit=1200%2C675&ssl=1\",\"contentUrl\":\"https:\/\/i0.wp.com\/solisinforma.com\/wp-content\/uploads\/2026\/09\/Hermanos-Espaillat.jpg?fit=1200%2C675&ssl=1\",\"width\":1200,\"height\":675},{\"@type\":\"BreadcrumbList\",\"@id\":\"https:\/\/solisinforma.com\/?p=58302#breadcrumb\",\"itemListElement\":[{\"@type\":\"ListItem\",\"position\":1,\"name\":\"Portada\",\"item\":\"https:\/\/solisinforma.com\/\"},{\"@type\":\"ListItem\",\"position\":2,\"name\":\"Corte confirma embargo por RD$500 millones contra hermanos Espaillat por caso Jet Set\"}]},{\"@type\":\"WebSite\",\"@id\":\"https:\/\/solisinforma.com\/#website\",\"url\":\"https:\/\/solisinforma.com\/\",\"name\":\"Solis Informa\",\"description\":\"El Diario de San Juan\",\"publisher\":{\"@id\":\"https:\/\/solisinforma.com\/#organization\"},\"potentialAction\":[{\"@type\":\"SearchAction\",\"target\":{\"@type\":\"EntryPoint\",\"urlTemplate\":\"https:\/\/solisinforma.com\/?s={search_term_string}\"},\"query-input\":{\"@type\":\"PropertyValueSpecification\",\"valueRequired\":true,\"valueName\":\"search_term_string\"}}],\"inLanguage\":\"es\"},{\"@type\":\"Organization\",\"@id\":\"https:\/\/solisinforma.com\/#organization\",\"name\":\"Solis Informa\",\"url\":\"https:\/\/solisinforma.com\/\",\"logo\":{\"@type\":\"ImageObject\",\"inLanguage\":\"es\",\"@id\":\"https:\/\/solisinforma.com\/#\/schema\/logo\/image\/\",\"url\":\"https:\/\/i0.wp.com\/solisinforma.com\/wp-content\/uploads\/2020\/07\/cropped-solis-4.png?fit=512%2C512&ssl=1\",\"contentUrl\":\"https:\/\/i0.wp.com\/solisinforma.com\/wp-content\/uploads\/2020\/07\/cropped-solis-4.png?fit=512%2C512&ssl=1\",\"width\":512,\"height\":512,\"caption\":\"Solis Informa\"},\"image\":{\"@id\":\"https:\/\/solisinforma.com\/#\/schema\/logo\/image\/\"},\"sameAs\":[\"https:\/\/www.facebook.com\/Solisinforma1\/\"]},{\"@type\":\"Person\",\"@id\":\"https:\/\/solisinforma.com\/#\/schema\/person\/db4967d1c8ed640d46bf21dc55215612\",\"name\":\"Hector Solis\",\"image\":{\"@type\":\"ImageObject\",\"inLanguage\":\"es\",\"@id\":\"https:\/\/solisinforma.com\/#\/schema\/person\/image\/\",\"url\":\"https:\/\/secure.gravatar.com\/avatar\/3e116868529a43555438940611160b9cf01e4fb17f119453a6329d96e10fecf8?s=96&d=mm&r=g\",\"contentUrl\":\"https:\/\/secure.gravatar.com\/avatar\/3e116868529a43555438940611160b9cf01e4fb17f119453a6329d96e10fecf8?s=96&d=mm&r=g\",\"caption\":\"Hector Solis\"},\"sameAs\":[\"http:\/\/Solisinforma.com\",\"https:\/\/www.facebook.com\/Solisinforma\/\",\"https:\/\/www.instagram.com\/solisinforma\/\",\"www.linkedin.com\/in\/hectorsolisinforma\",\"https:\/\/x.com\/solisinforma1\",\"@Solisinformaenvivo\",\"https:\/\/soundcloud.com\/solisinforma\"],\"url\":\"https:\/\/solisinforma.com\/?author=2\"}]}<\/script>\n<!-- \/ Yoast SEO plugin. -->","yoast_head_json":{"title":"Corte confirma embargo por RD$500 millones contra hermanos Espaillat por caso Jet Set - Solis Informa","robots":{"index":"index","follow":"follow","max-snippet":"max-snippet:-1","max-image-preview":"max-image-preview:large","max-video-preview":"max-video-preview:-1"},"canonical":"https:\/\/solisinforma.com\/?p=58302","og_locale":"es_ES","og_type":"article","og_title":"Corte confirma embargo por RD$500 millones contra hermanos Espaillat por caso Jet Set - Solis Informa","og_description":"La Corte consider\u00f3 que las medidas de coerci\u00f3n real tienen un car\u00e1cter cautelar, instrumental y...","og_url":"https:\/\/solisinforma.com\/?p=58302","og_site_name":"Solis Informa","article_publisher":"https:\/\/www.facebook.com\/Solisinforma1\/","article_author":"https:\/\/www.facebook.com\/Solisinforma\/","article_published_time":"2026-09-04T11:18:45+00:00","og_image":[{"width":1200,"height":675,"url":"https:\/\/solisinforma.com\/wp-content\/uploads\/2026\/09\/Hermanos-Espaillat.jpg","type":"image\/jpeg"}],"author":"Hector Solis","twitter_card":"summary_large_image","twitter_creator":"@solisinforma1","twitter_misc":{"Escrito por":"Hector Solis","Tiempo de lectura":"4 minutos"},"schema":{"@context":"https:\/\/schema.org","@graph":[{"@type":"Article","@id":"https:\/\/solisinforma.com\/?p=58302#article","isPartOf":{"@id":"https:\/\/solisinforma.com\/?p=58302"},"author":{"name":"Hector Solis","@id":"https:\/\/solisinforma.com\/#\/schema\/person\/db4967d1c8ed640d46bf21dc55215612"},"headline":"Corte confirma embargo por RD$500 millones contra hermanos Espaillat por caso Jet Set","datePublished":"2026-09-04T11:18:45+00:00","mainEntityOfPage":{"@id":"https:\/\/solisinforma.com\/?p=58302"},"wordCount":801,"commentCount":0,"publisher":{"@id":"https:\/\/solisinforma.com\/#organization"},"image":{"@id":"https:\/\/solisinforma.com\/?p=58302#primaryimage"},"thumbnailUrl":"https:\/\/i0.wp.com\/solisinforma.com\/wp-content\/uploads\/2026\/09\/Hermanos-Espaillat.jpg?fit=1200%2C675&ssl=1","keywords":["500 millones","Antonio Espaillat","Embargo","Jet Set","Justicia","Maribel Espaillat","Solis informa","Tragedia Jet Set"],"articleSection":["Nacionales","Primera Plana"],"inLanguage":"es","potentialAction":[{"@type":"CommentAction","name":"Comment","target":["https:\/\/solisinforma.com\/?p=58302#respond"]}]},{"@type":"WebPage","@id":"https:\/\/solisinforma.com\/?p=58302","url":"https:\/\/solisinforma.com\/?p=58302","name":"Corte confirma embargo por RD$500 millones contra hermanos Espaillat por caso Jet Set - Solis Informa","isPartOf":{"@id":"https:\/\/solisinforma.com\/#website"},"primaryImageOfPage":{"@id":"https:\/\/solisinforma.com\/?p=58302#primaryimage"},"image":{"@id":"https:\/\/solisinforma.com\/?p=58302#primaryimage"},"thumbnailUrl":"https:\/\/i0.wp.com\/solisinforma.com\/wp-content\/uploads\/2026\/09\/Hermanos-Espaillat.jpg?fit=1200%2C675&ssl=1","datePublished":"2026-09-04T11:18:45+00:00","breadcrumb":{"@id":"https:\/\/solisinforma.com\/?p=58302#breadcrumb"},"inLanguage":"es","potentialAction":[{"@type":"ReadAction","target":["https:\/\/solisinforma.com\/?p=58302"]}]},{"@type":"ImageObject","inLanguage":"es","@id":"https:\/\/solisinforma.com\/?p=58302#primaryimage","url":"https:\/\/i0.wp.com\/solisinforma.com\/wp-content\/uploads\/2026\/09\/Hermanos-Espaillat.jpg?fit=1200%2C675&ssl=1","contentUrl":"https:\/\/i0.wp.com\/solisinforma.com\/wp-content\/uploads\/2026\/09\/Hermanos-Espaillat.jpg?fit=1200%2C675&ssl=1","width":1200,"height":675},{"@type":"BreadcrumbList","@id":"https:\/\/solisinforma.com\/?p=58302#breadcrumb","itemListElement":[{"@type":"ListItem","position":1,"name":"Portada","item":"https:\/\/solisinforma.com\/"},{"@type":"ListItem","position":2,"name":"Corte confirma embargo por RD$500 millones contra hermanos Espaillat por caso Jet Set"}]},{"@type":"WebSite","@id":"https:\/\/solisinforma.com\/#website","url":"https:\/\/solisinforma.com\/","name":"Solis Informa","description":"El Diario de San Juan","publisher":{"@id":"https:\/\/solisinforma.com\/#organization"},"potentialAction":[{"@type":"SearchAction","target":{"@type":"EntryPoint","urlTemplate":"https:\/\/solisinforma.com\/?s={search_term_string}"},"query-input":{"@type":"PropertyValueSpecification","valueRequired":true,"valueName":"search_term_string"}}],"inLanguage":"es"},{"@type":"Organization","@id":"https:\/\/solisinforma.com\/#organization","name":"Solis Informa","url":"https:\/\/solisinforma.com\/","logo":{"@type":"ImageObject","inLanguage":"es","@id":"https:\/\/solisinforma.com\/#\/schema\/logo\/image\/","url":"https:\/\/i0.wp.com\/solisinforma.com\/wp-content\/uploads\/2020\/07\/cropped-solis-4.png?fit=512%2C512&ssl=1","contentUrl":"https:\/\/i0.wp.com\/solisinforma.com\/wp-content\/uploads\/2020\/07\/cropped-solis-4.png?fit=512%2C512&ssl=1","width":512,"height":512,"caption":"Solis Informa"},"image":{"@id":"https:\/\/solisinforma.com\/#\/schema\/logo\/image\/"},"sameAs":["https:\/\/www.facebook.com\/Solisinforma1\/"]},{"@type":"Person","@id":"https:\/\/solisinforma.com\/#\/schema\/person\/db4967d1c8ed640d46bf21dc55215612","name":"Hector Solis","image":{"@type":"ImageObject","inLanguage":"es","@id":"https:\/\/solisinforma.com\/#\/schema\/person\/image\/","url":"https:\/\/secure.gravatar.com\/avatar\/3e116868529a43555438940611160b9cf01e4fb17f119453a6329d96e10fecf8?s=96&d=mm&r=g","contentUrl":"https:\/\/secure.gravatar.com\/avatar\/3e116868529a43555438940611160b9cf01e4fb17f119453a6329d96e10fecf8?s=96&d=mm&r=g","caption":"Hector Solis"},"sameAs":["http:\/\/Solisinforma.com","https:\/\/www.facebook.com\/Solisinforma\/","https:\/\/www.instagram.com\/solisinforma\/","www.linkedin.com\/in\/hectorsolisinforma","https:\/\/x.com\/solisinforma1","@Solisinformaenvivo","https:\/\/soundcloud.com\/solisinforma"],"url":"https:\/\/solisinforma.com\/?author=2"}]}},"jetpack_publicize_connections":[],"jetpack_featured_media_url":"https:\/\/i0.wp.com\/solisinforma.com\/wp-content\/uploads\/2026\/09\/Hermanos-Espaillat.jpg?fit=1200%2C675&ssl=1","jetpack_sharing_enabled":true,"jetpack_likes_enabled":true,"jetpack-related-posts":[{"id":31995,"url":"https:\/\/solisinforma.com\/?p=31995","url_meta":{"origin":58302,"position":0},"title":"Jet Set: solicitud de medida de coerci\u00f3n contra los Espaillat ser\u00e1 depositada este s\u00e1bado","author":"Hector Solis","date":"14 de junio de 2025","format":false,"excerpt":"Tras el arresto de Antonio y Maribel Espaillat ocurrido la tarde del jueves, el Ministerio P\u00fablico dispone de un plazo de 48 horas para presentar el expediente Ser\u00e1 este s\u00e1bado, sin hora espec\u00edfica, cuando el\u00a0Ministerio P\u00fablico\u00a0deposite la solicitud de\u00a0medida de coerci\u00f3n\u00a0contra los\u00a0hermanos Antonio y Maribel Espaillat, investigados por\u00a0homicidio involuntario\u00a0por el\u2026","rel":"","context":"En \u00abNacionales\u00bb","block_context":{"text":"Nacionales","link":"https:\/\/solisinforma.com\/?cat=8"},"img":{"alt_text":"","src":"https:\/\/i0.wp.com\/solisinforma.com\/wp-content\/uploads\/2025\/06\/Antonio-espaillat-arrestado.jpg?fit=1111%2C1200&ssl=1&resize=350%2C200","width":350,"height":200,"srcset":"https:\/\/i0.wp.com\/solisinforma.com\/wp-content\/uploads\/2025\/06\/Antonio-espaillat-arrestado.jpg?fit=1111%2C1200&ssl=1&resize=350%2C200 1x, https:\/\/i0.wp.com\/solisinforma.com\/wp-content\/uploads\/2025\/06\/Antonio-espaillat-arrestado.jpg?fit=1111%2C1200&ssl=1&resize=525%2C300 1.5x, https:\/\/i0.wp.com\/solisinforma.com\/wp-content\/uploads\/2025\/06\/Antonio-espaillat-arrestado.jpg?fit=1111%2C1200&ssl=1&resize=700%2C400 2x, https:\/\/i0.wp.com\/solisinforma.com\/wp-content\/uploads\/2025\/06\/Antonio-espaillat-arrestado.jpg?fit=1111%2C1200&ssl=1&resize=1050%2C600 3x"},"classes":[]},{"id":31171,"url":"https:\/\/solisinforma.com\/?p=31171","url_meta":{"origin":58302,"position":1},"title":"Familia demanda por 300 millones a grupo Jet Set, pide prisi\u00f3n preventiva contra propietarios","author":"Hector Solis","date":"23 de abril de 2025","format":false,"excerpt":"En la querella, la madre de Catherine Marie Najri Nadal, quien falleci\u00f3 en la tragedia, se\u00f1ala que reclamar\u00e1n el pago de una indemnizaci\u00f3n estimada en 300 millones de pesos. Los familiares de una empresaria de alto nivel,\u00a0 constituidios en actor civil en contra de los propietarios de la discoteca Jet\u2026","rel":"","context":"En \u00abNacionales\u00bb","block_context":{"text":"Nacionales","link":"https:\/\/solisinforma.com\/?cat=8"},"img":{"alt_text":"","src":"https:\/\/i0.wp.com\/solisinforma.com\/wp-content\/uploads\/2025\/04\/Lugar-Discoteca-Jet-Set.jpg?fit=1200%2C675&ssl=1&resize=350%2C200","width":350,"height":200,"srcset":"https:\/\/i0.wp.com\/solisinforma.com\/wp-content\/uploads\/2025\/04\/Lugar-Discoteca-Jet-Set.jpg?fit=1200%2C675&ssl=1&resize=350%2C200 1x, https:\/\/i0.wp.com\/solisinforma.com\/wp-content\/uploads\/2025\/04\/Lugar-Discoteca-Jet-Set.jpg?fit=1200%2C675&ssl=1&resize=525%2C300 1.5x, https:\/\/i0.wp.com\/solisinforma.com\/wp-content\/uploads\/2025\/04\/Lugar-Discoteca-Jet-Set.jpg?fit=1200%2C675&ssl=1&resize=700%2C400 2x, https:\/\/i0.wp.com\/solisinforma.com\/wp-content\/uploads\/2025\/04\/Lugar-Discoteca-Jet-Set.jpg?fit=1200%2C675&ssl=1&resize=1050%2C600 3x"},"classes":[]},{"id":31974,"url":"https:\/\/solisinforma.com\/?p=31974","url_meta":{"origin":58302,"position":2},"title":"Dejan bajo arresto a Antonio Espaillat y su hermana.","author":"Hector Solis","date":"12 de junio de 2025","format":false,"excerpt":"Tambi\u00e9n qued\u00f3 detenida su hermana Maribel. El propietario del Jet Set y su hermana son investigados por homicidio involuntario por la negligencia que exhibieron en el cuidado del techo de la discoteca que, finalmente, colaps\u00f3, provocando 236 muertos y m\u00e1s de 180 heridos SANTO DOMINGO (Rep\u00fablica Dominicana).- El Ministerio P\u00fablico\u2026","rel":"","context":"En \u00abNacionales\u00bb","block_context":{"text":"Nacionales","link":"https:\/\/solisinforma.com\/?cat=8"},"img":{"alt_text":"","src":"https:\/\/i0.wp.com\/solisinforma.com\/wp-content\/uploads\/2025\/04\/Espaillat-Antonio-Jet-Set.jpg?fit=1200%2C675&ssl=1&resize=350%2C200","width":350,"height":200,"srcset":"https:\/\/i0.wp.com\/solisinforma.com\/wp-content\/uploads\/2025\/04\/Espaillat-Antonio-Jet-Set.jpg?fit=1200%2C675&ssl=1&resize=350%2C200 1x, https:\/\/i0.wp.com\/solisinforma.com\/wp-content\/uploads\/2025\/04\/Espaillat-Antonio-Jet-Set.jpg?fit=1200%2C675&ssl=1&resize=525%2C300 1.5x, https:\/\/i0.wp.com\/solisinforma.com\/wp-content\/uploads\/2025\/04\/Espaillat-Antonio-Jet-Set.jpg?fit=1200%2C675&ssl=1&resize=700%2C400 2x, https:\/\/i0.wp.com\/solisinforma.com\/wp-content\/uploads\/2025\/04\/Espaillat-Antonio-Jet-Set.jpg?fit=1200%2C675&ssl=1&resize=1050%2C600 3x"},"classes":[]},{"id":32083,"url":"https:\/\/solisinforma.com\/?p=32083","url_meta":{"origin":58302,"position":3},"title":"* Zulinka P\u00e9rez recibi\u00f3 1 mill\u00f3n de pesos para desistir demandar por da\u00f1os en colapso de Jet Set","author":"Hector Solis","date":"19 de junio de 2025","format":false,"excerpt":"La hija del merenguero firm\u00f3 descargo, seg\u00fan consta en los documentos de la defensa de Antonio Espaillat La cantante\u00a0Zulinka P\u00e9rez\u00a0recibi\u00f3\u00a01 mill\u00f3n de pesos\u00a0por parte de la empresa Inversiones E & L, S. R. L., propietaria de\u00a0Jet Set\u00a0para desistir iniciar una\u00a0demanda\u00a0en contra de\u00a0Antonio Espaillat\u00a0y Maribel Espaillat por da\u00f1os y perjuicios a\u2026","rel":"","context":"En \u00abNacionales\u00bb","block_context":{"text":"Nacionales","link":"https:\/\/solisinforma.com\/?cat=8"},"img":{"alt_text":"","src":"https:\/\/i0.wp.com\/solisinforma.com\/wp-content\/uploads\/2025\/06\/Zulinka-Perez.jpg?fit=1200%2C675&ssl=1&resize=350%2C200","width":350,"height":200,"srcset":"https:\/\/i0.wp.com\/solisinforma.com\/wp-content\/uploads\/2025\/06\/Zulinka-Perez.jpg?fit=1200%2C675&ssl=1&resize=350%2C200 1x, https:\/\/i0.wp.com\/solisinforma.com\/wp-content\/uploads\/2025\/06\/Zulinka-Perez.jpg?fit=1200%2C675&ssl=1&resize=525%2C300 1.5x, https:\/\/i0.wp.com\/solisinforma.com\/wp-content\/uploads\/2025\/06\/Zulinka-Perez.jpg?fit=1200%2C675&ssl=1&resize=700%2C400 2x, https:\/\/i0.wp.com\/solisinforma.com\/wp-content\/uploads\/2025\/06\/Zulinka-Perez.jpg?fit=1200%2C675&ssl=1&resize=1050%2C600 3x"},"classes":[]},{"id":54374,"url":"https:\/\/solisinforma.com\/?p=54374","url_meta":{"origin":58302,"position":4},"title":"Familia Espaillat dice ha resarcido al 70 % de las v\u00edctimas del Jet Set","author":"Hector Solis","date":"19 de enero de 2026","format":false,"excerpt":"Los hermanos Antonio y Maribel Espaillat indicaron que \u201cdesde el primer momento han actuado con responsabilidad, respeto y solidaridad, colocando en el centro el dolor humano de las familias impactadas por esta tragedia\u201d. La\u00a0familia Espaillat\u00a0inform\u00f3 a trav\u00e9s de una comunicaci\u00f3n que, aun sin existir una sentencia, ha resarcido hasta la\u2026","rel":"","context":"En \u00abNacionales\u00bb","block_context":{"text":"Nacionales","link":"https:\/\/solisinforma.com\/?cat=8"},"img":{"alt_text":"","src":"https:\/\/i0.wp.com\/solisinforma.com\/wp-content\/uploads\/2025\/04\/Fallecidos-Jet-Set.jpg?fit=1200%2C676&ssl=1&resize=350%2C200","width":350,"height":200,"srcset":"https:\/\/i0.wp.com\/solisinforma.com\/wp-content\/uploads\/2025\/04\/Fallecidos-Jet-Set.jpg?fit=1200%2C676&ssl=1&resize=350%2C200 1x, https:\/\/i0.wp.com\/solisinforma.com\/wp-content\/uploads\/2025\/04\/Fallecidos-Jet-Set.jpg?fit=1200%2C676&ssl=1&resize=525%2C300 1.5x, https:\/\/i0.wp.com\/solisinforma.com\/wp-content\/uploads\/2025\/04\/Fallecidos-Jet-Set.jpg?fit=1200%2C676&ssl=1&resize=700%2C400 2x, https:\/\/i0.wp.com\/solisinforma.com\/wp-content\/uploads\/2025\/04\/Fallecidos-Jet-Set.jpg?fit=1200%2C676&ssl=1&resize=1050%2C600 3x"},"classes":[]},{"id":32072,"url":"https:\/\/solisinforma.com\/?p=32072","url_meta":{"origin":58302,"position":5},"title":"Caso Jet Set: fianza de RD$50 millones para Antonio Espaillat y su hermana","author":"Hector Solis","date":"19 de junio de 2025","format":false,"excerpt":"La jueza tambi\u00e9n dict\u00f3 presentaci\u00f3n peri\u00f3dica e impedimento de salida como medida de coerci\u00f3n La audiencia se extendi\u00f3 hasta pasada la 1:30 de la madrugada del jueves. Luego de m\u00e1s de 12 horas de litigaci\u00f3n, F\u00e1tima Veloz, jueza de la Oficina de Atenci\u00f3n Permanente del Distrito Nacional, dict\u00f3 la madrugada\u2026","rel":"","context":"En \u00abNacionales\u00bb","block_context":{"text":"Nacionales","link":"https:\/\/solisinforma.com\/?cat=8"},"img":{"alt_text":"","src":"https:\/\/i0.wp.com\/solisinforma.com\/wp-content\/uploads\/2025\/06\/InShot_20250619_081325537.jpg?fit=1200%2C674&ssl=1&resize=350%2C200","width":350,"height":200,"srcset":"https:\/\/i0.wp.com\/solisinforma.com\/wp-content\/uploads\/2025\/06\/InShot_20250619_081325537.jpg?fit=1200%2C674&ssl=1&resize=350%2C200 1x, https:\/\/i0.wp.com\/solisinforma.com\/wp-content\/uploads\/2025\/06\/InShot_20250619_081325537.jpg?fit=1200%2C674&ssl=1&resize=525%2C300 1.5x, https:\/\/i0.wp.com\/solisinforma.com\/wp-content\/uploads\/2025\/06\/InShot_20250619_081325537.jpg?fit=1200%2C674&ssl=1&resize=700%2C400 2x, https:\/\/i0.wp.com\/solisinforma.com\/wp-content\/uploads\/2025\/06\/InShot_20250619_081325537.jpg?fit=1200%2C674&ssl=1&resize=1050%2C600 3x"},"classes":[]}],"jetpack_shortlink":"https:\/\/wp.me\/pc2Svn-fam","_links":{"self":[{"href":"https:\/\/solisinforma.com\/index.php?rest_route=\/wp\/v2\/posts\/58302","targetHints":{"allow":["GET"]}}],"collection":[{"href":"https:\/\/solisinforma.com\/index.php?rest_route=\/wp\/v2\/posts"}],"about":[{"href":"https:\/\/solisinforma.com\/index.php?rest_route=\/wp\/v2\/types\/post"}],"author":[{"embeddable":true,"href":"https:\/\/solisinforma.com\/index.php?rest_route=\/wp\/v2\/users\/2"}],"replies":[{"embeddable":true,"href":"https:\/\/solisinforma.com\/index.php?rest_route=%2Fwp%2Fv2%2Fcomments&post=58302"}],"version-history":[{"count":1,"href":"https:\/\/solisinforma.com\/index.php?rest_route=\/wp\/v2\/posts\/58302\/revisions"}],"predecessor-version":[{"id":58305,"href":"https:\/\/solisinforma.com\/index.php?rest_route=\/wp\/v2\/posts\/58302\/revisions\/58305"}],"wp:featuredmedia":[{"embeddable":true,"href":"https:\/\/solisinforma.com\/index.php?rest_route=\/wp\/v2\/media\/58304"}],"wp:attachment":[{"href":"https:\/\/solisinforma.com\/index.php?rest_route=%2Fwp%2Fv2%2Fmedia&parent=58302"}],"wp:term":[{"taxonomy":"category","embeddable":true,"href":"https:\/\/solisinforma.com\/index.php?rest_route=%2Fwp%2Fv2%2Fcategories&post=58302"},{"taxonomy":"post_tag","embeddable":true,"href":"https:\/\/solisinforma.com\/index.php?rest_route=%2Fwp%2Fv2%2Ftags&post=58302"}],"curies":[{"name":"wp","href":"https:\/\/api.w.org\/{rel}","templated":true}]}}