{"id":58310,"date":"2026-09-04T08:57:44","date_gmt":"2026-09-04T12:57:44","guid":{"rendered":"https:\/\/solisinforma.com\/?p=58310"},"modified":"2026-09-04T08:57:44","modified_gmt":"2026-09-04T12:57:44","slug":"de-persistir-la-sequia-los-platanos-podrian-costar-hasta-rd50","status":"publish","type":"post","link":"https:\/\/solisinforma.com\/?p=58310","title":{"rendered":"De persistir la sequ\u00eda, los pl\u00e1tanos podr\u00edan costar hasta RD$50"},"content":{"rendered":"<div class=\"subtitle text-xl mb-4\">\n<ul>\n<li class=\"flex mb-2\"><strong><strong>El ministro de Agricultura, Francisco Oliverio Espaillat, espera que las condiciones meteorol\u00f3gicas mejoren para los cultivos.\n<p><img data-recalc-dims=\"1\" loading=\"lazy\" decoding=\"async\" class=\"alignnone size-full wp-image-58311\" src=\"https:\/\/i0.wp.com\/solisinforma.com\/wp-content\/uploads\/2026\/09\/Platanos-a-50.jpg?resize=640%2C360&#038;ssl=1\" alt=\"\" width=\"640\" height=\"360\" srcset=\"https:\/\/i0.wp.com\/solisinforma.com\/wp-content\/uploads\/2026\/09\/Platanos-a-50.jpg?w=1280&amp;ssl=1 1280w, https:\/\/i0.wp.com\/solisinforma.com\/wp-content\/uploads\/2026\/09\/Platanos-a-50.jpg?resize=768%2C432&amp;ssl=1 768w, https:\/\/i0.wp.com\/solisinforma.com\/wp-content\/uploads\/2026\/09\/Platanos-a-50.jpg?resize=1024%2C576&amp;ssl=1 1024w\" sizes=\"auto, (max-width: 640px) 100vw, 640px\" \/><br \/>\n<\/strong><\/strong>Si no se atienden los efectos de la <strong>sequ\u00eda<\/strong>\u00a0sobre el sector, el\u00a0<strong>precio<\/strong>\u00a0de los\u00a0<strong>pl\u00e1tanos<\/strong>\u00a0podr\u00eda registrar un aumento significativo en los pr\u00f3ximos meses. El presidente de la Asociaci\u00f3n Dominicana de Productores de\u00a0<strong>Pl\u00e1tanos<\/strong>\u00a0(<strong>Adopl\u00e1tano<\/strong>),\u00a0<strong>Alex Cruz<\/strong>, advirti\u00f3 que el producto podr\u00eda alcanzar los 50 pesos por unidad si persiste la\u00a0<strong>situaci\u00f3n<\/strong>.<\/p>\n<p>Seg\u00fan explic\u00f3, los\u00a0<strong>precios<\/strong>\u00a0ya han comenzado a subir y podr\u00edan mantener una tendencia al alza hasta\u00a0<strong>abril de 2027<\/strong>.\u00a0Cruz indic\u00f3 que actualmente el\u00a0<strong>precio<\/strong>\u00a0puede rondar los\u00a0<strong>25 pesos<\/strong>\u00a0por unidad en algunos establecimientos.<\/p>\n<p>\u00abEl\u00a0<strong>cultivo del pl\u00e1tano<\/strong>, como otros\u00a0<strong>cultivos<\/strong>, est\u00e1 siendo gravemente afectado por la\u00a0<strong>sequ\u00eda<\/strong>, y eso impactar\u00e1 en los\u00a0<strong>precios<\/strong>\u00a0que vamos a tener de oferta de los\u00a0<strong>pl\u00e1tanos<\/strong>\u00a0en los meses por venir\u00bb, dijo.<\/p>\n<p>El dirigente agropecuario se\u00f1al\u00f3 que, regularmente, el\u00a0<strong>precio del pl\u00e1tano<\/strong>\u00a0aumenta entre\u00a0<strong>noviembre y febrero<\/strong>\u00a0debido a factores estacionales. Sin embargo, indic\u00f3 que este a\u00f1o las alzas comenzaron a registrarse desde septiembre debido a la\u00a0<strong>sequ\u00eda<\/strong>.<\/p>\n<h2>Soluciones a la\u00a0<strong>sequ\u00eda<\/strong><\/h2>\n<p><strong>Adopl\u00e1tano<\/strong>\u00a0consider\u00f3 necesario incrementar el acceso de los productores a\u00a0<strong>fuentes de agua<\/strong>\u00a0e implementar sistemas de\u00a0<strong>riego<\/strong>\u00a0m\u00e1s eficientes.<\/p>\n<p>Entre las alternativas mencion\u00f3 la instalaci\u00f3n de\u00a0<strong>paneles solares<\/strong>\u00a0para operar\u00a0<strong>bombas de agua<\/strong>\u00a0y sustituir progresivamente el\u00a0<strong>riego por inundaci\u00f3n<\/strong>\u00a0por sistemas de goteo.<\/p>\n<p>Para implementar estas tecnolog\u00edas, Cruz se\u00f1al\u00f3 que los productores necesitan acceso a\u00a0<strong>financiamiento<\/strong>\u00a0y dijo que\u00a0<strong>Adopl\u00e1tano<\/strong>\u00a0realiza gestiones para desarrollar un plan piloto junto al\u00a0<strong>Banco Agr\u00edcola<\/strong>.<\/p>\n<p>La iniciativa contempla facilitar\u00a0<strong>financiamiento<\/strong>\u00a0a\u00a0<strong>30 productores<\/strong>\u00a0distribuidos en distintas provincias para instalar\u00a0<strong>paneles solares<\/strong>,\u00a0<strong>bombas<\/strong>\u00a0y sistemas de distribuci\u00f3n de agua en sus fincas.<\/p>\n<p>Seg\u00fan Cruz, el objetivo es garantizar\u00a0<strong>agua suficiente<\/strong>\u00a0para las\u00a0<strong>plantaciones<\/strong>\u00a0y acelerar la disponibilidad del producto para reducir el riesgo de una eventual\u00a0<strong>escasez<\/strong>\u00a0en los pr\u00f3ximos meses.<\/p>\n<h2><strong>Ministerio<\/strong>\u00a0espera mejoras en la\u00a0<strong>situaci\u00f3n<\/strong><\/h2>\n<p>El ministro de Agricultura,\u00a0<strong>Francisco Oliverio Espaillat<\/strong>, reconoci\u00f3 que la\u00a0<strong>sequ\u00eda<\/strong>\u00a0ha afectado diversos\u00a0<strong>cultivos<\/strong>, pero indic\u00f3 que se espera una\u00a0<strong>mejor\u00eda<\/strong>\u00a0en las\u00a0<strong>condiciones<\/strong>\u00a0meteorol\u00f3gicas. \u00abTodav\u00eda necesitamos\u00a0<strong>m\u00e1s lluvia<\/strong>, pero ya las\u00a0<strong>condiciones<\/strong>\u00a0van cambiando y eso es muy positivo\u00bb, manifest\u00f3.<\/p>\n<p>Entre las zonas m\u00e1s perjudicadas por la\u00a0<strong>sequ\u00eda<\/strong>\u00a0mencion\u00f3 las provincias del\u00a0<strong>Cibao Central<\/strong>, mientras se\u00f1al\u00f3 que las recientes precipitaciones, producto de una\u00a0<strong>vaguada<\/strong>, han beneficiado algunas \u00e1reas.<\/p>\n<p>\u00abEn muchos puntos, por lo menos, la\u00a0<strong>situaci\u00f3n<\/strong>\u00a0ya va tornando en\u00a0<strong>mejor\u00eda<\/strong>\u00a0para los agricultores y para los\u00a0<strong>cultivos<\/strong>\u00ab, puntualiz\u00f3.<\/p>\n<p>Estas declaraciones fueron ofrecidas en\u00a0<strong>B\u00e1varo<\/strong>\u00a0durante el\u00a0<strong>XXVIII Encuentro Nacional<\/strong>\u00a0de L\u00edderes del Sector Agropecuario, organizado por la\u00a0<strong>Junta Agroempresarial Dominicana<\/strong>\u00a0(JAD).<\/li>\n<\/ul>\n<\/div>\n<div class=\"border-b-2 pb-3 byline text-lg\">\n<h6 class=\"author not-italic inline mr-2 block\" data-mrf-recirculation=\"Autor\"><span style=\"color: #808080;\">Por. Jes\u00fas V\u00e1squez \/ DL<\/span><\/h6>\n<\/div>\n","protected":false},"excerpt":{"rendered":"<p>El ministro de Agricultura, Francisco Oliverio Espaillat, espera que las condiciones meteorol\u00f3gicas mejoren para los&#8230;<\/p>\n","protected":false},"author":2,"featured_media":58311,"comment_status":"open","ping_status":"open","sticky":false,"template":"","format":"standard","meta":{"_jetpack_newsletter_access":"","_jetpack_dont_email_post_to_subs":false,"_jetpack_newsletter_tier_id":0,"_jetpack_memberships_contains_paywalled_content":false,"_jetpack_memberships_contains_paid_content":false,"_joinchat":[],"footnotes":"","jetpack_publicize_message":"","jetpack_publicize_feature_enabled":true,"jetpack_social_post_already_shared":true,"jetpack_social_options":{"image_generator_settings":{"template":"highway","default_image_id":0,"font":"","enabled":false},"version":2},"jetpack_post_was_ever_published":false},"categories":[8,39],"tags":[22643,22641,22638,22642,22639,46,22640],"class_list":["post-58310","post","type-post","status-publish","format-standard","has-post-thumbnail","hentry","category-nacionales","category-primeraplana","tag-50-pesos","tag-adoplatano-medidas-sequia","tag-aumento-precio-platanos","tag-precios-platanos-republica-dominicana","tag-sequia-impacto-platanos","tag-solis-informa","tag-soluciones-riego-platanos"],"yoast_head":"<!-- This site is optimized with the Yoast SEO plugin v24.9 - https:\/\/yoast.com\/wordpress\/plugins\/seo\/ -->\n<title>De persistir la sequ\u00eda, los pl\u00e1tanos podr\u00edan costar hasta RD$50 - Solis Informa<\/title>\n<meta name=\"robots\" content=\"index, follow, max-snippet:-1, max-image-preview:large, max-video-preview:-1\" \/>\n<link rel=\"canonical\" href=\"https:\/\/solisinforma.com\/?p=58310\" \/>\n<meta property=\"og:locale\" content=\"es_ES\" \/>\n<meta property=\"og:type\" content=\"article\" \/>\n<meta property=\"og:title\" content=\"De persistir la sequ\u00eda, los pl\u00e1tanos podr\u00edan costar hasta RD$50 - Solis Informa\" \/>\n<meta property=\"og:description\" content=\"El ministro de Agricultura, Francisco Oliverio Espaillat, espera que las condiciones meteorol\u00f3gicas mejoren para los...\" \/>\n<meta property=\"og:url\" content=\"https:\/\/solisinforma.com\/?p=58310\" \/>\n<meta property=\"og:site_name\" content=\"Solis Informa\" \/>\n<meta property=\"article:publisher\" content=\"https:\/\/www.facebook.com\/Solisinforma1\/\" \/>\n<meta property=\"article:author\" content=\"https:\/\/www.facebook.com\/Solisinforma\/\" \/>\n<meta property=\"article:published_time\" content=\"2026-09-04T12:57:44+00:00\" \/>\n<meta property=\"og:image\" content=\"https:\/\/solisinforma.com\/wp-content\/uploads\/2026\/09\/Platanos-a-50.jpg\" \/>\n\t<meta property=\"og:image:width\" content=\"1280\" \/>\n\t<meta property=\"og:image:height\" content=\"720\" \/>\n\t<meta property=\"og:image:type\" content=\"image\/jpeg\" \/>\n<meta name=\"author\" content=\"Hector Solis\" \/>\n<meta name=\"twitter:card\" content=\"summary_large_image\" \/>\n<meta name=\"twitter:creator\" content=\"@solisinforma1\" \/>\n<meta name=\"twitter:label1\" content=\"Escrito por\" \/>\n\t<meta name=\"twitter:data1\" content=\"Hector Solis\" \/>\n\t<meta name=\"twitter:label2\" content=\"Tiempo de lectura\" \/>\n\t<meta name=\"twitter:data2\" content=\"3 minutos\" \/>\n<script type=\"application\/ld+json\" class=\"yoast-schema-graph\">{\"@context\":\"https:\/\/schema.org\",\"@graph\":[{\"@type\":\"Article\",\"@id\":\"https:\/\/solisinforma.com\/?p=58310#article\",\"isPartOf\":{\"@id\":\"https:\/\/solisinforma.com\/?p=58310\"},\"author\":{\"name\":\"Hector Solis\",\"@id\":\"https:\/\/solisinforma.com\/#\/schema\/person\/db4967d1c8ed640d46bf21dc55215612\"},\"headline\":\"De persistir la sequ\u00eda, los pl\u00e1tanos podr\u00edan costar hasta RD$50\",\"datePublished\":\"2026-09-04T12:57:44+00:00\",\"mainEntityOfPage\":{\"@id\":\"https:\/\/solisinforma.com\/?p=58310\"},\"wordCount\":488,\"commentCount\":0,\"publisher\":{\"@id\":\"https:\/\/solisinforma.com\/#organization\"},\"image\":{\"@id\":\"https:\/\/solisinforma.com\/?p=58310#primaryimage\"},\"thumbnailUrl\":\"https:\/\/i0.wp.com\/solisinforma.com\/wp-content\/uploads\/2026\/09\/Platanos-a-50.jpg?fit=1280%2C720&ssl=1\",\"keywords\":[\"50 pesos\",\"Adopl\u00e1tano medidas sequ\u00eda\",\"aumento precio pl\u00e1tanos\",\"precios pl\u00e1tanos Rep\u00fablica Dominicana\",\"sequ\u00eda impacto pl\u00e1tanos\",\"Solis informa\",\"soluciones riego pl\u00e1tanos\"],\"articleSection\":[\"Nacionales\",\"Primera Plana\"],\"inLanguage\":\"es\",\"potentialAction\":[{\"@type\":\"CommentAction\",\"name\":\"Comment\",\"target\":[\"https:\/\/solisinforma.com\/?p=58310#respond\"]}]},{\"@type\":\"WebPage\",\"@id\":\"https:\/\/solisinforma.com\/?p=58310\",\"url\":\"https:\/\/solisinforma.com\/?p=58310\",\"name\":\"De persistir la sequ\u00eda, los pl\u00e1tanos podr\u00edan costar hasta RD$50 - Solis Informa\",\"isPartOf\":{\"@id\":\"https:\/\/solisinforma.com\/#website\"},\"primaryImageOfPage\":{\"@id\":\"https:\/\/solisinforma.com\/?p=58310#primaryimage\"},\"image\":{\"@id\":\"https:\/\/solisinforma.com\/?p=58310#primaryimage\"},\"thumbnailUrl\":\"https:\/\/i0.wp.com\/solisinforma.com\/wp-content\/uploads\/2026\/09\/Platanos-a-50.jpg?fit=1280%2C720&ssl=1\",\"datePublished\":\"2026-09-04T12:57:44+00:00\",\"breadcrumb\":{\"@id\":\"https:\/\/solisinforma.com\/?p=58310#breadcrumb\"},\"inLanguage\":\"es\",\"potentialAction\":[{\"@type\":\"ReadAction\",\"target\":[\"https:\/\/solisinforma.com\/?p=58310\"]}]},{\"@type\":\"ImageObject\",\"inLanguage\":\"es\",\"@id\":\"https:\/\/solisinforma.com\/?p=58310#primaryimage\",\"url\":\"https:\/\/i0.wp.com\/solisinforma.com\/wp-content\/uploads\/2026\/09\/Platanos-a-50.jpg?fit=1280%2C720&ssl=1\",\"contentUrl\":\"https:\/\/i0.wp.com\/solisinforma.com\/wp-content\/uploads\/2026\/09\/Platanos-a-50.jpg?fit=1280%2C720&ssl=1\",\"width\":1280,\"height\":720},{\"@type\":\"BreadcrumbList\",\"@id\":\"https:\/\/solisinforma.com\/?p=58310#breadcrumb\",\"itemListElement\":[{\"@type\":\"ListItem\",\"position\":1,\"name\":\"Portada\",\"item\":\"https:\/\/solisinforma.com\/\"},{\"@type\":\"ListItem\",\"position\":2,\"name\":\"De persistir la sequ\u00eda, los pl\u00e1tanos podr\u00edan costar hasta RD$50\"}]},{\"@type\":\"WebSite\",\"@id\":\"https:\/\/solisinforma.com\/#website\",\"url\":\"https:\/\/solisinforma.com\/\",\"name\":\"Solis Informa\",\"description\":\"El Diario de San Juan\",\"publisher\":{\"@id\":\"https:\/\/solisinforma.com\/#organization\"},\"potentialAction\":[{\"@type\":\"SearchAction\",\"target\":{\"@type\":\"EntryPoint\",\"urlTemplate\":\"https:\/\/solisinforma.com\/?s={search_term_string}\"},\"query-input\":{\"@type\":\"PropertyValueSpecification\",\"valueRequired\":true,\"valueName\":\"search_term_string\"}}],\"inLanguage\":\"es\"},{\"@type\":\"Organization\",\"@id\":\"https:\/\/solisinforma.com\/#organization\",\"name\":\"Solis Informa\",\"url\":\"https:\/\/solisinforma.com\/\",\"logo\":{\"@type\":\"ImageObject\",\"inLanguage\":\"es\",\"@id\":\"https:\/\/solisinforma.com\/#\/schema\/logo\/image\/\",\"url\":\"https:\/\/i0.wp.com\/solisinforma.com\/wp-content\/uploads\/2020\/07\/cropped-solis-4.png?fit=512%2C512&ssl=1\",\"contentUrl\":\"https:\/\/i0.wp.com\/solisinforma.com\/wp-content\/uploads\/2020\/07\/cropped-solis-4.png?fit=512%2C512&ssl=1\",\"width\":512,\"height\":512,\"caption\":\"Solis Informa\"},\"image\":{\"@id\":\"https:\/\/solisinforma.com\/#\/schema\/logo\/image\/\"},\"sameAs\":[\"https:\/\/www.facebook.com\/Solisinforma1\/\"]},{\"@type\":\"Person\",\"@id\":\"https:\/\/solisinforma.com\/#\/schema\/person\/db4967d1c8ed640d46bf21dc55215612\",\"name\":\"Hector Solis\",\"image\":{\"@type\":\"ImageObject\",\"inLanguage\":\"es\",\"@id\":\"https:\/\/solisinforma.com\/#\/schema\/person\/image\/\",\"url\":\"https:\/\/secure.gravatar.com\/avatar\/3e116868529a43555438940611160b9cf01e4fb17f119453a6329d96e10fecf8?s=96&d=mm&r=g\",\"contentUrl\":\"https:\/\/secure.gravatar.com\/avatar\/3e116868529a43555438940611160b9cf01e4fb17f119453a6329d96e10fecf8?s=96&d=mm&r=g\",\"caption\":\"Hector Solis\"},\"sameAs\":[\"http:\/\/Solisinforma.com\",\"https:\/\/www.facebook.com\/Solisinforma\/\",\"https:\/\/www.instagram.com\/solisinforma\/\",\"www.linkedin.com\/in\/hectorsolisinforma\",\"https:\/\/x.com\/solisinforma1\",\"@Solisinformaenvivo\",\"https:\/\/soundcloud.com\/solisinforma\"],\"url\":\"https:\/\/solisinforma.com\/?author=2\"}]}<\/script>\n<!-- \/ Yoast SEO plugin. -->","yoast_head_json":{"title":"De persistir la sequ\u00eda, los pl\u00e1tanos podr\u00edan costar hasta RD$50 - Solis Informa","robots":{"index":"index","follow":"follow","max-snippet":"max-snippet:-1","max-image-preview":"max-image-preview:large","max-video-preview":"max-video-preview:-1"},"canonical":"https:\/\/solisinforma.com\/?p=58310","og_locale":"es_ES","og_type":"article","og_title":"De persistir la sequ\u00eda, los pl\u00e1tanos podr\u00edan costar hasta RD$50 - Solis Informa","og_description":"El ministro de Agricultura, Francisco Oliverio Espaillat, espera que las condiciones meteorol\u00f3gicas mejoren para los...","og_url":"https:\/\/solisinforma.com\/?p=58310","og_site_name":"Solis Informa","article_publisher":"https:\/\/www.facebook.com\/Solisinforma1\/","article_author":"https:\/\/www.facebook.com\/Solisinforma\/","article_published_time":"2026-09-04T12:57:44+00:00","og_image":[{"width":1280,"height":720,"url":"https:\/\/solisinforma.com\/wp-content\/uploads\/2026\/09\/Platanos-a-50.jpg","type":"image\/jpeg"}],"author":"Hector Solis","twitter_card":"summary_large_image","twitter_creator":"@solisinforma1","twitter_misc":{"Escrito por":"Hector Solis","Tiempo de lectura":"3 minutos"},"schema":{"@context":"https:\/\/schema.org","@graph":[{"@type":"Article","@id":"https:\/\/solisinforma.com\/?p=58310#article","isPartOf":{"@id":"https:\/\/solisinforma.com\/?p=58310"},"author":{"name":"Hector Solis","@id":"https:\/\/solisinforma.com\/#\/schema\/person\/db4967d1c8ed640d46bf21dc55215612"},"headline":"De persistir la sequ\u00eda, los pl\u00e1tanos podr\u00edan costar hasta RD$50","datePublished":"2026-09-04T12:57:44+00:00","mainEntityOfPage":{"@id":"https:\/\/solisinforma.com\/?p=58310"},"wordCount":488,"commentCount":0,"publisher":{"@id":"https:\/\/solisinforma.com\/#organization"},"image":{"@id":"https:\/\/solisinforma.com\/?p=58310#primaryimage"},"thumbnailUrl":"https:\/\/i0.wp.com\/solisinforma.com\/wp-content\/uploads\/2026\/09\/Platanos-a-50.jpg?fit=1280%2C720&ssl=1","keywords":["50 pesos","Adopl\u00e1tano medidas sequ\u00eda","aumento precio pl\u00e1tanos","precios pl\u00e1tanos Rep\u00fablica Dominicana","sequ\u00eda impacto pl\u00e1tanos","Solis informa","soluciones riego pl\u00e1tanos"],"articleSection":["Nacionales","Primera Plana"],"inLanguage":"es","potentialAction":[{"@type":"CommentAction","name":"Comment","target":["https:\/\/solisinforma.com\/?p=58310#respond"]}]},{"@type":"WebPage","@id":"https:\/\/solisinforma.com\/?p=58310","url":"https:\/\/solisinforma.com\/?p=58310","name":"De persistir la sequ\u00eda, los pl\u00e1tanos podr\u00edan costar hasta RD$50 - Solis Informa","isPartOf":{"@id":"https:\/\/solisinforma.com\/#website"},"primaryImageOfPage":{"@id":"https:\/\/solisinforma.com\/?p=58310#primaryimage"},"image":{"@id":"https:\/\/solisinforma.com\/?p=58310#primaryimage"},"thumbnailUrl":"https:\/\/i0.wp.com\/solisinforma.com\/wp-content\/uploads\/2026\/09\/Platanos-a-50.jpg?fit=1280%2C720&ssl=1","datePublished":"2026-09-04T12:57:44+00:00","breadcrumb":{"@id":"https:\/\/solisinforma.com\/?p=58310#breadcrumb"},"inLanguage":"es","potentialAction":[{"@type":"ReadAction","target":["https:\/\/solisinforma.com\/?p=58310"]}]},{"@type":"ImageObject","inLanguage":"es","@id":"https:\/\/solisinforma.com\/?p=58310#primaryimage","url":"https:\/\/i0.wp.com\/solisinforma.com\/wp-content\/uploads\/2026\/09\/Platanos-a-50.jpg?fit=1280%2C720&ssl=1","contentUrl":"https:\/\/i0.wp.com\/solisinforma.com\/wp-content\/uploads\/2026\/09\/Platanos-a-50.jpg?fit=1280%2C720&ssl=1","width":1280,"height":720},{"@type":"BreadcrumbList","@id":"https:\/\/solisinforma.com\/?p=58310#breadcrumb","itemListElement":[{"@type":"ListItem","position":1,"name":"Portada","item":"https:\/\/solisinforma.com\/"},{"@type":"ListItem","position":2,"name":"De persistir la sequ\u00eda, los pl\u00e1tanos podr\u00edan costar hasta RD$50"}]},{"@type":"WebSite","@id":"https:\/\/solisinforma.com\/#website","url":"https:\/\/solisinforma.com\/","name":"Solis Informa","description":"El Diario de San Juan","publisher":{"@id":"https:\/\/solisinforma.com\/#organization"},"potentialAction":[{"@type":"SearchAction","target":{"@type":"EntryPoint","urlTemplate":"https:\/\/solisinforma.com\/?s={search_term_string}"},"query-input":{"@type":"PropertyValueSpecification","valueRequired":true,"valueName":"search_term_string"}}],"inLanguage":"es"},{"@type":"Organization","@id":"https:\/\/solisinforma.com\/#organization","name":"Solis Informa","url":"https:\/\/solisinforma.com\/","logo":{"@type":"ImageObject","inLanguage":"es","@id":"https:\/\/solisinforma.com\/#\/schema\/logo\/image\/","url":"https:\/\/i0.wp.com\/solisinforma.com\/wp-content\/uploads\/2020\/07\/cropped-solis-4.png?fit=512%2C512&ssl=1","contentUrl":"https:\/\/i0.wp.com\/solisinforma.com\/wp-content\/uploads\/2020\/07\/cropped-solis-4.png?fit=512%2C512&ssl=1","width":512,"height":512,"caption":"Solis Informa"},"image":{"@id":"https:\/\/solisinforma.com\/#\/schema\/logo\/image\/"},"sameAs":["https:\/\/www.facebook.com\/Solisinforma1\/"]},{"@type":"Person","@id":"https:\/\/solisinforma.com\/#\/schema\/person\/db4967d1c8ed640d46bf21dc55215612","name":"Hector Solis","image":{"@type":"ImageObject","inLanguage":"es","@id":"https:\/\/solisinforma.com\/#\/schema\/person\/image\/","url":"https:\/\/secure.gravatar.com\/avatar\/3e116868529a43555438940611160b9cf01e4fb17f119453a6329d96e10fecf8?s=96&d=mm&r=g","contentUrl":"https:\/\/secure.gravatar.com\/avatar\/3e116868529a43555438940611160b9cf01e4fb17f119453a6329d96e10fecf8?s=96&d=mm&r=g","caption":"Hector Solis"},"sameAs":["http:\/\/Solisinforma.com","https:\/\/www.facebook.com\/Solisinforma\/","https:\/\/www.instagram.com\/solisinforma\/","www.linkedin.com\/in\/hectorsolisinforma","https:\/\/x.com\/solisinforma1","@Solisinformaenvivo","https:\/\/soundcloud.com\/solisinforma"],"url":"https:\/\/solisinforma.com\/?author=2"}]}},"jetpack_publicize_connections":[],"jetpack_featured_media_url":"https:\/\/i0.wp.com\/solisinforma.com\/wp-content\/uploads\/2026\/09\/Platanos-a-50.jpg?fit=1280%2C720&ssl=1","jetpack_sharing_enabled":true,"jetpack_likes_enabled":true,"jetpack-related-posts":[{"id":53380,"url":"https:\/\/solisinforma.com\/?p=53380","url_meta":{"origin":58310,"position":0},"title":"CAPITAL \/ Los pl\u00e1tanos est\u00e1n por las nubes, costando hasta RD$ 33.50","author":"Hector Solis","date":"26 de noviembre de 2025","format":false,"excerpt":"Los precios van desde los RD$33 hasta los RD$40, dependiendo el lugar en que se compren En un mes, los precios de los\u00a0pl\u00e1tanos\u00a0han aumentado en los principales mercados,\u00a0supermercados\u00a0y colmados del\u00a0Gran Santo Domingo, tras\u00a0factores clim\u00e1ticos\u00a0y estacionarios que han mermado las cosechas, explican funcionarios y productores. En los mercados, el\u00a0pl\u00e1tano grande\u00a0pas\u00f3 de\u2026","rel":"","context":"En \u00abNacionales\u00bb","block_context":{"text":"Nacionales","link":"https:\/\/solisinforma.com\/?cat=8"},"img":{"alt_text":"","src":"https:\/\/i0.wp.com\/solisinforma.com\/wp-content\/uploads\/2023\/01\/Platanos-verdes-aumento-alza-caros.jpg?fit=1200%2C647&ssl=1&resize=350%2C200","width":350,"height":200,"srcset":"https:\/\/i0.wp.com\/solisinforma.com\/wp-content\/uploads\/2023\/01\/Platanos-verdes-aumento-alza-caros.jpg?fit=1200%2C647&ssl=1&resize=350%2C200 1x, https:\/\/i0.wp.com\/solisinforma.com\/wp-content\/uploads\/2023\/01\/Platanos-verdes-aumento-alza-caros.jpg?fit=1200%2C647&ssl=1&resize=525%2C300 1.5x, https:\/\/i0.wp.com\/solisinforma.com\/wp-content\/uploads\/2023\/01\/Platanos-verdes-aumento-alza-caros.jpg?fit=1200%2C647&ssl=1&resize=700%2C400 2x, https:\/\/i0.wp.com\/solisinforma.com\/wp-content\/uploads\/2023\/01\/Platanos-verdes-aumento-alza-caros.jpg?fit=1200%2C647&ssl=1&resize=1050%2C600 3x"},"classes":[]},{"id":17302,"url":"https:\/\/solisinforma.com\/?p=17302","url_meta":{"origin":58310,"position":1},"title":"El precio del pl\u00e1tano disminuir\u00eda a partir de febrero","author":"Hector Solis","date":"28 de enero de 2023","format":false,"excerpt":"Este alimento subi\u00f3 m\u00e1s de un 50 % durante el 2022 La estimaci\u00f3n es del Viceministerio de An\u00e1lisis Econ\u00f3mico y Social del Ministerio de Econom\u00eda Los\u00a0precios del pl\u00e1tano\u00a0verde podr\u00edan comenzar a disminuir a partir de febrero, luego de que haya tenido variaciones importantes desde mediados de 2022, siendo diciembre la\u2026","rel":"","context":"En \u00abNacionales\u00bb","block_context":{"text":"Nacionales","link":"https:\/\/solisinforma.com\/?cat=8"},"img":{"alt_text":"","src":"https:\/\/i0.wp.com\/solisinforma.com\/wp-content\/uploads\/2020\/10\/platanos.png?resize=350%2C200&ssl=1","width":350,"height":200,"srcset":"https:\/\/i0.wp.com\/solisinforma.com\/wp-content\/uploads\/2020\/10\/platanos.png?resize=350%2C200&ssl=1 1x, https:\/\/i0.wp.com\/solisinforma.com\/wp-content\/uploads\/2020\/10\/platanos.png?resize=525%2C300&ssl=1 1.5x, https:\/\/i0.wp.com\/solisinforma.com\/wp-content\/uploads\/2020\/10\/platanos.png?resize=700%2C400&ssl=1 2x, https:\/\/i0.wp.com\/solisinforma.com\/wp-content\/uploads\/2020\/10\/platanos.png?resize=1050%2C600&ssl=1 3x, https:\/\/i0.wp.com\/solisinforma.com\/wp-content\/uploads\/2020\/10\/platanos.png?resize=1400%2C800&ssl=1 4x"},"classes":[]},{"id":16943,"url":"https:\/\/solisinforma.com\/?p=16943","url_meta":{"origin":58310,"position":2},"title":"Los colmados y supermercados venden pl\u00e1tanos entre 25 y 35 pesos","author":"Hector Solis","date":"4 de enero de 2023","format":false,"excerpt":"Funcionario de Agricultura asegura que precios bajar\u00e1n en febrero El paso del\u00a0hurac\u00e1n Fiona\u00a0en septiembre de 2022 y varios tornados que afectaron a las zonas del Cibao Central y la L\u00ednea Noroeste son las causas de la baja producci\u00f3n y el alza en el precio del pl\u00e1tano en la Rep\u00fablica Dominicana,\u2026","rel":"","context":"En \u00abNacionales\u00bb","block_context":{"text":"Nacionales","link":"https:\/\/solisinforma.com\/?cat=8"},"img":{"alt_text":"","src":"https:\/\/i0.wp.com\/solisinforma.com\/wp-content\/uploads\/2020\/10\/platanos.png?resize=350%2C200&ssl=1","width":350,"height":200,"srcset":"https:\/\/i0.wp.com\/solisinforma.com\/wp-content\/uploads\/2020\/10\/platanos.png?resize=350%2C200&ssl=1 1x, https:\/\/i0.wp.com\/solisinforma.com\/wp-content\/uploads\/2020\/10\/platanos.png?resize=525%2C300&ssl=1 1.5x, https:\/\/i0.wp.com\/solisinforma.com\/wp-content\/uploads\/2020\/10\/platanos.png?resize=700%2C400&ssl=1 2x, https:\/\/i0.wp.com\/solisinforma.com\/wp-content\/uploads\/2020\/10\/platanos.png?resize=1050%2C600&ssl=1 3x, https:\/\/i0.wp.com\/solisinforma.com\/wp-content\/uploads\/2020\/10\/platanos.png?resize=1400%2C800&ssl=1 4x"},"classes":[]},{"id":17485,"url":"https:\/\/solisinforma.com\/?p=17485","url_meta":{"origin":58310,"position":3},"title":"Precio del pl\u00e1tano baja en finca, pero consumidores siguen compr\u00e1ndolo \u00abcaro\u00bb","author":"Hector Solis","date":"11 de febrero de 2023","format":false,"excerpt":"La intermediaci\u00f3n afecta el precio del pl\u00e1tano y hay \"buscones\" en la cadena Los\u00a0precios de los pl\u00e1tanos\u00a0en finca han experimentado\u00a0bajas superiores al 15 %, de acuerdo a productores y vendedores\u00a0consultados por\u00a0este medio. No obstante,\u00a0el consumidor\u00a0sigue pagando\u00a0la unidad a 35 pesos en colmados\u00a0y entre 22 y 25 pesos en supermercados. \u201cAhora\u2026","rel":"","context":"En \u00abNacionales\u00bb","block_context":{"text":"Nacionales","link":"https:\/\/solisinforma.com\/?cat=8"},"img":{"alt_text":"","src":"https:\/\/i0.wp.com\/solisinforma.com\/wp-content\/uploads\/2023\/02\/platanos-mercado-venta.png?fit=1140%2C694&ssl=1&resize=350%2C200","width":350,"height":200,"srcset":"https:\/\/i0.wp.com\/solisinforma.com\/wp-content\/uploads\/2023\/02\/platanos-mercado-venta.png?fit=1140%2C694&ssl=1&resize=350%2C200 1x, https:\/\/i0.wp.com\/solisinforma.com\/wp-content\/uploads\/2023\/02\/platanos-mercado-venta.png?fit=1140%2C694&ssl=1&resize=525%2C300 1.5x, https:\/\/i0.wp.com\/solisinforma.com\/wp-content\/uploads\/2023\/02\/platanos-mercado-venta.png?fit=1140%2C694&ssl=1&resize=700%2C400 2x, https:\/\/i0.wp.com\/solisinforma.com\/wp-content\/uploads\/2023\/02\/platanos-mercado-venta.png?fit=1140%2C694&ssl=1&resize=1050%2C600 3x"},"classes":[]},{"id":27902,"url":"https:\/\/solisinforma.com\/?p=27902","url_meta":{"origin":58310,"position":4},"title":"El precio del pl\u00e1tano baja; productores enfrentan desaf\u00edo de la rentabilidad","author":"Hector Solis","date":"30 de octubre de 2024","format":false,"excerpt":"Comer unos tostones pod\u00eda implicar un lujo para cualquiera hace unos meses, ya que la unidad de pl\u00e1tano el precio estaba por las nubes por encima de los 20 pesos. Sin embargo, la situaci\u00f3n ha cambiado \u00a0y \u00a0la producci\u00f3n de este rubro aument\u00f3 y, con ello el precio ha ca\u00eddo\u2026","rel":"","context":"En \u00abNacionales\u00bb","block_context":{"text":"Nacionales","link":"https:\/\/solisinforma.com\/?cat=8"},"img":{"alt_text":"","src":"https:\/\/i0.wp.com\/solisinforma.com\/wp-content\/uploads\/2023\/02\/platanos-vedes-mercado.jpg?fit=1200%2C800&ssl=1&resize=350%2C200","width":350,"height":200,"srcset":"https:\/\/i0.wp.com\/solisinforma.com\/wp-content\/uploads\/2023\/02\/platanos-vedes-mercado.jpg?fit=1200%2C800&ssl=1&resize=350%2C200 1x, https:\/\/i0.wp.com\/solisinforma.com\/wp-content\/uploads\/2023\/02\/platanos-vedes-mercado.jpg?fit=1200%2C800&ssl=1&resize=525%2C300 1.5x, https:\/\/i0.wp.com\/solisinforma.com\/wp-content\/uploads\/2023\/02\/platanos-vedes-mercado.jpg?fit=1200%2C800&ssl=1&resize=700%2C400 2x, https:\/\/i0.wp.com\/solisinforma.com\/wp-content\/uploads\/2023\/02\/platanos-vedes-mercado.jpg?fit=1200%2C800&ssl=1&resize=1050%2C600 3x"},"classes":[]},{"id":16981,"url":"https:\/\/solisinforma.com\/?p=16981","url_meta":{"origin":58310,"position":5},"title":"Ministro de Agricultura atribuye alzas en precios del pl\u00e1tano a un tornado y al hurac\u00e1n Fiona","author":"Hector Solis","date":"5 de enero de 2023","format":false,"excerpt":"El Ministro de Agricultura, Limber Cruz, explic\u00f3 este jueves los factores por lo que se reflej\u00f3 para esta semana un alza en el precio del pl\u00e1tano. A trav\u00e9s de una publicaci\u00f3n en su cuenta de Twitter, Cruz expres\u00f3 que \u00a0el incremento del valor de este productos se debe al incremento\u2026","rel":"","context":"En \u00abNacionales\u00bb","block_context":{"text":"Nacionales","link":"https:\/\/solisinforma.com\/?cat=8"},"img":{"alt_text":"","src":"https:\/\/i0.wp.com\/solisinforma.com\/wp-content\/uploads\/2023\/01\/shutterstock-567450076_13414324_20200311094600.jpg?fit=1200%2C801&ssl=1&resize=350%2C200","width":350,"height":200,"srcset":"https:\/\/i0.wp.com\/solisinforma.com\/wp-content\/uploads\/2023\/01\/shutterstock-567450076_13414324_20200311094600.jpg?fit=1200%2C801&ssl=1&resize=350%2C200 1x, https:\/\/i0.wp.com\/solisinforma.com\/wp-content\/uploads\/2023\/01\/shutterstock-567450076_13414324_20200311094600.jpg?fit=1200%2C801&ssl=1&resize=525%2C300 1.5x, https:\/\/i0.wp.com\/solisinforma.com\/wp-content\/uploads\/2023\/01\/shutterstock-567450076_13414324_20200311094600.jpg?fit=1200%2C801&ssl=1&resize=700%2C400 2x, https:\/\/i0.wp.com\/solisinforma.com\/wp-content\/uploads\/2023\/01\/shutterstock-567450076_13414324_20200311094600.jpg?fit=1200%2C801&ssl=1&resize=1050%2C600 3x"},"classes":[]}],"jetpack_shortlink":"https:\/\/wp.me\/pc2Svn-fau","_links":{"self":[{"href":"https:\/\/solisinforma.com\/index.php?rest_route=\/wp\/v2\/posts\/58310","targetHints":{"allow":["GET"]}}],"collection":[{"href":"https:\/\/solisinforma.com\/index.php?rest_route=\/wp\/v2\/posts"}],"about":[{"href":"https:\/\/solisinforma.com\/index.php?rest_route=\/wp\/v2\/types\/post"}],"author":[{"embeddable":true,"href":"https:\/\/solisinforma.com\/index.php?rest_route=\/wp\/v2\/users\/2"}],"replies":[{"embeddable":true,"href":"https:\/\/solisinforma.com\/index.php?rest_route=%2Fwp%2Fv2%2Fcomments&post=58310"}],"version-history":[{"count":1,"href":"https:\/\/solisinforma.com\/index.php?rest_route=\/wp\/v2\/posts\/58310\/revisions"}],"predecessor-version":[{"id":58312,"href":"https:\/\/solisinforma.com\/index.php?rest_route=\/wp\/v2\/posts\/58310\/revisions\/58312"}],"wp:featuredmedia":[{"embeddable":true,"href":"https:\/\/solisinforma.com\/index.php?rest_route=\/wp\/v2\/media\/58311"}],"wp:attachment":[{"href":"https:\/\/solisinforma.com\/index.php?rest_route=%2Fwp%2Fv2%2Fmedia&parent=58310"}],"wp:term":[{"taxonomy":"category","embeddable":true,"href":"https:\/\/solisinforma.com\/index.php?rest_route=%2Fwp%2Fv2%2Fcategories&post=58310"},{"taxonomy":"post_tag","embeddable":true,"href":"https:\/\/solisinforma.com\/index.php?rest_route=%2Fwp%2Fv2%2Ftags&post=58310"}],"curies":[{"name":"wp","href":"https:\/\/api.w.org\/{rel}","templated":true}]}}