{"id":58316,"date":"2026-09-05T10:36:06","date_gmt":"2026-09-05T14:36:06","guid":{"rendered":"https:\/\/solisinforma.com\/?p=58316"},"modified":"2026-09-05T10:36:06","modified_gmt":"2026-09-05T14:36:06","slug":"rios-acueductos-y-presas-los-recursos-hidricos-que-el-decreto-615-26-fija-como-prioridad-nacional","status":"publish","type":"post","link":"https:\/\/solisinforma.com\/?p=58316","title":{"rendered":"R\u00edos, acueductos y presas: los recursos h\u00eddricos que el decreto 615-26 fija como prioridad nacional"},"content":{"rendered":"<div class=\"subtitle text-xl mb-4\">\n<ul>\n<li class=\"flex mb-2\"><strong><strong>La orden busca combatir el \u00abterrorismo ambiental\u00bb y prevenir agresiones contra fuentes e infraestructuras de agua que son esenciales para la poblaci\u00f3n.\n<p><\/strong><\/strong><img data-recalc-dims=\"1\" loading=\"lazy\" decoding=\"async\" class=\"aligncenter wp-image-58317\" src=\"https:\/\/i0.wp.com\/solisinforma.com\/wp-content\/uploads\/2026\/09\/Rios-secos.jpg?resize=640%2C360&#038;ssl=1\" alt=\"\" width=\"640\" height=\"360\" \/><\/p>\n<p>El Gobierno dominicano coloc\u00f3 bajo\u00a0<strong>especial protecci\u00f3n\u00a0<\/strong>las principales infraestructuras y\u00a0<strong>fuentes de agua<\/strong>\u00a0del pa\u00eds mediante el\u00a0<strong>Decreto 615-26<\/strong>, a trav\u00e9s del cual combatir\u00e1 el llamado \u00abterrorismo medioambiental\u00bb, principalmente en las \u00e1reas protegidas.<\/p>\n<p>El\u00a0<strong>presidente Luis Abinader<\/strong>\u00a0sustent\u00f3 el art\u00edculo 2 de la orden presidencial en la\u00a0<strong>Ley 267-08<\/strong>\u00a0sobre Terrorismo, que se\u00f1ala las\u00a0 infraestructuras y ecosistemas del sector\u00a0<strong>agua\u00a0<\/strong>que son consideradas estrat\u00e9gicas. Estos son, seg\u00fan el art\u00edculo 8:<\/p>\n<ul class=\"list-text\">\n<li>Las\u00a0<strong>presas<\/strong><\/li>\n<li><strong>Los embalses<\/strong><\/li>\n<li><strong>Lagos<\/strong><\/li>\n<li>Canales principales de riego<\/li>\n<li>Acueductos<\/li>\n<li>Plantas de tratamiento de agua.<\/li>\n<\/ul>\n<p>Adem\u00e1s, el decreto identifica como \u00ab<strong>activos ambientales de especial protecci\u00f3n<\/strong>\u00bb las\u00a0<strong>cuencas hidrogr\u00e1ficas prioritarias<\/strong>, los acu\u00edferos, manglares, humedales, arrecifes coralinos,\u00a0<strong>bosques<\/strong>\u00a0protectores y nacimientos de\u00a0<strong>r\u00edos<\/strong>, as\u00ed como otros\u00a0<strong>ecosistemas<\/strong>\u00a0cuya afectaci\u00f3n grave pueda poner en riesgo la seguridad h\u00eddrica, alimentaria, ambiental o econ\u00f3mica del pa\u00eds.<\/p>\n<p>El p\u00e1rrafo del primer art\u00edculo aclara que el t\u00e9rmino \u00ab<strong>terrorismo ambiental<\/strong>\u00bb ser\u00e1 usado para\u00a0<strong>fines administrativos<\/strong>, preventivos y de coordinaci\u00f3n interinstitucional cuando la situaci\u00f3n lo amerite. Es decir, que una infracci\u00f3n no tendr\u00e1 autom\u00e1ticamente esa calificaci\u00f3n, sino que la conducta debe cumplir con los elementos exigidos por la\u00a0<strong>legislaci\u00f3n penal<\/strong>.<\/p>\n<p>La identificaci\u00f3n y neutralizaci\u00f3n de las amenazas vinculadas al \u00ab<strong>terrorismo medioambiental\u00bb<\/strong>\u00a0contra los activos estrat\u00e9gicos estar\u00e1 a cargo del\u00a0<strong>Comit\u00e9 Nacional Antiterrorista<\/strong>\u00a0y de la\u00a0<strong>Direcci\u00f3n Nacional Antiterrorista<\/strong>\u00a0(DNA), indica el\u00a0<strong>art\u00edculo 3<\/strong>.<\/p>\n<p>El art\u00edculo 4 instruye a varias instituciones, incluyendo al\u00a0<strong>Ministerio de Defensa<\/strong>, la\u00a0<strong>Direcci\u00f3n Nacional de Inteligencia<\/strong>\u00a0(DNI) y el\u00a0<strong>Ministerio P\u00fablico<\/strong>, a dise\u00f1ar un plan de prevenci\u00f3n y combate al\u00a0<strong>terrorismo ambiental<\/strong>.<\/p>\n<div class=\"my-12 component web-insert relative border bg-component\"><span class=\"text-xl block my-3 component-title glosa\"><strong>R\u00edos y bosques<\/strong><\/span>En Rep\u00fablica Dominicana, el deterioro de los ecosistemas es evidente: extracci\u00f3n ilegal de arena, incendios provocados, conuquismo y contaminaci\u00f3n de los r\u00edos forman parte de una problem\u00e1tica que Diario Libre ha documentado durante a\u00f1os. Sus investigaciones m\u00e1s recientes, Bosques dominicanos: Conservaci\u00f3n bajo asedio y R\u00edos dominicanos: Caudales en agon\u00eda, retratan la situaci\u00f3n.<\/p>\n<\/div>\n<h2>Otros datos del decreto<\/h2>\n<p>Durante la firma del decreto el pasado mi\u00e9rcoles, Abinader catalog\u00f3 como \u00ab<strong>actos terroristas medioambientales<\/strong>\u00bb las acciones perpetradas por desaparici\u00f3n o da\u00f1o sistem\u00e1tico a los parques nacionales, y advirti\u00f3 que ser\u00e1n perseguidos los dominicanos y extranjeros que cometan actos deliberados como quema de\u00a0<strong>bosques<\/strong>\u00a0y extracci\u00f3n de arena en\u00a0<strong>r\u00edos<\/strong>.<\/p>\n<p>El decreto dispone que\u00a0<strong>todas las agresiones contra el patrimonio ambiental deber\u00e1n ser remitidas de inmediato al Ministerio P\u00fablico<\/strong>, que tendr\u00e1 a su cargo determinar las infracciones, ejercer la\u00a0<strong>acci\u00f3n penal<\/strong>\u00a0y dirigir las investigaciones correspondientes.<\/p>\n<p>Al mismo tiempo, ordena habilitar\u00a0<strong>plataformas tecnol\u00f3gicas y mecanismos de denuncia confidencial<\/strong>\u00a0para que los ciudadanos puedan reportar actividades que amenacen los\u00a0<strong>recursos naturales estrat\u00e9gicos<\/strong>, con garant\u00edas de protecci\u00f3n para los denunciantes y colaboradores de buena fe.<\/p>\n<h3>Acciones inmediatas<\/h3>\n<p>El d\u00eda de la emisi\u00f3n del decreto, el pasado mi\u00e9rcoles, el\u00a0<strong>ministro de Medio Ambiente<\/strong>,\u00a0<strong>Pa\u00edno Henr\u00edquez<\/strong>, anunci\u00f3 la\u00a0<strong>intervenci\u00f3n de La Neverita<\/strong>, una zona del r\u00edo Nizao, ubicada entre San Crist\u00f3bal y Peravia, donde el da\u00f1o ambiental la convirti\u00f3 en un atractivo tur\u00edstico.<\/p>\n<p>Tambi\u00e9n dijo que ya se trabaja en la\u00a0<strong>recuperaci\u00f3n del r\u00edo Haina<\/strong>.<\/p>\n<p>En tanto, Abinader insisti\u00f3 en que el objetivo principal del\u00a0<strong>Decreto 615-26<\/strong>\u00a0es establecer un\u00a0<strong>r\u00e9gimen de consecuencias<\/strong>\u00a0que permita disuadir y perseguir con mayor efectividad las acciones que deterioren los ecosistemas del pa\u00eds.<\/p>\n<p>Por. <strong>Pedro Mart\u00edn S\u00e1nchez \/ DL<\/strong><\/li>\n<\/ul>\n<\/div>\n<div class=\"border-b-2 pb-3 byline text-lg\">\n<address class=\"author not-italic inline mr-2 block\" data-mrf-recirculation=\"Autor\">\u00a0<\/address>\n<\/div>\n","protected":false},"excerpt":{"rendered":"<p>La orden busca combatir el \u00abterrorismo ambiental\u00bb y prevenir agresiones contra fuentes e infraestructuras de&#8230;<\/p>\n","protected":false},"author":2,"featured_media":58317,"comment_status":"open","ping_status":"open","sticky":false,"template":"","format":"standard","meta":{"_jetpack_newsletter_access":"","_jetpack_dont_email_post_to_subs":false,"_jetpack_newsletter_tier_id":0,"_jetpack_memberships_contains_paywalled_content":false,"_jetpack_memberships_contains_paid_content":false,"_joinchat":[],"footnotes":"","jetpack_publicize_message":"","jetpack_publicize_feature_enabled":true,"jetpack_social_post_already_shared":true,"jetpack_social_options":{"image_generator_settings":{"template":"highway","default_image_id":0,"font":"","enabled":false},"version":2},"jetpack_post_was_ever_published":false},"categories":[8,39],"tags":[12579,22645,875,12469,5379,46,22644],"class_list":["post-58316","post","type-post","status-publish","format-standard","has-post-thumbnail","hentry","category-nacionales","category-primeraplana","tag-bosques","tag-decreto-615-26","tag-medio-ambiente","tag-presas","tag-rios","tag-solis-informa","tag-terrorismo-ambiental"],"yoast_head":"<!-- This site is optimized with the Yoast SEO plugin v24.9 - https:\/\/yoast.com\/wordpress\/plugins\/seo\/ -->\n<title>R\u00edos, acueductos y presas: los recursos h\u00eddricos que el decreto 615-26 fija como prioridad nacional - Solis Informa<\/title>\n<meta name=\"robots\" content=\"index, follow, max-snippet:-1, max-image-preview:large, max-video-preview:-1\" \/>\n<link rel=\"canonical\" href=\"https:\/\/solisinforma.com\/?p=58316\" \/>\n<meta property=\"og:locale\" content=\"es_ES\" \/>\n<meta property=\"og:type\" content=\"article\" \/>\n<meta property=\"og:title\" content=\"R\u00edos, acueductos y presas: los recursos h\u00eddricos que el decreto 615-26 fija como prioridad nacional - Solis Informa\" \/>\n<meta property=\"og:description\" content=\"La orden busca combatir el \u00abterrorismo ambiental\u00bb y prevenir agresiones contra fuentes e infraestructuras de...\" \/>\n<meta property=\"og:url\" content=\"https:\/\/solisinforma.com\/?p=58316\" \/>\n<meta property=\"og:site_name\" content=\"Solis Informa\" \/>\n<meta property=\"article:publisher\" content=\"https:\/\/www.facebook.com\/Solisinforma1\/\" \/>\n<meta property=\"article:author\" content=\"https:\/\/www.facebook.com\/Solisinforma\/\" \/>\n<meta property=\"article:published_time\" content=\"2026-09-05T14:36:06+00:00\" \/>\n<meta property=\"og:image\" content=\"https:\/\/solisinforma.com\/wp-content\/uploads\/2026\/09\/Rios-secos.jpg\" \/>\n\t<meta property=\"og:image:width\" content=\"739\" \/>\n\t<meta property=\"og:image:height\" content=\"415\" \/>\n\t<meta property=\"og:image:type\" content=\"image\/jpeg\" \/>\n<meta name=\"author\" content=\"Hector Solis\" \/>\n<meta name=\"twitter:card\" content=\"summary_large_image\" \/>\n<meta name=\"twitter:creator\" content=\"@solisinforma1\" \/>\n<meta name=\"twitter:label1\" content=\"Escrito por\" \/>\n\t<meta name=\"twitter:data1\" content=\"Hector Solis\" \/>\n\t<meta name=\"twitter:label2\" content=\"Tiempo de lectura\" \/>\n\t<meta name=\"twitter:data2\" content=\"3 minutos\" \/>\n<script type=\"application\/ld+json\" class=\"yoast-schema-graph\">{\"@context\":\"https:\/\/schema.org\",\"@graph\":[{\"@type\":\"Article\",\"@id\":\"https:\/\/solisinforma.com\/?p=58316#article\",\"isPartOf\":{\"@id\":\"https:\/\/solisinforma.com\/?p=58316\"},\"author\":{\"name\":\"Hector Solis\",\"@id\":\"https:\/\/solisinforma.com\/#\/schema\/person\/db4967d1c8ed640d46bf21dc55215612\"},\"headline\":\"R\u00edos, acueductos y presas: los recursos h\u00eddricos que el decreto 615-26 fija como prioridad nacional\",\"datePublished\":\"2026-09-05T14:36:06+00:00\",\"mainEntityOfPage\":{\"@id\":\"https:\/\/solisinforma.com\/?p=58316\"},\"wordCount\":641,\"commentCount\":0,\"publisher\":{\"@id\":\"https:\/\/solisinforma.com\/#organization\"},\"image\":{\"@id\":\"https:\/\/solisinforma.com\/?p=58316#primaryimage\"},\"thumbnailUrl\":\"https:\/\/i0.wp.com\/solisinforma.com\/wp-content\/uploads\/2026\/09\/Rios-secos.jpg?fit=739%2C415&ssl=1\",\"keywords\":[\"Bosques\",\"Decreto 615-26\",\"Medio ambiente\",\"Presas\",\"r\u00edos\",\"Solis informa\",\"Terrorismo ambiental\"],\"articleSection\":[\"Nacionales\",\"Primera Plana\"],\"inLanguage\":\"es\",\"potentialAction\":[{\"@type\":\"CommentAction\",\"name\":\"Comment\",\"target\":[\"https:\/\/solisinforma.com\/?p=58316#respond\"]}]},{\"@type\":\"WebPage\",\"@id\":\"https:\/\/solisinforma.com\/?p=58316\",\"url\":\"https:\/\/solisinforma.com\/?p=58316\",\"name\":\"R\u00edos, acueductos y presas: los recursos h\u00eddricos que el decreto 615-26 fija como prioridad nacional - Solis Informa\",\"isPartOf\":{\"@id\":\"https:\/\/solisinforma.com\/#website\"},\"primaryImageOfPage\":{\"@id\":\"https:\/\/solisinforma.com\/?p=58316#primaryimage\"},\"image\":{\"@id\":\"https:\/\/solisinforma.com\/?p=58316#primaryimage\"},\"thumbnailUrl\":\"https:\/\/i0.wp.com\/solisinforma.com\/wp-content\/uploads\/2026\/09\/Rios-secos.jpg?fit=739%2C415&ssl=1\",\"datePublished\":\"2026-09-05T14:36:06+00:00\",\"breadcrumb\":{\"@id\":\"https:\/\/solisinforma.com\/?p=58316#breadcrumb\"},\"inLanguage\":\"es\",\"potentialAction\":[{\"@type\":\"ReadAction\",\"target\":[\"https:\/\/solisinforma.com\/?p=58316\"]}]},{\"@type\":\"ImageObject\",\"inLanguage\":\"es\",\"@id\":\"https:\/\/solisinforma.com\/?p=58316#primaryimage\",\"url\":\"https:\/\/i0.wp.com\/solisinforma.com\/wp-content\/uploads\/2026\/09\/Rios-secos.jpg?fit=739%2C415&ssl=1\",\"contentUrl\":\"https:\/\/i0.wp.com\/solisinforma.com\/wp-content\/uploads\/2026\/09\/Rios-secos.jpg?fit=739%2C415&ssl=1\",\"width\":739,\"height\":415},{\"@type\":\"BreadcrumbList\",\"@id\":\"https:\/\/solisinforma.com\/?p=58316#breadcrumb\",\"itemListElement\":[{\"@type\":\"ListItem\",\"position\":1,\"name\":\"Portada\",\"item\":\"https:\/\/solisinforma.com\/\"},{\"@type\":\"ListItem\",\"position\":2,\"name\":\"R\u00edos, acueductos y presas: los recursos h\u00eddricos que el decreto 615-26 fija como prioridad nacional\"}]},{\"@type\":\"WebSite\",\"@id\":\"https:\/\/solisinforma.com\/#website\",\"url\":\"https:\/\/solisinforma.com\/\",\"name\":\"Solis Informa\",\"description\":\"El Diario de San Juan\",\"publisher\":{\"@id\":\"https:\/\/solisinforma.com\/#organization\"},\"potentialAction\":[{\"@type\":\"SearchAction\",\"target\":{\"@type\":\"EntryPoint\",\"urlTemplate\":\"https:\/\/solisinforma.com\/?s={search_term_string}\"},\"query-input\":{\"@type\":\"PropertyValueSpecification\",\"valueRequired\":true,\"valueName\":\"search_term_string\"}}],\"inLanguage\":\"es\"},{\"@type\":\"Organization\",\"@id\":\"https:\/\/solisinforma.com\/#organization\",\"name\":\"Solis Informa\",\"url\":\"https:\/\/solisinforma.com\/\",\"logo\":{\"@type\":\"ImageObject\",\"inLanguage\":\"es\",\"@id\":\"https:\/\/solisinforma.com\/#\/schema\/logo\/image\/\",\"url\":\"https:\/\/i0.wp.com\/solisinforma.com\/wp-content\/uploads\/2020\/07\/cropped-solis-4.png?fit=512%2C512&ssl=1\",\"contentUrl\":\"https:\/\/i0.wp.com\/solisinforma.com\/wp-content\/uploads\/2020\/07\/cropped-solis-4.png?fit=512%2C512&ssl=1\",\"width\":512,\"height\":512,\"caption\":\"Solis Informa\"},\"image\":{\"@id\":\"https:\/\/solisinforma.com\/#\/schema\/logo\/image\/\"},\"sameAs\":[\"https:\/\/www.facebook.com\/Solisinforma1\/\"]},{\"@type\":\"Person\",\"@id\":\"https:\/\/solisinforma.com\/#\/schema\/person\/db4967d1c8ed640d46bf21dc55215612\",\"name\":\"Hector Solis\",\"image\":{\"@type\":\"ImageObject\",\"inLanguage\":\"es\",\"@id\":\"https:\/\/solisinforma.com\/#\/schema\/person\/image\/\",\"url\":\"https:\/\/secure.gravatar.com\/avatar\/3e116868529a43555438940611160b9cf01e4fb17f119453a6329d96e10fecf8?s=96&d=mm&r=g\",\"contentUrl\":\"https:\/\/secure.gravatar.com\/avatar\/3e116868529a43555438940611160b9cf01e4fb17f119453a6329d96e10fecf8?s=96&d=mm&r=g\",\"caption\":\"Hector Solis\"},\"sameAs\":[\"http:\/\/Solisinforma.com\",\"https:\/\/www.facebook.com\/Solisinforma\/\",\"https:\/\/www.instagram.com\/solisinforma\/\",\"www.linkedin.com\/in\/hectorsolisinforma\",\"https:\/\/x.com\/solisinforma1\",\"@Solisinformaenvivo\",\"https:\/\/soundcloud.com\/solisinforma\"],\"url\":\"https:\/\/solisinforma.com\/?author=2\"}]}<\/script>\n<!-- \/ Yoast SEO plugin. -->","yoast_head_json":{"title":"R\u00edos, acueductos y presas: los recursos h\u00eddricos que el decreto 615-26 fija como prioridad nacional - Solis Informa","robots":{"index":"index","follow":"follow","max-snippet":"max-snippet:-1","max-image-preview":"max-image-preview:large","max-video-preview":"max-video-preview:-1"},"canonical":"https:\/\/solisinforma.com\/?p=58316","og_locale":"es_ES","og_type":"article","og_title":"R\u00edos, acueductos y presas: los recursos h\u00eddricos que el decreto 615-26 fija como prioridad nacional - Solis Informa","og_description":"La orden busca combatir el \u00abterrorismo ambiental\u00bb y prevenir agresiones contra fuentes e infraestructuras de...","og_url":"https:\/\/solisinforma.com\/?p=58316","og_site_name":"Solis Informa","article_publisher":"https:\/\/www.facebook.com\/Solisinforma1\/","article_author":"https:\/\/www.facebook.com\/Solisinforma\/","article_published_time":"2026-09-05T14:36:06+00:00","og_image":[{"width":739,"height":415,"url":"https:\/\/solisinforma.com\/wp-content\/uploads\/2026\/09\/Rios-secos.jpg","type":"image\/jpeg"}],"author":"Hector Solis","twitter_card":"summary_large_image","twitter_creator":"@solisinforma1","twitter_misc":{"Escrito por":"Hector Solis","Tiempo de lectura":"3 minutos"},"schema":{"@context":"https:\/\/schema.org","@graph":[{"@type":"Article","@id":"https:\/\/solisinforma.com\/?p=58316#article","isPartOf":{"@id":"https:\/\/solisinforma.com\/?p=58316"},"author":{"name":"Hector Solis","@id":"https:\/\/solisinforma.com\/#\/schema\/person\/db4967d1c8ed640d46bf21dc55215612"},"headline":"R\u00edos, acueductos y presas: los recursos h\u00eddricos que el decreto 615-26 fija como prioridad nacional","datePublished":"2026-09-05T14:36:06+00:00","mainEntityOfPage":{"@id":"https:\/\/solisinforma.com\/?p=58316"},"wordCount":641,"commentCount":0,"publisher":{"@id":"https:\/\/solisinforma.com\/#organization"},"image":{"@id":"https:\/\/solisinforma.com\/?p=58316#primaryimage"},"thumbnailUrl":"https:\/\/i0.wp.com\/solisinforma.com\/wp-content\/uploads\/2026\/09\/Rios-secos.jpg?fit=739%2C415&ssl=1","keywords":["Bosques","Decreto 615-26","Medio ambiente","Presas","r\u00edos","Solis informa","Terrorismo ambiental"],"articleSection":["Nacionales","Primera Plana"],"inLanguage":"es","potentialAction":[{"@type":"CommentAction","name":"Comment","target":["https:\/\/solisinforma.com\/?p=58316#respond"]}]},{"@type":"WebPage","@id":"https:\/\/solisinforma.com\/?p=58316","url":"https:\/\/solisinforma.com\/?p=58316","name":"R\u00edos, acueductos y presas: los recursos h\u00eddricos que el decreto 615-26 fija como prioridad nacional - Solis Informa","isPartOf":{"@id":"https:\/\/solisinforma.com\/#website"},"primaryImageOfPage":{"@id":"https:\/\/solisinforma.com\/?p=58316#primaryimage"},"image":{"@id":"https:\/\/solisinforma.com\/?p=58316#primaryimage"},"thumbnailUrl":"https:\/\/i0.wp.com\/solisinforma.com\/wp-content\/uploads\/2026\/09\/Rios-secos.jpg?fit=739%2C415&ssl=1","datePublished":"2026-09-05T14:36:06+00:00","breadcrumb":{"@id":"https:\/\/solisinforma.com\/?p=58316#breadcrumb"},"inLanguage":"es","potentialAction":[{"@type":"ReadAction","target":["https:\/\/solisinforma.com\/?p=58316"]}]},{"@type":"ImageObject","inLanguage":"es","@id":"https:\/\/solisinforma.com\/?p=58316#primaryimage","url":"https:\/\/i0.wp.com\/solisinforma.com\/wp-content\/uploads\/2026\/09\/Rios-secos.jpg?fit=739%2C415&ssl=1","contentUrl":"https:\/\/i0.wp.com\/solisinforma.com\/wp-content\/uploads\/2026\/09\/Rios-secos.jpg?fit=739%2C415&ssl=1","width":739,"height":415},{"@type":"BreadcrumbList","@id":"https:\/\/solisinforma.com\/?p=58316#breadcrumb","itemListElement":[{"@type":"ListItem","position":1,"name":"Portada","item":"https:\/\/solisinforma.com\/"},{"@type":"ListItem","position":2,"name":"R\u00edos, acueductos y presas: los recursos h\u00eddricos que el decreto 615-26 fija como prioridad nacional"}]},{"@type":"WebSite","@id":"https:\/\/solisinforma.com\/#website","url":"https:\/\/solisinforma.com\/","name":"Solis Informa","description":"El Diario de San Juan","publisher":{"@id":"https:\/\/solisinforma.com\/#organization"},"potentialAction":[{"@type":"SearchAction","target":{"@type":"EntryPoint","urlTemplate":"https:\/\/solisinforma.com\/?s={search_term_string}"},"query-input":{"@type":"PropertyValueSpecification","valueRequired":true,"valueName":"search_term_string"}}],"inLanguage":"es"},{"@type":"Organization","@id":"https:\/\/solisinforma.com\/#organization","name":"Solis Informa","url":"https:\/\/solisinforma.com\/","logo":{"@type":"ImageObject","inLanguage":"es","@id":"https:\/\/solisinforma.com\/#\/schema\/logo\/image\/","url":"https:\/\/i0.wp.com\/solisinforma.com\/wp-content\/uploads\/2020\/07\/cropped-solis-4.png?fit=512%2C512&ssl=1","contentUrl":"https:\/\/i0.wp.com\/solisinforma.com\/wp-content\/uploads\/2020\/07\/cropped-solis-4.png?fit=512%2C512&ssl=1","width":512,"height":512,"caption":"Solis Informa"},"image":{"@id":"https:\/\/solisinforma.com\/#\/schema\/logo\/image\/"},"sameAs":["https:\/\/www.facebook.com\/Solisinforma1\/"]},{"@type":"Person","@id":"https:\/\/solisinforma.com\/#\/schema\/person\/db4967d1c8ed640d46bf21dc55215612","name":"Hector Solis","image":{"@type":"ImageObject","inLanguage":"es","@id":"https:\/\/solisinforma.com\/#\/schema\/person\/image\/","url":"https:\/\/secure.gravatar.com\/avatar\/3e116868529a43555438940611160b9cf01e4fb17f119453a6329d96e10fecf8?s=96&d=mm&r=g","contentUrl":"https:\/\/secure.gravatar.com\/avatar\/3e116868529a43555438940611160b9cf01e4fb17f119453a6329d96e10fecf8?s=96&d=mm&r=g","caption":"Hector Solis"},"sameAs":["http:\/\/Solisinforma.com","https:\/\/www.facebook.com\/Solisinforma\/","https:\/\/www.instagram.com\/solisinforma\/","www.linkedin.com\/in\/hectorsolisinforma","https:\/\/x.com\/solisinforma1","@Solisinformaenvivo","https:\/\/soundcloud.com\/solisinforma"],"url":"https:\/\/solisinforma.com\/?author=2"}]}},"jetpack_publicize_connections":[],"jetpack_featured_media_url":"https:\/\/i0.wp.com\/solisinforma.com\/wp-content\/uploads\/2026\/09\/Rios-secos.jpg?fit=739%2C415&ssl=1","jetpack_sharing_enabled":true,"jetpack_likes_enabled":true,"jetpack-related-posts":[{"id":22635,"url":"https:\/\/solisinforma.com\/?p=22635","url_meta":{"origin":58316,"position":0},"title":"Al menos diez muertos, entre ellos dos polic\u00edas, dej\u00f3 la ola de violencia narco en Ecuador","author":"Hector Solis","date":"10 de enero de 2024","format":false,"excerpt":"La informaci\u00f3n fue confirmada por la Polic\u00eda local en una rueda de prensa. Tambi\u00e9n se logr\u00f3 la detenci\u00f3n de 14 personas sospechosas de participar en los hechos violentos Al menos\u00a0diez personas murieron,\u00a0entre ellas dos agentes de la\u00a0Polic\u00eda Nacional,\u00a0y tres resultaron heridas este martes en\u00a0Guayaquil\u00a0en medio de la jornada de violencia\u2026","rel":"","context":"En \u00abInternacional\u00bb","block_context":{"text":"Internacional","link":"https:\/\/solisinforma.com\/?cat=15"},"img":{"alt_text":"","src":"https:\/\/i0.wp.com\/solisinforma.com\/wp-content\/uploads\/2024\/01\/Policia-Violencia-Ecuador.jpg?fit=1200%2C800&ssl=1&resize=350%2C200","width":350,"height":200,"srcset":"https:\/\/i0.wp.com\/solisinforma.com\/wp-content\/uploads\/2024\/01\/Policia-Violencia-Ecuador.jpg?fit=1200%2C800&ssl=1&resize=350%2C200 1x, https:\/\/i0.wp.com\/solisinforma.com\/wp-content\/uploads\/2024\/01\/Policia-Violencia-Ecuador.jpg?fit=1200%2C800&ssl=1&resize=525%2C300 1.5x, https:\/\/i0.wp.com\/solisinforma.com\/wp-content\/uploads\/2024\/01\/Policia-Violencia-Ecuador.jpg?fit=1200%2C800&ssl=1&resize=700%2C400 2x, https:\/\/i0.wp.com\/solisinforma.com\/wp-content\/uploads\/2024\/01\/Policia-Violencia-Ecuador.jpg?fit=1200%2C800&ssl=1&resize=1050%2C600 3x"},"classes":[]},{"id":55828,"url":"https:\/\/solisinforma.com\/?p=55828","url_meta":{"origin":58316,"position":1},"title":"Abinader declara en emergencia al Distrito Nacional y cinco provincias","author":"Hector Solis","date":"13 de abril de 2026","format":false,"excerpt":"El decreto incluye a Puerto Plata, Espaillat, Valverde, Santiago y Santo Domingo. El presidente\u00a0Luis Abinader\u00a0declar\u00f3\u00a0este domingo estado de\u00a0emergencia regional para\u00a0al\u00a0Distrito Nacional\u00a0y\u00a0cinco provincias, debido a los da\u00f1os provocados por las\u00a0lluvias\u00a0que han afectado gran parte del territorio nacional. La disposici\u00f3n est\u00e1 contenida en el\u00a0decreto 234-26\u00a0emitido hoy e incluye a las provincias\u00a0Puerto Plata,\u2026","rel":"","context":"En \u00abNacionales\u00bb","block_context":{"text":"Nacionales","link":"https:\/\/solisinforma.com\/?cat=8"},"img":{"alt_text":"","src":"https:\/\/i0.wp.com\/solisinforma.com\/wp-content\/uploads\/2026\/04\/En-emergencias-por-lluvias-anegados.jpg?fit=1199%2C675&ssl=1&resize=350%2C200","width":350,"height":200,"srcset":"https:\/\/i0.wp.com\/solisinforma.com\/wp-content\/uploads\/2026\/04\/En-emergencias-por-lluvias-anegados.jpg?fit=1199%2C675&ssl=1&resize=350%2C200 1x, https:\/\/i0.wp.com\/solisinforma.com\/wp-content\/uploads\/2026\/04\/En-emergencias-por-lluvias-anegados.jpg?fit=1199%2C675&ssl=1&resize=525%2C300 1.5x, https:\/\/i0.wp.com\/solisinforma.com\/wp-content\/uploads\/2026\/04\/En-emergencias-por-lluvias-anegados.jpg?fit=1199%2C675&ssl=1&resize=700%2C400 2x, https:\/\/i0.wp.com\/solisinforma.com\/wp-content\/uploads\/2026\/04\/En-emergencias-por-lluvias-anegados.jpg?fit=1199%2C675&ssl=1&resize=1050%2C600 3x"},"classes":[]},{"id":30177,"url":"https:\/\/solisinforma.com\/?p=30177","url_meta":{"origin":58316,"position":2},"title":"Abinader anuncia que tratar\u00e1 a los miembros de bandas haitianas como terroristas","author":"Hector Solis","date":"28 de febrero de 2025","format":false,"excerpt":"El presidente firm\u00f3 un decreto con la declaratoria En su rendici\u00f3n de cuentas, critic\u00f3 el d\u00e9bil apoyo de la comunidad internacional a la misi\u00f3n en Hait\u00ed\u00a0 El presidente\u00a0Abinader\u00a0anunci\u00f3 ayer jueves durante su discurso de rendici\u00f3n de cuentas ante la Asamblea Nacional, que firm\u00f3 un decreto en el que declar\u00f3 como\u00a0terroristas\u00a0a\u2026","rel":"","context":"En \u00abNacionales\u00bb","block_context":{"text":"Nacionales","link":"https:\/\/solisinforma.com\/?cat=8"},"img":{"alt_text":"","src":"https:\/\/i0.wp.com\/solisinforma.com\/wp-content\/uploads\/2022\/08\/bandas-armadas-haiti.jpg?resize=350%2C200&ssl=1","width":350,"height":200,"srcset":"https:\/\/i0.wp.com\/solisinforma.com\/wp-content\/uploads\/2022\/08\/bandas-armadas-haiti.jpg?resize=350%2C200&ssl=1 1x, https:\/\/i0.wp.com\/solisinforma.com\/wp-content\/uploads\/2022\/08\/bandas-armadas-haiti.jpg?resize=525%2C300&ssl=1 1.5x, https:\/\/i0.wp.com\/solisinforma.com\/wp-content\/uploads\/2022\/08\/bandas-armadas-haiti.jpg?resize=700%2C400&ssl=1 2x, https:\/\/i0.wp.com\/solisinforma.com\/wp-content\/uploads\/2022\/08\/bandas-armadas-haiti.jpg?resize=1050%2C600&ssl=1 3x"},"classes":[]},{"id":56413,"url":"https:\/\/solisinforma.com\/?p=56413","url_meta":{"origin":58316,"position":3},"title":"La DNI operar\u00e1 con n\u00f3minas confidenciales y podr\u00e1 crear r\u00e9gimen especial de seguridad social","author":"Hector Solis","date":"22 de mayo de 2026","format":false,"excerpt":"El Poder Ejecutivo establece el reglamento de aplicaci\u00f3n de la Ley 1-26 que regula el Sistema Nacional de Inteligencia. El personal de la\u00a0Direcci\u00f3n Nacional de Inteligencia (DNI)\u00a0estar\u00e1 sujeto a un\u00a0r\u00e9gimen propio, exclusivo y confidencial, que incluir\u00e1\u00a0n\u00f3minas reservadas\u00a0y la\u00a0facultad\u00a0de crear un\u00a0r\u00e9gimen especial\u00a0de seguridad social. El pasado 29 de abril, el\u00a0Poder Ejecutivo\u00a0emiti\u00f3\u2026","rel":"","context":"En \u00abNacionales\u00bb","block_context":{"text":"Nacionales","link":"https:\/\/solisinforma.com\/?cat=8"},"img":{"alt_text":"","src":"https:\/\/i0.wp.com\/solisinforma.com\/wp-content\/uploads\/2026\/05\/DNI-archivo.jpg?fit=1200%2C675&ssl=1&resize=350%2C200","width":350,"height":200,"srcset":"https:\/\/i0.wp.com\/solisinforma.com\/wp-content\/uploads\/2026\/05\/DNI-archivo.jpg?fit=1200%2C675&ssl=1&resize=350%2C200 1x, https:\/\/i0.wp.com\/solisinforma.com\/wp-content\/uploads\/2026\/05\/DNI-archivo.jpg?fit=1200%2C675&ssl=1&resize=525%2C300 1.5x, https:\/\/i0.wp.com\/solisinforma.com\/wp-content\/uploads\/2026\/05\/DNI-archivo.jpg?fit=1200%2C675&ssl=1&resize=700%2C400 2x, https:\/\/i0.wp.com\/solisinforma.com\/wp-content\/uploads\/2026\/05\/DNI-archivo.jpg?fit=1200%2C675&ssl=1&resize=1050%2C600 3x"},"classes":[]},{"id":31563,"url":"https:\/\/solisinforma.com\/?p=31563","url_meta":{"origin":58316,"position":4},"title":"Informe t\u00e9cnico UASD rechaza carretera San Juan-Santiago por impacto ambiental","author":"Hector Solis","date":"17 de mayo de 2025","format":false,"excerpt":"Santo Domingo.-\u00a0Un informe t\u00e9cnico presentado por la Comisi\u00f3n Ambiental de la Universidad Aut\u00f3noma de Santo Domingo (UASD) y la Academia de Ciencias de la Rep\u00fablica Dominicana (ACRD) recomienda descartar de forma definitiva el proyecto de construcci\u00f3n de la carretera \u00abSabaneta a Sabaneta\u00bb, que pretende unir las provincias San Juan y\u2026","rel":"","context":"En \u00abLocales\u00bb","block_context":{"text":"Locales","link":"https:\/\/solisinforma.com\/?cat=34"},"img":{"alt_text":"","src":"https:\/\/i0.wp.com\/solisinforma.com\/wp-content\/uploads\/2025\/05\/Carreteras-greddar.jpg?fit=1200%2C789&ssl=1&resize=350%2C200","width":350,"height":200,"srcset":"https:\/\/i0.wp.com\/solisinforma.com\/wp-content\/uploads\/2025\/05\/Carreteras-greddar.jpg?fit=1200%2C789&ssl=1&resize=350%2C200 1x, https:\/\/i0.wp.com\/solisinforma.com\/wp-content\/uploads\/2025\/05\/Carreteras-greddar.jpg?fit=1200%2C789&ssl=1&resize=525%2C300 1.5x, https:\/\/i0.wp.com\/solisinforma.com\/wp-content\/uploads\/2025\/05\/Carreteras-greddar.jpg?fit=1200%2C789&ssl=1&resize=700%2C400 2x, https:\/\/i0.wp.com\/solisinforma.com\/wp-content\/uploads\/2025\/05\/Carreteras-greddar.jpg?fit=1200%2C789&ssl=1&resize=1050%2C600 3x"},"classes":[]},{"id":55971,"url":"https:\/\/solisinforma.com\/?p=55971","url_meta":{"origin":58316,"position":5},"title":"Proyecto Sabaneta realiza varios trabajos para evitar mayor sedimentacion en la presa de Sabaneta","author":"Hector Solis","date":"20 de abril de 2026","format":false,"excerpt":"Sabaneta, San Juan. Varias labores est\u00e1n siendo realizadas por el Proyecto Sabaneta, en la cuenca alta, para evitar mayor\u00a0\u00a0\u00a0grado de sedimentaci\u00f3n en el lago de la Presa de Sabaneta. La\u00a0\u00a0\u00a0construcci\u00f3n de zanjas de infiltraci\u00f3n est\u00e1 siendo realizada por el Proyecto Sabaneta como parte de los trabajos de recuperaci\u00f3n de la\u2026","rel":"","context":"En \u00abLocales\u00bb","block_context":{"text":"Locales","link":"https:\/\/solisinforma.com\/?cat=34"},"img":{"alt_text":"","src":"https:\/\/i0.wp.com\/solisinforma.com\/wp-content\/uploads\/2026\/04\/Proyecto-Sabaneta-1.jpeg?fit=1200%2C675&ssl=1&resize=350%2C200","width":350,"height":200,"srcset":"https:\/\/i0.wp.com\/solisinforma.com\/wp-content\/uploads\/2026\/04\/Proyecto-Sabaneta-1.jpeg?fit=1200%2C675&ssl=1&resize=350%2C200 1x, https:\/\/i0.wp.com\/solisinforma.com\/wp-content\/uploads\/2026\/04\/Proyecto-Sabaneta-1.jpeg?fit=1200%2C675&ssl=1&resize=525%2C300 1.5x, https:\/\/i0.wp.com\/solisinforma.com\/wp-content\/uploads\/2026\/04\/Proyecto-Sabaneta-1.jpeg?fit=1200%2C675&ssl=1&resize=700%2C400 2x, https:\/\/i0.wp.com\/solisinforma.com\/wp-content\/uploads\/2026\/04\/Proyecto-Sabaneta-1.jpeg?fit=1200%2C675&ssl=1&resize=1050%2C600 3x"},"classes":[]}],"jetpack_shortlink":"https:\/\/wp.me\/pc2Svn-faA","_links":{"self":[{"href":"https:\/\/solisinforma.com\/index.php?rest_route=\/wp\/v2\/posts\/58316","targetHints":{"allow":["GET"]}}],"collection":[{"href":"https:\/\/solisinforma.com\/index.php?rest_route=\/wp\/v2\/posts"}],"about":[{"href":"https:\/\/solisinforma.com\/index.php?rest_route=\/wp\/v2\/types\/post"}],"author":[{"embeddable":true,"href":"https:\/\/solisinforma.com\/index.php?rest_route=\/wp\/v2\/users\/2"}],"replies":[{"embeddable":true,"href":"https:\/\/solisinforma.com\/index.php?rest_route=%2Fwp%2Fv2%2Fcomments&post=58316"}],"version-history":[{"count":1,"href":"https:\/\/solisinforma.com\/index.php?rest_route=\/wp\/v2\/posts\/58316\/revisions"}],"predecessor-version":[{"id":58318,"href":"https:\/\/solisinforma.com\/index.php?rest_route=\/wp\/v2\/posts\/58316\/revisions\/58318"}],"wp:featuredmedia":[{"embeddable":true,"href":"https:\/\/solisinforma.com\/index.php?rest_route=\/wp\/v2\/media\/58317"}],"wp:attachment":[{"href":"https:\/\/solisinforma.com\/index.php?rest_route=%2Fwp%2Fv2%2Fmedia&parent=58316"}],"wp:term":[{"taxonomy":"category","embeddable":true,"href":"https:\/\/solisinforma.com\/index.php?rest_route=%2Fwp%2Fv2%2Fcategories&post=58316"},{"taxonomy":"post_tag","embeddable":true,"href":"https:\/\/solisinforma.com\/index.php?rest_route=%2Fwp%2Fv2%2Ftags&post=58316"}],"curies":[{"name":"wp","href":"https:\/\/api.w.org\/{rel}","templated":true}]}}