{"id":58330,"date":"2026-09-06T08:38:50","date_gmt":"2026-09-06T12:38:50","guid":{"rendered":"https:\/\/solisinforma.com\/?p=58330"},"modified":"2026-09-06T08:38:50","modified_gmt":"2026-09-06T12:38:50","slug":"el-codigo-penal-no-prohibe-whatsapp-pero-cambia-la-relacion-entre-medicos-y-pacientes","status":"publish","type":"post","link":"https:\/\/solisinforma.com\/?p=58330","title":{"rendered":"El C\u00f3digo Penal no proh\u00edbe WhatsApp, pero cambia la relaci\u00f3n entre m\u00e9dicos y pacientes"},"content":{"rendered":"<div class=\"subtitle text-xl mb-4\">\n<ul>\n<li class=\"flex mb-2\"><strong><strong>El nuevo escenario genera inquietud entre especialistas y pacientes ante la posibilidad de que se utilicen las consultas por chat como elementos probatorios\n<p><img data-recalc-dims=\"1\" loading=\"lazy\" decoding=\"async\" class=\"aligncenter wp-image-58333 size-full\" src=\"https:\/\/i0.wp.com\/solisinforma.com\/wp-content\/uploads\/2026\/09\/Constlas-whatsapp.jpg?resize=640%2C400&#038;ssl=1\" alt=\"\" width=\"640\" height=\"400\" srcset=\"https:\/\/i0.wp.com\/solisinforma.com\/wp-content\/uploads\/2026\/09\/Constlas-whatsapp.jpg?w=1920&amp;ssl=1 1920w, https:\/\/i0.wp.com\/solisinforma.com\/wp-content\/uploads\/2026\/09\/Constlas-whatsapp.jpg?resize=1152%2C720&amp;ssl=1 1152w, https:\/\/i0.wp.com\/solisinforma.com\/wp-content\/uploads\/2026\/09\/Constlas-whatsapp.jpg?resize=768%2C480&amp;ssl=1 768w, https:\/\/i0.wp.com\/solisinforma.com\/wp-content\/uploads\/2026\/09\/Constlas-whatsapp.jpg?resize=1536%2C960&amp;ssl=1 1536w, https:\/\/i0.wp.com\/solisinforma.com\/wp-content\/uploads\/2026\/09\/Constlas-whatsapp.jpg?resize=1024%2C640&amp;ssl=1 1024w, https:\/\/i0.wp.com\/solisinforma.com\/wp-content\/uploads\/2026\/09\/Constlas-whatsapp.jpg?w=1280&amp;ssl=1 1280w\" sizes=\"auto, (max-width: 640px) 100vw, 640px\" \/><br \/>\n<\/strong><\/strong>El\u00a0<strong>nuevo C\u00f3digo Penal<\/strong>, que entr\u00f3 en vigencia el pasado 3 de agosto,\u00a0<strong>no proh\u00edbe<\/strong>\u00a0que los\u00a0<strong>m\u00e9dicos<\/strong>\u00a0se comuniquen con sus pacientes a trav\u00e9s de\u00a0<strong>WhatsApp<\/strong>, tel\u00e9fono u otras\u00a0<strong>plataformas digitales<\/strong>\u00a0donde habitualmente se compart\u00edan\u00a0<strong>resultados de estudios<\/strong>, solicitudes de indicaciones m\u00e9dicas, pruebas de laboratorio y licencias por enfermedad.<\/p>\n<p>Sin embargo, el\u00a0<strong>endurecimiento de las sanciones<\/strong>\u00a0por\u00a0<strong>negligencia<\/strong>\u00a0en la\u00a0<strong>Ley 74-25<\/strong>\u00a0ha llevado a algunos profesionales a adoptar mayores precauciones y a limitar las orientaciones que ofrecen fuera de una\u00a0<strong>consulta presencial<\/strong>.<\/p>\n<p>As\u00ed lo explic\u00f3 el\u00a0<strong>abogado Juan Medina<\/strong>, quien asegur\u00f3 que el\u00a0<strong>intercambio de mensajes<\/strong>\u00a0entre un\u00a0<strong>m\u00e9dico<\/strong>\u00a0y un\u00a0<strong>paciente<\/strong>\u00a0no constituye, por s\u00ed solo, un\u00a0<strong>delito<\/strong>, pero advirti\u00f3 que una conversaci\u00f3n aislada tampoco sustituye la\u00a0<strong>documentaci\u00f3n<\/strong>\u00a0m\u00e9dica correspondiente.<\/p>\n<p>\u00abEl chat no es\u00a0<strong>delito<\/strong>, pero un mensajito suelto no es\u00a0<strong>historia cl\u00ednica<\/strong>\u00a0y no te salva de un tribunal. Por eso ahora lo documentan todo\u00bb, indic\u00f3 en un\u00a0<strong>material audiovisual<\/strong>\u00a0publicado en su cuenta de Instagram.<\/p>\n<p>Medina sostuvo que la\u00a0<strong>preocupaci\u00f3n de algunos m\u00e9dicos<\/strong>\u00a0est\u00e1 relacionada con el\u00a0<strong>aumento de las sanciones<\/strong>\u00a0establecidas en el\u00a0<strong>nuevo C\u00f3digo Penal<\/strong>\u00a0para los casos de\u00a0<strong>negligencia<\/strong>.<\/p>\n<p>\u00abEntonces, \u00bfpor qu\u00e9 los doctores se est\u00e1n cuidando tanto? Bueno, sencillo, el\u00a0<strong>C\u00f3digo endureci\u00f3 la negligencia<\/strong>. El C\u00f3digo\u00a0<strong>dispar\u00f3 las penas<\/strong>\u00a0por\u00a0<strong>negligencia<\/strong>\u00ab, asegur\u00f3.<\/p>\n<p>Al referirse a algunos art\u00edculos de la legislaci\u00f3n, detall\u00f3 lo siguiente: \u00abEl\u00a0<strong>art\u00edculo 112<\/strong>,\u00a0<strong>homicidio culposo<\/strong>\u00a0de 2 a 3 a\u00f1os preso. Y de 3 a 5, si act\u00faas a sabiendas del riesgo. El art\u00edculo 150, castiga las lesiones. Y el 354, los certificados falsos con c\u00e1rcel para el que lo firma y para el que lo usa\u00bb.<\/p>\n<p>Para el abogado, los cambios introducidos por la nueva legislaci\u00f3n buscan fortalecer las\u00a0<strong>responsabilidades<\/strong>\u00a0y la\u00a0<strong>documentaci\u00f3n<\/strong>\u00a0en el\u00a0<strong>ejercicio profesional<\/strong>.<\/p>\n<p>\u00abAhora el\u00a0<strong>m\u00e9dico tiene que cuidarse<\/strong>\u00a0m\u00e1s\u00bb, resalt\u00f3.<\/p>\n<h2>\u00bfMenos consultas por\u00a0<strong>WhatsApp<\/strong>?<\/h2>\n<p>Aunque la legislaci\u00f3n\u00a0<strong>no proh\u00edbe<\/strong>\u00a0expresamente que los\u00a0<strong>m\u00e9dicos<\/strong>\u00a0respondan a sus pacientes mediante\u00a0<strong>aplicaciones de mensajer\u00eda<\/strong>, el nuevo escenario ha generado inquietud entre profesionales y pacientes ante la posibilidad de que se reduzcan o eliminen las consultas y orientaciones realizadas a trav\u00e9s de\u00a0<strong>WhatsApp<\/strong>, tel\u00e9fono y otras\u00a0<strong>plataformas digitales<\/strong>.<\/p>\n<p>Desde antes de la entrada en vigencia del C\u00f3digo, el\u00a0<strong>neum\u00f3logo Emil Manzur<\/strong>\u00a0tiene establecidos l\u00edmites claros en la\u00a0<strong>comunicaci\u00f3n<\/strong>\u00a0con sus pacientes mediante un sistema de\u00a0<strong>respuesta autom\u00e1tica<\/strong>\u00a0en\u00a0<strong>WhatsApp<\/strong>.<\/p>\n<p>En el\u00a0<strong>mensaje explica<\/strong>\u00a0las condiciones bajo las cuales responde las consultas recibidas a trav\u00e9s de esa plataforma y los\u00a0<strong>horarios de servicio<\/strong>\u00a0en los\u00a0<strong>centros m\u00e9dicos<\/strong>\u00a0donde labora.<\/p>\n<p>\u00abSi me escribi\u00f3 y no le respond\u00ed es porque seguro estoy\u00a0<strong>ocupado atendiendo<\/strong>\u00a0otros casos o, si es\u00a0<strong>hora no laborable<\/strong>, a mi familia\u00bb, indica el texto autom\u00e1tico.<\/p>\n<p>Tambi\u00e9n advierte: \u00abSi mand\u00f3\u00a0<strong>nota de voz<\/strong>,\u00a0<strong>no la voy a o\u00edr<\/strong>, sin excepciones\u00bb.<\/p>\n<p>En tanto, un\u00a0<strong>nutricionista<\/strong>\u00a0consultado expres\u00f3 que le resulta muy dif\u00edcil suspender las consultas v\u00eda\u00a0<strong>WhatsApp<\/strong>\u00a0porque los pacientes siempre quieren alguna\u00a0<strong>orientaci\u00f3n<\/strong>\u00a0sobre los alimentos y suelen enviar fotos de sus platos.<\/p>\n<p>\u00abSi es una\u00a0<strong>pregunta sencilla<\/strong>, les respondo por ah\u00ed. De lo contrario, los invito a pasar por\u00a0<strong>consulta<\/strong>, por ejemplo, para una\u00a0<strong>dieta completa<\/strong>\u00ab, dijo.<\/p>\n<h2><strong>Medicina defensiva<\/strong><\/h2>\n<p>\u00abEl\u00a0<strong>C\u00f3digo Penal<\/strong>\u00a0viene a cambiar el ejercicio de la medicina en Rep\u00fablica Dominicana, va a llevar a que los\u00a0<strong>m\u00e9dicos<\/strong>\u00a0tengan que realizar una\u00a0<strong>medicina defensiva<\/strong>\u00ab, expres\u00f3\u00a0<strong>M\u00e1ximo B\u00e1ez<\/strong>, presidente regional del Distrito Nacional del\u00a0<strong>Colegio M\u00e9dico Dominicano<\/strong>\u00a0(CMD).<\/p>\n<p>\u00abEn ninguna parte habla de que se proh\u00edbe el env\u00edo de\u00a0<strong>recetas<\/strong>, de\u00a0<strong>resultados<\/strong>, v\u00eda\u00a0<strong>WhatsApp<\/strong>\u00ab, enfatiz\u00f3 en conversaci\u00f3n con\u00a0<em>Diario Libre<\/em>.<\/p>\n<p>Sin embargo, sostuvo que los cambios introducidos por la\u00a0<strong>nueva normativa<\/strong>\u00a0obligar\u00e1n a los\u00a0<strong>m\u00e9dicos<\/strong>\u00a0a ser m\u00e1s cuidadosos en el ejercicio de su\u00a0<strong>profesi\u00f3n<\/strong>.<\/p>\n<p>\u00abEl problema es que el c\u00f3digo viene a modificar muchas cosas y el\u00a0<strong>m\u00e9dico<\/strong>\u00a0tendr\u00e1 que\u00a0<strong>cuidarse<\/strong>\u00a0y una de las formas de\u00a0<strong>cuidarse<\/strong>\u00a0es evitando hacer\u00a0<strong>consulta<\/strong>\u00a0v\u00eda\u00a0<strong>WhatsApp<\/strong>, hacer\u00a0<strong>consulta<\/strong>\u00a0v\u00eda Facebook, hacer\u00a0<strong>consulta<\/strong>\u00a0v\u00eda\u00a0<strong>redes sociales<\/strong>, porque en el futuro eso podr\u00eda ser usado en su contra\u00bb, manifest\u00f3.<\/p>\n<p>B\u00e1ez indic\u00f3 que queda a voluntad del\u00a0<strong>especialista<\/strong>\u00a0responder o no, dependiendo del\u00a0<strong>v\u00ednculo de confianza<\/strong>\u00a0y cercan\u00eda que haya entre el\u00a0<strong>m\u00e9dico<\/strong>\u00a0y el\u00a0<strong>paciente<\/strong>.<\/p>\n<div class=\"my-12 component web-insert-bullet relative border bg-component\"><span class=\"text-xl block my-3 component-title glosa\"><strong>Art\u00edculos que el CMD se\u00f1ala como los que generar\u00edan \u00abmedicina defensiva\u00bb<\/strong><\/span><\/p>\n<ul class=\"list-text\">\n<li>Art\u00edculo 8 (Responsabilidad penal de las personas)<\/li>\n<li>Art\u00edculo 9 (Responsabilidad compartida)<\/li>\n<li>Art\u00edculo 12 (Comisi\u00f3n por omisi\u00f3n)<\/li>\n<li>Art\u00edculo 354 (Certificaci\u00f3n falsa de estado de salud)<\/li>\n<\/ul>\n<\/div>\n<h2>Recomiendan\u00a0<strong>consultas presenciales<\/strong><\/h2>\n<p>El\u00a0<strong>doctor B\u00e1ez<\/strong>\u00a0apoya que los\u00a0<strong>m\u00e9dicos<\/strong>\u00a0eviten realizar consultas y atender pacientes de manera online y, en cambio, prioricen las\u00a0<strong>evaluaciones presenciales<\/strong>.<\/p>\n<p>\u00abApoyamos que los\u00a0<strong>m\u00e9dicos<\/strong>\u00a0no hagan\u00a0<strong>consulta<\/strong>\u00a0y no atiendan\u00a0<strong>pacientes v\u00eda electr\u00f3nica<\/strong>. Que vayan a las consultas para que el\u00a0<strong>m\u00e9dico<\/strong>\u00a0vea al\u00a0<strong>paciente<\/strong>\u00a0de frente, le haga todas las\u00a0<strong>pruebas necesarias<\/strong>\u00a0que tiene que realizarle y que sea la\u00a0<strong>atenci\u00f3n<\/strong>\u00a0lo m\u00e1s completa posible. Que se le hagan todas las pruebas de lugar para que eso no trabaje en contra del mismo\u00a0<strong>m\u00e9dico<\/strong>\u00a0en el futuro\u00bb, sostuvo.<\/p>\n<p>El\u00a0<strong>m\u00e9dico<\/strong>\u00a0se\u00f1al\u00f3 que incluso situaciones que anteriormente pod\u00edan resolverse de manera sencilla a trav\u00e9s de un\u00a0<strong>mensaje<\/strong>\u00a0podr\u00edan quedar ahora sujetas a la\u00a0<strong>decisi\u00f3n<\/strong>\u00a0y\u00a0<strong>precauci\u00f3n<\/strong>\u00a0del profesional.<\/p>\n<ul class=\"list-text\">\n<li>\u00abYa quedar\u00eda a opci\u00f3n del\u00a0<strong>m\u00e9dico<\/strong>\u00a0si quiere hacerlo. Claramente tiene que\u00a0<strong>cuidarse<\/strong>\u00ab, insisti\u00f3.<\/li>\n<\/ul>\n<h2><strong>Pacientes preocupados<\/strong><img loading=\"lazy\" decoding=\"async\" style=\"font-size: 16px;\" src=\"https:\/\/resources.diariolibre.com\/images\/expand.svg\" alt=\"Expandir imagen\" width=\"20\" height=\"20\" \/><\/h2>\n<figure class=\"inline-block\"><picture><img data-recalc-dims=\"1\" decoding=\"async\" class=\"mx-auto\" src=\"https:\/\/i0.wp.com\/resources.diariolibre.com\/images\/2026\/09\/05\/2148944839-6cb59ebe.jpg?fit=640%2C350&#038;ssl=1\" alt=\"Infograf\u00eda\" width=\"640\" height=\"350\" \/><\/picture><figcaption>Algunos m\u00e9dicos ya no quieren recibir resultados m\u00e9dicos por el tel\u00e9fono.\u00a0(<strong>MAGNIFIC<\/strong>)<\/figcaption><\/figure>\n<p>La posibilidad de que los\u00a0<strong>m\u00e9dicos<\/strong>\u00a0limiten la\u00a0<strong>comunicaci\u00f3n<\/strong>\u00a0con sus pacientes a trav\u00e9s de\u00a0<strong>WhatsApp<\/strong>\u00a0tambi\u00e9n ha comenzado a generar preocupaci\u00f3n entre personas que utilizan este medio para realizar\u00a0<strong>preguntas<\/strong>\u00a0que, seg\u00fan entienden, no ameritan una\u00a0<strong>consulta presencial<\/strong>\u00a0ni el pago de una cita.<\/p>\n<p>Una\u00a0<strong>paciente<\/strong>, que prefiri\u00f3 mantener su identidad en el anonimato, explic\u00f3 que varios\u00a0<strong>m\u00e9dicos<\/strong>, incluyendo un cardi\u00f3logo y un\u00a0<strong>geriatra<\/strong>, le han respondido que ya no pueden atender consultas mediante\u00a0<strong>WhatsApp<\/strong>\u00a0debido a los cambios introducidos por el\u00a0<strong>nuevo C\u00f3digo Penal<\/strong>.<\/p>\n<p>\u00abVarios doctores me han respondido por\u00a0<strong>WhatsApp<\/strong>\u00a0que ya no se puede por el tema del\u00a0<strong>C\u00f3digo Penal<\/strong>\u00ab, relat\u00f3.<\/p>\n<p>La mujer, quien acompa\u00f1a a todas sus citas a un pariente adulto mayor, manifest\u00f3 su preocupaci\u00f3n por la posibilidad de tener que acudir presencialmente a una\u00a0<strong>consulta<\/strong>\u00a0para realizar\u00a0<strong>preguntas<\/strong>\u00a0o aclarar situaciones que considera menores.<\/p>\n<p>\u00abEn mi caso, que yo tengo una\u00a0<strong>persona adulta mayor<\/strong>, ya yo no le puedo hacer\u00a0<strong>preguntas<\/strong>\u00a0a la\u00a0<strong>geriatra<\/strong>\u00a0por cosas que no ameritan ir a una\u00a0<strong>consulta<\/strong>. Me ha dicho que no\u00a0<strong>WhatsApp<\/strong>\u00a0el ortopeda, me ha dicho que no el maxilofacial\u00bb, coment\u00f3.<\/p>\n<p>Su principal preocupaci\u00f3n, explic\u00f3, no est\u00e1 relacionada necesariamente con una\u00a0<strong>emergencia<\/strong>, sino con las\u00a0<strong>preguntas<\/strong>\u00a0que surgen durante el seguimiento de un tratamiento y que ahora obligan al\u00a0<strong>paciente<\/strong>\u00a0a programar una\u00a0<strong>consulta presencial<\/strong>.<\/p>\n<p>\u00abM\u00e1s que una\u00a0<strong>emergencia<\/strong>, son\u00a0<strong>preguntas<\/strong>\u00a0que t\u00fa tendr\u00edas que sacar tiempo para ir a\u00a0<strong>consulta<\/strong>\u00a0a hacerla. Entonces es una\u00a0<strong>inversi\u00f3n de tiempo<\/strong>\u00a0y\u00a0<strong>dinero<\/strong>\u00a0para cosas que realmente no lo ameritan\u00bb, sostuvo.<\/p>\n<div class=\"mb-5 component cita\"><i>\u00abPara la gente que tiene ni\u00f1os, que se le puede poner mal un ni\u00f1o o una mujer embarazada, ya eso es s\u00faper complejo\u00bb<\/i><span class=\"cita-icon\">\u201c<\/span><\/div>\n<p>En el caso de\u00a0<strong>Yanny<\/strong>, aprovech\u00f3 sus vacaciones para someterse a un\u00a0<strong>chequeo ginecol\u00f3gico<\/strong>. Los\u00a0<strong>resultados<\/strong>\u00a0de las pruebas indicadas llegaron cuando ya se hab\u00eda reintegrado a su trabajo, por lo que le escribi\u00f3 a su\u00a0<strong>ginec\u00f3loga<\/strong>\u00a0para enviarle los\u00a0<strong>an\u00e1lisis<\/strong>\u00a0v\u00eda\u00a0<strong>WhatsApp<\/strong>.<\/p>\n<p>\u00abMe invit\u00f3 a que pasara por\u00a0<strong>consulta<\/strong>\u00a0y le expliqu\u00e9 que tendr\u00eda que pedir un permiso solo para que me viera los\u00a0<strong>an\u00e1lisis<\/strong>\u00a0que ella misma me orden\u00f3, tan f\u00e1cil que era responderme por ah\u00ed mismo y yo no tener que pagar esa\u00a0<strong>consulta<\/strong>\u00ab, coment\u00f3 la joven residente en Villa Faro, Santo Domingo Este.<\/li>\n<\/ul>\n<\/div>\n<div class=\"border-b-2 pb-3 byline text-lg\">\n<address class=\"author not-italic inline mr-2 block\" data-mrf-recirculation=\"Autor\">Por. Claudia Fernandez \/ DL<\/address>\n<\/div>\n","protected":false},"excerpt":{"rendered":"<p>El nuevo escenario genera inquietud entre especialistas y pacientes ante la posibilidad de que se&#8230;<\/p>\n","protected":false},"author":2,"featured_media":58333,"comment_status":"open","ping_status":"open","sticky":false,"template":"","format":"standard","meta":{"_jetpack_newsletter_access":"","_jetpack_dont_email_post_to_subs":false,"_jetpack_newsletter_tier_id":0,"_jetpack_memberships_contains_paywalled_content":false,"_jetpack_memberships_contains_paid_content":false,"_joinchat":[],"footnotes":"","jetpack_publicize_message":"","jetpack_publicize_feature_enabled":true,"jetpack_social_post_already_shared":true,"jetpack_social_options":{"image_generator_settings":{"template":"highway","default_image_id":0,"font":"","enabled":false},"version":2},"jetpack_post_was_ever_published":false},"categories":[8,39],"tags":[1040,7476,1819,22650,954,9082,46,1538],"class_list":["post-58330","post","type-post","status-publish","format-standard","has-post-thumbnail","hentry","category-nacionales","category-primeraplana","tag-codigo-penal","tag-consultas","tag-medicos","tag-no-prohibe","tag-pacientes","tag-relacion","tag-solis-informa","tag-whatsapp"],"yoast_head":"<!-- This site is optimized with the Yoast SEO plugin v24.9 - https:\/\/yoast.com\/wordpress\/plugins\/seo\/ -->\n<title>El C\u00f3digo Penal no proh\u00edbe WhatsApp, pero cambia la relaci\u00f3n entre m\u00e9dicos y pacientes - Solis Informa<\/title>\n<meta name=\"robots\" content=\"index, follow, max-snippet:-1, max-image-preview:large, max-video-preview:-1\" \/>\n<link rel=\"canonical\" href=\"https:\/\/solisinforma.com\/?p=58330\" \/>\n<meta property=\"og:locale\" content=\"es_ES\" \/>\n<meta property=\"og:type\" content=\"article\" \/>\n<meta property=\"og:title\" content=\"El C\u00f3digo Penal no proh\u00edbe WhatsApp, pero cambia la relaci\u00f3n entre m\u00e9dicos y pacientes - Solis Informa\" \/>\n<meta property=\"og:description\" content=\"El nuevo escenario genera inquietud entre especialistas y pacientes ante la posibilidad de que se...\" \/>\n<meta property=\"og:url\" content=\"https:\/\/solisinforma.com\/?p=58330\" \/>\n<meta property=\"og:site_name\" content=\"Solis Informa\" \/>\n<meta property=\"article:publisher\" content=\"https:\/\/www.facebook.com\/Solisinforma1\/\" \/>\n<meta property=\"article:author\" content=\"https:\/\/www.facebook.com\/Solisinforma\/\" \/>\n<meta property=\"article:published_time\" content=\"2026-09-06T12:38:50+00:00\" \/>\n<meta property=\"og:image\" content=\"https:\/\/solisinforma.com\/wp-content\/uploads\/2026\/09\/Constlas-whatsapp.jpg\" \/>\n\t<meta property=\"og:image:width\" content=\"1920\" \/>\n\t<meta property=\"og:image:height\" content=\"1200\" \/>\n\t<meta property=\"og:image:type\" content=\"image\/jpeg\" \/>\n<meta name=\"author\" content=\"Hector Solis\" \/>\n<meta name=\"twitter:card\" content=\"summary_large_image\" \/>\n<meta name=\"twitter:creator\" content=\"@solisinforma1\" \/>\n<meta name=\"twitter:label1\" content=\"Escrito por\" \/>\n\t<meta name=\"twitter:data1\" content=\"Hector Solis\" \/>\n\t<meta name=\"twitter:label2\" content=\"Tiempo de lectura\" \/>\n\t<meta name=\"twitter:data2\" content=\"7 minutos\" \/>\n<script type=\"application\/ld+json\" class=\"yoast-schema-graph\">{\"@context\":\"https:\/\/schema.org\",\"@graph\":[{\"@type\":\"Article\",\"@id\":\"https:\/\/solisinforma.com\/?p=58330#article\",\"isPartOf\":{\"@id\":\"https:\/\/solisinforma.com\/?p=58330\"},\"author\":{\"name\":\"Hector Solis\",\"@id\":\"https:\/\/solisinforma.com\/#\/schema\/person\/db4967d1c8ed640d46bf21dc55215612\"},\"headline\":\"El C\u00f3digo Penal no proh\u00edbe WhatsApp, pero cambia la relaci\u00f3n entre m\u00e9dicos y pacientes\",\"datePublished\":\"2026-09-06T12:38:50+00:00\",\"mainEntityOfPage\":{\"@id\":\"https:\/\/solisinforma.com\/?p=58330\"},\"wordCount\":1403,\"commentCount\":0,\"publisher\":{\"@id\":\"https:\/\/solisinforma.com\/#organization\"},\"image\":{\"@id\":\"https:\/\/solisinforma.com\/?p=58330#primaryimage\"},\"thumbnailUrl\":\"https:\/\/i0.wp.com\/solisinforma.com\/wp-content\/uploads\/2026\/09\/Constlas-whatsapp.jpg?fit=1920%2C1200&ssl=1\",\"keywords\":[\"C\u00f3digo Penal\",\"Consultas\",\"medicos\",\"no prohibe\",\"Pacientes\",\"relaci\u00f3n\",\"Solis informa\",\"WhatsApp\"],\"articleSection\":[\"Nacionales\",\"Primera Plana\"],\"inLanguage\":\"es\",\"potentialAction\":[{\"@type\":\"CommentAction\",\"name\":\"Comment\",\"target\":[\"https:\/\/solisinforma.com\/?p=58330#respond\"]}]},{\"@type\":\"WebPage\",\"@id\":\"https:\/\/solisinforma.com\/?p=58330\",\"url\":\"https:\/\/solisinforma.com\/?p=58330\",\"name\":\"El C\u00f3digo Penal no proh\u00edbe WhatsApp, pero cambia la relaci\u00f3n entre m\u00e9dicos y pacientes - Solis Informa\",\"isPartOf\":{\"@id\":\"https:\/\/solisinforma.com\/#website\"},\"primaryImageOfPage\":{\"@id\":\"https:\/\/solisinforma.com\/?p=58330#primaryimage\"},\"image\":{\"@id\":\"https:\/\/solisinforma.com\/?p=58330#primaryimage\"},\"thumbnailUrl\":\"https:\/\/i0.wp.com\/solisinforma.com\/wp-content\/uploads\/2026\/09\/Constlas-whatsapp.jpg?fit=1920%2C1200&ssl=1\",\"datePublished\":\"2026-09-06T12:38:50+00:00\",\"breadcrumb\":{\"@id\":\"https:\/\/solisinforma.com\/?p=58330#breadcrumb\"},\"inLanguage\":\"es\",\"potentialAction\":[{\"@type\":\"ReadAction\",\"target\":[\"https:\/\/solisinforma.com\/?p=58330\"]}]},{\"@type\":\"ImageObject\",\"inLanguage\":\"es\",\"@id\":\"https:\/\/solisinforma.com\/?p=58330#primaryimage\",\"url\":\"https:\/\/i0.wp.com\/solisinforma.com\/wp-content\/uploads\/2026\/09\/Constlas-whatsapp.jpg?fit=1920%2C1200&ssl=1\",\"contentUrl\":\"https:\/\/i0.wp.com\/solisinforma.com\/wp-content\/uploads\/2026\/09\/Constlas-whatsapp.jpg?fit=1920%2C1200&ssl=1\",\"width\":1920,\"height\":1200},{\"@type\":\"BreadcrumbList\",\"@id\":\"https:\/\/solisinforma.com\/?p=58330#breadcrumb\",\"itemListElement\":[{\"@type\":\"ListItem\",\"position\":1,\"name\":\"Portada\",\"item\":\"https:\/\/solisinforma.com\/\"},{\"@type\":\"ListItem\",\"position\":2,\"name\":\"El C\u00f3digo Penal no proh\u00edbe WhatsApp, pero cambia la relaci\u00f3n entre m\u00e9dicos y pacientes\"}]},{\"@type\":\"WebSite\",\"@id\":\"https:\/\/solisinforma.com\/#website\",\"url\":\"https:\/\/solisinforma.com\/\",\"name\":\"Solis Informa\",\"description\":\"El Diario de San Juan\",\"publisher\":{\"@id\":\"https:\/\/solisinforma.com\/#organization\"},\"potentialAction\":[{\"@type\":\"SearchAction\",\"target\":{\"@type\":\"EntryPoint\",\"urlTemplate\":\"https:\/\/solisinforma.com\/?s={search_term_string}\"},\"query-input\":{\"@type\":\"PropertyValueSpecification\",\"valueRequired\":true,\"valueName\":\"search_term_string\"}}],\"inLanguage\":\"es\"},{\"@type\":\"Organization\",\"@id\":\"https:\/\/solisinforma.com\/#organization\",\"name\":\"Solis Informa\",\"url\":\"https:\/\/solisinforma.com\/\",\"logo\":{\"@type\":\"ImageObject\",\"inLanguage\":\"es\",\"@id\":\"https:\/\/solisinforma.com\/#\/schema\/logo\/image\/\",\"url\":\"https:\/\/i0.wp.com\/solisinforma.com\/wp-content\/uploads\/2020\/07\/cropped-solis-4.png?fit=512%2C512&ssl=1\",\"contentUrl\":\"https:\/\/i0.wp.com\/solisinforma.com\/wp-content\/uploads\/2020\/07\/cropped-solis-4.png?fit=512%2C512&ssl=1\",\"width\":512,\"height\":512,\"caption\":\"Solis Informa\"},\"image\":{\"@id\":\"https:\/\/solisinforma.com\/#\/schema\/logo\/image\/\"},\"sameAs\":[\"https:\/\/www.facebook.com\/Solisinforma1\/\"]},{\"@type\":\"Person\",\"@id\":\"https:\/\/solisinforma.com\/#\/schema\/person\/db4967d1c8ed640d46bf21dc55215612\",\"name\":\"Hector Solis\",\"image\":{\"@type\":\"ImageObject\",\"inLanguage\":\"es\",\"@id\":\"https:\/\/solisinforma.com\/#\/schema\/person\/image\/\",\"url\":\"https:\/\/secure.gravatar.com\/avatar\/3e116868529a43555438940611160b9cf01e4fb17f119453a6329d96e10fecf8?s=96&d=mm&r=g\",\"contentUrl\":\"https:\/\/secure.gravatar.com\/avatar\/3e116868529a43555438940611160b9cf01e4fb17f119453a6329d96e10fecf8?s=96&d=mm&r=g\",\"caption\":\"Hector Solis\"},\"sameAs\":[\"http:\/\/Solisinforma.com\",\"https:\/\/www.facebook.com\/Solisinforma\/\",\"https:\/\/www.instagram.com\/solisinforma\/\",\"www.linkedin.com\/in\/hectorsolisinforma\",\"https:\/\/x.com\/solisinforma1\",\"@Solisinformaenvivo\",\"https:\/\/soundcloud.com\/solisinforma\"],\"url\":\"https:\/\/solisinforma.com\/?author=2\"}]}<\/script>\n<!-- \/ Yoast SEO plugin. -->","yoast_head_json":{"title":"El C\u00f3digo Penal no proh\u00edbe WhatsApp, pero cambia la relaci\u00f3n entre m\u00e9dicos y pacientes - Solis Informa","robots":{"index":"index","follow":"follow","max-snippet":"max-snippet:-1","max-image-preview":"max-image-preview:large","max-video-preview":"max-video-preview:-1"},"canonical":"https:\/\/solisinforma.com\/?p=58330","og_locale":"es_ES","og_type":"article","og_title":"El C\u00f3digo Penal no proh\u00edbe WhatsApp, pero cambia la relaci\u00f3n entre m\u00e9dicos y pacientes - Solis Informa","og_description":"El nuevo escenario genera inquietud entre especialistas y pacientes ante la posibilidad de que se...","og_url":"https:\/\/solisinforma.com\/?p=58330","og_site_name":"Solis Informa","article_publisher":"https:\/\/www.facebook.com\/Solisinforma1\/","article_author":"https:\/\/www.facebook.com\/Solisinforma\/","article_published_time":"2026-09-06T12:38:50+00:00","og_image":[{"width":1920,"height":1200,"url":"https:\/\/solisinforma.com\/wp-content\/uploads\/2026\/09\/Constlas-whatsapp.jpg","type":"image\/jpeg"}],"author":"Hector Solis","twitter_card":"summary_large_image","twitter_creator":"@solisinforma1","twitter_misc":{"Escrito por":"Hector Solis","Tiempo de lectura":"7 minutos"},"schema":{"@context":"https:\/\/schema.org","@graph":[{"@type":"Article","@id":"https:\/\/solisinforma.com\/?p=58330#article","isPartOf":{"@id":"https:\/\/solisinforma.com\/?p=58330"},"author":{"name":"Hector Solis","@id":"https:\/\/solisinforma.com\/#\/schema\/person\/db4967d1c8ed640d46bf21dc55215612"},"headline":"El C\u00f3digo Penal no proh\u00edbe WhatsApp, pero cambia la relaci\u00f3n entre m\u00e9dicos y pacientes","datePublished":"2026-09-06T12:38:50+00:00","mainEntityOfPage":{"@id":"https:\/\/solisinforma.com\/?p=58330"},"wordCount":1403,"commentCount":0,"publisher":{"@id":"https:\/\/solisinforma.com\/#organization"},"image":{"@id":"https:\/\/solisinforma.com\/?p=58330#primaryimage"},"thumbnailUrl":"https:\/\/i0.wp.com\/solisinforma.com\/wp-content\/uploads\/2026\/09\/Constlas-whatsapp.jpg?fit=1920%2C1200&ssl=1","keywords":["C\u00f3digo Penal","Consultas","medicos","no prohibe","Pacientes","relaci\u00f3n","Solis informa","WhatsApp"],"articleSection":["Nacionales","Primera Plana"],"inLanguage":"es","potentialAction":[{"@type":"CommentAction","name":"Comment","target":["https:\/\/solisinforma.com\/?p=58330#respond"]}]},{"@type":"WebPage","@id":"https:\/\/solisinforma.com\/?p=58330","url":"https:\/\/solisinforma.com\/?p=58330","name":"El C\u00f3digo Penal no proh\u00edbe WhatsApp, pero cambia la relaci\u00f3n entre m\u00e9dicos y pacientes - Solis Informa","isPartOf":{"@id":"https:\/\/solisinforma.com\/#website"},"primaryImageOfPage":{"@id":"https:\/\/solisinforma.com\/?p=58330#primaryimage"},"image":{"@id":"https:\/\/solisinforma.com\/?p=58330#primaryimage"},"thumbnailUrl":"https:\/\/i0.wp.com\/solisinforma.com\/wp-content\/uploads\/2026\/09\/Constlas-whatsapp.jpg?fit=1920%2C1200&ssl=1","datePublished":"2026-09-06T12:38:50+00:00","breadcrumb":{"@id":"https:\/\/solisinforma.com\/?p=58330#breadcrumb"},"inLanguage":"es","potentialAction":[{"@type":"ReadAction","target":["https:\/\/solisinforma.com\/?p=58330"]}]},{"@type":"ImageObject","inLanguage":"es","@id":"https:\/\/solisinforma.com\/?p=58330#primaryimage","url":"https:\/\/i0.wp.com\/solisinforma.com\/wp-content\/uploads\/2026\/09\/Constlas-whatsapp.jpg?fit=1920%2C1200&ssl=1","contentUrl":"https:\/\/i0.wp.com\/solisinforma.com\/wp-content\/uploads\/2026\/09\/Constlas-whatsapp.jpg?fit=1920%2C1200&ssl=1","width":1920,"height":1200},{"@type":"BreadcrumbList","@id":"https:\/\/solisinforma.com\/?p=58330#breadcrumb","itemListElement":[{"@type":"ListItem","position":1,"name":"Portada","item":"https:\/\/solisinforma.com\/"},{"@type":"ListItem","position":2,"name":"El C\u00f3digo Penal no proh\u00edbe WhatsApp, pero cambia la relaci\u00f3n entre m\u00e9dicos y pacientes"}]},{"@type":"WebSite","@id":"https:\/\/solisinforma.com\/#website","url":"https:\/\/solisinforma.com\/","name":"Solis Informa","description":"El Diario de San Juan","publisher":{"@id":"https:\/\/solisinforma.com\/#organization"},"potentialAction":[{"@type":"SearchAction","target":{"@type":"EntryPoint","urlTemplate":"https:\/\/solisinforma.com\/?s={search_term_string}"},"query-input":{"@type":"PropertyValueSpecification","valueRequired":true,"valueName":"search_term_string"}}],"inLanguage":"es"},{"@type":"Organization","@id":"https:\/\/solisinforma.com\/#organization","name":"Solis Informa","url":"https:\/\/solisinforma.com\/","logo":{"@type":"ImageObject","inLanguage":"es","@id":"https:\/\/solisinforma.com\/#\/schema\/logo\/image\/","url":"https:\/\/i0.wp.com\/solisinforma.com\/wp-content\/uploads\/2020\/07\/cropped-solis-4.png?fit=512%2C512&ssl=1","contentUrl":"https:\/\/i0.wp.com\/solisinforma.com\/wp-content\/uploads\/2020\/07\/cropped-solis-4.png?fit=512%2C512&ssl=1","width":512,"height":512,"caption":"Solis Informa"},"image":{"@id":"https:\/\/solisinforma.com\/#\/schema\/logo\/image\/"},"sameAs":["https:\/\/www.facebook.com\/Solisinforma1\/"]},{"@type":"Person","@id":"https:\/\/solisinforma.com\/#\/schema\/person\/db4967d1c8ed640d46bf21dc55215612","name":"Hector Solis","image":{"@type":"ImageObject","inLanguage":"es","@id":"https:\/\/solisinforma.com\/#\/schema\/person\/image\/","url":"https:\/\/secure.gravatar.com\/avatar\/3e116868529a43555438940611160b9cf01e4fb17f119453a6329d96e10fecf8?s=96&d=mm&r=g","contentUrl":"https:\/\/secure.gravatar.com\/avatar\/3e116868529a43555438940611160b9cf01e4fb17f119453a6329d96e10fecf8?s=96&d=mm&r=g","caption":"Hector Solis"},"sameAs":["http:\/\/Solisinforma.com","https:\/\/www.facebook.com\/Solisinforma\/","https:\/\/www.instagram.com\/solisinforma\/","www.linkedin.com\/in\/hectorsolisinforma","https:\/\/x.com\/solisinforma1","@Solisinformaenvivo","https:\/\/soundcloud.com\/solisinforma"],"url":"https:\/\/solisinforma.com\/?author=2"}]}},"jetpack_publicize_connections":[],"jetpack_featured_media_url":"https:\/\/i0.wp.com\/solisinforma.com\/wp-content\/uploads\/2026\/09\/Constlas-whatsapp.jpg?fit=1920%2C1200&ssl=1","jetpack_sharing_enabled":true,"jetpack_likes_enabled":true,"jetpack-related-posts":[{"id":56641,"url":"https:\/\/solisinforma.com\/?p=56641","url_meta":{"origin":58330,"position":0},"title":"CMD advierte nuevo C\u00f3digo Penal pone en riesgo la pr\u00e1ctica m\u00e9dica","author":"Hector Solis","date":"3 de junio de 2026","format":false,"excerpt":"Destac\u00f3 que los m\u00e9dicos no apoyan la impunidad, sino que buscan un equilibrio necesario entre la protecci\u00f3n de los derechos de los pacientes y la seguridad jur\u00eddica de los profesionales. El Colegio M\u00e9dico Dominicano (CMD)\u00a0manifest\u00f3 su preocupaci\u00f3n ante las implicaciones de la entrada en vigor de la\u00a0Ley 74-25\u00a0(nuevo C\u00f3digo Penal)\u2026","rel":"","context":"En \u00abNacionales\u00bb","block_context":{"text":"Nacionales","link":"https:\/\/solisinforma.com\/?cat=8"},"img":{"alt_text":"","src":"https:\/\/i0.wp.com\/solisinforma.com\/wp-content\/uploads\/2026\/06\/cmd-RIESGO-nueva-ley.jpg?fit=1200%2C675&ssl=1&resize=350%2C200","width":350,"height":200,"srcset":"https:\/\/i0.wp.com\/solisinforma.com\/wp-content\/uploads\/2026\/06\/cmd-RIESGO-nueva-ley.jpg?fit=1200%2C675&ssl=1&resize=350%2C200 1x, https:\/\/i0.wp.com\/solisinforma.com\/wp-content\/uploads\/2026\/06\/cmd-RIESGO-nueva-ley.jpg?fit=1200%2C675&ssl=1&resize=525%2C300 1.5x, https:\/\/i0.wp.com\/solisinforma.com\/wp-content\/uploads\/2026\/06\/cmd-RIESGO-nueva-ley.jpg?fit=1200%2C675&ssl=1&resize=700%2C400 2x, https:\/\/i0.wp.com\/solisinforma.com\/wp-content\/uploads\/2026\/06\/cmd-RIESGO-nueva-ley.jpg?fit=1200%2C675&ssl=1&resize=1050%2C600 3x"},"classes":[]},{"id":17096,"url":"https:\/\/solisinforma.com\/?p=17096","url_meta":{"origin":58330,"position":1},"title":"Cl\u00ednicas cogen todos los seguros pero m\u00e9dicos no aceptan algunos","author":"Hector Solis","date":"13 de enero de 2023","format":false,"excerpt":"Rafael Mena. \u201cLas cl\u00ednicas no han tomado todav\u00eda ninguna posici\u00f3n de suspender servicios a las ARS y seguimos prestando los servicios normales a los pacientes de acuerdo a lo que tenemos pactados con ellas\u201d. Los servicios de internamiento, anal\u00edticas, im\u00e1genes y otros propios de los establecimientos de salud privados se\u2026","rel":"","context":"En \u00abNacionales\u00bb","block_context":{"text":"Nacionales","link":"https:\/\/solisinforma.com\/?cat=8"},"img":{"alt_text":"","src":"https:\/\/i0.wp.com\/solisinforma.com\/wp-content\/uploads\/2023\/01\/Medicos-seguro-medico-emergencia.jpg?fit=1200%2C750&ssl=1&resize=350%2C200","width":350,"height":200,"srcset":"https:\/\/i0.wp.com\/solisinforma.com\/wp-content\/uploads\/2023\/01\/Medicos-seguro-medico-emergencia.jpg?fit=1200%2C750&ssl=1&resize=350%2C200 1x, https:\/\/i0.wp.com\/solisinforma.com\/wp-content\/uploads\/2023\/01\/Medicos-seguro-medico-emergencia.jpg?fit=1200%2C750&ssl=1&resize=525%2C300 1.5x, https:\/\/i0.wp.com\/solisinforma.com\/wp-content\/uploads\/2023\/01\/Medicos-seguro-medico-emergencia.jpg?fit=1200%2C750&ssl=1&resize=700%2C400 2x, https:\/\/i0.wp.com\/solisinforma.com\/wp-content\/uploads\/2023\/01\/Medicos-seguro-medico-emergencia.jpg?fit=1200%2C750&ssl=1&resize=1050%2C600 3x"},"classes":[]},{"id":18419,"url":"https:\/\/solisinforma.com\/?p=18419","url_meta":{"origin":58330,"position":2},"title":"Prisi\u00f3 para m\u00e9dico acusado de abusar sexualmente de paciente en Los Frailes","author":"Hector Solis","date":"11 de abril de 2023","format":false,"excerpt":"La Oficina de Atenci\u00f3n Permanente de Santo Domingo Este dict\u00f3 tres meses de prisi\u00f3n preventiva en contra de un m\u00e9dico acusado de sedar y abusar sexualmente de una paciente en un centro m\u00e9dico en el sector Los Frailes. La medida coercitiva fue dictada por la jueza Karen Casado contra el\u2026","rel":"","context":"En \u00abNacionales\u00bb","block_context":{"text":"Nacionales","link":"https:\/\/solisinforma.com\/?cat=8"},"img":{"alt_text":"","src":"https:\/\/i0.wp.com\/solisinforma.com\/wp-content\/uploads\/2023\/04\/Medico-violacion-sexual.jpg?fit=1200%2C675&ssl=1&resize=350%2C200","width":350,"height":200,"srcset":"https:\/\/i0.wp.com\/solisinforma.com\/wp-content\/uploads\/2023\/04\/Medico-violacion-sexual.jpg?fit=1200%2C675&ssl=1&resize=350%2C200 1x, https:\/\/i0.wp.com\/solisinforma.com\/wp-content\/uploads\/2023\/04\/Medico-violacion-sexual.jpg?fit=1200%2C675&ssl=1&resize=525%2C300 1.5x, https:\/\/i0.wp.com\/solisinforma.com\/wp-content\/uploads\/2023\/04\/Medico-violacion-sexual.jpg?fit=1200%2C675&ssl=1&resize=700%2C400 2x, https:\/\/i0.wp.com\/solisinforma.com\/wp-content\/uploads\/2023\/04\/Medico-violacion-sexual.jpg?fit=1200%2C675&ssl=1&resize=1050%2C600 3x"},"classes":[]},{"id":54971,"url":"https:\/\/solisinforma.com\/?p=54971","url_meta":{"origin":58330,"position":3},"title":"Solicitan tres meses de prisi\u00f3n preventiva contra doctor acusado de violar mujer en centro m\u00e9dico","author":"Hector Solis","date":"20 de febrero de 2026","format":false,"excerpt":"La solicitud de medida de coerci\u00f3n establece que los hechos ocurrieron el pasado 17 de febrero, luego de que la v\u00edctima fuera referida para hacerse una prueba de diagn\u00f3stico en el centro de salud del imputado. El Ministerio P\u00fablico solicit\u00f3 la imposici\u00f3n de tres meses de prisi\u00f3n preventiva contra el\u2026","rel":"","context":"En \u00abNacionales\u00bb","block_context":{"text":"Nacionales","link":"https:\/\/solisinforma.com\/?cat=8"},"img":{"alt_text":"","src":"https:\/\/i0.wp.com\/solisinforma.com\/wp-content\/uploads\/2026\/02\/Wirber-polanco-medico-acusado-v-sex.jpg?fit=1200%2C675&ssl=1&resize=350%2C200","width":350,"height":200,"srcset":"https:\/\/i0.wp.com\/solisinforma.com\/wp-content\/uploads\/2026\/02\/Wirber-polanco-medico-acusado-v-sex.jpg?fit=1200%2C675&ssl=1&resize=350%2C200 1x, https:\/\/i0.wp.com\/solisinforma.com\/wp-content\/uploads\/2026\/02\/Wirber-polanco-medico-acusado-v-sex.jpg?fit=1200%2C675&ssl=1&resize=525%2C300 1.5x, https:\/\/i0.wp.com\/solisinforma.com\/wp-content\/uploads\/2026\/02\/Wirber-polanco-medico-acusado-v-sex.jpg?fit=1200%2C675&ssl=1&resize=700%2C400 2x, https:\/\/i0.wp.com\/solisinforma.com\/wp-content\/uploads\/2026\/02\/Wirber-polanco-medico-acusado-v-sex.jpg?fit=1200%2C675&ssl=1&resize=1050%2C600 3x"},"classes":[]},{"id":15876,"url":"https:\/\/solisinforma.com\/?p=15876","url_meta":{"origin":58330,"position":4},"title":"CMD anuncia desafiliaci\u00f3n masiva de ARS Universal","author":"Hector Solis","date":"18 de octubre de 2022","format":false,"excerpt":"Los m\u00e9dicos que no acaten la disposici\u00f3n ser\u00e1n sometidos ante el Tribunal Disciplinario Se estima que ARS Universal congrega al 7 % de los afiliados nacionales, uno 325 mil pacientes Sobre el di\u00e1logo, los galenos dijeron que abandoraron porque Sisalril estar\u00eda parcializada a favor de los empresarios El Colegio M\u00e9dico\u2026","rel":"","context":"En \u00abNacionales\u00bb","block_context":{"text":"Nacionales","link":"https:\/\/solisinforma.com\/?cat=8"},"img":{"alt_text":"","src":"https:\/\/i0.wp.com\/solisinforma.com\/wp-content\/uploads\/2022\/10\/COLEGIO-MEDICO-ARS-UNIVERSAL.jpeg?fit=1200%2C675&ssl=1&resize=350%2C200","width":350,"height":200,"srcset":"https:\/\/i0.wp.com\/solisinforma.com\/wp-content\/uploads\/2022\/10\/COLEGIO-MEDICO-ARS-UNIVERSAL.jpeg?fit=1200%2C675&ssl=1&resize=350%2C200 1x, https:\/\/i0.wp.com\/solisinforma.com\/wp-content\/uploads\/2022\/10\/COLEGIO-MEDICO-ARS-UNIVERSAL.jpeg?fit=1200%2C675&ssl=1&resize=525%2C300 1.5x, https:\/\/i0.wp.com\/solisinforma.com\/wp-content\/uploads\/2022\/10\/COLEGIO-MEDICO-ARS-UNIVERSAL.jpeg?fit=1200%2C675&ssl=1&resize=700%2C400 2x, https:\/\/i0.wp.com\/solisinforma.com\/wp-content\/uploads\/2022\/10\/COLEGIO-MEDICO-ARS-UNIVERSAL.jpeg?fit=1200%2C675&ssl=1&resize=1050%2C600 3x"},"classes":[]},{"id":16290,"url":"https:\/\/solisinforma.com\/?p=16290","url_meta":{"origin":58330,"position":5},"title":"Entra en vigencia suspensi\u00f3n de cuatro ARS por Colegio Medico hoy","author":"Hector Solis","date":"14 de noviembre de 2022","format":false,"excerpt":"Dicha suspensi\u00f3n aplica para las consultas m\u00e9dicas y los procedimientos electivos de Mapfre a nivel nacional, Monumental en el Norte, Renacer en el Sur y ARS Simag en el Este Con esta nueva acci\u00f3n, el CMD refuerza su plan de lucha en contra de las ARS, sumado a la desafiliaci\u00f3n\u2026","rel":"","context":"En \u00abNacionales\u00bb","block_context":{"text":"Nacionales","link":"https:\/\/solisinforma.com\/?cat=8"},"img":{"alt_text":"","src":"https:\/\/i0.wp.com\/solisinforma.com\/wp-content\/uploads\/2022\/11\/colegio-medicooo-asr.jpg?fit=1200%2C741&ssl=1&resize=350%2C200","width":350,"height":200,"srcset":"https:\/\/i0.wp.com\/solisinforma.com\/wp-content\/uploads\/2022\/11\/colegio-medicooo-asr.jpg?fit=1200%2C741&ssl=1&resize=350%2C200 1x, https:\/\/i0.wp.com\/solisinforma.com\/wp-content\/uploads\/2022\/11\/colegio-medicooo-asr.jpg?fit=1200%2C741&ssl=1&resize=525%2C300 1.5x, https:\/\/i0.wp.com\/solisinforma.com\/wp-content\/uploads\/2022\/11\/colegio-medicooo-asr.jpg?fit=1200%2C741&ssl=1&resize=700%2C400 2x, https:\/\/i0.wp.com\/solisinforma.com\/wp-content\/uploads\/2022\/11\/colegio-medicooo-asr.jpg?fit=1200%2C741&ssl=1&resize=1050%2C600 3x"},"classes":[]}],"jetpack_shortlink":"https:\/\/wp.me\/pc2Svn-faO","_links":{"self":[{"href":"https:\/\/solisinforma.com\/index.php?rest_route=\/wp\/v2\/posts\/58330","targetHints":{"allow":["GET"]}}],"collection":[{"href":"https:\/\/solisinforma.com\/index.php?rest_route=\/wp\/v2\/posts"}],"about":[{"href":"https:\/\/solisinforma.com\/index.php?rest_route=\/wp\/v2\/types\/post"}],"author":[{"embeddable":true,"href":"https:\/\/solisinforma.com\/index.php?rest_route=\/wp\/v2\/users\/2"}],"replies":[{"embeddable":true,"href":"https:\/\/solisinforma.com\/index.php?rest_route=%2Fwp%2Fv2%2Fcomments&post=58330"}],"version-history":[{"count":1,"href":"https:\/\/solisinforma.com\/index.php?rest_route=\/wp\/v2\/posts\/58330\/revisions"}],"predecessor-version":[{"id":58334,"href":"https:\/\/solisinforma.com\/index.php?rest_route=\/wp\/v2\/posts\/58330\/revisions\/58334"}],"wp:featuredmedia":[{"embeddable":true,"href":"https:\/\/solisinforma.com\/index.php?rest_route=\/wp\/v2\/media\/58333"}],"wp:attachment":[{"href":"https:\/\/solisinforma.com\/index.php?rest_route=%2Fwp%2Fv2%2Fmedia&parent=58330"}],"wp:term":[{"taxonomy":"category","embeddable":true,"href":"https:\/\/solisinforma.com\/index.php?rest_route=%2Fwp%2Fv2%2Fcategories&post=58330"},{"taxonomy":"post_tag","embeddable":true,"href":"https:\/\/solisinforma.com\/index.php?rest_route=%2Fwp%2Fv2%2Ftags&post=58330"}],"curies":[{"name":"wp","href":"https:\/\/api.w.org\/{rel}","templated":true}]}}